{"id":9766,"date":"2026-04-29T09:09:52","date_gmt":"2026-04-29T07:09:52","guid":{"rendered":"https:\/\/spkeblowo.pl\/?p=9766"},"modified":"2026-04-29T09:10:16","modified_gmt":"2026-04-29T07:10:16","slug":"akcja-pola-nadziei","status":"publish","type":"post","link":"https:\/\/spkeblowo.pl\/?p=9766","title":{"rendered":"Akcja Pola Nadziei"},"content":{"rendered":"<p>26 kwietnia odby\u0142a si\u0119 og\u00f3lnopolska akcja \u201ePola Nadziei na Pomorzu&#8221;<\/p>\n<p>To wyj\u0105tkowa inicjatywa, kt\u00f3rej celem jest wsparcie os\u00f3b ci\u0119\u017cko chorych oraz u kresu \u017cycia Puckie Hospicjum pw. \u015bw. Ojca Pio a tak\u017ce szerzenie idei empatii i wolontariatu.<\/p>\n<p>W ramach akcji \u201ePola Nadziei\u201d 26 kwietnia odby\u0142a si\u0119 wyj\u0105tkowa zbi\u00f3rka na rzecz Puckie Hospicjum pw. \u015bw. Ojca Pio . Wolontariusze im. Jana Paw\u0142a II &#8222;Otwarta D\u0142o\u0144&#8221;. z wielkim zaanga\u017cowaniem przygotowali si\u0119 do tego wydarzenia. W\u0142asnor\u0119cznie wykonali papierowe kwiaty oraz piel\u0119gnowali \u017conkile, kt\u00f3re z czasem wyros\u0142y na pi\u0119kne, symboliczne znaki nadziei i solidarno\u015bci z osobami potrzebuj\u0105cymi.<\/p>\n<p>Zbi\u00f3rka by\u0142a prowadzona po ka\u017cdej mszy \u015bwi\u0119tej, a spotka\u0142a si\u0119 z ogromn\u0105 \u017cyczliwo\u015bci\u0105 i otwarto\u015bci\u0105 parafian. Darczy\u0144cy okazali wielkie serca, hojnie wspieraj\u0105c t\u0119 szlachetn\u0105 inicjatyw\u0119. Ka\u017cdy gest, ka\u017cda ofiara to realna pomoc dla podopiecznych hospicjum oraz wyraz ludzkiej empatii i wra\u017cliwo\u015bci.<\/p>\n<p>Bardzo dzi\u0119kujemy proboszczowi z Parafia Rzymskokatolicka \u015aw. Jadwigi \u015al\u0105skiej w K\u0119b\u0142owie za to, \u017ce mogli\u015bmy przeprowadzi\u0107 tak pi\u0119kn\u0105 akcj\u0119<\/p>\n<p>Z ca\u0142ego serca dzi\u0119kujemy wszystkim, kt\u00f3rzy w\u0142\u0105czyli si\u0119 w t\u0119 akcj\u0119 \u2013 zar\u00f3wno wolontariuszom, jak i darczy\u0144com. To dzi\u0119ki Wam \u015bwiat staje si\u0119 lepszy, pe\u0142en dobra i nadziei.<\/p>\n<p>&#8222;Dobro, kt\u00f3re dajemy innym, zawsze wraca \u2013 czasem w najmniej oczekiwanym momencie, ale zawsze z podw\u00f3jn\u0105 si\u0142\u0105&#8221;<\/p>\n<p>Wolontariusze im. Jana Paw\u0142a II &#8222;Otwarta D\u0142o\u0144&#8221;.<\/p>\n<p><a href=\"https:\/\/spkeblowo-my.sharepoint.com\/:v:\/g\/personal\/smejer_edu_spkeblowo_pl\/IQDkTnZCP-4YRLH_LFlQwo_JAXuVB0p6u9GUOf3q3_SDxSY\">FILM<\/a><\/p>\n<p><a href=\"https:\/\/spkeblowo-my.sharepoint.com\/:v:\/g\/personal\/smejer_edu_spkeblowo_pl\/IQAD4F9kUZnJQayJwTAw_HVjAVwhkimKhawgoTK7tggke1w\">FILM<\/a><\/p>\n","protected":false},"excerpt":{"rendered":"<p>26 kwietnia odby\u0142a si\u0119 og\u00f3lnopolska akcja \u201ePola Nadziei na Pomorzu&#8221; To wyj\u0105tkowa inicjatywa, kt\u00f3rej celem jest wsparcie os\u00f3b ci\u0119\u017cko chorych &hellip; <\/p>\n","protected":false},"author":1,"featured_media":0,"comment_status":"closed","ping_status":"open","sticky":false,"template":"","format":"standard","meta":{"footnotes":""},"categories":[1],"tags":[],"class_list":["post-9766","post","type-post","status-publish","format-standard","hentry","category-uncategorized"],"yoast_head":"<!-- This site is optimized with the Yoast SEO plugin v27.5 - https:\/\/yoast.com\/product\/yoast-seo-wordpress\/ -->\n<title>Akcja Pola Nadziei - Szko\u0142a Podstawowa im. Jana Paw\u0142a II w K\u0119b\u0142owie<\/title>\n<meta name=\"robots\" content=\"index, follow, max-snippet:-1, max-image-preview:large, max-video-preview:-1\" \/>\n<link rel=\"canonical\" href=\"https:\/\/spkeblowo.pl\/?p=9766\" \/>\n<meta property=\"og:locale\" content=\"pl_PL\" \/>\n<meta property=\"og:type\" content=\"article\" \/>\n<meta property=\"og:title\" content=\"Akcja Pola Nadziei - Szko\u0142a Podstawowa im. Jana Paw\u0142a II w K\u0119b\u0142owie\" \/>\n<meta property=\"og:description\" content=\"26 kwietnia odby\u0142a si\u0119 og\u00f3lnopolska akcja \u201ePola Nadziei na Pomorzu&#8221; To wyj\u0105tkowa inicjatywa, kt\u00f3rej celem jest wsparcie os\u00f3b ci\u0119\u017cko chorych &hellip;\" \/>\n<meta property=\"og:url\" content=\"https:\/\/spkeblowo.pl\/?p=9766\" \/>\n<meta property=\"og:site_name\" content=\"Szko\u0142a Podstawowa im. Jana Paw\u0142a II w K\u0119b\u0142owie\" \/>\n<meta property=\"article:published_time\" content=\"2026-04-29T07:09:52+00:00\" \/>\n<meta property=\"article:modified_time\" content=\"2026-04-29T07:10:16+00:00\" \/>\n<meta name=\"author\" content=\"admin\" \/>\n<meta name=\"twitter:card\" content=\"summary_large_image\" \/>\n<meta name=\"twitter:label1\" content=\"Napisane przez\" \/>\n\t<meta name=\"twitter:data1\" content=\"admin\" \/>\n\t<meta name=\"twitter:label2\" content=\"Szacowany czas czytania\" \/>\n\t<meta name=\"twitter:data2\" content=\"2 minuty\" \/>\n<script type=\"application\/ld+json\" class=\"yoast-schema-graph\">{\"@context\":\"https:\\\/\\\/schema.org\",\"@graph\":[{\"@type\":\"Article\",\"@id\":\"https:\\\/\\\/spkeblowo.pl\\\/?p=9766#article\",\"isPartOf\":{\"@id\":\"https:\\\/\\\/spkeblowo.pl\\\/?p=9766\"},\"author\":{\"name\":\"admin\",\"@id\":\"https:\\\/\\\/spkeblowo.pl\\\/#\\\/schema\\\/person\\\/91f40d6dcc01a89bccab6d147a30874f\"},\"headline\":\"Akcja Pola Nadziei\",\"datePublished\":\"2026-04-29T07:09:52+00:00\",\"dateModified\":\"2026-04-29T07:10:16+00:00\",\"mainEntityOfPage\":{\"@id\":\"https:\\\/\\\/spkeblowo.pl\\\/?p=9766\"},\"wordCount\":257,\"publisher\":{\"@id\":\"https:\\\/\\\/spkeblowo.pl\\\/#organization\"},\"articleSection\":[\"Uncategorized\"],\"inLanguage\":\"pl-PL\"},{\"@type\":\"WebPage\",\"@id\":\"https:\\\/\\\/spkeblowo.pl\\\/?p=9766\",\"url\":\"https:\\\/\\\/spkeblowo.pl\\\/?p=9766\",\"name\":\"Akcja Pola Nadziei - Szko\u0142a Podstawowa im. Jana Paw\u0142a II w K\u0119b\u0142owie\",\"isPartOf\":{\"@id\":\"https:\\\/\\\/spkeblowo.pl\\\/#website\"},\"datePublished\":\"2026-04-29T07:09:52+00:00\",\"dateModified\":\"2026-04-29T07:10:16+00:00\",\"breadcrumb\":{\"@id\":\"https:\\\/\\\/spkeblowo.pl\\\/?p=9766#breadcrumb\"},\"inLanguage\":\"pl-PL\",\"potentialAction\":[{\"@type\":\"ReadAction\",\"target\":[\"https:\\\/\\\/spkeblowo.pl\\\/?p=9766\"]}]},{\"@type\":\"BreadcrumbList\",\"@id\":\"https:\\\/\\\/spkeblowo.pl\\\/?p=9766#breadcrumb\",\"itemListElement\":[{\"@type\":\"ListItem\",\"position\":1,\"name\":\"Strona g\u0142\u00f3wna\",\"item\":\"https:\\\/\\\/spkeblowo.pl\\\/\"},{\"@type\":\"ListItem\",\"position\":2,\"name\":\"Akcja Pola Nadziei\"}]},{\"@type\":\"WebSite\",\"@id\":\"https:\\\/\\\/spkeblowo.pl\\\/#website\",\"url\":\"https:\\\/\\\/spkeblowo.pl\\\/\",\"name\":\"Szko\u0142a Podstawowa im. Jana Paw\u0142a II w K\u0119b\u0142owie\",\"description\":\"\",\"publisher\":{\"@id\":\"https:\\\/\\\/spkeblowo.pl\\\/#organization\"},\"potentialAction\":[{\"@type\":\"SearchAction\",\"target\":{\"@type\":\"EntryPoint\",\"urlTemplate\":\"https:\\\/\\\/spkeblowo.pl\\\/?s={search_term_string}\"},\"query-input\":{\"@type\":\"PropertyValueSpecification\",\"valueRequired\":true,\"valueName\":\"search_term_string\"}}],\"inLanguage\":\"pl-PL\"},{\"@type\":\"Organization\",\"@id\":\"https:\\\/\\\/spkeblowo.pl\\\/#organization\",\"name\":\"Szko\u0142a Podstawowa im. Jana Paw\u0142a II w K\u0119b\u0142owie\",\"url\":\"https:\\\/\\\/spkeblowo.pl\\\/\",\"logo\":{\"@type\":\"ImageObject\",\"inLanguage\":\"pl-PL\",\"@id\":\"https:\\\/\\\/spkeblowo.pl\\\/#\\\/schema\\\/logo\\\/image\\\/\",\"url\":\"https:\\\/\\\/spkeblowo.pl\\\/wp-content\\\/uploads\\\/2020\\\/03\\\/2-2.png\",\"contentUrl\":\"https:\\\/\\\/spkeblowo.pl\\\/wp-content\\\/uploads\\\/2020\\\/03\\\/2-2.png\",\"width\":1400,\"height\":350,\"caption\":\"Szko\u0142a Podstawowa im. Jana Paw\u0142a II w K\u0119b\u0142owie\"},\"image\":{\"@id\":\"https:\\\/\\\/spkeblowo.pl\\\/#\\\/schema\\\/logo\\\/image\\\/\"}},{\"@type\":\"Person\",\"@id\":\"https:\\\/\\\/spkeblowo.pl\\\/#\\\/schema\\\/person\\\/91f40d6dcc01a89bccab6d147a30874f\",\"name\":\"admin\",\"image\":{\"@type\":\"ImageObject\",\"inLanguage\":\"pl-PL\",\"@id\":\"https:\\\/\\\/secure.gravatar.com\\\/avatar\\\/a8792c5ea44a0bd480cdae637f0e5e453347ff27968eb8552bf193361ffde3ec?s=96&d=mm&r=g\",\"url\":\"https:\\\/\\\/secure.gravatar.com\\\/avatar\\\/a8792c5ea44a0bd480cdae637f0e5e453347ff27968eb8552bf193361ffde3ec?s=96&d=mm&r=g\",\"contentUrl\":\"https:\\\/\\\/secure.gravatar.com\\\/avatar\\\/a8792c5ea44a0bd480cdae637f0e5e453347ff27968eb8552bf193361ffde3ec?s=96&d=mm&r=g\",\"caption\":\"admin\"},\"url\":\"https:\\\/\\\/spkeblowo.pl\\\/?author=1\"}]}<\/script>\n<!-- \/ Yoast SEO plugin. -->","yoast_head_json":{"title":"Akcja Pola Nadziei - Szko\u0142a Podstawowa im. Jana Paw\u0142a II w K\u0119b\u0142owie","robots":{"index":"index","follow":"follow","max-snippet":"max-snippet:-1","max-image-preview":"max-image-preview:large","max-video-preview":"max-video-preview:-1"},"canonical":"https:\/\/spkeblowo.pl\/?p=9766","og_locale":"pl_PL","og_type":"article","og_title":"Akcja Pola Nadziei - Szko\u0142a Podstawowa im. Jana Paw\u0142a II w K\u0119b\u0142owie","og_description":"26 kwietnia odby\u0142a si\u0119 og\u00f3lnopolska akcja \u201ePola Nadziei na Pomorzu&#8221; To wyj\u0105tkowa inicjatywa, kt\u00f3rej celem jest wsparcie os\u00f3b ci\u0119\u017cko chorych &hellip;","og_url":"https:\/\/spkeblowo.pl\/?p=9766","og_site_name":"Szko\u0142a Podstawowa im. Jana Paw\u0142a II w K\u0119b\u0142owie","article_published_time":"2026-04-29T07:09:52+00:00","article_modified_time":"2026-04-29T07:10:16+00:00","author":"admin","twitter_card":"summary_large_image","twitter_misc":{"Napisane przez":"admin","Szacowany czas czytania":"2 minuty"},"schema":{"@context":"https:\/\/schema.org","@graph":[{"@type":"Article","@id":"https:\/\/spkeblowo.pl\/?p=9766#article","isPartOf":{"@id":"https:\/\/spkeblowo.pl\/?p=9766"},"author":{"name":"admin","@id":"https:\/\/spkeblowo.pl\/#\/schema\/person\/91f40d6dcc01a89bccab6d147a30874f"},"headline":"Akcja Pola Nadziei","datePublished":"2026-04-29T07:09:52+00:00","dateModified":"2026-04-29T07:10:16+00:00","mainEntityOfPage":{"@id":"https:\/\/spkeblowo.pl\/?p=9766"},"wordCount":257,"publisher":{"@id":"https:\/\/spkeblowo.pl\/#organization"},"articleSection":["Uncategorized"],"inLanguage":"pl-PL"},{"@type":"WebPage","@id":"https:\/\/spkeblowo.pl\/?p=9766","url":"https:\/\/spkeblowo.pl\/?p=9766","name":"Akcja Pola Nadziei - Szko\u0142a Podstawowa im. Jana Paw\u0142a II w K\u0119b\u0142owie","isPartOf":{"@id":"https:\/\/spkeblowo.pl\/#website"},"datePublished":"2026-04-29T07:09:52+00:00","dateModified":"2026-04-29T07:10:16+00:00","breadcrumb":{"@id":"https:\/\/spkeblowo.pl\/?p=9766#breadcrumb"},"inLanguage":"pl-PL","potentialAction":[{"@type":"ReadAction","target":["https:\/\/spkeblowo.pl\/?p=9766"]}]},{"@type":"BreadcrumbList","@id":"https:\/\/spkeblowo.pl\/?p=9766#breadcrumb","itemListElement":[{"@type":"ListItem","position":1,"name":"Strona g\u0142\u00f3wna","item":"https:\/\/spkeblowo.pl\/"},{"@type":"ListItem","position":2,"name":"Akcja Pola Nadziei"}]},{"@type":"WebSite","@id":"https:\/\/spkeblowo.pl\/#website","url":"https:\/\/spkeblowo.pl\/","name":"Szko\u0142a Podstawowa im. Jana Paw\u0142a II w K\u0119b\u0142owie","description":"","publisher":{"@id":"https:\/\/spkeblowo.pl\/#organization"},"potentialAction":[{"@type":"SearchAction","target":{"@type":"EntryPoint","urlTemplate":"https:\/\/spkeblowo.pl\/?s={search_term_string}"},"query-input":{"@type":"PropertyValueSpecification","valueRequired":true,"valueName":"search_term_string"}}],"inLanguage":"pl-PL"},{"@type":"Organization","@id":"https:\/\/spkeblowo.pl\/#organization","name":"Szko\u0142a Podstawowa im. Jana Paw\u0142a II w K\u0119b\u0142owie","url":"https:\/\/spkeblowo.pl\/","logo":{"@type":"ImageObject","inLanguage":"pl-PL","@id":"https:\/\/spkeblowo.pl\/#\/schema\/logo\/image\/","url":"https:\/\/spkeblowo.pl\/wp-content\/uploads\/2020\/03\/2-2.png","contentUrl":"https:\/\/spkeblowo.pl\/wp-content\/uploads\/2020\/03\/2-2.png","width":1400,"height":350,"caption":"Szko\u0142a Podstawowa im. Jana Paw\u0142a II w K\u0119b\u0142owie"},"image":{"@id":"https:\/\/spkeblowo.pl\/#\/schema\/logo\/image\/"}},{"@type":"Person","@id":"https:\/\/spkeblowo.pl\/#\/schema\/person\/91f40d6dcc01a89bccab6d147a30874f","name":"admin","image":{"@type":"ImageObject","inLanguage":"pl-PL","@id":"https:\/\/secure.gravatar.com\/avatar\/a8792c5ea44a0bd480cdae637f0e5e453347ff27968eb8552bf193361ffde3ec?s=96&d=mm&r=g","url":"https:\/\/secure.gravatar.com\/avatar\/a8792c5ea44a0bd480cdae637f0e5e453347ff27968eb8552bf193361ffde3ec?s=96&d=mm&r=g","contentUrl":"https:\/\/secure.gravatar.com\/avatar\/a8792c5ea44a0bd480cdae637f0e5e453347ff27968eb8552bf193361ffde3ec?s=96&d=mm&r=g","caption":"admin"},"url":"https:\/\/spkeblowo.pl\/?author=1"}]}},"_links":{"self":[{"href":"https:\/\/spkeblowo.pl\/index.php?rest_route=\/wp\/v2\/posts\/9766","targetHints":{"allow":["GET"]}}],"collection":[{"href":"https:\/\/spkeblowo.pl\/index.php?rest_route=\/wp\/v2\/posts"}],"about":[{"href":"https:\/\/spkeblowo.pl\/index.php?rest_route=\/wp\/v2\/types\/post"}],"author":[{"embeddable":true,"href":"https:\/\/spkeblowo.pl\/index.php?rest_route=\/wp\/v2\/users\/1"}],"replies":[{"embeddable":true,"href":"https:\/\/spkeblowo.pl\/index.php?rest_route=%2Fwp%2Fv2%2Fcomments&post=9766"}],"version-history":[{"count":2,"href":"https:\/\/spkeblowo.pl\/index.php?rest_route=\/wp\/v2\/posts\/9766\/revisions"}],"predecessor-version":[{"id":9768,"href":"https:\/\/spkeblowo.pl\/index.php?rest_route=\/wp\/v2\/posts\/9766\/revisions\/9768"}],"wp:attachment":[{"href":"https:\/\/spkeblowo.pl\/index.php?rest_route=%2Fwp%2Fv2%2Fmedia&parent=9766"}],"wp:term":[{"taxonomy":"category","embeddable":true,"href":"https:\/\/spkeblowo.pl\/index.php?rest_route=%2Fwp%2Fv2%2Fcategories&post=9766"},{"taxonomy":"post_tag","embeddable":true,"href":"https:\/\/spkeblowo.pl\/index.php?rest_route=%2Fwp%2Fv2%2Ftags&post=9766"}],"curies":[{"name":"wp","href":"https:\/\/api.w.org\/{rel}","templated":true}]}}