{"id":9729,"date":"2026-04-22T14:17:33","date_gmt":"2026-04-22T12:17:33","guid":{"rendered":"https:\/\/spkeblowo.pl\/?p=9729"},"modified":"2026-04-22T14:17:33","modified_gmt":"2026-04-22T12:17:33","slug":"niebieskie-igrzyska-2","status":"publish","type":"post","link":"https:\/\/spkeblowo.pl\/?p=9729","title":{"rendered":"Niebieskie Igrzyska"},"content":{"rendered":"<p>17 kwietnia Niebieskie Igrzyska rozpocz\u0119\u0142y si\u0119 w niezwykle podnios\u0142ej, a jednocze\u015bnie ciep\u0142ej atmosferze, pe\u0142nej wzrusze\u0144, u\u015bmiech\u00f3w i prawdziwego poczucia wsp\u00f3lnoty. By\u0142 to dzie\u0144, w kt\u00f3rym ka\u017cdy gest i ka\u017cde s\u0142owo mia\u0142y szczeg\u00f3lne znaczenie.<\/p>\n<p>Uroczystego otwarcia dokonali Pani Dyrektor, W\u00f3jt Gminy Luzino Jaros\u0142aw Wejer Urz\u0105d Gminy Luzino, Wsp\u00f3lnie dla Gminy Luzino oraz honorowy go\u015b\u0107 Pani Izabela Minga z Fundacji AUTYZM &#8211; BRAND NEW BRAIN . Wsp\u00f3lne przeci\u0119cie wst\u0119gi sta\u0142o si\u0119 symbolem otwarcia nie tylko wydarzenia, ale przede wszystkim serc na drugiego cz\u0142owieka \u2013 na jego potrzeby, emocje i wyj\u0105tkowo\u015b\u0107.<\/p>\n<p>Kolorowe skrzyd\u0142a z napisem: \u201ePrzesta\u0144 w\u0105tpi\u0107, zacznij wierzy\u0107\u201d. symbol, kt\u00f3ry wszystkim b\u0119dzie m\u00f3wi\u0142 jak wa\u017cna jest wiara \u2013 w siebie i w innych. Tu\u017c obok znalaz\u0142a si\u0119 symboliczna \u0142aweczka, kt\u00f3ra sta\u0142a si\u0119 wyrazem jedno\u015bci i wsp\u00f3lnoty z dzie\u0107mi ze spektrum autyzmu.<\/p>\n<p>Nast\u0119pnie wszyscy go\u015bcie, wraz z opiekunami wolontariatu oraz wolontariuszem nios\u0105cym zapalony Znicz Olimpijski, udali si\u0119 do zgromadzonej spo\u0142eczno\u015bci szkolnej. Uczniowie ustawili si\u0119 w kszta\u0142t serca \u2013 pi\u0119knego znaku solidarno\u015bci i empatii \u2013 i wsp\u00f3lnie za\u015bpiewali hymn Niebieskich Igrzysk.<\/p>\n<p>Po tej wyj\u0105tkowej cz\u0119\u015bci rozpocz\u0119\u0142y si\u0119 zaj\u0119cia sportowe i edukacyjne, pe\u0142ne energii, rado\u015bci i zaanga\u017cowania.<\/p>\n<p>Warsztaty edukacyjne poprowadzi\u0142a Fundacja MOC SERC oraz Pani Marta Guba\u0142a-Dampc, inspiruj\u0105c uczestnik\u00f3w do otwarto\u015bci i zrozumienia r\u00f3\u017cnorodno\u015bci.<\/p>\n<p>Zaj\u0119cia kreatywne przygotowa\u0142a r\u00f3wnie\u017c Biblioteka Luzino oraz nasi wspaniali nauczyciele, kt\u00f3rzy z ogromnym sercem anga\u017cowali dzieci w tw\u00f3rcze dzia\u0142ania.<\/p>\n<p>Gminny O\u015brodek Kultury w Luzinie zadba\u0142 o warto\u015bciowe filmy edukacyjne. Dzieci mia\u0142y tak\u017ce okazj\u0119 wzi\u0105\u0107 udzia\u0142 w warsztatach online \u201eKomunikacja w r\u00f3\u017cnorodno\u015bci\u201d, kt\u00f3re pog\u0142\u0119bia\u0142y wiedz\u0119 i budowa\u0142y \u015bwiadomo\u015b\u0107 spo\u0142eczn\u0105. Nie zabrak\u0142o r\u00f3wnie\u017c aktywno\u015bci fizycznej \u2013 zaj\u0119cia z pilatesu poprowadzi\u0142o Studio Body &amp; Soul K\u0119b\u0142owo, wprowadzaj\u0105c uczestnik\u00f3w w \u015bwiat harmonii cia\u0142a i ducha.<\/p>\n<p>Wszystkie przygotowane aktywno\u015bci by\u0142y wyj\u0105tkowe \u2013 pe\u0142ne pasji, zaanga\u017cowania i autentycznej rado\u015bci. Niebieskie Igrzyska sta\u0142y si\u0119 nie tylko wydarzeniem, ale prawdziw\u0105 lekcj\u0105 empatii, wsp\u00f3\u0142pracy i akceptacji.<\/p>\n<p>Dzi\u0119kujemy DronK\u0119b\u0142owo za nakr\u0119cenie hymnu Niebieskie Igrzyska<\/p>\n<p><a href=\"https:\/\/spkeblowo-my.sharepoint.com\/:v:\/g\/personal\/smejer_edu_spkeblowo_pl\/IQD8fNgWEGSrS4VBEMfzrtnTAZyaOs3F4gPr1rKfaaMpsiQ?e=iA4BhP&amp;nav=eyJyZWZlcnJhbEluZm8iOnsicmVmZXJyYWxBcHAiOiJTdHJlYW1XZWJBcHAiLCJyZWZlcnJhbFZpZXciOiJTaGFyZURpYWxvZy1MaW5rIiwicmVmZXJyYWxBcHBQbGF0Zm9ybSI6IldlYiIsInJlZmVycmFsTW9kZSI6InZpZXcifX0%3D\">PODSUMOWANIE<\/a><\/p>\n<p>&nbsp;<\/p>\n<p>#NiebieskieIgrzyska<\/p>\n<p>#NiebieskieIgrzyska2026<\/p>\n<p>#Ni2026<\/p>\n<p>#Cz\u0119\u015b\u0107Edukacyjna<\/p>\n<p>#Kwiecie\u0144Miesi\u0105cemAutyzmu<\/p>\n","protected":false},"excerpt":{"rendered":"<p>17 kwietnia Niebieskie Igrzyska rozpocz\u0119\u0142y si\u0119 w niezwykle podnios\u0142ej, a jednocze\u015bnie ciep\u0142ej atmosferze, pe\u0142nej wzrusze\u0144, u\u015bmiech\u00f3w i prawdziwego poczucia wsp\u00f3lnoty. &hellip; <\/p>\n","protected":false},"author":1,"featured_media":0,"comment_status":"closed","ping_status":"open","sticky":false,"template":"","format":"standard","meta":{"footnotes":""},"categories":[1],"tags":[],"class_list":["post-9729","post","type-post","status-publish","format-standard","hentry","category-uncategorized"],"yoast_head":"<!-- This site is optimized with the Yoast SEO plugin v27.5 - https:\/\/yoast.com\/product\/yoast-seo-wordpress\/ -->\n<title>Niebieskie Igrzyska - Szko\u0142a Podstawowa im. Jana Paw\u0142a II w K\u0119b\u0142owie<\/title>\n<meta name=\"robots\" content=\"index, follow, max-snippet:-1, max-image-preview:large, max-video-preview:-1\" \/>\n<link rel=\"canonical\" href=\"https:\/\/spkeblowo.pl\/?p=9729\" \/>\n<meta property=\"og:locale\" content=\"pl_PL\" \/>\n<meta property=\"og:type\" content=\"article\" \/>\n<meta property=\"og:title\" content=\"Niebieskie Igrzyska - Szko\u0142a Podstawowa im. Jana Paw\u0142a II w K\u0119b\u0142owie\" \/>\n<meta property=\"og:description\" content=\"17 kwietnia Niebieskie Igrzyska rozpocz\u0119\u0142y si\u0119 w niezwykle podnios\u0142ej, a jednocze\u015bnie ciep\u0142ej atmosferze, pe\u0142nej wzrusze\u0144, u\u015bmiech\u00f3w i prawdziwego poczucia wsp\u00f3lnoty. &hellip;\" \/>\n<meta property=\"og:url\" content=\"https:\/\/spkeblowo.pl\/?p=9729\" \/>\n<meta property=\"og:site_name\" content=\"Szko\u0142a Podstawowa im. Jana Paw\u0142a II w K\u0119b\u0142owie\" \/>\n<meta property=\"article:published_time\" content=\"2026-04-22T12:17:33+00:00\" \/>\n<meta name=\"author\" content=\"admin\" \/>\n<meta name=\"twitter:card\" content=\"summary_large_image\" \/>\n<meta name=\"twitter:label1\" content=\"Napisane przez\" \/>\n\t<meta name=\"twitter:data1\" content=\"admin\" \/>\n\t<meta name=\"twitter:label2\" content=\"Szacowany czas czytania\" \/>\n\t<meta name=\"twitter:data2\" content=\"2 minuty\" \/>\n<script type=\"application\/ld+json\" class=\"yoast-schema-graph\">{\"@context\":\"https:\\\/\\\/schema.org\",\"@graph\":[{\"@type\":\"Article\",\"@id\":\"https:\\\/\\\/spkeblowo.pl\\\/?p=9729#article\",\"isPartOf\":{\"@id\":\"https:\\\/\\\/spkeblowo.pl\\\/?p=9729\"},\"author\":{\"name\":\"admin\",\"@id\":\"https:\\\/\\\/spkeblowo.pl\\\/#\\\/schema\\\/person\\\/91f40d6dcc01a89bccab6d147a30874f\"},\"headline\":\"Niebieskie Igrzyska\",\"datePublished\":\"2026-04-22T12:17:33+00:00\",\"mainEntityOfPage\":{\"@id\":\"https:\\\/\\\/spkeblowo.pl\\\/?p=9729\"},\"wordCount\":407,\"publisher\":{\"@id\":\"https:\\\/\\\/spkeblowo.pl\\\/#organization\"},\"articleSection\":[\"Uncategorized\"],\"inLanguage\":\"pl-PL\"},{\"@type\":\"WebPage\",\"@id\":\"https:\\\/\\\/spkeblowo.pl\\\/?p=9729\",\"url\":\"https:\\\/\\\/spkeblowo.pl\\\/?p=9729\",\"name\":\"Niebieskie Igrzyska - Szko\u0142a Podstawowa im. Jana Paw\u0142a II w K\u0119b\u0142owie\",\"isPartOf\":{\"@id\":\"https:\\\/\\\/spkeblowo.pl\\\/#website\"},\"datePublished\":\"2026-04-22T12:17:33+00:00\",\"breadcrumb\":{\"@id\":\"https:\\\/\\\/spkeblowo.pl\\\/?p=9729#breadcrumb\"},\"inLanguage\":\"pl-PL\",\"potentialAction\":[{\"@type\":\"ReadAction\",\"target\":[\"https:\\\/\\\/spkeblowo.pl\\\/?p=9729\"]}]},{\"@type\":\"BreadcrumbList\",\"@id\":\"https:\\\/\\\/spkeblowo.pl\\\/?p=9729#breadcrumb\",\"itemListElement\":[{\"@type\":\"ListItem\",\"position\":1,\"name\":\"Strona g\u0142\u00f3wna\",\"item\":\"https:\\\/\\\/spkeblowo.pl\\\/\"},{\"@type\":\"ListItem\",\"position\":2,\"name\":\"Niebieskie Igrzyska\"}]},{\"@type\":\"WebSite\",\"@id\":\"https:\\\/\\\/spkeblowo.pl\\\/#website\",\"url\":\"https:\\\/\\\/spkeblowo.pl\\\/\",\"name\":\"Szko\u0142a Podstawowa im. Jana Paw\u0142a II w K\u0119b\u0142owie\",\"description\":\"\",\"publisher\":{\"@id\":\"https:\\\/\\\/spkeblowo.pl\\\/#organization\"},\"potentialAction\":[{\"@type\":\"SearchAction\",\"target\":{\"@type\":\"EntryPoint\",\"urlTemplate\":\"https:\\\/\\\/spkeblowo.pl\\\/?s={search_term_string}\"},\"query-input\":{\"@type\":\"PropertyValueSpecification\",\"valueRequired\":true,\"valueName\":\"search_term_string\"}}],\"inLanguage\":\"pl-PL\"},{\"@type\":\"Organization\",\"@id\":\"https:\\\/\\\/spkeblowo.pl\\\/#organization\",\"name\":\"Szko\u0142a Podstawowa im. Jana Paw\u0142a II w K\u0119b\u0142owie\",\"url\":\"https:\\\/\\\/spkeblowo.pl\\\/\",\"logo\":{\"@type\":\"ImageObject\",\"inLanguage\":\"pl-PL\",\"@id\":\"https:\\\/\\\/spkeblowo.pl\\\/#\\\/schema\\\/logo\\\/image\\\/\",\"url\":\"https:\\\/\\\/spkeblowo.pl\\\/wp-content\\\/uploads\\\/2020\\\/03\\\/2-2.png\",\"contentUrl\":\"https:\\\/\\\/spkeblowo.pl\\\/wp-content\\\/uploads\\\/2020\\\/03\\\/2-2.png\",\"width\":1400,\"height\":350,\"caption\":\"Szko\u0142a Podstawowa im. Jana Paw\u0142a II w K\u0119b\u0142owie\"},\"image\":{\"@id\":\"https:\\\/\\\/spkeblowo.pl\\\/#\\\/schema\\\/logo\\\/image\\\/\"}},{\"@type\":\"Person\",\"@id\":\"https:\\\/\\\/spkeblowo.pl\\\/#\\\/schema\\\/person\\\/91f40d6dcc01a89bccab6d147a30874f\",\"name\":\"admin\",\"image\":{\"@type\":\"ImageObject\",\"inLanguage\":\"pl-PL\",\"@id\":\"https:\\\/\\\/secure.gravatar.com\\\/avatar\\\/a8792c5ea44a0bd480cdae637f0e5e453347ff27968eb8552bf193361ffde3ec?s=96&d=mm&r=g\",\"url\":\"https:\\\/\\\/secure.gravatar.com\\\/avatar\\\/a8792c5ea44a0bd480cdae637f0e5e453347ff27968eb8552bf193361ffde3ec?s=96&d=mm&r=g\",\"contentUrl\":\"https:\\\/\\\/secure.gravatar.com\\\/avatar\\\/a8792c5ea44a0bd480cdae637f0e5e453347ff27968eb8552bf193361ffde3ec?s=96&d=mm&r=g\",\"caption\":\"admin\"},\"url\":\"https:\\\/\\\/spkeblowo.pl\\\/?author=1\"}]}<\/script>\n<!-- \/ Yoast SEO plugin. -->","yoast_head_json":{"title":"Niebieskie Igrzyska - Szko\u0142a Podstawowa im. Jana Paw\u0142a II w K\u0119b\u0142owie","robots":{"index":"index","follow":"follow","max-snippet":"max-snippet:-1","max-image-preview":"max-image-preview:large","max-video-preview":"max-video-preview:-1"},"canonical":"https:\/\/spkeblowo.pl\/?p=9729","og_locale":"pl_PL","og_type":"article","og_title":"Niebieskie Igrzyska - Szko\u0142a Podstawowa im. Jana Paw\u0142a II w K\u0119b\u0142owie","og_description":"17 kwietnia Niebieskie Igrzyska rozpocz\u0119\u0142y si\u0119 w niezwykle podnios\u0142ej, a jednocze\u015bnie ciep\u0142ej atmosferze, pe\u0142nej wzrusze\u0144, u\u015bmiech\u00f3w i prawdziwego poczucia wsp\u00f3lnoty. &hellip;","og_url":"https:\/\/spkeblowo.pl\/?p=9729","og_site_name":"Szko\u0142a Podstawowa im. Jana Paw\u0142a II w K\u0119b\u0142owie","article_published_time":"2026-04-22T12:17:33+00:00","author":"admin","twitter_card":"summary_large_image","twitter_misc":{"Napisane przez":"admin","Szacowany czas czytania":"2 minuty"},"schema":{"@context":"https:\/\/schema.org","@graph":[{"@type":"Article","@id":"https:\/\/spkeblowo.pl\/?p=9729#article","isPartOf":{"@id":"https:\/\/spkeblowo.pl\/?p=9729"},"author":{"name":"admin","@id":"https:\/\/spkeblowo.pl\/#\/schema\/person\/91f40d6dcc01a89bccab6d147a30874f"},"headline":"Niebieskie Igrzyska","datePublished":"2026-04-22T12:17:33+00:00","mainEntityOfPage":{"@id":"https:\/\/spkeblowo.pl\/?p=9729"},"wordCount":407,"publisher":{"@id":"https:\/\/spkeblowo.pl\/#organization"},"articleSection":["Uncategorized"],"inLanguage":"pl-PL"},{"@type":"WebPage","@id":"https:\/\/spkeblowo.pl\/?p=9729","url":"https:\/\/spkeblowo.pl\/?p=9729","name":"Niebieskie Igrzyska - Szko\u0142a Podstawowa im. Jana Paw\u0142a II w K\u0119b\u0142owie","isPartOf":{"@id":"https:\/\/spkeblowo.pl\/#website"},"datePublished":"2026-04-22T12:17:33+00:00","breadcrumb":{"@id":"https:\/\/spkeblowo.pl\/?p=9729#breadcrumb"},"inLanguage":"pl-PL","potentialAction":[{"@type":"ReadAction","target":["https:\/\/spkeblowo.pl\/?p=9729"]}]},{"@type":"BreadcrumbList","@id":"https:\/\/spkeblowo.pl\/?p=9729#breadcrumb","itemListElement":[{"@type":"ListItem","position":1,"name":"Strona g\u0142\u00f3wna","item":"https:\/\/spkeblowo.pl\/"},{"@type":"ListItem","position":2,"name":"Niebieskie Igrzyska"}]},{"@type":"WebSite","@id":"https:\/\/spkeblowo.pl\/#website","url":"https:\/\/spkeblowo.pl\/","name":"Szko\u0142a Podstawowa im. Jana Paw\u0142a II w K\u0119b\u0142owie","description":"","publisher":{"@id":"https:\/\/spkeblowo.pl\/#organization"},"potentialAction":[{"@type":"SearchAction","target":{"@type":"EntryPoint","urlTemplate":"https:\/\/spkeblowo.pl\/?s={search_term_string}"},"query-input":{"@type":"PropertyValueSpecification","valueRequired":true,"valueName":"search_term_string"}}],"inLanguage":"pl-PL"},{"@type":"Organization","@id":"https:\/\/spkeblowo.pl\/#organization","name":"Szko\u0142a Podstawowa im. Jana Paw\u0142a II w K\u0119b\u0142owie","url":"https:\/\/spkeblowo.pl\/","logo":{"@type":"ImageObject","inLanguage":"pl-PL","@id":"https:\/\/spkeblowo.pl\/#\/schema\/logo\/image\/","url":"https:\/\/spkeblowo.pl\/wp-content\/uploads\/2020\/03\/2-2.png","contentUrl":"https:\/\/spkeblowo.pl\/wp-content\/uploads\/2020\/03\/2-2.png","width":1400,"height":350,"caption":"Szko\u0142a Podstawowa im. Jana Paw\u0142a II w K\u0119b\u0142owie"},"image":{"@id":"https:\/\/spkeblowo.pl\/#\/schema\/logo\/image\/"}},{"@type":"Person","@id":"https:\/\/spkeblowo.pl\/#\/schema\/person\/91f40d6dcc01a89bccab6d147a30874f","name":"admin","image":{"@type":"ImageObject","inLanguage":"pl-PL","@id":"https:\/\/secure.gravatar.com\/avatar\/a8792c5ea44a0bd480cdae637f0e5e453347ff27968eb8552bf193361ffde3ec?s=96&d=mm&r=g","url":"https:\/\/secure.gravatar.com\/avatar\/a8792c5ea44a0bd480cdae637f0e5e453347ff27968eb8552bf193361ffde3ec?s=96&d=mm&r=g","contentUrl":"https:\/\/secure.gravatar.com\/avatar\/a8792c5ea44a0bd480cdae637f0e5e453347ff27968eb8552bf193361ffde3ec?s=96&d=mm&r=g","caption":"admin"},"url":"https:\/\/spkeblowo.pl\/?author=1"}]}},"_links":{"self":[{"href":"https:\/\/spkeblowo.pl\/index.php?rest_route=\/wp\/v2\/posts\/9729","targetHints":{"allow":["GET"]}}],"collection":[{"href":"https:\/\/spkeblowo.pl\/index.php?rest_route=\/wp\/v2\/posts"}],"about":[{"href":"https:\/\/spkeblowo.pl\/index.php?rest_route=\/wp\/v2\/types\/post"}],"author":[{"embeddable":true,"href":"https:\/\/spkeblowo.pl\/index.php?rest_route=\/wp\/v2\/users\/1"}],"replies":[{"embeddable":true,"href":"https:\/\/spkeblowo.pl\/index.php?rest_route=%2Fwp%2Fv2%2Fcomments&post=9729"}],"version-history":[{"count":1,"href":"https:\/\/spkeblowo.pl\/index.php?rest_route=\/wp\/v2\/posts\/9729\/revisions"}],"predecessor-version":[{"id":9730,"href":"https:\/\/spkeblowo.pl\/index.php?rest_route=\/wp\/v2\/posts\/9729\/revisions\/9730"}],"wp:attachment":[{"href":"https:\/\/spkeblowo.pl\/index.php?rest_route=%2Fwp%2Fv2%2Fmedia&parent=9729"}],"wp:term":[{"taxonomy":"category","embeddable":true,"href":"https:\/\/spkeblowo.pl\/index.php?rest_route=%2Fwp%2Fv2%2Fcategories&post=9729"},{"taxonomy":"post_tag","embeddable":true,"href":"https:\/\/spkeblowo.pl\/index.php?rest_route=%2Fwp%2Fv2%2Ftags&post=9729"}],"curies":[{"name":"wp","href":"https:\/\/api.w.org\/{rel}","templated":true}]}}