{"id":9721,"date":"2026-04-20T09:53:12","date_gmt":"2026-04-20T07:53:12","guid":{"rendered":"https:\/\/spkeblowo.pl\/?p=9721"},"modified":"2026-04-29T11:28:24","modified_gmt":"2026-04-29T09:28:24","slug":"konsultacje-z-rodzicami","status":"publish","type":"post","link":"https:\/\/spkeblowo.pl\/?p=9721","title":{"rendered":"Konsultacje z Rodzicami"},"content":{"rendered":"<p><strong>Serdecznie zapraszamy na zebrania z Rodzicami <\/strong><strong><em><u>dn.22 kwietnia 2026 r.<\/u><\/em><\/strong><br \/>\n<strong><em>wed\u0142ug nast\u0119puj\u0105cego harmonogramu:<\/em><\/strong><\/p>\n<ol>\n<li><strong>Klasy 1-4 <\/strong><strong><strong>\/ 16:15 \u2013 16:55<\/strong><\/strong><\/li>\n<\/ol>\n<table>\n<tbody>\n<tr>\n<td width=\"113\"><strong>Oddzia\u0142<\/strong><\/td>\n<td width=\"321\"><strong>Wychowawca<\/strong><\/td>\n<td width=\"159\"><strong>Sala<\/strong><\/td>\n<\/tr>\n<tr>\n<td width=\"113\"><strong>1a<\/strong><\/td>\n<td width=\"321\">p. Karolina Rozenkranc<\/td>\n<td width=\"159\">160<\/td>\n<\/tr>\n<tr>\n<td width=\"113\"><strong>1b<\/strong><\/td>\n<td width=\"321\">p. Alicja Piekielny<\/td>\n<td width=\"159\">226<\/td>\n<\/tr>\n<tr>\n<td width=\"113\"><strong>1c<\/strong><\/td>\n<td width=\"321\">P. Lidia Stenka<\/td>\n<td width=\"159\">202<\/td>\n<\/tr>\n<tr>\n<td width=\"113\"><strong>1d<\/strong><\/td>\n<td width=\"321\">p. Kinga Damps<\/td>\n<td width=\"159\">226<\/td>\n<\/tr>\n<tr>\n<td width=\"113\"><strong>2a<\/strong><\/td>\n<td width=\"321\">p. Jagoda Klass<\/td>\n<td width=\"159\">152a<\/td>\n<\/tr>\n<tr>\n<td width=\"113\"><strong>2b<\/strong><\/td>\n<td width=\"321\">p. Justyna W\u00f3jtowicz<\/td>\n<td width=\"159\">122<\/td>\n<\/tr>\n<tr>\n<td width=\"113\"><strong>2c<\/strong><\/td>\n<td width=\"321\">p. Anita Hinz<\/td>\n<td width=\"159\">152b<\/td>\n<\/tr>\n<tr>\n<td width=\"113\"><strong>2d<\/strong><\/td>\n<td width=\"321\">p. Ewa Tempska<\/td>\n<td width=\"159\">123<\/td>\n<\/tr>\n<tr>\n<td width=\"113\"><strong>3a<\/strong><\/td>\n<td width=\"321\">p. Ewa Nowak<\/td>\n<td width=\"159\">220<\/td>\n<\/tr>\n<tr>\n<td width=\"113\"><strong>3b<\/strong><\/td>\n<td width=\"321\">p. Weronika Lidzbarska<\/td>\n<td width=\"159\">219<\/td>\n<\/tr>\n<tr>\n<td width=\"113\"><strong>3c<\/strong><\/td>\n<td width=\"321\">p. Emanuela Jarzembi\u0144ska<\/td>\n<td width=\"159\">221<\/td>\n<\/tr>\n<tr>\n<td width=\"113\"><strong>3d<\/strong><\/td>\n<td width=\"321\">p. Aneta Zaj\u0105c<\/td>\n<td width=\"159\">224<\/td>\n<\/tr>\n<tr>\n<td width=\"113\"><strong>4a<\/strong><\/td>\n<td width=\"321\">p. Ewa Baranowska<\/td>\n<td width=\"159\">225<\/td>\n<\/tr>\n<tr>\n<td width=\"113\"><strong>4b<\/strong><\/td>\n<td width=\"321\">p. Marzena Czerwionka<\/td>\n<td width=\"159\">159<\/td>\n<\/tr>\n<tr>\n<td width=\"113\"><strong>4c<\/strong><\/td>\n<td width=\"321\">p. Dorota \u0141aga<\/td>\n<td width=\"159\">213<\/td>\n<\/tr>\n<\/tbody>\n<\/table>\n<ol>\n<li><strong>Klasy 5-8 <\/strong><strong><strong>\/ 17:00 \u2013 17:30<\/strong><\/strong><\/li>\n<\/ol>\n<table>\n<tbody>\n<tr>\n<td width=\"113\"><strong>Oddzia\u0142<\/strong><\/td>\n<td width=\"321\"><strong>Wychowawca<\/strong><\/td>\n<td width=\"159\"><strong>Sala<\/strong><\/td>\n<\/tr>\n<tr>\n<td width=\"113\"><strong>5a<\/strong><\/td>\n<td width=\"321\">p. Patrycja Brzostek<\/td>\n<td width=\"159\">152b<\/td>\n<\/tr>\n<tr>\n<td width=\"113\"><strong>5b<\/strong><\/td>\n<td width=\"321\">p. Joanna Tederko<\/td>\n<td width=\"159\">222<\/td>\n<\/tr>\n<tr>\n<td width=\"113\"><strong>5c<\/strong><\/td>\n<td width=\"321\">p. Bernadeta Cie\u015blak<\/td>\n<td width=\"159\">152a<\/td>\n<\/tr>\n<tr>\n<td width=\"113\"><strong>5d<\/strong><\/td>\n<td width=\"321\">p. Agnieszka Piku\u0142a<\/td>\n<td width=\"159\">201<\/td>\n<\/tr>\n<tr>\n<td width=\"113\"><strong>6a<\/strong><\/td>\n<td width=\"321\">p. Gracjana Potrykus<\/td>\n<td width=\"159\">219<\/td>\n<\/tr>\n<tr>\n<td width=\"113\"><strong>6b<\/strong><\/td>\n<td width=\"321\">p. Tomasz Joryn<\/td>\n<td width=\"159\">221<\/td>\n<\/tr>\n<tr>\n<td width=\"113\"><strong>6c<\/strong><\/td>\n<td width=\"321\">p. Marzena Pienschke<\/td>\n<td width=\"159\">225<\/td>\n<\/tr>\n<tr>\n<td width=\"113\"><strong>6d<\/strong><\/td>\n<td width=\"321\">p. Agata Pasternak<\/td>\n<td width=\"159\">160<\/td>\n<\/tr>\n<tr>\n<td width=\"113\"><strong>7a<\/strong><\/td>\n<td width=\"321\">p. Magdalena Janikowska<\/td>\n<td width=\"159\">224<\/td>\n<\/tr>\n<tr>\n<td width=\"113\"><strong>7b<\/strong><\/td>\n<td width=\"321\">p. Danuta Turzy\u0144ska<\/td>\n<td width=\"159\">213<\/td>\n<\/tr>\n<tr>\n<td width=\"113\"><strong>7c<\/strong><\/td>\n<td width=\"321\">p. Krzysztof Rozenkranc<\/td>\n<td width=\"159\">159<\/td>\n<\/tr>\n<tr>\n<td width=\"113\"><strong>8a<\/strong><\/td>\n<td width=\"321\">p. Monika Potrykus<\/td>\n<td width=\"159\">220<\/td>\n<\/tr>\n<tr>\n<td width=\"113\"><strong>8b<\/strong><\/td>\n<td width=\"321\">p. Paulina Lawrenc<\/td>\n<td width=\"159\">226<\/td>\n<\/tr>\n<tr>\n<td width=\"113\"><strong>8c<\/strong><\/td>\n<td width=\"321\">p. Katarzyna Borchmann-Dejk<\/td>\n<td width=\"159\">202<\/td>\n<\/tr>\n<\/tbody>\n<\/table>\n<ul>\n<li><strong>Oddzia\u0142y przedszkolne <\/strong><strong><strong>\/ 17:10 \u2013 17:40<\/strong><\/strong><\/li>\n<\/ul>\n<table>\n<tbody>\n<tr>\n<td width=\"113\"><strong>Oddzia\u0142<\/strong><\/td>\n<td width=\"321\"><strong>Wychowawca<\/strong><\/td>\n<td width=\"159\"><strong>Sala<\/strong><\/td>\n<\/tr>\n<tr>\n<td width=\"113\"><strong>3 latki<\/strong><\/td>\n<td width=\"321\">p. Jadwiga Micha\u0142ka<\/td>\n<td width=\"159\">138<\/td>\n<\/tr>\n<tr>\n<td width=\"113\"><strong>4 latki<\/strong><\/td>\n<td width=\"321\">p. Joanna Kunz<\/td>\n<td width=\"159\">122<\/td>\n<\/tr>\n<tr>\n<td width=\"113\"><strong>5 latki A<\/strong><\/td>\n<td width=\"321\">p. Monika Korzeniewska<\/td>\n<td width=\"159\">9<\/td>\n<\/tr>\n<tr>\n<td width=\"113\"><strong>5 latki B<\/strong><\/td>\n<td width=\"321\">p. Agnieszka Langa<\/td>\n<td width=\"159\">152<\/td>\n<\/tr>\n<\/tbody>\n<\/table>\n<p>&nbsp;<\/p>\n<table>\n<tbody>\n<tr>\n<td width=\"113\"><strong>0a<\/strong><\/td>\n<td width=\"321\">p. Aneta Neum\u00fcller<\/td>\n<td rowspan=\"3\" width=\"159\">Konsultacje odb\u0119d\u0105 si\u0119 w innym terminie podanym przez wychowawc\u00f3w.<\/td>\n<\/tr>\n<tr>\n<td width=\"113\"><strong>0b<\/strong><\/td>\n<td width=\"321\">p. Marta Koss<\/td>\n<\/tr>\n<tr>\n<td width=\"113\"><strong>0c<\/strong><\/td>\n<td width=\"321\">p. Kamila Okroj<\/td>\n<\/tr>\n<\/tbody>\n<\/table>\n<ol>\n<li><strong>Oddzia\u0142y przedszkolne w Zelewie <\/strong><strong>\/ 16:00 \u2013 16:30<\/strong><\/li>\n<\/ol>\n<table>\n<tbody>\n<tr>\n<td width=\"113\"><strong>Oddzia\u0142<\/strong><\/td>\n<td width=\"321\"><strong>Wychowawca<\/strong><\/td>\n<td width=\"159\"><strong>Sala<\/strong><\/td>\n<\/tr>\n<tr>\n<td width=\"113\"><strong>3 \u2013 4 latki Z<\/strong><\/td>\n<td width=\"321\">p. Joanna Cholcha<\/td>\n<td width=\"159\">Zelewo<\/td>\n<\/tr>\n<tr>\n<td width=\"113\"><strong>4 \u2013 5 latki Z<\/strong><\/td>\n<td width=\"321\">p. Magdalena Potrykus<\/td>\n<td width=\"159\">Zelewo<\/td>\n<\/tr>\n<\/tbody>\n<\/table>\n<p>&nbsp;<\/p>\n<p>&nbsp;<\/p>\n<p><strong>Specjali\u015bci:<\/strong><\/p>\n<ul>\n<li>pedagodzy \u2013 sala 223,<\/li>\n<li>psycholog \u2013 sala 211,<\/li>\n<li>logopedzi \u2013 sala 214.<\/li>\n<\/ul>\n<p>Pozostali nauczyciele \u2013 pok\u00f3j nauczycielski &#8211; sala 113<\/p>\n<p>&nbsp;<\/p>\n<p>&nbsp;<\/p>\n","protected":false},"excerpt":{"rendered":"<p>Serdecznie zapraszamy na zebrania z Rodzicami dn.22 kwietnia 2026 r. wed\u0142ug nast\u0119puj\u0105cego harmonogramu: Klasy 1-4 \/ 16:15 \u2013 16:55 Oddzia\u0142 &hellip; <\/p>\n","protected":false},"author":1,"featured_media":0,"comment_status":"closed","ping_status":"open","sticky":false,"template":"","format":"standard","meta":{"footnotes":""},"categories":[1],"tags":[],"class_list":["post-9721","post","type-post","status-publish","format-standard","hentry","category-uncategorized"],"yoast_head":"<!-- This site is optimized with the Yoast SEO plugin v27.5 - https:\/\/yoast.com\/product\/yoast-seo-wordpress\/ -->\n<title>Konsultacje z Rodzicami - Szko\u0142a Podstawowa im. Jana Paw\u0142a II w K\u0119b\u0142owie<\/title>\n<meta name=\"robots\" content=\"index, follow, max-snippet:-1, max-image-preview:large, max-video-preview:-1\" \/>\n<link rel=\"canonical\" href=\"https:\/\/spkeblowo.pl\/?p=9721\" \/>\n<meta property=\"og:locale\" content=\"pl_PL\" \/>\n<meta property=\"og:type\" content=\"article\" \/>\n<meta property=\"og:title\" content=\"Konsultacje z Rodzicami - Szko\u0142a Podstawowa im. Jana Paw\u0142a II w K\u0119b\u0142owie\" \/>\n<meta property=\"og:description\" content=\"Serdecznie zapraszamy na zebrania z Rodzicami dn.22 kwietnia 2026 r. wed\u0142ug nast\u0119puj\u0105cego harmonogramu: Klasy 1-4 \/ 16:15 \u2013 16:55 Oddzia\u0142 &hellip;\" \/>\n<meta property=\"og:url\" content=\"https:\/\/spkeblowo.pl\/?p=9721\" \/>\n<meta property=\"og:site_name\" content=\"Szko\u0142a Podstawowa im. Jana Paw\u0142a II w K\u0119b\u0142owie\" \/>\n<meta property=\"article:published_time\" content=\"2026-04-20T07:53:12+00:00\" \/>\n<meta property=\"article:modified_time\" content=\"2026-04-29T09:28:24+00:00\" \/>\n<meta name=\"author\" content=\"admin\" \/>\n<meta name=\"twitter:card\" content=\"summary_large_image\" \/>\n<meta name=\"twitter:label1\" content=\"Napisane przez\" \/>\n\t<meta name=\"twitter:data1\" content=\"admin\" \/>\n\t<meta name=\"twitter:label2\" content=\"Szacowany czas czytania\" \/>\n\t<meta name=\"twitter:data2\" content=\"2 minuty\" \/>\n<script type=\"application\/ld+json\" class=\"yoast-schema-graph\">{\"@context\":\"https:\\\/\\\/schema.org\",\"@graph\":[{\"@type\":\"Article\",\"@id\":\"https:\\\/\\\/spkeblowo.pl\\\/?p=9721#article\",\"isPartOf\":{\"@id\":\"https:\\\/\\\/spkeblowo.pl\\\/?p=9721\"},\"author\":{\"name\":\"admin\",\"@id\":\"https:\\\/\\\/spkeblowo.pl\\\/#\\\/schema\\\/person\\\/91f40d6dcc01a89bccab6d147a30874f\"},\"headline\":\"Konsultacje z Rodzicami\",\"datePublished\":\"2026-04-20T07:53:12+00:00\",\"dateModified\":\"2026-04-29T09:28:24+00:00\",\"mainEntityOfPage\":{\"@id\":\"https:\\\/\\\/spkeblowo.pl\\\/?p=9721\"},\"wordCount\":243,\"publisher\":{\"@id\":\"https:\\\/\\\/spkeblowo.pl\\\/#organization\"},\"articleSection\":[\"Uncategorized\"],\"inLanguage\":\"pl-PL\"},{\"@type\":\"WebPage\",\"@id\":\"https:\\\/\\\/spkeblowo.pl\\\/?p=9721\",\"url\":\"https:\\\/\\\/spkeblowo.pl\\\/?p=9721\",\"name\":\"Konsultacje z Rodzicami - Szko\u0142a Podstawowa im. Jana Paw\u0142a II w K\u0119b\u0142owie\",\"isPartOf\":{\"@id\":\"https:\\\/\\\/spkeblowo.pl\\\/#website\"},\"datePublished\":\"2026-04-20T07:53:12+00:00\",\"dateModified\":\"2026-04-29T09:28:24+00:00\",\"breadcrumb\":{\"@id\":\"https:\\\/\\\/spkeblowo.pl\\\/?p=9721#breadcrumb\"},\"inLanguage\":\"pl-PL\",\"potentialAction\":[{\"@type\":\"ReadAction\",\"target\":[\"https:\\\/\\\/spkeblowo.pl\\\/?p=9721\"]}]},{\"@type\":\"BreadcrumbList\",\"@id\":\"https:\\\/\\\/spkeblowo.pl\\\/?p=9721#breadcrumb\",\"itemListElement\":[{\"@type\":\"ListItem\",\"position\":1,\"name\":\"Strona g\u0142\u00f3wna\",\"item\":\"https:\\\/\\\/spkeblowo.pl\\\/\"},{\"@type\":\"ListItem\",\"position\":2,\"name\":\"Konsultacje z Rodzicami\"}]},{\"@type\":\"WebSite\",\"@id\":\"https:\\\/\\\/spkeblowo.pl\\\/#website\",\"url\":\"https:\\\/\\\/spkeblowo.pl\\\/\",\"name\":\"Szko\u0142a Podstawowa im. Jana Paw\u0142a II w K\u0119b\u0142owie\",\"description\":\"\",\"publisher\":{\"@id\":\"https:\\\/\\\/spkeblowo.pl\\\/#organization\"},\"potentialAction\":[{\"@type\":\"SearchAction\",\"target\":{\"@type\":\"EntryPoint\",\"urlTemplate\":\"https:\\\/\\\/spkeblowo.pl\\\/?s={search_term_string}\"},\"query-input\":{\"@type\":\"PropertyValueSpecification\",\"valueRequired\":true,\"valueName\":\"search_term_string\"}}],\"inLanguage\":\"pl-PL\"},{\"@type\":\"Organization\",\"@id\":\"https:\\\/\\\/spkeblowo.pl\\\/#organization\",\"name\":\"Szko\u0142a Podstawowa im. Jana Paw\u0142a II w K\u0119b\u0142owie\",\"url\":\"https:\\\/\\\/spkeblowo.pl\\\/\",\"logo\":{\"@type\":\"ImageObject\",\"inLanguage\":\"pl-PL\",\"@id\":\"https:\\\/\\\/spkeblowo.pl\\\/#\\\/schema\\\/logo\\\/image\\\/\",\"url\":\"https:\\\/\\\/spkeblowo.pl\\\/wp-content\\\/uploads\\\/2020\\\/03\\\/2-2.png\",\"contentUrl\":\"https:\\\/\\\/spkeblowo.pl\\\/wp-content\\\/uploads\\\/2020\\\/03\\\/2-2.png\",\"width\":1400,\"height\":350,\"caption\":\"Szko\u0142a Podstawowa im. Jana Paw\u0142a II w K\u0119b\u0142owie\"},\"image\":{\"@id\":\"https:\\\/\\\/spkeblowo.pl\\\/#\\\/schema\\\/logo\\\/image\\\/\"}},{\"@type\":\"Person\",\"@id\":\"https:\\\/\\\/spkeblowo.pl\\\/#\\\/schema\\\/person\\\/91f40d6dcc01a89bccab6d147a30874f\",\"name\":\"admin\",\"image\":{\"@type\":\"ImageObject\",\"inLanguage\":\"pl-PL\",\"@id\":\"https:\\\/\\\/secure.gravatar.com\\\/avatar\\\/a8792c5ea44a0bd480cdae637f0e5e453347ff27968eb8552bf193361ffde3ec?s=96&d=mm&r=g\",\"url\":\"https:\\\/\\\/secure.gravatar.com\\\/avatar\\\/a8792c5ea44a0bd480cdae637f0e5e453347ff27968eb8552bf193361ffde3ec?s=96&d=mm&r=g\",\"contentUrl\":\"https:\\\/\\\/secure.gravatar.com\\\/avatar\\\/a8792c5ea44a0bd480cdae637f0e5e453347ff27968eb8552bf193361ffde3ec?s=96&d=mm&r=g\",\"caption\":\"admin\"},\"url\":\"https:\\\/\\\/spkeblowo.pl\\\/?author=1\"}]}<\/script>\n<!-- \/ Yoast SEO plugin. -->","yoast_head_json":{"title":"Konsultacje z Rodzicami - Szko\u0142a Podstawowa im. Jana Paw\u0142a II w K\u0119b\u0142owie","robots":{"index":"index","follow":"follow","max-snippet":"max-snippet:-1","max-image-preview":"max-image-preview:large","max-video-preview":"max-video-preview:-1"},"canonical":"https:\/\/spkeblowo.pl\/?p=9721","og_locale":"pl_PL","og_type":"article","og_title":"Konsultacje z Rodzicami - Szko\u0142a Podstawowa im. Jana Paw\u0142a II w K\u0119b\u0142owie","og_description":"Serdecznie zapraszamy na zebrania z Rodzicami dn.22 kwietnia 2026 r. wed\u0142ug nast\u0119puj\u0105cego harmonogramu: Klasy 1-4 \/ 16:15 \u2013 16:55 Oddzia\u0142 &hellip;","og_url":"https:\/\/spkeblowo.pl\/?p=9721","og_site_name":"Szko\u0142a Podstawowa im. Jana Paw\u0142a II w K\u0119b\u0142owie","article_published_time":"2026-04-20T07:53:12+00:00","article_modified_time":"2026-04-29T09:28:24+00:00","author":"admin","twitter_card":"summary_large_image","twitter_misc":{"Napisane przez":"admin","Szacowany czas czytania":"2 minuty"},"schema":{"@context":"https:\/\/schema.org","@graph":[{"@type":"Article","@id":"https:\/\/spkeblowo.pl\/?p=9721#article","isPartOf":{"@id":"https:\/\/spkeblowo.pl\/?p=9721"},"author":{"name":"admin","@id":"https:\/\/spkeblowo.pl\/#\/schema\/person\/91f40d6dcc01a89bccab6d147a30874f"},"headline":"Konsultacje z Rodzicami","datePublished":"2026-04-20T07:53:12+00:00","dateModified":"2026-04-29T09:28:24+00:00","mainEntityOfPage":{"@id":"https:\/\/spkeblowo.pl\/?p=9721"},"wordCount":243,"publisher":{"@id":"https:\/\/spkeblowo.pl\/#organization"},"articleSection":["Uncategorized"],"inLanguage":"pl-PL"},{"@type":"WebPage","@id":"https:\/\/spkeblowo.pl\/?p=9721","url":"https:\/\/spkeblowo.pl\/?p=9721","name":"Konsultacje z Rodzicami - Szko\u0142a Podstawowa im. Jana Paw\u0142a II w K\u0119b\u0142owie","isPartOf":{"@id":"https:\/\/spkeblowo.pl\/#website"},"datePublished":"2026-04-20T07:53:12+00:00","dateModified":"2026-04-29T09:28:24+00:00","breadcrumb":{"@id":"https:\/\/spkeblowo.pl\/?p=9721#breadcrumb"},"inLanguage":"pl-PL","potentialAction":[{"@type":"ReadAction","target":["https:\/\/spkeblowo.pl\/?p=9721"]}]},{"@type":"BreadcrumbList","@id":"https:\/\/spkeblowo.pl\/?p=9721#breadcrumb","itemListElement":[{"@type":"ListItem","position":1,"name":"Strona g\u0142\u00f3wna","item":"https:\/\/spkeblowo.pl\/"},{"@type":"ListItem","position":2,"name":"Konsultacje z Rodzicami"}]},{"@type":"WebSite","@id":"https:\/\/spkeblowo.pl\/#website","url":"https:\/\/spkeblowo.pl\/","name":"Szko\u0142a Podstawowa im. Jana Paw\u0142a II w K\u0119b\u0142owie","description":"","publisher":{"@id":"https:\/\/spkeblowo.pl\/#organization"},"potentialAction":[{"@type":"SearchAction","target":{"@type":"EntryPoint","urlTemplate":"https:\/\/spkeblowo.pl\/?s={search_term_string}"},"query-input":{"@type":"PropertyValueSpecification","valueRequired":true,"valueName":"search_term_string"}}],"inLanguage":"pl-PL"},{"@type":"Organization","@id":"https:\/\/spkeblowo.pl\/#organization","name":"Szko\u0142a Podstawowa im. Jana Paw\u0142a II w K\u0119b\u0142owie","url":"https:\/\/spkeblowo.pl\/","logo":{"@type":"ImageObject","inLanguage":"pl-PL","@id":"https:\/\/spkeblowo.pl\/#\/schema\/logo\/image\/","url":"https:\/\/spkeblowo.pl\/wp-content\/uploads\/2020\/03\/2-2.png","contentUrl":"https:\/\/spkeblowo.pl\/wp-content\/uploads\/2020\/03\/2-2.png","width":1400,"height":350,"caption":"Szko\u0142a Podstawowa im. Jana Paw\u0142a II w K\u0119b\u0142owie"},"image":{"@id":"https:\/\/spkeblowo.pl\/#\/schema\/logo\/image\/"}},{"@type":"Person","@id":"https:\/\/spkeblowo.pl\/#\/schema\/person\/91f40d6dcc01a89bccab6d147a30874f","name":"admin","image":{"@type":"ImageObject","inLanguage":"pl-PL","@id":"https:\/\/secure.gravatar.com\/avatar\/a8792c5ea44a0bd480cdae637f0e5e453347ff27968eb8552bf193361ffde3ec?s=96&d=mm&r=g","url":"https:\/\/secure.gravatar.com\/avatar\/a8792c5ea44a0bd480cdae637f0e5e453347ff27968eb8552bf193361ffde3ec?s=96&d=mm&r=g","contentUrl":"https:\/\/secure.gravatar.com\/avatar\/a8792c5ea44a0bd480cdae637f0e5e453347ff27968eb8552bf193361ffde3ec?s=96&d=mm&r=g","caption":"admin"},"url":"https:\/\/spkeblowo.pl\/?author=1"}]}},"_links":{"self":[{"href":"https:\/\/spkeblowo.pl\/index.php?rest_route=\/wp\/v2\/posts\/9721","targetHints":{"allow":["GET"]}}],"collection":[{"href":"https:\/\/spkeblowo.pl\/index.php?rest_route=\/wp\/v2\/posts"}],"about":[{"href":"https:\/\/spkeblowo.pl\/index.php?rest_route=\/wp\/v2\/types\/post"}],"author":[{"embeddable":true,"href":"https:\/\/spkeblowo.pl\/index.php?rest_route=\/wp\/v2\/users\/1"}],"replies":[{"embeddable":true,"href":"https:\/\/spkeblowo.pl\/index.php?rest_route=%2Fwp%2Fv2%2Fcomments&post=9721"}],"version-history":[{"count":3,"href":"https:\/\/spkeblowo.pl\/index.php?rest_route=\/wp\/v2\/posts\/9721\/revisions"}],"predecessor-version":[{"id":9772,"href":"https:\/\/spkeblowo.pl\/index.php?rest_route=\/wp\/v2\/posts\/9721\/revisions\/9772"}],"wp:attachment":[{"href":"https:\/\/spkeblowo.pl\/index.php?rest_route=%2Fwp%2Fv2%2Fmedia&parent=9721"}],"wp:term":[{"taxonomy":"category","embeddable":true,"href":"https:\/\/spkeblowo.pl\/index.php?rest_route=%2Fwp%2Fv2%2Fcategories&post=9721"},{"taxonomy":"post_tag","embeddable":true,"href":"https:\/\/spkeblowo.pl\/index.php?rest_route=%2Fwp%2Fv2%2Ftags&post=9721"}],"curies":[{"name":"wp","href":"https:\/\/api.w.org\/{rel}","templated":true}]}}