{"id":9530,"date":"2025-12-04T17:25:17","date_gmt":"2025-12-04T15:25:17","guid":{"rendered":"http:\/\/spkeblowo.strefa.pl\/wordpress\/?p=9530"},"modified":"2025-12-04T17:25:17","modified_gmt":"2025-12-04T15:25:17","slug":"indywidualne-konta-rozwojowe-ikr-junior-dla-dzieci-i-mlodziezy","status":"publish","type":"post","link":"https:\/\/spkeblowo.pl\/?p=9530","title":{"rendered":"Indywidualne Konta Rozwojowe (IKR) Junior dla dzieci i m\u0142odzie\u017cy"},"content":{"rendered":"<h1><span style=\"font-size: 18pt;\">Trwa og\u00f3lnopolski nab\u00f3r do projektu <strong>Indywidualne Konta Rozwojowe (IKR) Junior<\/strong>. To szansa na trzyletnie stypendium do 5 000 z\u0142 rocznie na dodatkowe zaj\u0119cia edukacyjne dla dzieci i m\u0142odzie\u017cy.<\/span><\/h1>\n<h2>Jak d\u0142ugo trwa nab\u00f3r?<\/h2>\n<p>Nab\u00f3r ruszy\u0142 14 listopada 2025 r. Rekrutacja zostanie zako\u0144czona z chwil\u0105 wp\u0142yni\u0119cia 4000\u00a0wniosk\u00f3w\u00a0w systemie IKR Junior. Decyduje kolejno\u015b\u0107 zg\u0142osze\u0144.<\/p>\n<h2>Kto mo\u017ce dosta\u0107 stypendium?<\/h2>\n<p>Stypendium jest dla uczni\u00f3w i uczennic, kt\u00f3rzy:<\/p>\n<ul>\n<li>chodz\u0105 do klas 4-8 szk\u00f3\u0142 podstawowych.<\/li>\n<li>chodz\u0105 do szk\u00f3\u0142 \u015brednich (np. liceum, technikum, szko\u0142a bran\u017cowa).<\/li>\n<\/ul>\n<h2>Kto mo\u017ce wzi\u0105\u0107 udzia\u0142?<\/h2>\n<p>Ucze\u0144 musi spe\u0142nia\u0107 przynajmniej <strong>jeden<\/strong> z tych warunk\u00f3w:<\/p>\n<ol>\n<li>Rodzina dostaje zasi\u0142ek rodzinny.<\/li>\n<li>Korzysta ze wsparcia &#8222;Posi\u0142ek w szkole i w domu&#8221;.<\/li>\n<li>Dziecko przebywa w pieczy zast\u0119pczej (np. rodzina zast\u0119pcza, dom dziecka).<\/li>\n<\/ol>\n<h2>Na co mo\u017cna przeznaczy\u0107 stypendium?<\/h2>\n<p>Mo\u017cesz przeznaczy\u0107 pieni\u0105dze na dowolne zaj\u0119cia, kt\u00f3re pomog\u0105 rozwija\u0107 talenty dziecka, na przyk\u0142ad:<\/p>\n<ul>\n<li>kursy j\u0119zykowe (np. angielski),<\/li>\n<li>zaj\u0119cia sportowe (np. pi\u0142ka no\u017cna, taniec),<\/li>\n<li>zaj\u0119cia artystyczne (np. malowanie, muzyka),<\/li>\n<li>wyjazdy zwi\u0105zane z nauk\u0105 lub sportem,<\/li>\n<li>zaj\u0119cia mog\u0105 by\u0107 w grupie lub indywidualne,<\/li>\n<li>zaj\u0119cia mog\u0105 by\u0107 na miejscu lub online.<\/li>\n<\/ul>\n<h2>Jak z\u0142o\u017cy\u0107 wniosek?<\/h2>\n<p>Mo\u017cesz to zrobi\u0107 na dwa sposoby:<\/p>\n<ul>\n<li>Samodzielnie \u2013 wniosek sk\u0142ada rodzic, opiekun lub pe\u0142noletni ucze\u0144.<\/li>\n<li>Przez szko\u0142\u0119 lub plac\u00f3wk\u0119 opieku\u0144cz\u0105 \u2013 wniosek sk\u0142ada dyrektor lub osoba upowa\u017cniona.<\/li>\n<\/ul>\n<h2>Gdzie z\u0142o\u017cy\u0107 wniosek?<\/h2>\n<p>Wniosek z\u0142o\u017cysz przez internet pod adresem:<\/p>\n<p><a href=\"https:\/\/forms.frse.org.pl\/\">https:\/\/forms.frse.org.pl\/<\/a><\/p>\n<h2>Czym jest IKR Junior?<\/h2>\n<p><strong>IKR Junior<\/strong> to projekt dla dzieci i m\u0142odzie\u017cy z rodzin o ni\u017cszych dochodach oraz tych, kt\u00f3re s\u0105 w pieczy zast\u0119pczej. Pomaga im rozwija\u0107 swoje talenty i zainteresowania przez dodatkow\u0105 nauk\u0119 poza szko\u0142\u0105.<\/p>\n<p>&nbsp;<\/p>\n<p>Wi\u0119cej informacji o projekcie na stronie: <a href=\"https:\/\/www.frse.org.pl\/fers-ikr\">https:\/\/www.frse.org.pl\/fers-ikr<\/a><\/p>\n<p>&nbsp;<\/p>\n<p>Program jest finansowany z Funduszy Europejskich w ramach programu <strong>Fundusze Europejskie dla Rozwoju Spo\u0142ecznego 2021\u20132027.<\/strong><\/p>\n<p>&nbsp;<\/p>\n<p><a href=\"https:\/\/spkeblowo.pl\/wp-content\/uploads\/2025\/12\/Projekt-PLAKATU-dla-szkol.pdf\">Plakat dla szk\u00f3\u0142<\/a><\/p>\n","protected":false},"excerpt":{"rendered":"<p>Trwa og\u00f3lnopolski nab\u00f3r do projektu Indywidualne Konta Rozwojowe (IKR) Junior. To szansa na trzyletnie stypendium do 5 000 z\u0142 rocznie &hellip; <\/p>\n","protected":false},"author":1,"featured_media":9531,"comment_status":"closed","ping_status":"open","sticky":false,"template":"","format":"standard","meta":{"footnotes":""},"categories":[1],"tags":[],"class_list":["post-9530","post","type-post","status-publish","format-standard","has-post-thumbnail","hentry","category-uncategorized"],"yoast_head":"<!-- This site is optimized with the Yoast SEO plugin v27.5 - https:\/\/yoast.com\/product\/yoast-seo-wordpress\/ -->\n<title>Indywidualne Konta Rozwojowe (IKR) Junior dla dzieci i m\u0142odzie\u017cy - Szko\u0142a Podstawowa im. Jana Paw\u0142a II w K\u0119b\u0142owie<\/title>\n<meta name=\"robots\" content=\"index, follow, max-snippet:-1, max-image-preview:large, max-video-preview:-1\" \/>\n<link rel=\"canonical\" href=\"https:\/\/spkeblowo.pl\/?p=9530\" \/>\n<meta property=\"og:locale\" content=\"pl_PL\" \/>\n<meta property=\"og:type\" content=\"article\" \/>\n<meta property=\"og:title\" content=\"Indywidualne Konta Rozwojowe (IKR) Junior dla dzieci i m\u0142odzie\u017cy - Szko\u0142a Podstawowa im. Jana Paw\u0142a II w K\u0119b\u0142owie\" \/>\n<meta property=\"og:description\" content=\"Trwa og\u00f3lnopolski nab\u00f3r do projektu Indywidualne Konta Rozwojowe (IKR) Junior. To szansa na trzyletnie stypendium do 5 000 z\u0142 rocznie &hellip;\" \/>\n<meta property=\"og:url\" content=\"https:\/\/spkeblowo.pl\/?p=9530\" \/>\n<meta property=\"og:site_name\" content=\"Szko\u0142a Podstawowa im. Jana Paw\u0142a II w K\u0119b\u0142owie\" \/>\n<meta property=\"article:published_time\" content=\"2025-12-04T15:25:17+00:00\" \/>\n<meta name=\"author\" content=\"admin\" \/>\n<meta name=\"twitter:card\" content=\"summary_large_image\" \/>\n<meta name=\"twitter:label1\" content=\"Napisane przez\" \/>\n\t<meta name=\"twitter:data1\" content=\"admin\" \/>\n\t<meta name=\"twitter:label2\" content=\"Szacowany czas czytania\" \/>\n\t<meta name=\"twitter:data2\" content=\"2 minuty\" \/>\n<script type=\"application\/ld+json\" class=\"yoast-schema-graph\">{\"@context\":\"https:\\\/\\\/schema.org\",\"@graph\":[{\"@type\":\"Article\",\"@id\":\"https:\\\/\\\/spkeblowo.pl\\\/?p=9530#article\",\"isPartOf\":{\"@id\":\"https:\\\/\\\/spkeblowo.pl\\\/?p=9530\"},\"author\":{\"name\":\"admin\",\"@id\":\"https:\\\/\\\/spkeblowo.pl\\\/#\\\/schema\\\/person\\\/91f40d6dcc01a89bccab6d147a30874f\"},\"headline\":\"Indywidualne Konta Rozwojowe (IKR) Junior dla dzieci i m\u0142odzie\u017cy\",\"datePublished\":\"2025-12-04T15:25:17+00:00\",\"mainEntityOfPage\":{\"@id\":\"https:\\\/\\\/spkeblowo.pl\\\/?p=9530\"},\"wordCount\":342,\"publisher\":{\"@id\":\"https:\\\/\\\/spkeblowo.pl\\\/#organization\"},\"image\":{\"@id\":\"https:\\\/\\\/spkeblowo.pl\\\/?p=9530#primaryimage\"},\"thumbnailUrl\":\"https:\\\/\\\/spkeblowo.pl\\\/wp-content\\\/uploads\\\/2025\\\/12\\\/Projekt-PLAKATU-dla-szkol-pdf.jpg\",\"articleSection\":[\"Uncategorized\"],\"inLanguage\":\"pl-PL\"},{\"@type\":\"WebPage\",\"@id\":\"https:\\\/\\\/spkeblowo.pl\\\/?p=9530\",\"url\":\"https:\\\/\\\/spkeblowo.pl\\\/?p=9530\",\"name\":\"Indywidualne Konta Rozwojowe (IKR) Junior dla dzieci i m\u0142odzie\u017cy - Szko\u0142a Podstawowa im. Jana Paw\u0142a II w K\u0119b\u0142owie\",\"isPartOf\":{\"@id\":\"https:\\\/\\\/spkeblowo.pl\\\/#website\"},\"primaryImageOfPage\":{\"@id\":\"https:\\\/\\\/spkeblowo.pl\\\/?p=9530#primaryimage\"},\"image\":{\"@id\":\"https:\\\/\\\/spkeblowo.pl\\\/?p=9530#primaryimage\"},\"thumbnailUrl\":\"https:\\\/\\\/spkeblowo.pl\\\/wp-content\\\/uploads\\\/2025\\\/12\\\/Projekt-PLAKATU-dla-szkol-pdf.jpg\",\"datePublished\":\"2025-12-04T15:25:17+00:00\",\"breadcrumb\":{\"@id\":\"https:\\\/\\\/spkeblowo.pl\\\/?p=9530#breadcrumb\"},\"inLanguage\":\"pl-PL\",\"potentialAction\":[{\"@type\":\"ReadAction\",\"target\":[\"https:\\\/\\\/spkeblowo.pl\\\/?p=9530\"]}]},{\"@type\":\"ImageObject\",\"inLanguage\":\"pl-PL\",\"@id\":\"https:\\\/\\\/spkeblowo.pl\\\/?p=9530#primaryimage\",\"url\":\"https:\\\/\\\/spkeblowo.pl\\\/wp-content\\\/uploads\\\/2025\\\/12\\\/Projekt-PLAKATU-dla-szkol-pdf.jpg\",\"contentUrl\":\"https:\\\/\\\/spkeblowo.pl\\\/wp-content\\\/uploads\\\/2025\\\/12\\\/Projekt-PLAKATU-dla-szkol-pdf.jpg\"},{\"@type\":\"BreadcrumbList\",\"@id\":\"https:\\\/\\\/spkeblowo.pl\\\/?p=9530#breadcrumb\",\"itemListElement\":[{\"@type\":\"ListItem\",\"position\":1,\"name\":\"Strona g\u0142\u00f3wna\",\"item\":\"https:\\\/\\\/spkeblowo.pl\\\/\"},{\"@type\":\"ListItem\",\"position\":2,\"name\":\"Indywidualne Konta Rozwojowe (IKR) Junior dla dzieci i m\u0142odzie\u017cy\"}]},{\"@type\":\"WebSite\",\"@id\":\"https:\\\/\\\/spkeblowo.pl\\\/#website\",\"url\":\"https:\\\/\\\/spkeblowo.pl\\\/\",\"name\":\"Szko\u0142a Podstawowa im. Jana Paw\u0142a II w K\u0119b\u0142owie\",\"description\":\"\",\"publisher\":{\"@id\":\"https:\\\/\\\/spkeblowo.pl\\\/#organization\"},\"potentialAction\":[{\"@type\":\"SearchAction\",\"target\":{\"@type\":\"EntryPoint\",\"urlTemplate\":\"https:\\\/\\\/spkeblowo.pl\\\/?s={search_term_string}\"},\"query-input\":{\"@type\":\"PropertyValueSpecification\",\"valueRequired\":true,\"valueName\":\"search_term_string\"}}],\"inLanguage\":\"pl-PL\"},{\"@type\":\"Organization\",\"@id\":\"https:\\\/\\\/spkeblowo.pl\\\/#organization\",\"name\":\"Szko\u0142a Podstawowa im. Jana Paw\u0142a II w K\u0119b\u0142owie\",\"url\":\"https:\\\/\\\/spkeblowo.pl\\\/\",\"logo\":{\"@type\":\"ImageObject\",\"inLanguage\":\"pl-PL\",\"@id\":\"https:\\\/\\\/spkeblowo.pl\\\/#\\\/schema\\\/logo\\\/image\\\/\",\"url\":\"https:\\\/\\\/spkeblowo.pl\\\/wp-content\\\/uploads\\\/2020\\\/03\\\/2-2.png\",\"contentUrl\":\"https:\\\/\\\/spkeblowo.pl\\\/wp-content\\\/uploads\\\/2020\\\/03\\\/2-2.png\",\"width\":1400,\"height\":350,\"caption\":\"Szko\u0142a Podstawowa im. Jana Paw\u0142a II w K\u0119b\u0142owie\"},\"image\":{\"@id\":\"https:\\\/\\\/spkeblowo.pl\\\/#\\\/schema\\\/logo\\\/image\\\/\"}},{\"@type\":\"Person\",\"@id\":\"https:\\\/\\\/spkeblowo.pl\\\/#\\\/schema\\\/person\\\/91f40d6dcc01a89bccab6d147a30874f\",\"name\":\"admin\",\"image\":{\"@type\":\"ImageObject\",\"inLanguage\":\"pl-PL\",\"@id\":\"https:\\\/\\\/secure.gravatar.com\\\/avatar\\\/a8792c5ea44a0bd480cdae637f0e5e453347ff27968eb8552bf193361ffde3ec?s=96&d=mm&r=g\",\"url\":\"https:\\\/\\\/secure.gravatar.com\\\/avatar\\\/a8792c5ea44a0bd480cdae637f0e5e453347ff27968eb8552bf193361ffde3ec?s=96&d=mm&r=g\",\"contentUrl\":\"https:\\\/\\\/secure.gravatar.com\\\/avatar\\\/a8792c5ea44a0bd480cdae637f0e5e453347ff27968eb8552bf193361ffde3ec?s=96&d=mm&r=g\",\"caption\":\"admin\"},\"url\":\"https:\\\/\\\/spkeblowo.pl\\\/?author=1\"}]}<\/script>\n<!-- \/ Yoast SEO plugin. -->","yoast_head_json":{"title":"Indywidualne Konta Rozwojowe (IKR) Junior dla dzieci i m\u0142odzie\u017cy - Szko\u0142a Podstawowa im. Jana Paw\u0142a II w K\u0119b\u0142owie","robots":{"index":"index","follow":"follow","max-snippet":"max-snippet:-1","max-image-preview":"max-image-preview:large","max-video-preview":"max-video-preview:-1"},"canonical":"https:\/\/spkeblowo.pl\/?p=9530","og_locale":"pl_PL","og_type":"article","og_title":"Indywidualne Konta Rozwojowe (IKR) Junior dla dzieci i m\u0142odzie\u017cy - Szko\u0142a Podstawowa im. Jana Paw\u0142a II w K\u0119b\u0142owie","og_description":"Trwa og\u00f3lnopolski nab\u00f3r do projektu Indywidualne Konta Rozwojowe (IKR) Junior. To szansa na trzyletnie stypendium do 5 000 z\u0142 rocznie &hellip;","og_url":"https:\/\/spkeblowo.pl\/?p=9530","og_site_name":"Szko\u0142a Podstawowa im. Jana Paw\u0142a II w K\u0119b\u0142owie","article_published_time":"2025-12-04T15:25:17+00:00","author":"admin","twitter_card":"summary_large_image","twitter_misc":{"Napisane przez":"admin","Szacowany czas czytania":"2 minuty"},"schema":{"@context":"https:\/\/schema.org","@graph":[{"@type":"Article","@id":"https:\/\/spkeblowo.pl\/?p=9530#article","isPartOf":{"@id":"https:\/\/spkeblowo.pl\/?p=9530"},"author":{"name":"admin","@id":"https:\/\/spkeblowo.pl\/#\/schema\/person\/91f40d6dcc01a89bccab6d147a30874f"},"headline":"Indywidualne Konta Rozwojowe (IKR) Junior dla dzieci i m\u0142odzie\u017cy","datePublished":"2025-12-04T15:25:17+00:00","mainEntityOfPage":{"@id":"https:\/\/spkeblowo.pl\/?p=9530"},"wordCount":342,"publisher":{"@id":"https:\/\/spkeblowo.pl\/#organization"},"image":{"@id":"https:\/\/spkeblowo.pl\/?p=9530#primaryimage"},"thumbnailUrl":"https:\/\/spkeblowo.pl\/wp-content\/uploads\/2025\/12\/Projekt-PLAKATU-dla-szkol-pdf.jpg","articleSection":["Uncategorized"],"inLanguage":"pl-PL"},{"@type":"WebPage","@id":"https:\/\/spkeblowo.pl\/?p=9530","url":"https:\/\/spkeblowo.pl\/?p=9530","name":"Indywidualne Konta Rozwojowe (IKR) Junior dla dzieci i m\u0142odzie\u017cy - Szko\u0142a Podstawowa im. Jana Paw\u0142a II w K\u0119b\u0142owie","isPartOf":{"@id":"https:\/\/spkeblowo.pl\/#website"},"primaryImageOfPage":{"@id":"https:\/\/spkeblowo.pl\/?p=9530#primaryimage"},"image":{"@id":"https:\/\/spkeblowo.pl\/?p=9530#primaryimage"},"thumbnailUrl":"https:\/\/spkeblowo.pl\/wp-content\/uploads\/2025\/12\/Projekt-PLAKATU-dla-szkol-pdf.jpg","datePublished":"2025-12-04T15:25:17+00:00","breadcrumb":{"@id":"https:\/\/spkeblowo.pl\/?p=9530#breadcrumb"},"inLanguage":"pl-PL","potentialAction":[{"@type":"ReadAction","target":["https:\/\/spkeblowo.pl\/?p=9530"]}]},{"@type":"ImageObject","inLanguage":"pl-PL","@id":"https:\/\/spkeblowo.pl\/?p=9530#primaryimage","url":"https:\/\/spkeblowo.pl\/wp-content\/uploads\/2025\/12\/Projekt-PLAKATU-dla-szkol-pdf.jpg","contentUrl":"https:\/\/spkeblowo.pl\/wp-content\/uploads\/2025\/12\/Projekt-PLAKATU-dla-szkol-pdf.jpg"},{"@type":"BreadcrumbList","@id":"https:\/\/spkeblowo.pl\/?p=9530#breadcrumb","itemListElement":[{"@type":"ListItem","position":1,"name":"Strona g\u0142\u00f3wna","item":"https:\/\/spkeblowo.pl\/"},{"@type":"ListItem","position":2,"name":"Indywidualne Konta Rozwojowe (IKR) Junior dla dzieci i m\u0142odzie\u017cy"}]},{"@type":"WebSite","@id":"https:\/\/spkeblowo.pl\/#website","url":"https:\/\/spkeblowo.pl\/","name":"Szko\u0142a Podstawowa im. Jana Paw\u0142a II w K\u0119b\u0142owie","description":"","publisher":{"@id":"https:\/\/spkeblowo.pl\/#organization"},"potentialAction":[{"@type":"SearchAction","target":{"@type":"EntryPoint","urlTemplate":"https:\/\/spkeblowo.pl\/?s={search_term_string}"},"query-input":{"@type":"PropertyValueSpecification","valueRequired":true,"valueName":"search_term_string"}}],"inLanguage":"pl-PL"},{"@type":"Organization","@id":"https:\/\/spkeblowo.pl\/#organization","name":"Szko\u0142a Podstawowa im. Jana Paw\u0142a II w K\u0119b\u0142owie","url":"https:\/\/spkeblowo.pl\/","logo":{"@type":"ImageObject","inLanguage":"pl-PL","@id":"https:\/\/spkeblowo.pl\/#\/schema\/logo\/image\/","url":"https:\/\/spkeblowo.pl\/wp-content\/uploads\/2020\/03\/2-2.png","contentUrl":"https:\/\/spkeblowo.pl\/wp-content\/uploads\/2020\/03\/2-2.png","width":1400,"height":350,"caption":"Szko\u0142a Podstawowa im. Jana Paw\u0142a II w K\u0119b\u0142owie"},"image":{"@id":"https:\/\/spkeblowo.pl\/#\/schema\/logo\/image\/"}},{"@type":"Person","@id":"https:\/\/spkeblowo.pl\/#\/schema\/person\/91f40d6dcc01a89bccab6d147a30874f","name":"admin","image":{"@type":"ImageObject","inLanguage":"pl-PL","@id":"https:\/\/secure.gravatar.com\/avatar\/a8792c5ea44a0bd480cdae637f0e5e453347ff27968eb8552bf193361ffde3ec?s=96&d=mm&r=g","url":"https:\/\/secure.gravatar.com\/avatar\/a8792c5ea44a0bd480cdae637f0e5e453347ff27968eb8552bf193361ffde3ec?s=96&d=mm&r=g","contentUrl":"https:\/\/secure.gravatar.com\/avatar\/a8792c5ea44a0bd480cdae637f0e5e453347ff27968eb8552bf193361ffde3ec?s=96&d=mm&r=g","caption":"admin"},"url":"https:\/\/spkeblowo.pl\/?author=1"}]}},"_links":{"self":[{"href":"https:\/\/spkeblowo.pl\/index.php?rest_route=\/wp\/v2\/posts\/9530","targetHints":{"allow":["GET"]}}],"collection":[{"href":"https:\/\/spkeblowo.pl\/index.php?rest_route=\/wp\/v2\/posts"}],"about":[{"href":"https:\/\/spkeblowo.pl\/index.php?rest_route=\/wp\/v2\/types\/post"}],"author":[{"embeddable":true,"href":"https:\/\/spkeblowo.pl\/index.php?rest_route=\/wp\/v2\/users\/1"}],"replies":[{"embeddable":true,"href":"https:\/\/spkeblowo.pl\/index.php?rest_route=%2Fwp%2Fv2%2Fcomments&post=9530"}],"version-history":[{"count":2,"href":"https:\/\/spkeblowo.pl\/index.php?rest_route=\/wp\/v2\/posts\/9530\/revisions"}],"predecessor-version":[{"id":9533,"href":"https:\/\/spkeblowo.pl\/index.php?rest_route=\/wp\/v2\/posts\/9530\/revisions\/9533"}],"wp:featuredmedia":[{"embeddable":true,"href":"https:\/\/spkeblowo.pl\/index.php?rest_route=\/wp\/v2\/media\/9531"}],"wp:attachment":[{"href":"https:\/\/spkeblowo.pl\/index.php?rest_route=%2Fwp%2Fv2%2Fmedia&parent=9530"}],"wp:term":[{"taxonomy":"category","embeddable":true,"href":"https:\/\/spkeblowo.pl\/index.php?rest_route=%2Fwp%2Fv2%2Fcategories&post=9530"},{"taxonomy":"post_tag","embeddable":true,"href":"https:\/\/spkeblowo.pl\/index.php?rest_route=%2Fwp%2Fv2%2Ftags&post=9530"}],"curies":[{"name":"wp","href":"https:\/\/api.w.org\/{rel}","templated":true}]}}