{"id":9328,"date":"2025-09-17T13:49:43","date_gmt":"2025-09-17T11:49:43","guid":{"rendered":"http:\/\/spkeblowo.strefa.pl\/wordpress\/?p=9328"},"modified":"2025-09-17T14:01:32","modified_gmt":"2025-09-17T12:01:32","slug":"kolorowa-matematyka-z-korbo-w-klasie-3a","status":"publish","type":"post","link":"https:\/\/spkeblowo.pl\/?p=9328","title":{"rendered":"\u201eKolorowa Matematyka z Korbo\u201d w klasie 3A"},"content":{"rendered":"<p data-start=\"268\" data-end=\"368\"><strong data-start=\"268\" data-end=\"368\">Klasa 3A z SP im. Jana Paw\u0142a II w K\u0119b\u0142owie uczestniczy w projekcie \u201eKolorowa Matematyka z Korbo\u201d<\/strong><\/p>\n<p data-start=\"370\" data-end=\"699\">Uczniowie klasy 3A Szko\u0142y Podstawowej im. Jana Paw\u0142a II w K\u0119b\u0142owie bior\u0105 udzia\u0142 w og\u00f3lnopolskim programie edukacyjnym \u201eKolorowa Matematyka z Korbo\u201d. Program trwa od wrze\u015bnia 2025 r. do maja 2026 r. i jest adresowany do klas 1-3 szk\u00f3\u0142 podstawowych oraz przedszkoli.<\/p>\n<p data-start=\"701\" data-end=\"718\"><strong data-start=\"701\" data-end=\"718\">Cele programu<\/strong><\/p>\n<ul data-start=\"720\" data-end=\"1287\">\n<li data-start=\"720\" data-end=\"915\">\n<p data-start=\"722\" data-end=\"915\">Rozwijanie matematycznego my\u015blenia przez dzia\u0142anie \u2013 dzieci ucz\u0105 si\u0119 przez eksperyment, uk\u0142adanie, manipulowanie konkretnymi przedmiotami (np. klockami).<\/p>\n<\/li>\n<li data-start=\"916\" data-end=\"1093\">\n<p data-start=\"918\" data-end=\"1093\">Wprowadzanie zagadnie\u0144 matematycznych w spos\u00f3b naturalny, przez zabaw\u0119, do\u015bwiadczenie i aktywno\u015b\u0107, a nie tylko przez zapisy w zeszycie.<\/p>\n<\/li>\n<li data-start=\"1094\" data-end=\"1287\">\n<p data-start=\"1096\" data-end=\"1287\">Realizacja co najmniej siedmiu rozdzia\u0142\u00f3w tematycznych w ci\u0105gu roku szkolnego (np. \u201eOd cyfry do liczby\u201d, dzia\u0142ania na konkretach, stosunki przestrzenne).<\/p>\n<\/li>\n<\/ul>\n<p data-start=\"1289\" data-end=\"1327\"><strong data-start=\"1289\" data-end=\"1327\">Korzy\u015bci dla uczni\u00f3w i nauczycieli<\/strong><\/p>\n<ul data-start=\"1329\" data-end=\"1735\">\n<li data-start=\"1329\" data-end=\"1499\">\n<p data-start=\"1331\" data-end=\"1499\">Uczniowie klasy 3A maj\u0105 okazj\u0119 lepiej zrozumie\u0107 poj\u0119cia matematyczne, takie jak dodawanie, odejmowanie, klasyfikowanie, rytmy, przestrze\u0144, przez praktyczne dzia\u0142ania.<\/p>\n<\/li>\n<li data-start=\"1500\" data-end=\"1606\">\n<p data-start=\"1502\" data-end=\"1606\">Obni\u017cenie stresu i presji zwi\u0105zanej z ocenami \u2014 matematyka staje si\u0119 przyjemno\u015bci\u0105, a nie obowi\u0105zkiem.<\/p>\n<\/li>\n<li data-start=\"1607\" data-end=\"1735\">\n<p data-start=\"1609\" data-end=\"1735\">Nauczyciele zyskuj\u0105 gotowe scenariusze zaj\u0119\u0107, wsparcie metod\u0105 aktywizuj\u0105c\u0105 oraz mo\u017cliwo\u015b\u0107 rozwoju kompetencji dydaktycznych.<\/p>\n<\/li>\n<\/ul>\n<p data-start=\"1737\" data-end=\"1775\"><strong data-start=\"1737\" data-end=\"1775\">Jak wygl\u0105da realizacja w klasie 3A<\/strong><\/p>\n<p data-start=\"1777\" data-end=\"2202\">Uczniowie klasy 3A od 3 wrze\u015bnia 2025r. ucz\u0105 si\u0119 matematyki u\u017cywaj\u0105c klock\u00f3w KORBO. Klasa 3aA utrwala\u0142a dzi\u0119ki zabawie dziesi\u0105tkowy system pozycyjny. To doskona\u0142a forma nauki &#8211; ka\u017cdy ucze\u0144 wie ju\u017c jakie miejsce zajmuj\u0105 jedno\u015bci, dziesi\u0105tki i setki.<\/p>\n<p data-start=\"1777\" data-end=\"2202\">Informacje o projekcie: <a href=\"https:\/\/kolorowamatematykazkorbo.pl\/\">Kliknij TUTAJ<\/a><\/p>\n<p data-start=\"1777\" data-end=\"2202\">Galeria zdj\u0119\u0107:\u00a0<a href=\"https:\/\/photos.app.goo.gl\/uE6AG8fj9vmeoY3y7\">Kliknij TUTAJ<\/a><\/p>\n","protected":false},"excerpt":{"rendered":"<p>Klasa 3A z SP im. Jana Paw\u0142a II w K\u0119b\u0142owie uczestniczy w projekcie \u201eKolorowa Matematyka z Korbo\u201d Uczniowie klasy 3A &hellip; <\/p>\n","protected":false},"author":1,"featured_media":9329,"comment_status":"closed","ping_status":"open","sticky":false,"template":"","format":"standard","meta":{"footnotes":""},"categories":[1],"tags":[],"class_list":["post-9328","post","type-post","status-publish","format-standard","has-post-thumbnail","hentry","category-uncategorized"],"yoast_head":"<!-- This site is optimized with the Yoast SEO plugin v27.5 - https:\/\/yoast.com\/product\/yoast-seo-wordpress\/ -->\n<title>\u201eKolorowa Matematyka z Korbo\u201d w klasie 3A - Szko\u0142a Podstawowa im. Jana Paw\u0142a II w K\u0119b\u0142owie<\/title>\n<meta name=\"robots\" content=\"index, follow, max-snippet:-1, max-image-preview:large, max-video-preview:-1\" \/>\n<link rel=\"canonical\" href=\"https:\/\/spkeblowo.pl\/?p=9328\" \/>\n<meta property=\"og:locale\" content=\"pl_PL\" \/>\n<meta property=\"og:type\" content=\"article\" \/>\n<meta property=\"og:title\" content=\"\u201eKolorowa Matematyka z Korbo\u201d w klasie 3A - Szko\u0142a Podstawowa im. Jana Paw\u0142a II w K\u0119b\u0142owie\" \/>\n<meta property=\"og:description\" content=\"Klasa 3A z SP im. Jana Paw\u0142a II w K\u0119b\u0142owie uczestniczy w projekcie \u201eKolorowa Matematyka z Korbo\u201d Uczniowie klasy 3A &hellip;\" \/>\n<meta property=\"og:url\" content=\"https:\/\/spkeblowo.pl\/?p=9328\" \/>\n<meta property=\"og:site_name\" content=\"Szko\u0142a Podstawowa im. Jana Paw\u0142a II w K\u0119b\u0142owie\" \/>\n<meta property=\"article:published_time\" content=\"2025-09-17T11:49:43+00:00\" \/>\n<meta property=\"article:modified_time\" content=\"2025-09-17T12:01:32+00:00\" \/>\n<meta name=\"author\" content=\"admin\" \/>\n<meta name=\"twitter:card\" content=\"summary_large_image\" \/>\n<meta name=\"twitter:label1\" content=\"Napisane przez\" \/>\n\t<meta name=\"twitter:data1\" content=\"admin\" \/>\n\t<meta name=\"twitter:label2\" content=\"Szacowany czas czytania\" \/>\n\t<meta name=\"twitter:data2\" content=\"2 minuty\" \/>\n<script type=\"application\/ld+json\" class=\"yoast-schema-graph\">{\"@context\":\"https:\\\/\\\/schema.org\",\"@graph\":[{\"@type\":\"Article\",\"@id\":\"https:\\\/\\\/spkeblowo.pl\\\/?p=9328#article\",\"isPartOf\":{\"@id\":\"https:\\\/\\\/spkeblowo.pl\\\/?p=9328\"},\"author\":{\"name\":\"admin\",\"@id\":\"https:\\\/\\\/spkeblowo.pl\\\/#\\\/schema\\\/person\\\/91f40d6dcc01a89bccab6d147a30874f\"},\"headline\":\"\u201eKolorowa Matematyka z Korbo\u201d w klasie 3A\",\"datePublished\":\"2025-09-17T11:49:43+00:00\",\"dateModified\":\"2025-09-17T12:01:32+00:00\",\"mainEntityOfPage\":{\"@id\":\"https:\\\/\\\/spkeblowo.pl\\\/?p=9328\"},\"wordCount\":260,\"publisher\":{\"@id\":\"https:\\\/\\\/spkeblowo.pl\\\/#organization\"},\"image\":{\"@id\":\"https:\\\/\\\/spkeblowo.pl\\\/?p=9328#primaryimage\"},\"thumbnailUrl\":\"https:\\\/\\\/spkeblowo.pl\\\/wp-content\\\/uploads\\\/2025\\\/09\\\/Plakat-KORBO-pdf.jpg\",\"articleSection\":[\"Uncategorized\"],\"inLanguage\":\"pl-PL\"},{\"@type\":\"WebPage\",\"@id\":\"https:\\\/\\\/spkeblowo.pl\\\/?p=9328\",\"url\":\"https:\\\/\\\/spkeblowo.pl\\\/?p=9328\",\"name\":\"\u201eKolorowa Matematyka z Korbo\u201d w klasie 3A - Szko\u0142a Podstawowa im. Jana Paw\u0142a II w K\u0119b\u0142owie\",\"isPartOf\":{\"@id\":\"https:\\\/\\\/spkeblowo.pl\\\/#website\"},\"primaryImageOfPage\":{\"@id\":\"https:\\\/\\\/spkeblowo.pl\\\/?p=9328#primaryimage\"},\"image\":{\"@id\":\"https:\\\/\\\/spkeblowo.pl\\\/?p=9328#primaryimage\"},\"thumbnailUrl\":\"https:\\\/\\\/spkeblowo.pl\\\/wp-content\\\/uploads\\\/2025\\\/09\\\/Plakat-KORBO-pdf.jpg\",\"datePublished\":\"2025-09-17T11:49:43+00:00\",\"dateModified\":\"2025-09-17T12:01:32+00:00\",\"breadcrumb\":{\"@id\":\"https:\\\/\\\/spkeblowo.pl\\\/?p=9328#breadcrumb\"},\"inLanguage\":\"pl-PL\",\"potentialAction\":[{\"@type\":\"ReadAction\",\"target\":[\"https:\\\/\\\/spkeblowo.pl\\\/?p=9328\"]}]},{\"@type\":\"ImageObject\",\"inLanguage\":\"pl-PL\",\"@id\":\"https:\\\/\\\/spkeblowo.pl\\\/?p=9328#primaryimage\",\"url\":\"https:\\\/\\\/spkeblowo.pl\\\/wp-content\\\/uploads\\\/2025\\\/09\\\/Plakat-KORBO-pdf.jpg\",\"contentUrl\":\"https:\\\/\\\/spkeblowo.pl\\\/wp-content\\\/uploads\\\/2025\\\/09\\\/Plakat-KORBO-pdf.jpg\"},{\"@type\":\"BreadcrumbList\",\"@id\":\"https:\\\/\\\/spkeblowo.pl\\\/?p=9328#breadcrumb\",\"itemListElement\":[{\"@type\":\"ListItem\",\"position\":1,\"name\":\"Strona g\u0142\u00f3wna\",\"item\":\"https:\\\/\\\/spkeblowo.pl\\\/\"},{\"@type\":\"ListItem\",\"position\":2,\"name\":\"\u201eKolorowa Matematyka z&nbsp;Korbo\u201d w&nbsp;klasie 3A\"}]},{\"@type\":\"WebSite\",\"@id\":\"https:\\\/\\\/spkeblowo.pl\\\/#website\",\"url\":\"https:\\\/\\\/spkeblowo.pl\\\/\",\"name\":\"Szko\u0142a Podstawowa im. Jana Paw\u0142a II w K\u0119b\u0142owie\",\"description\":\"\",\"publisher\":{\"@id\":\"https:\\\/\\\/spkeblowo.pl\\\/#organization\"},\"potentialAction\":[{\"@type\":\"SearchAction\",\"target\":{\"@type\":\"EntryPoint\",\"urlTemplate\":\"https:\\\/\\\/spkeblowo.pl\\\/?s={search_term_string}\"},\"query-input\":{\"@type\":\"PropertyValueSpecification\",\"valueRequired\":true,\"valueName\":\"search_term_string\"}}],\"inLanguage\":\"pl-PL\"},{\"@type\":\"Organization\",\"@id\":\"https:\\\/\\\/spkeblowo.pl\\\/#organization\",\"name\":\"Szko\u0142a Podstawowa im. Jana Paw\u0142a II w K\u0119b\u0142owie\",\"url\":\"https:\\\/\\\/spkeblowo.pl\\\/\",\"logo\":{\"@type\":\"ImageObject\",\"inLanguage\":\"pl-PL\",\"@id\":\"https:\\\/\\\/spkeblowo.pl\\\/#\\\/schema\\\/logo\\\/image\\\/\",\"url\":\"https:\\\/\\\/spkeblowo.pl\\\/wp-content\\\/uploads\\\/2020\\\/03\\\/2-2.png\",\"contentUrl\":\"https:\\\/\\\/spkeblowo.pl\\\/wp-content\\\/uploads\\\/2020\\\/03\\\/2-2.png\",\"width\":1400,\"height\":350,\"caption\":\"Szko\u0142a Podstawowa im. Jana Paw\u0142a II w K\u0119b\u0142owie\"},\"image\":{\"@id\":\"https:\\\/\\\/spkeblowo.pl\\\/#\\\/schema\\\/logo\\\/image\\\/\"}},{\"@type\":\"Person\",\"@id\":\"https:\\\/\\\/spkeblowo.pl\\\/#\\\/schema\\\/person\\\/91f40d6dcc01a89bccab6d147a30874f\",\"name\":\"admin\",\"image\":{\"@type\":\"ImageObject\",\"inLanguage\":\"pl-PL\",\"@id\":\"https:\\\/\\\/secure.gravatar.com\\\/avatar\\\/a8792c5ea44a0bd480cdae637f0e5e453347ff27968eb8552bf193361ffde3ec?s=96&d=mm&r=g\",\"url\":\"https:\\\/\\\/secure.gravatar.com\\\/avatar\\\/a8792c5ea44a0bd480cdae637f0e5e453347ff27968eb8552bf193361ffde3ec?s=96&d=mm&r=g\",\"contentUrl\":\"https:\\\/\\\/secure.gravatar.com\\\/avatar\\\/a8792c5ea44a0bd480cdae637f0e5e453347ff27968eb8552bf193361ffde3ec?s=96&d=mm&r=g\",\"caption\":\"admin\"},\"url\":\"https:\\\/\\\/spkeblowo.pl\\\/?author=1\"}]}<\/script>\n<!-- \/ Yoast SEO plugin. -->","yoast_head_json":{"title":"\u201eKolorowa Matematyka z Korbo\u201d w klasie 3A - Szko\u0142a Podstawowa im. Jana Paw\u0142a II w K\u0119b\u0142owie","robots":{"index":"index","follow":"follow","max-snippet":"max-snippet:-1","max-image-preview":"max-image-preview:large","max-video-preview":"max-video-preview:-1"},"canonical":"https:\/\/spkeblowo.pl\/?p=9328","og_locale":"pl_PL","og_type":"article","og_title":"\u201eKolorowa Matematyka z Korbo\u201d w klasie 3A - Szko\u0142a Podstawowa im. Jana Paw\u0142a II w K\u0119b\u0142owie","og_description":"Klasa 3A z SP im. Jana Paw\u0142a II w K\u0119b\u0142owie uczestniczy w projekcie \u201eKolorowa Matematyka z Korbo\u201d Uczniowie klasy 3A &hellip;","og_url":"https:\/\/spkeblowo.pl\/?p=9328","og_site_name":"Szko\u0142a Podstawowa im. Jana Paw\u0142a II w K\u0119b\u0142owie","article_published_time":"2025-09-17T11:49:43+00:00","article_modified_time":"2025-09-17T12:01:32+00:00","author":"admin","twitter_card":"summary_large_image","twitter_misc":{"Napisane przez":"admin","Szacowany czas czytania":"2 minuty"},"schema":{"@context":"https:\/\/schema.org","@graph":[{"@type":"Article","@id":"https:\/\/spkeblowo.pl\/?p=9328#article","isPartOf":{"@id":"https:\/\/spkeblowo.pl\/?p=9328"},"author":{"name":"admin","@id":"https:\/\/spkeblowo.pl\/#\/schema\/person\/91f40d6dcc01a89bccab6d147a30874f"},"headline":"\u201eKolorowa Matematyka z Korbo\u201d w klasie 3A","datePublished":"2025-09-17T11:49:43+00:00","dateModified":"2025-09-17T12:01:32+00:00","mainEntityOfPage":{"@id":"https:\/\/spkeblowo.pl\/?p=9328"},"wordCount":260,"publisher":{"@id":"https:\/\/spkeblowo.pl\/#organization"},"image":{"@id":"https:\/\/spkeblowo.pl\/?p=9328#primaryimage"},"thumbnailUrl":"https:\/\/spkeblowo.pl\/wp-content\/uploads\/2025\/09\/Plakat-KORBO-pdf.jpg","articleSection":["Uncategorized"],"inLanguage":"pl-PL"},{"@type":"WebPage","@id":"https:\/\/spkeblowo.pl\/?p=9328","url":"https:\/\/spkeblowo.pl\/?p=9328","name":"\u201eKolorowa Matematyka z Korbo\u201d w klasie 3A - Szko\u0142a Podstawowa im. Jana Paw\u0142a II w K\u0119b\u0142owie","isPartOf":{"@id":"https:\/\/spkeblowo.pl\/#website"},"primaryImageOfPage":{"@id":"https:\/\/spkeblowo.pl\/?p=9328#primaryimage"},"image":{"@id":"https:\/\/spkeblowo.pl\/?p=9328#primaryimage"},"thumbnailUrl":"https:\/\/spkeblowo.pl\/wp-content\/uploads\/2025\/09\/Plakat-KORBO-pdf.jpg","datePublished":"2025-09-17T11:49:43+00:00","dateModified":"2025-09-17T12:01:32+00:00","breadcrumb":{"@id":"https:\/\/spkeblowo.pl\/?p=9328#breadcrumb"},"inLanguage":"pl-PL","potentialAction":[{"@type":"ReadAction","target":["https:\/\/spkeblowo.pl\/?p=9328"]}]},{"@type":"ImageObject","inLanguage":"pl-PL","@id":"https:\/\/spkeblowo.pl\/?p=9328#primaryimage","url":"https:\/\/spkeblowo.pl\/wp-content\/uploads\/2025\/09\/Plakat-KORBO-pdf.jpg","contentUrl":"https:\/\/spkeblowo.pl\/wp-content\/uploads\/2025\/09\/Plakat-KORBO-pdf.jpg"},{"@type":"BreadcrumbList","@id":"https:\/\/spkeblowo.pl\/?p=9328#breadcrumb","itemListElement":[{"@type":"ListItem","position":1,"name":"Strona g\u0142\u00f3wna","item":"https:\/\/spkeblowo.pl\/"},{"@type":"ListItem","position":2,"name":"\u201eKolorowa Matematyka z&nbsp;Korbo\u201d w&nbsp;klasie 3A"}]},{"@type":"WebSite","@id":"https:\/\/spkeblowo.pl\/#website","url":"https:\/\/spkeblowo.pl\/","name":"Szko\u0142a Podstawowa im. Jana Paw\u0142a II w K\u0119b\u0142owie","description":"","publisher":{"@id":"https:\/\/spkeblowo.pl\/#organization"},"potentialAction":[{"@type":"SearchAction","target":{"@type":"EntryPoint","urlTemplate":"https:\/\/spkeblowo.pl\/?s={search_term_string}"},"query-input":{"@type":"PropertyValueSpecification","valueRequired":true,"valueName":"search_term_string"}}],"inLanguage":"pl-PL"},{"@type":"Organization","@id":"https:\/\/spkeblowo.pl\/#organization","name":"Szko\u0142a Podstawowa im. Jana Paw\u0142a II w K\u0119b\u0142owie","url":"https:\/\/spkeblowo.pl\/","logo":{"@type":"ImageObject","inLanguage":"pl-PL","@id":"https:\/\/spkeblowo.pl\/#\/schema\/logo\/image\/","url":"https:\/\/spkeblowo.pl\/wp-content\/uploads\/2020\/03\/2-2.png","contentUrl":"https:\/\/spkeblowo.pl\/wp-content\/uploads\/2020\/03\/2-2.png","width":1400,"height":350,"caption":"Szko\u0142a Podstawowa im. Jana Paw\u0142a II w K\u0119b\u0142owie"},"image":{"@id":"https:\/\/spkeblowo.pl\/#\/schema\/logo\/image\/"}},{"@type":"Person","@id":"https:\/\/spkeblowo.pl\/#\/schema\/person\/91f40d6dcc01a89bccab6d147a30874f","name":"admin","image":{"@type":"ImageObject","inLanguage":"pl-PL","@id":"https:\/\/secure.gravatar.com\/avatar\/a8792c5ea44a0bd480cdae637f0e5e453347ff27968eb8552bf193361ffde3ec?s=96&d=mm&r=g","url":"https:\/\/secure.gravatar.com\/avatar\/a8792c5ea44a0bd480cdae637f0e5e453347ff27968eb8552bf193361ffde3ec?s=96&d=mm&r=g","contentUrl":"https:\/\/secure.gravatar.com\/avatar\/a8792c5ea44a0bd480cdae637f0e5e453347ff27968eb8552bf193361ffde3ec?s=96&d=mm&r=g","caption":"admin"},"url":"https:\/\/spkeblowo.pl\/?author=1"}]}},"_links":{"self":[{"href":"https:\/\/spkeblowo.pl\/index.php?rest_route=\/wp\/v2\/posts\/9328","targetHints":{"allow":["GET"]}}],"collection":[{"href":"https:\/\/spkeblowo.pl\/index.php?rest_route=\/wp\/v2\/posts"}],"about":[{"href":"https:\/\/spkeblowo.pl\/index.php?rest_route=\/wp\/v2\/types\/post"}],"author":[{"embeddable":true,"href":"https:\/\/spkeblowo.pl\/index.php?rest_route=\/wp\/v2\/users\/1"}],"replies":[{"embeddable":true,"href":"https:\/\/spkeblowo.pl\/index.php?rest_route=%2Fwp%2Fv2%2Fcomments&post=9328"}],"version-history":[{"count":3,"href":"https:\/\/spkeblowo.pl\/index.php?rest_route=\/wp\/v2\/posts\/9328\/revisions"}],"predecessor-version":[{"id":9332,"href":"https:\/\/spkeblowo.pl\/index.php?rest_route=\/wp\/v2\/posts\/9328\/revisions\/9332"}],"wp:featuredmedia":[{"embeddable":true,"href":"https:\/\/spkeblowo.pl\/index.php?rest_route=\/wp\/v2\/media\/9329"}],"wp:attachment":[{"href":"https:\/\/spkeblowo.pl\/index.php?rest_route=%2Fwp%2Fv2%2Fmedia&parent=9328"}],"wp:term":[{"taxonomy":"category","embeddable":true,"href":"https:\/\/spkeblowo.pl\/index.php?rest_route=%2Fwp%2Fv2%2Fcategories&post=9328"},{"taxonomy":"post_tag","embeddable":true,"href":"https:\/\/spkeblowo.pl\/index.php?rest_route=%2Fwp%2Fv2%2Ftags&post=9328"}],"curies":[{"name":"wp","href":"https:\/\/api.w.org\/{rel}","templated":true}]}}