{"id":9288,"date":"2025-09-03T09:05:14","date_gmt":"2025-09-03T07:05:14","guid":{"rendered":"http:\/\/spkeblowo.strefa.pl\/wordpress\/?p=9288"},"modified":"2025-09-03T09:23:47","modified_gmt":"2025-09-03T07:23:47","slug":"9288","status":"publish","type":"post","link":"https:\/\/spkeblowo.pl\/?p=9288","title":{"rendered":""},"content":{"rendered":"<p>Zbieraj Talenciaki w Lidlu i wspieraj nasz\u0105 szko\u0142\u0119! &#x1f392;&#x2728;<br \/>\nR\u00f3b codzienne zakupy i odbieraj wyj\u0105tkowe Talenciaki \u2013 specjalne punkty, kt\u00f3re mo\u017cesz przekaza\u0107 wybranej szkole. Dzi\u0119ki nim plac\u00f3wki edukacyjne zyskuj\u0105 szans\u0119 na zdobycie nowoczesnych pomocy dydaktycznych, sprz\u0119tu sportowego i materia\u0142\u00f3w wspieraj\u0105cych rozw\u00f3j dzieci.<\/p>\n<p>To proste:<br \/>\n1&#xfe0f;&#x20e3; Zr\u00f3b zakupy w Lidlu.<br \/>\n2&#xfe0f;&#x20e3; Odbierz Talenciaka przy kasie.<br \/>\n3&#xfe0f;&#x20e3; Przeka\u017c go szkole \u2013 tradycyjnie lub skanuj\u0105c kod online.<\/p>\n<p>Adres naszej szko\u0142y: <a class=\"x1fey0fg xmper1u x1edh9d7\" href=\"https:\/\/szkoly.lidl.pl\/Talenciaki\/daneSzkoly\/87040011491\">https:\/\/szkoly.lidl.pl\/Talenciaki\/daneSzkoly\/87040011491<\/a><\/p>\n<p>Talenciaki mo\u017cna tak\u017ce przekazywa\u0107 do skrzynek, kt\u00f3re znajduj\u0105 si\u0119 przy wej\u015bciu g\u0142\u00f3wnym do budynku, holu g\u00f3rnym i dolnym w szkole.<\/p>\n<p>Ka\u017cdy Talenciak to realna pomoc! Razem mo\u017cemy sprawi\u0107, \u017ce uczniowie b\u0119d\u0105 uczy\u0107 si\u0119 i rozwija\u0107 w jeszcze lepszych warunkach. &#x1f499;<\/p>\n<p>Kupuj. Zbieraj. Wspieraj.<\/p>\n","protected":false},"excerpt":{"rendered":"<p>Zbieraj Talenciaki w Lidlu i wspieraj nasz\u0105 szko\u0142\u0119! &#x1f392;&#x2728; R\u00f3b codzienne zakupy i odbieraj wyj\u0105tkowe Talenciaki \u2013 specjalne punkty, kt\u00f3re &hellip; <\/p>\n","protected":false},"author":1,"featured_media":9289,"comment_status":"closed","ping_status":"open","sticky":false,"template":"","format":"standard","meta":{"footnotes":""},"categories":[1],"tags":[],"class_list":["post-9288","post","type-post","status-publish","format-standard","has-post-thumbnail","hentry","category-uncategorized"],"yoast_head":"<!-- This site is optimized with the Yoast SEO plugin v27.5 - https:\/\/yoast.com\/product\/yoast-seo-wordpress\/ -->\n<title>- Szko\u0142a Podstawowa im. Jana Paw\u0142a II w K\u0119b\u0142owie<\/title>\n<meta name=\"robots\" content=\"index, follow, max-snippet:-1, max-image-preview:large, max-video-preview:-1\" \/>\n<link rel=\"canonical\" href=\"https:\/\/spkeblowo.pl\/?p=9288\" \/>\n<meta property=\"og:locale\" content=\"pl_PL\" \/>\n<meta property=\"og:type\" content=\"article\" \/>\n<meta property=\"og:title\" content=\"- Szko\u0142a Podstawowa im. Jana Paw\u0142a II w K\u0119b\u0142owie\" \/>\n<meta property=\"og:description\" content=\"Zbieraj Talenciaki w Lidlu i wspieraj nasz\u0105 szko\u0142\u0119! &#x1f392;&#x2728; R\u00f3b codzienne zakupy i odbieraj wyj\u0105tkowe Talenciaki \u2013 specjalne punkty, kt\u00f3re &hellip;\" \/>\n<meta property=\"og:url\" content=\"https:\/\/spkeblowo.pl\/?p=9288\" \/>\n<meta property=\"og:site_name\" content=\"Szko\u0142a Podstawowa im. Jana Paw\u0142a II w K\u0119b\u0142owie\" \/>\n<meta property=\"article:published_time\" content=\"2025-09-03T07:05:14+00:00\" \/>\n<meta property=\"article:modified_time\" content=\"2025-09-03T07:23:47+00:00\" \/>\n<meta property=\"og:image\" content=\"https:\/\/spkeblowo.pl\/wp-content\/uploads\/2025\/09\/Plakat-01.jpg\" \/>\n\t<meta property=\"og:image:width\" content=\"1240\" \/>\n\t<meta property=\"og:image:height\" content=\"1754\" \/>\n\t<meta property=\"og:image:type\" content=\"image\/jpeg\" \/>\n<meta name=\"author\" content=\"admin\" \/>\n<meta name=\"twitter:card\" content=\"summary_large_image\" \/>\n<meta name=\"twitter:label1\" content=\"Napisane przez\" \/>\n\t<meta name=\"twitter:data1\" content=\"admin\" \/>\n\t<meta name=\"twitter:label2\" content=\"Szacowany czas czytania\" \/>\n\t<meta name=\"twitter:data2\" content=\"1 minuta\" \/>\n<script type=\"application\/ld+json\" class=\"yoast-schema-graph\">{\"@context\":\"https:\\\/\\\/schema.org\",\"@graph\":[{\"@type\":\"Article\",\"@id\":\"https:\\\/\\\/spkeblowo.pl\\\/?p=9288#article\",\"isPartOf\":{\"@id\":\"https:\\\/\\\/spkeblowo.pl\\\/?p=9288\"},\"author\":{\"name\":\"admin\",\"@id\":\"https:\\\/\\\/spkeblowo.pl\\\/#\\\/schema\\\/person\\\/91f40d6dcc01a89bccab6d147a30874f\"},\"headline\":\"Brak tytu\u0142u\",\"datePublished\":\"2025-09-03T07:05:14+00:00\",\"dateModified\":\"2025-09-03T07:23:47+00:00\",\"mainEntityOfPage\":{\"@id\":\"https:\\\/\\\/spkeblowo.pl\\\/?p=9288\"},\"wordCount\":148,\"publisher\":{\"@id\":\"https:\\\/\\\/spkeblowo.pl\\\/#organization\"},\"image\":{\"@id\":\"https:\\\/\\\/spkeblowo.pl\\\/?p=9288#primaryimage\"},\"thumbnailUrl\":\"https:\\\/\\\/spkeblowo.pl\\\/wp-content\\\/uploads\\\/2025\\\/09\\\/Plakat-01.jpg\",\"articleSection\":[\"Uncategorized\"],\"inLanguage\":\"pl-PL\"},{\"@type\":\"WebPage\",\"@id\":\"https:\\\/\\\/spkeblowo.pl\\\/?p=9288\",\"url\":\"https:\\\/\\\/spkeblowo.pl\\\/?p=9288\",\"name\":\"- Szko\u0142a Podstawowa im. Jana Paw\u0142a II w K\u0119b\u0142owie\",\"isPartOf\":{\"@id\":\"https:\\\/\\\/spkeblowo.pl\\\/#website\"},\"primaryImageOfPage\":{\"@id\":\"https:\\\/\\\/spkeblowo.pl\\\/?p=9288#primaryimage\"},\"image\":{\"@id\":\"https:\\\/\\\/spkeblowo.pl\\\/?p=9288#primaryimage\"},\"thumbnailUrl\":\"https:\\\/\\\/spkeblowo.pl\\\/wp-content\\\/uploads\\\/2025\\\/09\\\/Plakat-01.jpg\",\"datePublished\":\"2025-09-03T07:05:14+00:00\",\"dateModified\":\"2025-09-03T07:23:47+00:00\",\"inLanguage\":\"pl-PL\",\"potentialAction\":[{\"@type\":\"ReadAction\",\"target\":[\"https:\\\/\\\/spkeblowo.pl\\\/?p=9288\"]}]},{\"@type\":\"ImageObject\",\"inLanguage\":\"pl-PL\",\"@id\":\"https:\\\/\\\/spkeblowo.pl\\\/?p=9288#primaryimage\",\"url\":\"https:\\\/\\\/spkeblowo.pl\\\/wp-content\\\/uploads\\\/2025\\\/09\\\/Plakat-01.jpg\",\"contentUrl\":\"https:\\\/\\\/spkeblowo.pl\\\/wp-content\\\/uploads\\\/2025\\\/09\\\/Plakat-01.jpg\",\"width\":1240,\"height\":1754},{\"@type\":\"WebSite\",\"@id\":\"https:\\\/\\\/spkeblowo.pl\\\/#website\",\"url\":\"https:\\\/\\\/spkeblowo.pl\\\/\",\"name\":\"Szko\u0142a Podstawowa im. Jana Paw\u0142a II w K\u0119b\u0142owie\",\"description\":\"\",\"publisher\":{\"@id\":\"https:\\\/\\\/spkeblowo.pl\\\/#organization\"},\"potentialAction\":[{\"@type\":\"SearchAction\",\"target\":{\"@type\":\"EntryPoint\",\"urlTemplate\":\"https:\\\/\\\/spkeblowo.pl\\\/?s={search_term_string}\"},\"query-input\":{\"@type\":\"PropertyValueSpecification\",\"valueRequired\":true,\"valueName\":\"search_term_string\"}}],\"inLanguage\":\"pl-PL\"},{\"@type\":\"Organization\",\"@id\":\"https:\\\/\\\/spkeblowo.pl\\\/#organization\",\"name\":\"Szko\u0142a Podstawowa im. Jana Paw\u0142a II w K\u0119b\u0142owie\",\"url\":\"https:\\\/\\\/spkeblowo.pl\\\/\",\"logo\":{\"@type\":\"ImageObject\",\"inLanguage\":\"pl-PL\",\"@id\":\"https:\\\/\\\/spkeblowo.pl\\\/#\\\/schema\\\/logo\\\/image\\\/\",\"url\":\"https:\\\/\\\/spkeblowo.pl\\\/wp-content\\\/uploads\\\/2020\\\/03\\\/2-2.png\",\"contentUrl\":\"https:\\\/\\\/spkeblowo.pl\\\/wp-content\\\/uploads\\\/2020\\\/03\\\/2-2.png\",\"width\":1400,\"height\":350,\"caption\":\"Szko\u0142a Podstawowa im. Jana Paw\u0142a II w K\u0119b\u0142owie\"},\"image\":{\"@id\":\"https:\\\/\\\/spkeblowo.pl\\\/#\\\/schema\\\/logo\\\/image\\\/\"}},{\"@type\":\"Person\",\"@id\":\"https:\\\/\\\/spkeblowo.pl\\\/#\\\/schema\\\/person\\\/91f40d6dcc01a89bccab6d147a30874f\",\"name\":\"admin\",\"image\":{\"@type\":\"ImageObject\",\"inLanguage\":\"pl-PL\",\"@id\":\"https:\\\/\\\/secure.gravatar.com\\\/avatar\\\/a8792c5ea44a0bd480cdae637f0e5e453347ff27968eb8552bf193361ffde3ec?s=96&d=mm&r=g\",\"url\":\"https:\\\/\\\/secure.gravatar.com\\\/avatar\\\/a8792c5ea44a0bd480cdae637f0e5e453347ff27968eb8552bf193361ffde3ec?s=96&d=mm&r=g\",\"contentUrl\":\"https:\\\/\\\/secure.gravatar.com\\\/avatar\\\/a8792c5ea44a0bd480cdae637f0e5e453347ff27968eb8552bf193361ffde3ec?s=96&d=mm&r=g\",\"caption\":\"admin\"},\"url\":\"https:\\\/\\\/spkeblowo.pl\\\/?author=1\"}]}<\/script>\n<!-- \/ Yoast SEO plugin. -->","yoast_head_json":{"title":"- Szko\u0142a Podstawowa im. Jana Paw\u0142a II w K\u0119b\u0142owie","robots":{"index":"index","follow":"follow","max-snippet":"max-snippet:-1","max-image-preview":"max-image-preview:large","max-video-preview":"max-video-preview:-1"},"canonical":"https:\/\/spkeblowo.pl\/?p=9288","og_locale":"pl_PL","og_type":"article","og_title":"- Szko\u0142a Podstawowa im. Jana Paw\u0142a II w K\u0119b\u0142owie","og_description":"Zbieraj Talenciaki w Lidlu i wspieraj nasz\u0105 szko\u0142\u0119! &#x1f392;&#x2728; R\u00f3b codzienne zakupy i odbieraj wyj\u0105tkowe Talenciaki \u2013 specjalne punkty, kt\u00f3re &hellip;","og_url":"https:\/\/spkeblowo.pl\/?p=9288","og_site_name":"Szko\u0142a Podstawowa im. Jana Paw\u0142a II w K\u0119b\u0142owie","article_published_time":"2025-09-03T07:05:14+00:00","article_modified_time":"2025-09-03T07:23:47+00:00","og_image":[{"width":1240,"height":1754,"url":"https:\/\/spkeblowo.pl\/wp-content\/uploads\/2025\/09\/Plakat-01.jpg","type":"image\/jpeg"}],"author":"admin","twitter_card":"summary_large_image","twitter_misc":{"Napisane przez":"admin","Szacowany czas czytania":"1 minuta"},"schema":{"@context":"https:\/\/schema.org","@graph":[{"@type":"Article","@id":"https:\/\/spkeblowo.pl\/?p=9288#article","isPartOf":{"@id":"https:\/\/spkeblowo.pl\/?p=9288"},"author":{"name":"admin","@id":"https:\/\/spkeblowo.pl\/#\/schema\/person\/91f40d6dcc01a89bccab6d147a30874f"},"headline":"Brak tytu\u0142u","datePublished":"2025-09-03T07:05:14+00:00","dateModified":"2025-09-03T07:23:47+00:00","mainEntityOfPage":{"@id":"https:\/\/spkeblowo.pl\/?p=9288"},"wordCount":148,"publisher":{"@id":"https:\/\/spkeblowo.pl\/#organization"},"image":{"@id":"https:\/\/spkeblowo.pl\/?p=9288#primaryimage"},"thumbnailUrl":"https:\/\/spkeblowo.pl\/wp-content\/uploads\/2025\/09\/Plakat-01.jpg","articleSection":["Uncategorized"],"inLanguage":"pl-PL"},{"@type":"WebPage","@id":"https:\/\/spkeblowo.pl\/?p=9288","url":"https:\/\/spkeblowo.pl\/?p=9288","name":"- Szko\u0142a Podstawowa im. Jana Paw\u0142a II w K\u0119b\u0142owie","isPartOf":{"@id":"https:\/\/spkeblowo.pl\/#website"},"primaryImageOfPage":{"@id":"https:\/\/spkeblowo.pl\/?p=9288#primaryimage"},"image":{"@id":"https:\/\/spkeblowo.pl\/?p=9288#primaryimage"},"thumbnailUrl":"https:\/\/spkeblowo.pl\/wp-content\/uploads\/2025\/09\/Plakat-01.jpg","datePublished":"2025-09-03T07:05:14+00:00","dateModified":"2025-09-03T07:23:47+00:00","inLanguage":"pl-PL","potentialAction":[{"@type":"ReadAction","target":["https:\/\/spkeblowo.pl\/?p=9288"]}]},{"@type":"ImageObject","inLanguage":"pl-PL","@id":"https:\/\/spkeblowo.pl\/?p=9288#primaryimage","url":"https:\/\/spkeblowo.pl\/wp-content\/uploads\/2025\/09\/Plakat-01.jpg","contentUrl":"https:\/\/spkeblowo.pl\/wp-content\/uploads\/2025\/09\/Plakat-01.jpg","width":1240,"height":1754},{"@type":"WebSite","@id":"https:\/\/spkeblowo.pl\/#website","url":"https:\/\/spkeblowo.pl\/","name":"Szko\u0142a Podstawowa im. Jana Paw\u0142a II w K\u0119b\u0142owie","description":"","publisher":{"@id":"https:\/\/spkeblowo.pl\/#organization"},"potentialAction":[{"@type":"SearchAction","target":{"@type":"EntryPoint","urlTemplate":"https:\/\/spkeblowo.pl\/?s={search_term_string}"},"query-input":{"@type":"PropertyValueSpecification","valueRequired":true,"valueName":"search_term_string"}}],"inLanguage":"pl-PL"},{"@type":"Organization","@id":"https:\/\/spkeblowo.pl\/#organization","name":"Szko\u0142a Podstawowa im. Jana Paw\u0142a II w K\u0119b\u0142owie","url":"https:\/\/spkeblowo.pl\/","logo":{"@type":"ImageObject","inLanguage":"pl-PL","@id":"https:\/\/spkeblowo.pl\/#\/schema\/logo\/image\/","url":"https:\/\/spkeblowo.pl\/wp-content\/uploads\/2020\/03\/2-2.png","contentUrl":"https:\/\/spkeblowo.pl\/wp-content\/uploads\/2020\/03\/2-2.png","width":1400,"height":350,"caption":"Szko\u0142a Podstawowa im. Jana Paw\u0142a II w K\u0119b\u0142owie"},"image":{"@id":"https:\/\/spkeblowo.pl\/#\/schema\/logo\/image\/"}},{"@type":"Person","@id":"https:\/\/spkeblowo.pl\/#\/schema\/person\/91f40d6dcc01a89bccab6d147a30874f","name":"admin","image":{"@type":"ImageObject","inLanguage":"pl-PL","@id":"https:\/\/secure.gravatar.com\/avatar\/a8792c5ea44a0bd480cdae637f0e5e453347ff27968eb8552bf193361ffde3ec?s=96&d=mm&r=g","url":"https:\/\/secure.gravatar.com\/avatar\/a8792c5ea44a0bd480cdae637f0e5e453347ff27968eb8552bf193361ffde3ec?s=96&d=mm&r=g","contentUrl":"https:\/\/secure.gravatar.com\/avatar\/a8792c5ea44a0bd480cdae637f0e5e453347ff27968eb8552bf193361ffde3ec?s=96&d=mm&r=g","caption":"admin"},"url":"https:\/\/spkeblowo.pl\/?author=1"}]}},"_links":{"self":[{"href":"https:\/\/spkeblowo.pl\/index.php?rest_route=\/wp\/v2\/posts\/9288","targetHints":{"allow":["GET"]}}],"collection":[{"href":"https:\/\/spkeblowo.pl\/index.php?rest_route=\/wp\/v2\/posts"}],"about":[{"href":"https:\/\/spkeblowo.pl\/index.php?rest_route=\/wp\/v2\/types\/post"}],"author":[{"embeddable":true,"href":"https:\/\/spkeblowo.pl\/index.php?rest_route=\/wp\/v2\/users\/1"}],"replies":[{"embeddable":true,"href":"https:\/\/spkeblowo.pl\/index.php?rest_route=%2Fwp%2Fv2%2Fcomments&post=9288"}],"version-history":[{"count":2,"href":"https:\/\/spkeblowo.pl\/index.php?rest_route=\/wp\/v2\/posts\/9288\/revisions"}],"predecessor-version":[{"id":9291,"href":"https:\/\/spkeblowo.pl\/index.php?rest_route=\/wp\/v2\/posts\/9288\/revisions\/9291"}],"wp:featuredmedia":[{"embeddable":true,"href":"https:\/\/spkeblowo.pl\/index.php?rest_route=\/wp\/v2\/media\/9289"}],"wp:attachment":[{"href":"https:\/\/spkeblowo.pl\/index.php?rest_route=%2Fwp%2Fv2%2Fmedia&parent=9288"}],"wp:term":[{"taxonomy":"category","embeddable":true,"href":"https:\/\/spkeblowo.pl\/index.php?rest_route=%2Fwp%2Fv2%2Fcategories&post=9288"},{"taxonomy":"post_tag","embeddable":true,"href":"https:\/\/spkeblowo.pl\/index.php?rest_route=%2Fwp%2Fv2%2Ftags&post=9288"}],"curies":[{"name":"wp","href":"https:\/\/api.w.org\/{rel}","templated":true}]}}