{"id":9219,"date":"2025-07-01T18:59:29","date_gmt":"2025-07-01T16:59:29","guid":{"rendered":"http:\/\/spkeblowo.strefa.pl\/wordpress\/?p=9219"},"modified":"2025-07-01T18:59:29","modified_gmt":"2025-07-01T16:59:29","slug":"chor-na-falach-radia-gdansk","status":"publish","type":"post","link":"https:\/\/spkeblowo.pl\/?p=9219","title":{"rendered":"Ch\u00f3r na falach Radia Gda\u0144sk"},"content":{"rendered":"<p>Ch\u00f3r na falach Radia Gda\u0144sk<\/p>\n<p>24. czerwca w murach naszej szko\u0142y zawita\u0142a redaktorka Radia Gda\u0144sk, Alicja Samolewicz &#8211; Jeglicka, kt\u00f3ra przygotowa\u0142a reporta\u017c \u201cRytm serca\u201d &#8211; o barwnym \u015bwiecie \u015bpiewu i ch\u00f3r\u00f3w. Jako roz\u015bpiewana grupa mieli\u015bmy niezwyk\u0142\u0105 przyjemno\u015b\u0107 nagra\u0107 dla s\u0142uchaczy kilka utwor\u00f3w oraz indywidualnie odpowiedzie\u0107 na pytania dotycz\u0105ce naszego uczestnictwa w ch\u00f3rze. By\u0142 to nie lada stres, ale mamy nadziej\u0119, \u017ce efekt wszystkim przypadnie do gustu.<\/p>\n<p>Pod tym linkiem mo\u017cna wys\u0142ucha\u0107 ca\u0142ego reporta\u017cu:<\/p>\n<p><a href=\"https:\/\/radiogdansk.pl\/audycje\/manufaktura-reportazu\/2025\/06\/30\/reportaz-rytm-serca-o-barwnym-swiecie-spiewu-i-chorow\/\">https:\/\/radiogdansk.pl\/audycje\/manufaktura-reportazu\/2025\/06\/30\/reportaz-rytm-serca-o-barwnym-swiecie-spiewu-i-chorow\/<\/a><\/p>\n<p style=\"text-align: center;\"><img fetchpriority=\"high\" decoding=\"async\" class=\"alignnone size-full wp-image-9220\" src=\"https:\/\/spkeblowo.pl\/wp-content\/uploads\/2025\/07\/IMG_6489.jpg\" alt=\"\" width=\"807\" height=\"605\" srcset=\"https:\/\/spkeblowo.pl\/wp-content\/uploads\/2025\/07\/IMG_6489.jpg 807w, https:\/\/spkeblowo.pl\/wp-content\/uploads\/2025\/07\/IMG_6489-300x225.jpg 300w, https:\/\/spkeblowo.pl\/wp-content\/uploads\/2025\/07\/IMG_6489-768x576.jpg 768w\" sizes=\"(max-width: 807px) 100vw, 807px\" \/> <img decoding=\"async\" class=\"alignnone size-full wp-image-9221\" src=\"https:\/\/spkeblowo.pl\/wp-content\/uploads\/2025\/07\/IMG_6491.jpg\" alt=\"\" width=\"807\" height=\"605\" srcset=\"https:\/\/spkeblowo.pl\/wp-content\/uploads\/2025\/07\/IMG_6491.jpg 807w, https:\/\/spkeblowo.pl\/wp-content\/uploads\/2025\/07\/IMG_6491-300x225.jpg 300w, https:\/\/spkeblowo.pl\/wp-content\/uploads\/2025\/07\/IMG_6491-768x576.jpg 768w\" sizes=\"(max-width: 807px) 100vw, 807px\" \/> <img decoding=\"async\" class=\"alignnone size-full wp-image-9222\" src=\"https:\/\/spkeblowo.pl\/wp-content\/uploads\/2025\/07\/IMG_6497.jpg\" alt=\"\" width=\"807\" height=\"605\" srcset=\"https:\/\/spkeblowo.pl\/wp-content\/uploads\/2025\/07\/IMG_6497.jpg 807w, https:\/\/spkeblowo.pl\/wp-content\/uploads\/2025\/07\/IMG_6497-300x225.jpg 300w, https:\/\/spkeblowo.pl\/wp-content\/uploads\/2025\/07\/IMG_6497-768x576.jpg 768w\" sizes=\"(max-width: 807px) 100vw, 807px\" \/><\/p>\n","protected":false},"excerpt":{"rendered":"<p>Ch\u00f3r na falach Radia Gda\u0144sk 24. czerwca w murach naszej szko\u0142y zawita\u0142a redaktorka Radia Gda\u0144sk, Alicja Samolewicz &#8211; Jeglicka, kt\u00f3ra &hellip; <\/p>\n","protected":false},"author":1,"featured_media":0,"comment_status":"closed","ping_status":"open","sticky":false,"template":"","format":"standard","meta":{"footnotes":""},"categories":[1],"tags":[],"class_list":["post-9219","post","type-post","status-publish","format-standard","hentry","category-uncategorized"],"yoast_head":"<!-- This site is optimized with the Yoast SEO plugin v27.5 - https:\/\/yoast.com\/product\/yoast-seo-wordpress\/ -->\n<title>Ch\u00f3r na falach Radia Gda\u0144sk - Szko\u0142a Podstawowa im. Jana Paw\u0142a II w K\u0119b\u0142owie<\/title>\n<meta name=\"robots\" content=\"index, follow, max-snippet:-1, max-image-preview:large, max-video-preview:-1\" \/>\n<link rel=\"canonical\" href=\"https:\/\/spkeblowo.pl\/?p=9219\" \/>\n<meta property=\"og:locale\" content=\"pl_PL\" \/>\n<meta property=\"og:type\" content=\"article\" \/>\n<meta property=\"og:title\" content=\"Ch\u00f3r na falach Radia Gda\u0144sk - Szko\u0142a Podstawowa im. Jana Paw\u0142a II w K\u0119b\u0142owie\" \/>\n<meta property=\"og:description\" content=\"Ch\u00f3r na falach Radia Gda\u0144sk 24. czerwca w murach naszej szko\u0142y zawita\u0142a redaktorka Radia Gda\u0144sk, Alicja Samolewicz &#8211; Jeglicka, kt\u00f3ra &hellip;\" \/>\n<meta property=\"og:url\" content=\"https:\/\/spkeblowo.pl\/?p=9219\" \/>\n<meta property=\"og:site_name\" content=\"Szko\u0142a Podstawowa im. Jana Paw\u0142a II w K\u0119b\u0142owie\" \/>\n<meta property=\"article:published_time\" content=\"2025-07-01T16:59:29+00:00\" \/>\n<meta property=\"og:image\" content=\"https:\/\/spkeblowo.pl\/wp-content\/uploads\/2025\/07\/IMG_6489.jpg\" \/>\n<meta name=\"author\" content=\"admin\" \/>\n<meta name=\"twitter:card\" content=\"summary_large_image\" \/>\n<meta name=\"twitter:label1\" content=\"Napisane przez\" \/>\n\t<meta name=\"twitter:data1\" content=\"admin\" \/>\n\t<meta name=\"twitter:label2\" content=\"Szacowany czas czytania\" \/>\n\t<meta name=\"twitter:data2\" content=\"2 minuty\" \/>\n<script type=\"application\/ld+json\" class=\"yoast-schema-graph\">{\"@context\":\"https:\\\/\\\/schema.org\",\"@graph\":[{\"@type\":\"Article\",\"@id\":\"https:\\\/\\\/spkeblowo.pl\\\/?p=9219#article\",\"isPartOf\":{\"@id\":\"https:\\\/\\\/spkeblowo.pl\\\/?p=9219\"},\"author\":{\"name\":\"admin\",\"@id\":\"https:\\\/\\\/spkeblowo.pl\\\/#\\\/schema\\\/person\\\/91f40d6dcc01a89bccab6d147a30874f\"},\"headline\":\"Ch\u00f3r na falach Radia Gda\u0144sk\",\"datePublished\":\"2025-07-01T16:59:29+00:00\",\"mainEntityOfPage\":{\"@id\":\"https:\\\/\\\/spkeblowo.pl\\\/?p=9219\"},\"wordCount\":104,\"publisher\":{\"@id\":\"https:\\\/\\\/spkeblowo.pl\\\/#organization\"},\"image\":{\"@id\":\"https:\\\/\\\/spkeblowo.pl\\\/?p=9219#primaryimage\"},\"thumbnailUrl\":\"https:\\\/\\\/spkeblowo.pl\\\/wp-content\\\/uploads\\\/2025\\\/07\\\/IMG_6489.jpg\",\"articleSection\":[\"Uncategorized\"],\"inLanguage\":\"pl-PL\"},{\"@type\":\"WebPage\",\"@id\":\"https:\\\/\\\/spkeblowo.pl\\\/?p=9219\",\"url\":\"https:\\\/\\\/spkeblowo.pl\\\/?p=9219\",\"name\":\"Ch\u00f3r na falach Radia Gda\u0144sk - Szko\u0142a Podstawowa im. Jana Paw\u0142a II w K\u0119b\u0142owie\",\"isPartOf\":{\"@id\":\"https:\\\/\\\/spkeblowo.pl\\\/#website\"},\"primaryImageOfPage\":{\"@id\":\"https:\\\/\\\/spkeblowo.pl\\\/?p=9219#primaryimage\"},\"image\":{\"@id\":\"https:\\\/\\\/spkeblowo.pl\\\/?p=9219#primaryimage\"},\"thumbnailUrl\":\"https:\\\/\\\/spkeblowo.pl\\\/wp-content\\\/uploads\\\/2025\\\/07\\\/IMG_6489.jpg\",\"datePublished\":\"2025-07-01T16:59:29+00:00\",\"breadcrumb\":{\"@id\":\"https:\\\/\\\/spkeblowo.pl\\\/?p=9219#breadcrumb\"},\"inLanguage\":\"pl-PL\",\"potentialAction\":[{\"@type\":\"ReadAction\",\"target\":[\"https:\\\/\\\/spkeblowo.pl\\\/?p=9219\"]}]},{\"@type\":\"ImageObject\",\"inLanguage\":\"pl-PL\",\"@id\":\"https:\\\/\\\/spkeblowo.pl\\\/?p=9219#primaryimage\",\"url\":\"https:\\\/\\\/spkeblowo.pl\\\/wp-content\\\/uploads\\\/2025\\\/07\\\/IMG_6489.jpg\",\"contentUrl\":\"https:\\\/\\\/spkeblowo.pl\\\/wp-content\\\/uploads\\\/2025\\\/07\\\/IMG_6489.jpg\",\"width\":807,\"height\":605},{\"@type\":\"BreadcrumbList\",\"@id\":\"https:\\\/\\\/spkeblowo.pl\\\/?p=9219#breadcrumb\",\"itemListElement\":[{\"@type\":\"ListItem\",\"position\":1,\"name\":\"Strona g\u0142\u00f3wna\",\"item\":\"https:\\\/\\\/spkeblowo.pl\\\/\"},{\"@type\":\"ListItem\",\"position\":2,\"name\":\"Ch\u00f3r na&nbsp;falach Radia Gda\u0144sk\"}]},{\"@type\":\"WebSite\",\"@id\":\"https:\\\/\\\/spkeblowo.pl\\\/#website\",\"url\":\"https:\\\/\\\/spkeblowo.pl\\\/\",\"name\":\"Szko\u0142a Podstawowa im. Jana Paw\u0142a II w K\u0119b\u0142owie\",\"description\":\"\",\"publisher\":{\"@id\":\"https:\\\/\\\/spkeblowo.pl\\\/#organization\"},\"potentialAction\":[{\"@type\":\"SearchAction\",\"target\":{\"@type\":\"EntryPoint\",\"urlTemplate\":\"https:\\\/\\\/spkeblowo.pl\\\/?s={search_term_string}\"},\"query-input\":{\"@type\":\"PropertyValueSpecification\",\"valueRequired\":true,\"valueName\":\"search_term_string\"}}],\"inLanguage\":\"pl-PL\"},{\"@type\":\"Organization\",\"@id\":\"https:\\\/\\\/spkeblowo.pl\\\/#organization\",\"name\":\"Szko\u0142a Podstawowa im. Jana Paw\u0142a II w K\u0119b\u0142owie\",\"url\":\"https:\\\/\\\/spkeblowo.pl\\\/\",\"logo\":{\"@type\":\"ImageObject\",\"inLanguage\":\"pl-PL\",\"@id\":\"https:\\\/\\\/spkeblowo.pl\\\/#\\\/schema\\\/logo\\\/image\\\/\",\"url\":\"https:\\\/\\\/spkeblowo.pl\\\/wp-content\\\/uploads\\\/2020\\\/03\\\/2-2.png\",\"contentUrl\":\"https:\\\/\\\/spkeblowo.pl\\\/wp-content\\\/uploads\\\/2020\\\/03\\\/2-2.png\",\"width\":1400,\"height\":350,\"caption\":\"Szko\u0142a Podstawowa im. Jana Paw\u0142a II w K\u0119b\u0142owie\"},\"image\":{\"@id\":\"https:\\\/\\\/spkeblowo.pl\\\/#\\\/schema\\\/logo\\\/image\\\/\"}},{\"@type\":\"Person\",\"@id\":\"https:\\\/\\\/spkeblowo.pl\\\/#\\\/schema\\\/person\\\/91f40d6dcc01a89bccab6d147a30874f\",\"name\":\"admin\",\"image\":{\"@type\":\"ImageObject\",\"inLanguage\":\"pl-PL\",\"@id\":\"https:\\\/\\\/secure.gravatar.com\\\/avatar\\\/a8792c5ea44a0bd480cdae637f0e5e453347ff27968eb8552bf193361ffde3ec?s=96&d=mm&r=g\",\"url\":\"https:\\\/\\\/secure.gravatar.com\\\/avatar\\\/a8792c5ea44a0bd480cdae637f0e5e453347ff27968eb8552bf193361ffde3ec?s=96&d=mm&r=g\",\"contentUrl\":\"https:\\\/\\\/secure.gravatar.com\\\/avatar\\\/a8792c5ea44a0bd480cdae637f0e5e453347ff27968eb8552bf193361ffde3ec?s=96&d=mm&r=g\",\"caption\":\"admin\"},\"url\":\"https:\\\/\\\/spkeblowo.pl\\\/?author=1\"}]}<\/script>\n<!-- \/ Yoast SEO plugin. -->","yoast_head_json":{"title":"Ch\u00f3r na falach Radia Gda\u0144sk - Szko\u0142a Podstawowa im. Jana Paw\u0142a II w K\u0119b\u0142owie","robots":{"index":"index","follow":"follow","max-snippet":"max-snippet:-1","max-image-preview":"max-image-preview:large","max-video-preview":"max-video-preview:-1"},"canonical":"https:\/\/spkeblowo.pl\/?p=9219","og_locale":"pl_PL","og_type":"article","og_title":"Ch\u00f3r na falach Radia Gda\u0144sk - Szko\u0142a Podstawowa im. Jana Paw\u0142a II w K\u0119b\u0142owie","og_description":"Ch\u00f3r na falach Radia Gda\u0144sk 24. czerwca w murach naszej szko\u0142y zawita\u0142a redaktorka Radia Gda\u0144sk, Alicja Samolewicz &#8211; Jeglicka, kt\u00f3ra &hellip;","og_url":"https:\/\/spkeblowo.pl\/?p=9219","og_site_name":"Szko\u0142a Podstawowa im. Jana Paw\u0142a II w K\u0119b\u0142owie","article_published_time":"2025-07-01T16:59:29+00:00","og_image":[{"url":"https:\/\/spkeblowo.pl\/wp-content\/uploads\/2025\/07\/IMG_6489.jpg","type":"","width":"","height":""}],"author":"admin","twitter_card":"summary_large_image","twitter_misc":{"Napisane przez":"admin","Szacowany czas czytania":"2 minuty"},"schema":{"@context":"https:\/\/schema.org","@graph":[{"@type":"Article","@id":"https:\/\/spkeblowo.pl\/?p=9219#article","isPartOf":{"@id":"https:\/\/spkeblowo.pl\/?p=9219"},"author":{"name":"admin","@id":"https:\/\/spkeblowo.pl\/#\/schema\/person\/91f40d6dcc01a89bccab6d147a30874f"},"headline":"Ch\u00f3r na falach Radia Gda\u0144sk","datePublished":"2025-07-01T16:59:29+00:00","mainEntityOfPage":{"@id":"https:\/\/spkeblowo.pl\/?p=9219"},"wordCount":104,"publisher":{"@id":"https:\/\/spkeblowo.pl\/#organization"},"image":{"@id":"https:\/\/spkeblowo.pl\/?p=9219#primaryimage"},"thumbnailUrl":"https:\/\/spkeblowo.pl\/wp-content\/uploads\/2025\/07\/IMG_6489.jpg","articleSection":["Uncategorized"],"inLanguage":"pl-PL"},{"@type":"WebPage","@id":"https:\/\/spkeblowo.pl\/?p=9219","url":"https:\/\/spkeblowo.pl\/?p=9219","name":"Ch\u00f3r na falach Radia Gda\u0144sk - Szko\u0142a Podstawowa im. Jana Paw\u0142a II w K\u0119b\u0142owie","isPartOf":{"@id":"https:\/\/spkeblowo.pl\/#website"},"primaryImageOfPage":{"@id":"https:\/\/spkeblowo.pl\/?p=9219#primaryimage"},"image":{"@id":"https:\/\/spkeblowo.pl\/?p=9219#primaryimage"},"thumbnailUrl":"https:\/\/spkeblowo.pl\/wp-content\/uploads\/2025\/07\/IMG_6489.jpg","datePublished":"2025-07-01T16:59:29+00:00","breadcrumb":{"@id":"https:\/\/spkeblowo.pl\/?p=9219#breadcrumb"},"inLanguage":"pl-PL","potentialAction":[{"@type":"ReadAction","target":["https:\/\/spkeblowo.pl\/?p=9219"]}]},{"@type":"ImageObject","inLanguage":"pl-PL","@id":"https:\/\/spkeblowo.pl\/?p=9219#primaryimage","url":"https:\/\/spkeblowo.pl\/wp-content\/uploads\/2025\/07\/IMG_6489.jpg","contentUrl":"https:\/\/spkeblowo.pl\/wp-content\/uploads\/2025\/07\/IMG_6489.jpg","width":807,"height":605},{"@type":"BreadcrumbList","@id":"https:\/\/spkeblowo.pl\/?p=9219#breadcrumb","itemListElement":[{"@type":"ListItem","position":1,"name":"Strona g\u0142\u00f3wna","item":"https:\/\/spkeblowo.pl\/"},{"@type":"ListItem","position":2,"name":"Ch\u00f3r na&nbsp;falach Radia Gda\u0144sk"}]},{"@type":"WebSite","@id":"https:\/\/spkeblowo.pl\/#website","url":"https:\/\/spkeblowo.pl\/","name":"Szko\u0142a Podstawowa im. Jana Paw\u0142a II w K\u0119b\u0142owie","description":"","publisher":{"@id":"https:\/\/spkeblowo.pl\/#organization"},"potentialAction":[{"@type":"SearchAction","target":{"@type":"EntryPoint","urlTemplate":"https:\/\/spkeblowo.pl\/?s={search_term_string}"},"query-input":{"@type":"PropertyValueSpecification","valueRequired":true,"valueName":"search_term_string"}}],"inLanguage":"pl-PL"},{"@type":"Organization","@id":"https:\/\/spkeblowo.pl\/#organization","name":"Szko\u0142a Podstawowa im. Jana Paw\u0142a II w K\u0119b\u0142owie","url":"https:\/\/spkeblowo.pl\/","logo":{"@type":"ImageObject","inLanguage":"pl-PL","@id":"https:\/\/spkeblowo.pl\/#\/schema\/logo\/image\/","url":"https:\/\/spkeblowo.pl\/wp-content\/uploads\/2020\/03\/2-2.png","contentUrl":"https:\/\/spkeblowo.pl\/wp-content\/uploads\/2020\/03\/2-2.png","width":1400,"height":350,"caption":"Szko\u0142a Podstawowa im. Jana Paw\u0142a II w K\u0119b\u0142owie"},"image":{"@id":"https:\/\/spkeblowo.pl\/#\/schema\/logo\/image\/"}},{"@type":"Person","@id":"https:\/\/spkeblowo.pl\/#\/schema\/person\/91f40d6dcc01a89bccab6d147a30874f","name":"admin","image":{"@type":"ImageObject","inLanguage":"pl-PL","@id":"https:\/\/secure.gravatar.com\/avatar\/a8792c5ea44a0bd480cdae637f0e5e453347ff27968eb8552bf193361ffde3ec?s=96&d=mm&r=g","url":"https:\/\/secure.gravatar.com\/avatar\/a8792c5ea44a0bd480cdae637f0e5e453347ff27968eb8552bf193361ffde3ec?s=96&d=mm&r=g","contentUrl":"https:\/\/secure.gravatar.com\/avatar\/a8792c5ea44a0bd480cdae637f0e5e453347ff27968eb8552bf193361ffde3ec?s=96&d=mm&r=g","caption":"admin"},"url":"https:\/\/spkeblowo.pl\/?author=1"}]}},"_links":{"self":[{"href":"https:\/\/spkeblowo.pl\/index.php?rest_route=\/wp\/v2\/posts\/9219","targetHints":{"allow":["GET"]}}],"collection":[{"href":"https:\/\/spkeblowo.pl\/index.php?rest_route=\/wp\/v2\/posts"}],"about":[{"href":"https:\/\/spkeblowo.pl\/index.php?rest_route=\/wp\/v2\/types\/post"}],"author":[{"embeddable":true,"href":"https:\/\/spkeblowo.pl\/index.php?rest_route=\/wp\/v2\/users\/1"}],"replies":[{"embeddable":true,"href":"https:\/\/spkeblowo.pl\/index.php?rest_route=%2Fwp%2Fv2%2Fcomments&post=9219"}],"version-history":[{"count":1,"href":"https:\/\/spkeblowo.pl\/index.php?rest_route=\/wp\/v2\/posts\/9219\/revisions"}],"predecessor-version":[{"id":9223,"href":"https:\/\/spkeblowo.pl\/index.php?rest_route=\/wp\/v2\/posts\/9219\/revisions\/9223"}],"wp:attachment":[{"href":"https:\/\/spkeblowo.pl\/index.php?rest_route=%2Fwp%2Fv2%2Fmedia&parent=9219"}],"wp:term":[{"taxonomy":"category","embeddable":true,"href":"https:\/\/spkeblowo.pl\/index.php?rest_route=%2Fwp%2Fv2%2Fcategories&post=9219"},{"taxonomy":"post_tag","embeddable":true,"href":"https:\/\/spkeblowo.pl\/index.php?rest_route=%2Fwp%2Fv2%2Ftags&post=9219"}],"curies":[{"name":"wp","href":"https:\/\/api.w.org\/{rel}","templated":true}]}}