{"id":9205,"date":"2025-06-27T15:38:58","date_gmt":"2025-06-27T13:38:58","guid":{"rendered":"http:\/\/spkeblowo.strefa.pl\/wordpress\/?p=9205"},"modified":"2025-07-01T18:51:17","modified_gmt":"2025-07-01T16:51:17","slug":"%f0%9f%93%9a-uroczyste-zakonczenie-roku-szkolnego-2024-2025-%f0%9f%8e%93","status":"publish","type":"post","link":"https:\/\/spkeblowo.pl\/?p=9205","title":{"rendered":"&#x1f4da; Uroczyste zako\u0144czenie roku szkolnego 2024\/2025 &#x1f393;"},"content":{"rendered":"<p>To dzie\u0144 rado\u015bci, podsumowa\u0144, czasem \u0142ez wzruszenia. Dzie\u0144, w kt\u00f3rym dzieci wracaj\u0105 do domu z baga\u017cem ocen, \u015bwiadectw, dyplom\u00f3w.<br \/>\nSerdecznie gratulujemy wszystkim uczniom osi\u0105gni\u0119\u0107, wytrwa\u0142o\u015bci i sukces\u00f3w w nauce! &#x1f44f;&#x1f389;<\/p>\n<p>Kochaj &#8211; mi\u0142o\u015b\u0107 to jest pi\u0119kny dar,<br \/>\nzaufaj, gdy przyjaciel m\u00f3wi co\u015b,<br \/>\nwys\u0142uchaj &#8211; mo\u017ce szeptem jaki\u015b g\u0142os<br \/>\nna ucho chcia\u0142by m\u00f3c wy\u017cali\u0107 si\u0119,<br \/>\nwi\u0119c s\u0142uchaj, ufaj, kochaj ca\u0142y \u015bwiat!<\/p>\n<p>G. Mi\u015bkiewicz, \u201cSKarby w szafie\u201d<\/p>\n<p>Tymi s\u0142owami \u017cegnali\u015bmy 8 &#8211; klasist\u00f3w 27. czerwca wie\u0144cz\u0105cych sw\u0105 edukacyjn\u0105 przygod\u0119 w szkole podstawowej. W\u015br\u00f3d nich 5 ch\u00f3rzystek: Zofia Majkowska, Weronika Pikron, Maja Konkol, Milena Skrzypkowska i Magdalena Rompza otrzyma\u0142y szczeg\u00f3lne podzi\u0119kowania za stanowienie wzoru sumienno\u015bci, oddania i zaanga\u017cowania w rozw\u00f3j w\u0142asny i ca\u0142ej spo\u0142eczno\u015bci naszego ch\u00f3ru. One r\u00f3wnie\u017c wykona\u0142y dla nas bardzo wzruszaj\u0105cy utw\u00f3r \u201cPrzysz\u0142o\u015b\u0107 w naszych r\u0119kach\u201d Anny Zd\u017cy\u0142owskiej z fletowym akompaniamentem Weroniki.<\/p>\n<p>Tego samego dnia Dyrektor Renata Grzenia dokona\u0142a uroczystego nadania imienia naszemu ch\u00f3rowi:<\/p>\n<p>Ch\u00f3r Gioia ze Szko\u0142y Podstawowej im. Jana Paw\u0142a II w K\u0119b\u0142owie<\/p>\n<p>Jest to dla nas wielkie wyr\u00f3\u017cnienie, kt\u00f3re napawa nas wielk\u0105 dum\u0105! GIOIA z w\u0142oskiego oznacza RADO\u015a\u0106 &#8211; w ten spos\u00f3b nawi\u0105zali\u015bmy do pontyfikatu naszego patrona, Jana Paw\u0142a II oraz niesamowitego uczucia, kt\u00f3re ogarnia nas podczas uczestnictwa w pr\u00f3bach, konkursach i koncertach. Dzi\u0119ki hojno\u015bci Rady Rodzic\u00f3w otrzymali\u015bmy koszulki z ch\u00f3ralnym logiem, a w prezencie od naszej dyrygentki, Julianny Danielewicz, plecaki z muzycznym motywem.<\/p>\n<p>Cze\u015b\u0107 Pie\u015bni!<\/p>\n<p>&nbsp;<\/p>\n<p style=\"text-align: center;\"><span style=\"font-size: 24pt;\"><a href=\"https:\/\/photos.app.goo.gl\/qU551Bi4bojpMYZS7\">GALERIA<\/a><\/span><\/p>\n<p>&nbsp;<\/p>\n","protected":false},"excerpt":{"rendered":"<p>To dzie\u0144 rado\u015bci, podsumowa\u0144, czasem \u0142ez wzruszenia. Dzie\u0144, w kt\u00f3rym dzieci wracaj\u0105 do domu z baga\u017cem ocen, \u015bwiadectw, dyplom\u00f3w. Serdecznie &hellip; <\/p>\n","protected":false},"author":1,"featured_media":9206,"comment_status":"closed","ping_status":"open","sticky":false,"template":"","format":"standard","meta":{"footnotes":""},"categories":[1],"tags":[],"class_list":["post-9205","post","type-post","status-publish","format-standard","has-post-thumbnail","hentry","category-uncategorized"],"yoast_head":"<!-- This site is optimized with the Yoast SEO plugin v27.5 - https:\/\/yoast.com\/product\/yoast-seo-wordpress\/ -->\n<title>&#x1f4da; Uroczyste zako\u0144czenie roku szkolnego 2024\/2025 &#x1f393; - Szko\u0142a Podstawowa im. Jana Paw\u0142a II w K\u0119b\u0142owie<\/title>\n<meta name=\"robots\" content=\"index, follow, max-snippet:-1, max-image-preview:large, max-video-preview:-1\" \/>\n<link rel=\"canonical\" href=\"https:\/\/spkeblowo.pl\/?p=9205\" \/>\n<meta property=\"og:locale\" content=\"pl_PL\" \/>\n<meta property=\"og:type\" content=\"article\" \/>\n<meta property=\"og:title\" content=\"&#x1f4da; Uroczyste zako\u0144czenie roku szkolnego 2024\/2025 &#x1f393; - Szko\u0142a Podstawowa im. Jana Paw\u0142a II w K\u0119b\u0142owie\" \/>\n<meta property=\"og:description\" content=\"To dzie\u0144 rado\u015bci, podsumowa\u0144, czasem \u0142ez wzruszenia. Dzie\u0144, w kt\u00f3rym dzieci wracaj\u0105 do domu z baga\u017cem ocen, \u015bwiadectw, dyplom\u00f3w. Serdecznie &hellip;\" \/>\n<meta property=\"og:url\" content=\"https:\/\/spkeblowo.pl\/?p=9205\" \/>\n<meta property=\"og:site_name\" content=\"Szko\u0142a Podstawowa im. Jana Paw\u0142a II w K\u0119b\u0142owie\" \/>\n<meta property=\"article:published_time\" content=\"2025-06-27T13:38:58+00:00\" \/>\n<meta property=\"article:modified_time\" content=\"2025-07-01T16:51:17+00:00\" \/>\n<meta property=\"og:image\" content=\"https:\/\/spkeblowo.pl\/wp-content\/uploads\/2025\/06\/IMG_0115.jpg\" \/>\n\t<meta property=\"og:image:width\" content=\"675\" \/>\n\t<meta property=\"og:image:height\" content=\"450\" \/>\n\t<meta property=\"og:image:type\" content=\"image\/jpeg\" \/>\n<meta name=\"author\" content=\"admin\" \/>\n<meta name=\"twitter:card\" content=\"summary_large_image\" \/>\n<meta name=\"twitter:label1\" content=\"Napisane przez\" \/>\n\t<meta name=\"twitter:data1\" content=\"admin\" \/>\n\t<meta name=\"twitter:label2\" content=\"Szacowany czas czytania\" \/>\n\t<meta name=\"twitter:data2\" content=\"2 minuty\" \/>\n<script type=\"application\/ld+json\" class=\"yoast-schema-graph\">{\"@context\":\"https:\\\/\\\/schema.org\",\"@graph\":[{\"@type\":\"Article\",\"@id\":\"https:\\\/\\\/spkeblowo.pl\\\/?p=9205#article\",\"isPartOf\":{\"@id\":\"https:\\\/\\\/spkeblowo.pl\\\/?p=9205\"},\"author\":{\"name\":\"admin\",\"@id\":\"https:\\\/\\\/spkeblowo.pl\\\/#\\\/schema\\\/person\\\/91f40d6dcc01a89bccab6d147a30874f\"},\"headline\":\"&#x1f4da; Uroczyste zako\u0144czenie roku szkolnego 2024\\\/2025 &#x1f393;\",\"datePublished\":\"2025-06-27T13:38:58+00:00\",\"dateModified\":\"2025-07-01T16:51:17+00:00\",\"mainEntityOfPage\":{\"@id\":\"https:\\\/\\\/spkeblowo.pl\\\/?p=9205\"},\"wordCount\":302,\"publisher\":{\"@id\":\"https:\\\/\\\/spkeblowo.pl\\\/#organization\"},\"image\":{\"@id\":\"https:\\\/\\\/spkeblowo.pl\\\/?p=9205#primaryimage\"},\"thumbnailUrl\":\"https:\\\/\\\/spkeblowo.pl\\\/wp-content\\\/uploads\\\/2025\\\/06\\\/IMG_0115.jpg\",\"articleSection\":[\"Uncategorized\"],\"inLanguage\":\"pl-PL\"},{\"@type\":\"WebPage\",\"@id\":\"https:\\\/\\\/spkeblowo.pl\\\/?p=9205\",\"url\":\"https:\\\/\\\/spkeblowo.pl\\\/?p=9205\",\"name\":\"&#x1f4da; Uroczyste zako\u0144czenie roku szkolnego 2024\\\/2025 &#x1f393; - Szko\u0142a Podstawowa im. Jana Paw\u0142a II w K\u0119b\u0142owie\",\"isPartOf\":{\"@id\":\"https:\\\/\\\/spkeblowo.pl\\\/#website\"},\"primaryImageOfPage\":{\"@id\":\"https:\\\/\\\/spkeblowo.pl\\\/?p=9205#primaryimage\"},\"image\":{\"@id\":\"https:\\\/\\\/spkeblowo.pl\\\/?p=9205#primaryimage\"},\"thumbnailUrl\":\"https:\\\/\\\/spkeblowo.pl\\\/wp-content\\\/uploads\\\/2025\\\/06\\\/IMG_0115.jpg\",\"datePublished\":\"2025-06-27T13:38:58+00:00\",\"dateModified\":\"2025-07-01T16:51:17+00:00\",\"breadcrumb\":{\"@id\":\"https:\\\/\\\/spkeblowo.pl\\\/?p=9205#breadcrumb\"},\"inLanguage\":\"pl-PL\",\"potentialAction\":[{\"@type\":\"ReadAction\",\"target\":[\"https:\\\/\\\/spkeblowo.pl\\\/?p=9205\"]}]},{\"@type\":\"ImageObject\",\"inLanguage\":\"pl-PL\",\"@id\":\"https:\\\/\\\/spkeblowo.pl\\\/?p=9205#primaryimage\",\"url\":\"https:\\\/\\\/spkeblowo.pl\\\/wp-content\\\/uploads\\\/2025\\\/06\\\/IMG_0115.jpg\",\"contentUrl\":\"https:\\\/\\\/spkeblowo.pl\\\/wp-content\\\/uploads\\\/2025\\\/06\\\/IMG_0115.jpg\",\"width\":675,\"height\":450},{\"@type\":\"BreadcrumbList\",\"@id\":\"https:\\\/\\\/spkeblowo.pl\\\/?p=9205#breadcrumb\",\"itemListElement\":[{\"@type\":\"ListItem\",\"position\":1,\"name\":\"Strona g\u0142\u00f3wna\",\"item\":\"https:\\\/\\\/spkeblowo.pl\\\/\"},{\"@type\":\"ListItem\",\"position\":2,\"name\":\"&#x1f4da; Uroczyste zako\u0144czenie roku szkolnego 2024\\\/2025 &#x1f393;\"}]},{\"@type\":\"WebSite\",\"@id\":\"https:\\\/\\\/spkeblowo.pl\\\/#website\",\"url\":\"https:\\\/\\\/spkeblowo.pl\\\/\",\"name\":\"Szko\u0142a Podstawowa im. Jana Paw\u0142a II w K\u0119b\u0142owie\",\"description\":\"\",\"publisher\":{\"@id\":\"https:\\\/\\\/spkeblowo.pl\\\/#organization\"},\"potentialAction\":[{\"@type\":\"SearchAction\",\"target\":{\"@type\":\"EntryPoint\",\"urlTemplate\":\"https:\\\/\\\/spkeblowo.pl\\\/?s={search_term_string}\"},\"query-input\":{\"@type\":\"PropertyValueSpecification\",\"valueRequired\":true,\"valueName\":\"search_term_string\"}}],\"inLanguage\":\"pl-PL\"},{\"@type\":\"Organization\",\"@id\":\"https:\\\/\\\/spkeblowo.pl\\\/#organization\",\"name\":\"Szko\u0142a Podstawowa im. Jana Paw\u0142a II w K\u0119b\u0142owie\",\"url\":\"https:\\\/\\\/spkeblowo.pl\\\/\",\"logo\":{\"@type\":\"ImageObject\",\"inLanguage\":\"pl-PL\",\"@id\":\"https:\\\/\\\/spkeblowo.pl\\\/#\\\/schema\\\/logo\\\/image\\\/\",\"url\":\"https:\\\/\\\/spkeblowo.pl\\\/wp-content\\\/uploads\\\/2020\\\/03\\\/2-2.png\",\"contentUrl\":\"https:\\\/\\\/spkeblowo.pl\\\/wp-content\\\/uploads\\\/2020\\\/03\\\/2-2.png\",\"width\":1400,\"height\":350,\"caption\":\"Szko\u0142a Podstawowa im. Jana Paw\u0142a II w K\u0119b\u0142owie\"},\"image\":{\"@id\":\"https:\\\/\\\/spkeblowo.pl\\\/#\\\/schema\\\/logo\\\/image\\\/\"}},{\"@type\":\"Person\",\"@id\":\"https:\\\/\\\/spkeblowo.pl\\\/#\\\/schema\\\/person\\\/91f40d6dcc01a89bccab6d147a30874f\",\"name\":\"admin\",\"image\":{\"@type\":\"ImageObject\",\"inLanguage\":\"pl-PL\",\"@id\":\"https:\\\/\\\/secure.gravatar.com\\\/avatar\\\/a8792c5ea44a0bd480cdae637f0e5e453347ff27968eb8552bf193361ffde3ec?s=96&d=mm&r=g\",\"url\":\"https:\\\/\\\/secure.gravatar.com\\\/avatar\\\/a8792c5ea44a0bd480cdae637f0e5e453347ff27968eb8552bf193361ffde3ec?s=96&d=mm&r=g\",\"contentUrl\":\"https:\\\/\\\/secure.gravatar.com\\\/avatar\\\/a8792c5ea44a0bd480cdae637f0e5e453347ff27968eb8552bf193361ffde3ec?s=96&d=mm&r=g\",\"caption\":\"admin\"},\"url\":\"https:\\\/\\\/spkeblowo.pl\\\/?author=1\"}]}<\/script>\n<!-- \/ Yoast SEO plugin. -->","yoast_head_json":{"title":"&#x1f4da; Uroczyste zako\u0144czenie roku szkolnego 2024\/2025 &#x1f393; - Szko\u0142a Podstawowa im. Jana Paw\u0142a II w K\u0119b\u0142owie","robots":{"index":"index","follow":"follow","max-snippet":"max-snippet:-1","max-image-preview":"max-image-preview:large","max-video-preview":"max-video-preview:-1"},"canonical":"https:\/\/spkeblowo.pl\/?p=9205","og_locale":"pl_PL","og_type":"article","og_title":"&#x1f4da; Uroczyste zako\u0144czenie roku szkolnego 2024\/2025 &#x1f393; - Szko\u0142a Podstawowa im. Jana Paw\u0142a II w K\u0119b\u0142owie","og_description":"To dzie\u0144 rado\u015bci, podsumowa\u0144, czasem \u0142ez wzruszenia. Dzie\u0144, w kt\u00f3rym dzieci wracaj\u0105 do domu z baga\u017cem ocen, \u015bwiadectw, dyplom\u00f3w. Serdecznie &hellip;","og_url":"https:\/\/spkeblowo.pl\/?p=9205","og_site_name":"Szko\u0142a Podstawowa im. Jana Paw\u0142a II w K\u0119b\u0142owie","article_published_time":"2025-06-27T13:38:58+00:00","article_modified_time":"2025-07-01T16:51:17+00:00","og_image":[{"width":675,"height":450,"url":"https:\/\/spkeblowo.pl\/wp-content\/uploads\/2025\/06\/IMG_0115.jpg","type":"image\/jpeg"}],"author":"admin","twitter_card":"summary_large_image","twitter_misc":{"Napisane przez":"admin","Szacowany czas czytania":"2 minuty"},"schema":{"@context":"https:\/\/schema.org","@graph":[{"@type":"Article","@id":"https:\/\/spkeblowo.pl\/?p=9205#article","isPartOf":{"@id":"https:\/\/spkeblowo.pl\/?p=9205"},"author":{"name":"admin","@id":"https:\/\/spkeblowo.pl\/#\/schema\/person\/91f40d6dcc01a89bccab6d147a30874f"},"headline":"&#x1f4da; Uroczyste zako\u0144czenie roku szkolnego 2024\/2025 &#x1f393;","datePublished":"2025-06-27T13:38:58+00:00","dateModified":"2025-07-01T16:51:17+00:00","mainEntityOfPage":{"@id":"https:\/\/spkeblowo.pl\/?p=9205"},"wordCount":302,"publisher":{"@id":"https:\/\/spkeblowo.pl\/#organization"},"image":{"@id":"https:\/\/spkeblowo.pl\/?p=9205#primaryimage"},"thumbnailUrl":"https:\/\/spkeblowo.pl\/wp-content\/uploads\/2025\/06\/IMG_0115.jpg","articleSection":["Uncategorized"],"inLanguage":"pl-PL"},{"@type":"WebPage","@id":"https:\/\/spkeblowo.pl\/?p=9205","url":"https:\/\/spkeblowo.pl\/?p=9205","name":"&#x1f4da; Uroczyste zako\u0144czenie roku szkolnego 2024\/2025 &#x1f393; - Szko\u0142a Podstawowa im. Jana Paw\u0142a II w K\u0119b\u0142owie","isPartOf":{"@id":"https:\/\/spkeblowo.pl\/#website"},"primaryImageOfPage":{"@id":"https:\/\/spkeblowo.pl\/?p=9205#primaryimage"},"image":{"@id":"https:\/\/spkeblowo.pl\/?p=9205#primaryimage"},"thumbnailUrl":"https:\/\/spkeblowo.pl\/wp-content\/uploads\/2025\/06\/IMG_0115.jpg","datePublished":"2025-06-27T13:38:58+00:00","dateModified":"2025-07-01T16:51:17+00:00","breadcrumb":{"@id":"https:\/\/spkeblowo.pl\/?p=9205#breadcrumb"},"inLanguage":"pl-PL","potentialAction":[{"@type":"ReadAction","target":["https:\/\/spkeblowo.pl\/?p=9205"]}]},{"@type":"ImageObject","inLanguage":"pl-PL","@id":"https:\/\/spkeblowo.pl\/?p=9205#primaryimage","url":"https:\/\/spkeblowo.pl\/wp-content\/uploads\/2025\/06\/IMG_0115.jpg","contentUrl":"https:\/\/spkeblowo.pl\/wp-content\/uploads\/2025\/06\/IMG_0115.jpg","width":675,"height":450},{"@type":"BreadcrumbList","@id":"https:\/\/spkeblowo.pl\/?p=9205#breadcrumb","itemListElement":[{"@type":"ListItem","position":1,"name":"Strona g\u0142\u00f3wna","item":"https:\/\/spkeblowo.pl\/"},{"@type":"ListItem","position":2,"name":"&#x1f4da; Uroczyste zako\u0144czenie roku szkolnego 2024\/2025 &#x1f393;"}]},{"@type":"WebSite","@id":"https:\/\/spkeblowo.pl\/#website","url":"https:\/\/spkeblowo.pl\/","name":"Szko\u0142a Podstawowa im. Jana Paw\u0142a II w K\u0119b\u0142owie","description":"","publisher":{"@id":"https:\/\/spkeblowo.pl\/#organization"},"potentialAction":[{"@type":"SearchAction","target":{"@type":"EntryPoint","urlTemplate":"https:\/\/spkeblowo.pl\/?s={search_term_string}"},"query-input":{"@type":"PropertyValueSpecification","valueRequired":true,"valueName":"search_term_string"}}],"inLanguage":"pl-PL"},{"@type":"Organization","@id":"https:\/\/spkeblowo.pl\/#organization","name":"Szko\u0142a Podstawowa im. Jana Paw\u0142a II w K\u0119b\u0142owie","url":"https:\/\/spkeblowo.pl\/","logo":{"@type":"ImageObject","inLanguage":"pl-PL","@id":"https:\/\/spkeblowo.pl\/#\/schema\/logo\/image\/","url":"https:\/\/spkeblowo.pl\/wp-content\/uploads\/2020\/03\/2-2.png","contentUrl":"https:\/\/spkeblowo.pl\/wp-content\/uploads\/2020\/03\/2-2.png","width":1400,"height":350,"caption":"Szko\u0142a Podstawowa im. Jana Paw\u0142a II w K\u0119b\u0142owie"},"image":{"@id":"https:\/\/spkeblowo.pl\/#\/schema\/logo\/image\/"}},{"@type":"Person","@id":"https:\/\/spkeblowo.pl\/#\/schema\/person\/91f40d6dcc01a89bccab6d147a30874f","name":"admin","image":{"@type":"ImageObject","inLanguage":"pl-PL","@id":"https:\/\/secure.gravatar.com\/avatar\/a8792c5ea44a0bd480cdae637f0e5e453347ff27968eb8552bf193361ffde3ec?s=96&d=mm&r=g","url":"https:\/\/secure.gravatar.com\/avatar\/a8792c5ea44a0bd480cdae637f0e5e453347ff27968eb8552bf193361ffde3ec?s=96&d=mm&r=g","contentUrl":"https:\/\/secure.gravatar.com\/avatar\/a8792c5ea44a0bd480cdae637f0e5e453347ff27968eb8552bf193361ffde3ec?s=96&d=mm&r=g","caption":"admin"},"url":"https:\/\/spkeblowo.pl\/?author=1"}]}},"_links":{"self":[{"href":"https:\/\/spkeblowo.pl\/index.php?rest_route=\/wp\/v2\/posts\/9205","targetHints":{"allow":["GET"]}}],"collection":[{"href":"https:\/\/spkeblowo.pl\/index.php?rest_route=\/wp\/v2\/posts"}],"about":[{"href":"https:\/\/spkeblowo.pl\/index.php?rest_route=\/wp\/v2\/types\/post"}],"author":[{"embeddable":true,"href":"https:\/\/spkeblowo.pl\/index.php?rest_route=\/wp\/v2\/users\/1"}],"replies":[{"embeddable":true,"href":"https:\/\/spkeblowo.pl\/index.php?rest_route=%2Fwp%2Fv2%2Fcomments&post=9205"}],"version-history":[{"count":4,"href":"https:\/\/spkeblowo.pl\/index.php?rest_route=\/wp\/v2\/posts\/9205\/revisions"}],"predecessor-version":[{"id":9218,"href":"https:\/\/spkeblowo.pl\/index.php?rest_route=\/wp\/v2\/posts\/9205\/revisions\/9218"}],"wp:featuredmedia":[{"embeddable":true,"href":"https:\/\/spkeblowo.pl\/index.php?rest_route=\/wp\/v2\/media\/9206"}],"wp:attachment":[{"href":"https:\/\/spkeblowo.pl\/index.php?rest_route=%2Fwp%2Fv2%2Fmedia&parent=9205"}],"wp:term":[{"taxonomy":"category","embeddable":true,"href":"https:\/\/spkeblowo.pl\/index.php?rest_route=%2Fwp%2Fv2%2Fcategories&post=9205"},{"taxonomy":"post_tag","embeddable":true,"href":"https:\/\/spkeblowo.pl\/index.php?rest_route=%2Fwp%2Fv2%2Ftags&post=9205"}],"curies":[{"name":"wp","href":"https:\/\/api.w.org\/{rel}","templated":true}]}}