{"id":9155,"date":"2025-06-17T08:11:15","date_gmt":"2025-06-17T06:11:15","guid":{"rendered":"http:\/\/spkeblowo.strefa.pl\/wordpress\/?p=9155"},"modified":"2025-06-17T08:11:15","modified_gmt":"2025-06-17T06:11:15","slug":"wycieczka-klas-szostych-do-torunia-podroz-przez-gwiazdy-zapach-piernikow-i-historie-miasta","status":"publish","type":"post","link":"https:\/\/spkeblowo.pl\/?p=9155","title":{"rendered":"Wycieczka klas sz\u00f3stych do Torunia \u2013 podr\u00f3\u017c przez gwiazdy, zapach piernik\u00f3w i histori\u0119 miasta"},"content":{"rendered":"<p>Uczniowie klas sz\u00f3stych naszej szko\u0142y wybrali si\u0119 na jednodniow\u0105 wycieczk\u0119 do jednego z najpi\u0119kniejszych miast w Polsce \u2013 Torunia. Program by\u0142 bogaty w atrakcje, a ka\u017cdy znalaz\u0142 co\u015b dla siebie: od fascynuj\u0105cych pokaz\u00f3w w Planetarium, przez w\u0142asnor\u0119czne wypiekanie piernik\u00f3w, a\u017c po emocjonuj\u0105c\u0105 gr\u0119 miejsk\u0105.<br \/>\nPierwszym punktem naszej wyprawy by\u0142o Planetarium, gdzie uczniowie przenie\u015bli si\u0119 w \u015bwiat gwiazd, planet i tajemnic kosmosu. Dzi\u0119ki pokazowi \u201eWiruj\u0105ca Ziemia\u201d uczniowie dowiedzieli si\u0119, jak powstaj\u0105 pory roku, jak zmienia si\u0119 niebo w ci\u0105gu roku oraz czym s\u0105 zjawiska astronomiczne, kt\u00f3re mo\u017cemy obserwowa\u0107 z naszej planety.<br \/>\nPo kosmicznych wra\u017ceniach nadszed\u0142 czas na co\u015b bardziej przyziemnego \u2013 dos\u0142ownie i w przeno\u015bni! Kolejnym przystankiem by\u0142a \u017bywa Piernikarnia, gdzie uczniowie poznali histori\u0119 toru\u0144skich piernik\u00f3w i wzi\u0119li udzia\u0142 w warsztatach. Ka\u017cdy m\u00f3g\u0142 stworzy\u0107 w\u0142asnego, pachn\u0105cego piernika wed\u0142ug tradycyjnej receptury i zabra\u0107 go do domu jako pyszn\u0105 pami\u0105tk\u0119.<br \/>\nPo lunchu przyszed\u0142 czas na spacer po Starym Mie\u015bcie z profesjonalnym przewodnikiem. Uczniowie poznali histori\u0119 Torunia, podziwiali gotyck\u0105 architektur\u0119 i us\u0142yszeli ciekawostki o Miko\u0142aju Koperniku, kt\u00f3ry w\u0142a\u015bnie tutaj si\u0119 urodzi\u0142.<br \/>\nNa zako\u0144czenie dnia uczniowie wzi\u0119li udzia\u0142 w grze miejskiej, kt\u00f3ra by\u0142a nie tylko \u015bwietn\u0105 zabaw\u0105, ale r\u00f3wnie\u017c okazj\u0105 do utrwalenia wiedzy zdobytej podczas zwiedzania. Podzieleni na grupy rozwi\u0105zywali zagadki, szukali wskaz\u00f3wek ukrytych w przestrzeni miejskiej i wsp\u00f3\u0142pracowali, by dotrze\u0107 do mety jako pierwsi.<br \/>\nPe\u0142ni wra\u017ce\u0144, zadowoleni i troch\u0119 zm\u0119czeni, wr\u00f3cili\u015bmy do domu. Wycieczka do Torunia na d\u0142ugo pozostanie w naszej pami\u0119ci \u2013 nie tylko jako lekcja historii i nauki, ale tak\u017ce jako czas wsp\u00f3lnej zabawy i integracji.<\/p>\n<p><img fetchpriority=\"high\" decoding=\"async\" class=\"size-full wp-image-9158 aligncenter\" src=\"https:\/\/spkeblowo.pl\/wp-content\/uploads\/2025\/06\/508551239_1167639061835401_8290828945448683843_n.jpg\" alt=\"\" width=\"555\" height=\"802\" srcset=\"https:\/\/spkeblowo.pl\/wp-content\/uploads\/2025\/06\/508551239_1167639061835401_8290828945448683843_n.jpg 555w, https:\/\/spkeblowo.pl\/wp-content\/uploads\/2025\/06\/508551239_1167639061835401_8290828945448683843_n-208x300.jpg 208w\" sizes=\"(max-width: 555px) 100vw, 555px\" \/><\/p>\n","protected":false},"excerpt":{"rendered":"<p>Uczniowie klas sz\u00f3stych naszej szko\u0142y wybrali si\u0119 na jednodniow\u0105 wycieczk\u0119 do jednego z najpi\u0119kniejszych miast w Polsce \u2013 Torunia. Program &hellip; <\/p>\n","protected":false},"author":1,"featured_media":9157,"comment_status":"closed","ping_status":"open","sticky":false,"template":"","format":"standard","meta":{"footnotes":""},"categories":[1],"tags":[],"class_list":["post-9155","post","type-post","status-publish","format-standard","has-post-thumbnail","hentry","category-uncategorized"],"yoast_head":"<!-- This site is optimized with the Yoast SEO plugin v27.5 - https:\/\/yoast.com\/product\/yoast-seo-wordpress\/ -->\n<title>Wycieczka klas sz\u00f3stych do Torunia \u2013 podr\u00f3\u017c przez gwiazdy, zapach piernik\u00f3w i histori\u0119 miasta - Szko\u0142a Podstawowa im. Jana Paw\u0142a II w K\u0119b\u0142owie<\/title>\n<meta name=\"robots\" content=\"index, follow, max-snippet:-1, max-image-preview:large, max-video-preview:-1\" \/>\n<link rel=\"canonical\" href=\"https:\/\/spkeblowo.pl\/?p=9155\" \/>\n<meta property=\"og:locale\" content=\"pl_PL\" \/>\n<meta property=\"og:type\" content=\"article\" \/>\n<meta property=\"og:title\" content=\"Wycieczka klas sz\u00f3stych do Torunia \u2013 podr\u00f3\u017c przez gwiazdy, zapach piernik\u00f3w i histori\u0119 miasta - Szko\u0142a Podstawowa im. Jana Paw\u0142a II w K\u0119b\u0142owie\" \/>\n<meta property=\"og:description\" content=\"Uczniowie klas sz\u00f3stych naszej szko\u0142y wybrali si\u0119 na jednodniow\u0105 wycieczk\u0119 do jednego z najpi\u0119kniejszych miast w Polsce \u2013 Torunia. Program &hellip;\" \/>\n<meta property=\"og:url\" content=\"https:\/\/spkeblowo.pl\/?p=9155\" \/>\n<meta property=\"og:site_name\" content=\"Szko\u0142a Podstawowa im. Jana Paw\u0142a II w K\u0119b\u0142owie\" \/>\n<meta property=\"article:published_time\" content=\"2025-06-17T06:11:15+00:00\" \/>\n<meta property=\"og:image\" content=\"https:\/\/spkeblowo.pl\/wp-content\/uploads\/2025\/06\/508520355_1167638765168764_8763659140580211049_n-1.jpg\" \/>\n\t<meta property=\"og:image:width\" content=\"976\" \/>\n\t<meta property=\"og:image:height\" content=\"450\" \/>\n\t<meta property=\"og:image:type\" content=\"image\/jpeg\" \/>\n<meta name=\"author\" content=\"admin\" \/>\n<meta name=\"twitter:card\" content=\"summary_large_image\" \/>\n<meta name=\"twitter:label1\" content=\"Napisane przez\" \/>\n\t<meta name=\"twitter:data1\" content=\"admin\" \/>\n\t<meta name=\"twitter:label2\" content=\"Szacowany czas czytania\" \/>\n\t<meta name=\"twitter:data2\" content=\"2 minuty\" \/>\n<script type=\"application\/ld+json\" class=\"yoast-schema-graph\">{\"@context\":\"https:\\\/\\\/schema.org\",\"@graph\":[{\"@type\":\"Article\",\"@id\":\"https:\\\/\\\/spkeblowo.pl\\\/?p=9155#article\",\"isPartOf\":{\"@id\":\"https:\\\/\\\/spkeblowo.pl\\\/?p=9155\"},\"author\":{\"name\":\"admin\",\"@id\":\"https:\\\/\\\/spkeblowo.pl\\\/#\\\/schema\\\/person\\\/91f40d6dcc01a89bccab6d147a30874f\"},\"headline\":\"Wycieczka klas sz\u00f3stych do Torunia \u2013 podr\u00f3\u017c przez gwiazdy, zapach piernik\u00f3w i histori\u0119 miasta\",\"datePublished\":\"2025-06-17T06:11:15+00:00\",\"mainEntityOfPage\":{\"@id\":\"https:\\\/\\\/spkeblowo.pl\\\/?p=9155\"},\"wordCount\":309,\"publisher\":{\"@id\":\"https:\\\/\\\/spkeblowo.pl\\\/#organization\"},\"image\":{\"@id\":\"https:\\\/\\\/spkeblowo.pl\\\/?p=9155#primaryimage\"},\"thumbnailUrl\":\"https:\\\/\\\/spkeblowo.pl\\\/wp-content\\\/uploads\\\/2025\\\/06\\\/508520355_1167638765168764_8763659140580211049_n-1.jpg\",\"articleSection\":[\"Uncategorized\"],\"inLanguage\":\"pl-PL\"},{\"@type\":\"WebPage\",\"@id\":\"https:\\\/\\\/spkeblowo.pl\\\/?p=9155\",\"url\":\"https:\\\/\\\/spkeblowo.pl\\\/?p=9155\",\"name\":\"Wycieczka klas sz\u00f3stych do Torunia \u2013 podr\u00f3\u017c przez gwiazdy, zapach piernik\u00f3w i histori\u0119 miasta - Szko\u0142a Podstawowa im. Jana Paw\u0142a II w K\u0119b\u0142owie\",\"isPartOf\":{\"@id\":\"https:\\\/\\\/spkeblowo.pl\\\/#website\"},\"primaryImageOfPage\":{\"@id\":\"https:\\\/\\\/spkeblowo.pl\\\/?p=9155#primaryimage\"},\"image\":{\"@id\":\"https:\\\/\\\/spkeblowo.pl\\\/?p=9155#primaryimage\"},\"thumbnailUrl\":\"https:\\\/\\\/spkeblowo.pl\\\/wp-content\\\/uploads\\\/2025\\\/06\\\/508520355_1167638765168764_8763659140580211049_n-1.jpg\",\"datePublished\":\"2025-06-17T06:11:15+00:00\",\"breadcrumb\":{\"@id\":\"https:\\\/\\\/spkeblowo.pl\\\/?p=9155#breadcrumb\"},\"inLanguage\":\"pl-PL\",\"potentialAction\":[{\"@type\":\"ReadAction\",\"target\":[\"https:\\\/\\\/spkeblowo.pl\\\/?p=9155\"]}]},{\"@type\":\"ImageObject\",\"inLanguage\":\"pl-PL\",\"@id\":\"https:\\\/\\\/spkeblowo.pl\\\/?p=9155#primaryimage\",\"url\":\"https:\\\/\\\/spkeblowo.pl\\\/wp-content\\\/uploads\\\/2025\\\/06\\\/508520355_1167638765168764_8763659140580211049_n-1.jpg\",\"contentUrl\":\"https:\\\/\\\/spkeblowo.pl\\\/wp-content\\\/uploads\\\/2025\\\/06\\\/508520355_1167638765168764_8763659140580211049_n-1.jpg\",\"width\":976,\"height\":450},{\"@type\":\"BreadcrumbList\",\"@id\":\"https:\\\/\\\/spkeblowo.pl\\\/?p=9155#breadcrumb\",\"itemListElement\":[{\"@type\":\"ListItem\",\"position\":1,\"name\":\"Strona g\u0142\u00f3wna\",\"item\":\"https:\\\/\\\/spkeblowo.pl\\\/\"},{\"@type\":\"ListItem\",\"position\":2,\"name\":\"Wycieczka klas sz\u00f3stych do&nbsp;Torunia \u2013 podr\u00f3\u017c przez&nbsp;gwiazdy, zapach piernik\u00f3w i&nbsp;histori\u0119 miasta\"}]},{\"@type\":\"WebSite\",\"@id\":\"https:\\\/\\\/spkeblowo.pl\\\/#website\",\"url\":\"https:\\\/\\\/spkeblowo.pl\\\/\",\"name\":\"Szko\u0142a Podstawowa im. Jana Paw\u0142a II w K\u0119b\u0142owie\",\"description\":\"\",\"publisher\":{\"@id\":\"https:\\\/\\\/spkeblowo.pl\\\/#organization\"},\"potentialAction\":[{\"@type\":\"SearchAction\",\"target\":{\"@type\":\"EntryPoint\",\"urlTemplate\":\"https:\\\/\\\/spkeblowo.pl\\\/?s={search_term_string}\"},\"query-input\":{\"@type\":\"PropertyValueSpecification\",\"valueRequired\":true,\"valueName\":\"search_term_string\"}}],\"inLanguage\":\"pl-PL\"},{\"@type\":\"Organization\",\"@id\":\"https:\\\/\\\/spkeblowo.pl\\\/#organization\",\"name\":\"Szko\u0142a Podstawowa im. Jana Paw\u0142a II w K\u0119b\u0142owie\",\"url\":\"https:\\\/\\\/spkeblowo.pl\\\/\",\"logo\":{\"@type\":\"ImageObject\",\"inLanguage\":\"pl-PL\",\"@id\":\"https:\\\/\\\/spkeblowo.pl\\\/#\\\/schema\\\/logo\\\/image\\\/\",\"url\":\"https:\\\/\\\/spkeblowo.pl\\\/wp-content\\\/uploads\\\/2020\\\/03\\\/2-2.png\",\"contentUrl\":\"https:\\\/\\\/spkeblowo.pl\\\/wp-content\\\/uploads\\\/2020\\\/03\\\/2-2.png\",\"width\":1400,\"height\":350,\"caption\":\"Szko\u0142a Podstawowa im. Jana Paw\u0142a II w K\u0119b\u0142owie\"},\"image\":{\"@id\":\"https:\\\/\\\/spkeblowo.pl\\\/#\\\/schema\\\/logo\\\/image\\\/\"}},{\"@type\":\"Person\",\"@id\":\"https:\\\/\\\/spkeblowo.pl\\\/#\\\/schema\\\/person\\\/91f40d6dcc01a89bccab6d147a30874f\",\"name\":\"admin\",\"image\":{\"@type\":\"ImageObject\",\"inLanguage\":\"pl-PL\",\"@id\":\"https:\\\/\\\/secure.gravatar.com\\\/avatar\\\/a8792c5ea44a0bd480cdae637f0e5e453347ff27968eb8552bf193361ffde3ec?s=96&d=mm&r=g\",\"url\":\"https:\\\/\\\/secure.gravatar.com\\\/avatar\\\/a8792c5ea44a0bd480cdae637f0e5e453347ff27968eb8552bf193361ffde3ec?s=96&d=mm&r=g\",\"contentUrl\":\"https:\\\/\\\/secure.gravatar.com\\\/avatar\\\/a8792c5ea44a0bd480cdae637f0e5e453347ff27968eb8552bf193361ffde3ec?s=96&d=mm&r=g\",\"caption\":\"admin\"},\"url\":\"https:\\\/\\\/spkeblowo.pl\\\/?author=1\"}]}<\/script>\n<!-- \/ Yoast SEO plugin. -->","yoast_head_json":{"title":"Wycieczka klas sz\u00f3stych do Torunia \u2013 podr\u00f3\u017c przez gwiazdy, zapach piernik\u00f3w i histori\u0119 miasta - Szko\u0142a Podstawowa im. Jana Paw\u0142a II w K\u0119b\u0142owie","robots":{"index":"index","follow":"follow","max-snippet":"max-snippet:-1","max-image-preview":"max-image-preview:large","max-video-preview":"max-video-preview:-1"},"canonical":"https:\/\/spkeblowo.pl\/?p=9155","og_locale":"pl_PL","og_type":"article","og_title":"Wycieczka klas sz\u00f3stych do Torunia \u2013 podr\u00f3\u017c przez gwiazdy, zapach piernik\u00f3w i histori\u0119 miasta - Szko\u0142a Podstawowa im. Jana Paw\u0142a II w K\u0119b\u0142owie","og_description":"Uczniowie klas sz\u00f3stych naszej szko\u0142y wybrali si\u0119 na jednodniow\u0105 wycieczk\u0119 do jednego z najpi\u0119kniejszych miast w Polsce \u2013 Torunia. Program &hellip;","og_url":"https:\/\/spkeblowo.pl\/?p=9155","og_site_name":"Szko\u0142a Podstawowa im. Jana Paw\u0142a II w K\u0119b\u0142owie","article_published_time":"2025-06-17T06:11:15+00:00","og_image":[{"width":976,"height":450,"url":"https:\/\/spkeblowo.pl\/wp-content\/uploads\/2025\/06\/508520355_1167638765168764_8763659140580211049_n-1.jpg","type":"image\/jpeg"}],"author":"admin","twitter_card":"summary_large_image","twitter_misc":{"Napisane przez":"admin","Szacowany czas czytania":"2 minuty"},"schema":{"@context":"https:\/\/schema.org","@graph":[{"@type":"Article","@id":"https:\/\/spkeblowo.pl\/?p=9155#article","isPartOf":{"@id":"https:\/\/spkeblowo.pl\/?p=9155"},"author":{"name":"admin","@id":"https:\/\/spkeblowo.pl\/#\/schema\/person\/91f40d6dcc01a89bccab6d147a30874f"},"headline":"Wycieczka klas sz\u00f3stych do Torunia \u2013 podr\u00f3\u017c przez gwiazdy, zapach piernik\u00f3w i histori\u0119 miasta","datePublished":"2025-06-17T06:11:15+00:00","mainEntityOfPage":{"@id":"https:\/\/spkeblowo.pl\/?p=9155"},"wordCount":309,"publisher":{"@id":"https:\/\/spkeblowo.pl\/#organization"},"image":{"@id":"https:\/\/spkeblowo.pl\/?p=9155#primaryimage"},"thumbnailUrl":"https:\/\/spkeblowo.pl\/wp-content\/uploads\/2025\/06\/508520355_1167638765168764_8763659140580211049_n-1.jpg","articleSection":["Uncategorized"],"inLanguage":"pl-PL"},{"@type":"WebPage","@id":"https:\/\/spkeblowo.pl\/?p=9155","url":"https:\/\/spkeblowo.pl\/?p=9155","name":"Wycieczka klas sz\u00f3stych do Torunia \u2013 podr\u00f3\u017c przez gwiazdy, zapach piernik\u00f3w i histori\u0119 miasta - Szko\u0142a Podstawowa im. Jana Paw\u0142a II w K\u0119b\u0142owie","isPartOf":{"@id":"https:\/\/spkeblowo.pl\/#website"},"primaryImageOfPage":{"@id":"https:\/\/spkeblowo.pl\/?p=9155#primaryimage"},"image":{"@id":"https:\/\/spkeblowo.pl\/?p=9155#primaryimage"},"thumbnailUrl":"https:\/\/spkeblowo.pl\/wp-content\/uploads\/2025\/06\/508520355_1167638765168764_8763659140580211049_n-1.jpg","datePublished":"2025-06-17T06:11:15+00:00","breadcrumb":{"@id":"https:\/\/spkeblowo.pl\/?p=9155#breadcrumb"},"inLanguage":"pl-PL","potentialAction":[{"@type":"ReadAction","target":["https:\/\/spkeblowo.pl\/?p=9155"]}]},{"@type":"ImageObject","inLanguage":"pl-PL","@id":"https:\/\/spkeblowo.pl\/?p=9155#primaryimage","url":"https:\/\/spkeblowo.pl\/wp-content\/uploads\/2025\/06\/508520355_1167638765168764_8763659140580211049_n-1.jpg","contentUrl":"https:\/\/spkeblowo.pl\/wp-content\/uploads\/2025\/06\/508520355_1167638765168764_8763659140580211049_n-1.jpg","width":976,"height":450},{"@type":"BreadcrumbList","@id":"https:\/\/spkeblowo.pl\/?p=9155#breadcrumb","itemListElement":[{"@type":"ListItem","position":1,"name":"Strona g\u0142\u00f3wna","item":"https:\/\/spkeblowo.pl\/"},{"@type":"ListItem","position":2,"name":"Wycieczka klas sz\u00f3stych do&nbsp;Torunia \u2013 podr\u00f3\u017c przez&nbsp;gwiazdy, zapach piernik\u00f3w i&nbsp;histori\u0119 miasta"}]},{"@type":"WebSite","@id":"https:\/\/spkeblowo.pl\/#website","url":"https:\/\/spkeblowo.pl\/","name":"Szko\u0142a Podstawowa im. Jana Paw\u0142a II w K\u0119b\u0142owie","description":"","publisher":{"@id":"https:\/\/spkeblowo.pl\/#organization"},"potentialAction":[{"@type":"SearchAction","target":{"@type":"EntryPoint","urlTemplate":"https:\/\/spkeblowo.pl\/?s={search_term_string}"},"query-input":{"@type":"PropertyValueSpecification","valueRequired":true,"valueName":"search_term_string"}}],"inLanguage":"pl-PL"},{"@type":"Organization","@id":"https:\/\/spkeblowo.pl\/#organization","name":"Szko\u0142a Podstawowa im. Jana Paw\u0142a II w K\u0119b\u0142owie","url":"https:\/\/spkeblowo.pl\/","logo":{"@type":"ImageObject","inLanguage":"pl-PL","@id":"https:\/\/spkeblowo.pl\/#\/schema\/logo\/image\/","url":"https:\/\/spkeblowo.pl\/wp-content\/uploads\/2020\/03\/2-2.png","contentUrl":"https:\/\/spkeblowo.pl\/wp-content\/uploads\/2020\/03\/2-2.png","width":1400,"height":350,"caption":"Szko\u0142a Podstawowa im. Jana Paw\u0142a II w K\u0119b\u0142owie"},"image":{"@id":"https:\/\/spkeblowo.pl\/#\/schema\/logo\/image\/"}},{"@type":"Person","@id":"https:\/\/spkeblowo.pl\/#\/schema\/person\/91f40d6dcc01a89bccab6d147a30874f","name":"admin","image":{"@type":"ImageObject","inLanguage":"pl-PL","@id":"https:\/\/secure.gravatar.com\/avatar\/a8792c5ea44a0bd480cdae637f0e5e453347ff27968eb8552bf193361ffde3ec?s=96&d=mm&r=g","url":"https:\/\/secure.gravatar.com\/avatar\/a8792c5ea44a0bd480cdae637f0e5e453347ff27968eb8552bf193361ffde3ec?s=96&d=mm&r=g","contentUrl":"https:\/\/secure.gravatar.com\/avatar\/a8792c5ea44a0bd480cdae637f0e5e453347ff27968eb8552bf193361ffde3ec?s=96&d=mm&r=g","caption":"admin"},"url":"https:\/\/spkeblowo.pl\/?author=1"}]}},"_links":{"self":[{"href":"https:\/\/spkeblowo.pl\/index.php?rest_route=\/wp\/v2\/posts\/9155","targetHints":{"allow":["GET"]}}],"collection":[{"href":"https:\/\/spkeblowo.pl\/index.php?rest_route=\/wp\/v2\/posts"}],"about":[{"href":"https:\/\/spkeblowo.pl\/index.php?rest_route=\/wp\/v2\/types\/post"}],"author":[{"embeddable":true,"href":"https:\/\/spkeblowo.pl\/index.php?rest_route=\/wp\/v2\/users\/1"}],"replies":[{"embeddable":true,"href":"https:\/\/spkeblowo.pl\/index.php?rest_route=%2Fwp%2Fv2%2Fcomments&post=9155"}],"version-history":[{"count":1,"href":"https:\/\/spkeblowo.pl\/index.php?rest_route=\/wp\/v2\/posts\/9155\/revisions"}],"predecessor-version":[{"id":9159,"href":"https:\/\/spkeblowo.pl\/index.php?rest_route=\/wp\/v2\/posts\/9155\/revisions\/9159"}],"wp:featuredmedia":[{"embeddable":true,"href":"https:\/\/spkeblowo.pl\/index.php?rest_route=\/wp\/v2\/media\/9157"}],"wp:attachment":[{"href":"https:\/\/spkeblowo.pl\/index.php?rest_route=%2Fwp%2Fv2%2Fmedia&parent=9155"}],"wp:term":[{"taxonomy":"category","embeddable":true,"href":"https:\/\/spkeblowo.pl\/index.php?rest_route=%2Fwp%2Fv2%2Fcategories&post=9155"},{"taxonomy":"post_tag","embeddable":true,"href":"https:\/\/spkeblowo.pl\/index.php?rest_route=%2Fwp%2Fv2%2Ftags&post=9155"}],"curies":[{"name":"wp","href":"https:\/\/api.w.org\/{rel}","templated":true}]}}