{"id":9148,"date":"2025-06-16T11:17:15","date_gmt":"2025-06-16T09:17:15","guid":{"rendered":"http:\/\/spkeblowo.strefa.pl\/wordpress\/?p=9148"},"modified":"2025-06-16T13:46:29","modified_gmt":"2025-06-16T11:46:29","slug":"wiosennych-konfrontacjach-choralnych","status":"publish","type":"post","link":"https:\/\/spkeblowo.pl\/?p=9148","title":{"rendered":"Z\u0142oto dla szkolnego ch\u00f3ru"},"content":{"rendered":"<p>7. czerwca ch\u00f3rzy\u015bci z naszej szko\u0142y uczestniczyli w \u201cWiosennych Konfrontacjach Ch\u00f3ralnych\u201d regionu pomorskiego projektu \u201c\u015apiewaj\u0105ca Polska\u201d. Konkurs odbywa\u0142 si\u0119 w go\u015bcinnych murach Akademii Muzycznej w Gda\u0144sku, za\u015b adepci sztuki wokalnej prezentowali utwory przygotowane w minionym roku szkolnym. Ch\u00f3r zdoby\u0142 uznanie jury w osobach prof. dr hab. Aleksandry Gruczy &#8211; Rogalskiej i dr hab. Eweliny Boesche &#8211; Kopczy\u0144skiej, kt\u00f3re przyzna\u0142o Z\u0141OTE PASMO (94\/100 pkt) i specjalne wyr\u00f3\u017cnienie za walory brzmieniowe. Rado\u015bci nie by\u0142o ko\u0144ca, gdy\u017c jest to pierwsze z\u0142oto naszego ch\u00f3ru.<\/p>\n<p>Wyjazd do Gda\u0144ska mia\u0142 na celu nie tylko pokaz umiej\u0119tno\u015bci, ale by\u0142 r\u00f3wnie\u017c szans\u0105 na zacie\u015bnienie wi\u0119zi, rozmowy i wsp\u00f3lne sp\u0119dzenie czasu w Muzeum Iluzji. Czas w autokarze up\u0142yn\u0105\u0142 nam r\u00f3wnie\u017c na \u015bpiewie poznanych podczas warsztat\u00f3w przy\u015bpiewek i kanon\u00f3w.<br \/>\nDzi\u0119kujemy Radzie Rodzic\u00f3w oraz Pa\u0144stwu Konkol za sfinansowanie koszt\u00f3w podr\u00f3\u017cy.<\/p>\n<p>Cze\u015b\u0107 Pie\u015bni!<\/p>\n<p><a href=\"https:\/\/photos.app.goo.gl\/B2b9WNWbV2Bz8Ucj6\"><img fetchpriority=\"high\" decoding=\"async\" class=\"alignnone size-full wp-image-9149\" src=\"https:\/\/spkeblowo.pl\/wp-content\/uploads\/2025\/06\/910bf2d9-602e-484a-89be-f4078ff91e89.jpg\" alt=\"\" width=\"959\" height=\"539\" srcset=\"https:\/\/spkeblowo.pl\/wp-content\/uploads\/2025\/06\/910bf2d9-602e-484a-89be-f4078ff91e89.jpg 959w, https:\/\/spkeblowo.pl\/wp-content\/uploads\/2025\/06\/910bf2d9-602e-484a-89be-f4078ff91e89-300x169.jpg 300w, https:\/\/spkeblowo.pl\/wp-content\/uploads\/2025\/06\/910bf2d9-602e-484a-89be-f4078ff91e89-768x432.jpg 768w\" sizes=\"(max-width: 959px) 100vw, 959px\" \/><\/a><\/p>\n<p style=\"text-align: center;\"><a href=\"https:\/\/photos.app.goo.gl\/B2b9WNWbV2Bz8Ucj6\">GALERIA \u21d1<\/a><\/p>\n","protected":false},"excerpt":{"rendered":"<p>7. czerwca ch\u00f3rzy\u015bci z naszej szko\u0142y uczestniczyli w \u201cWiosennych Konfrontacjach Ch\u00f3ralnych\u201d regionu pomorskiego projektu \u201c\u015apiewaj\u0105ca Polska\u201d. Konkurs odbywa\u0142 si\u0119 w &hellip; <\/p>\n","protected":false},"author":1,"featured_media":9151,"comment_status":"closed","ping_status":"open","sticky":false,"template":"","format":"standard","meta":{"footnotes":""},"categories":[1],"tags":[],"class_list":["post-9148","post","type-post","status-publish","format-standard","has-post-thumbnail","hentry","category-uncategorized"],"yoast_head":"<!-- This site is optimized with the Yoast SEO plugin v27.5 - https:\/\/yoast.com\/product\/yoast-seo-wordpress\/ -->\n<title>Z\u0142oto dla szkolnego ch\u00f3ru - Szko\u0142a Podstawowa im. Jana Paw\u0142a II w K\u0119b\u0142owie<\/title>\n<meta name=\"robots\" content=\"index, follow, max-snippet:-1, max-image-preview:large, max-video-preview:-1\" \/>\n<link rel=\"canonical\" href=\"https:\/\/spkeblowo.pl\/?p=9148\" \/>\n<meta property=\"og:locale\" content=\"pl_PL\" \/>\n<meta property=\"og:type\" content=\"article\" \/>\n<meta property=\"og:title\" content=\"Z\u0142oto dla szkolnego ch\u00f3ru - Szko\u0142a Podstawowa im. Jana Paw\u0142a II w K\u0119b\u0142owie\" \/>\n<meta property=\"og:description\" content=\"7. czerwca ch\u00f3rzy\u015bci z naszej szko\u0142y uczestniczyli w \u201cWiosennych Konfrontacjach Ch\u00f3ralnych\u201d regionu pomorskiego projektu \u201c\u015apiewaj\u0105ca Polska\u201d. Konkurs odbywa\u0142 si\u0119 w &hellip;\" \/>\n<meta property=\"og:url\" content=\"https:\/\/spkeblowo.pl\/?p=9148\" \/>\n<meta property=\"og:site_name\" content=\"Szko\u0142a Podstawowa im. Jana Paw\u0142a II w K\u0119b\u0142owie\" \/>\n<meta property=\"article:published_time\" content=\"2025-06-16T09:17:15+00:00\" \/>\n<meta property=\"article:modified_time\" content=\"2025-06-16T11:46:29+00:00\" \/>\n<meta property=\"og:image\" content=\"https:\/\/spkeblowo.pl\/wp-content\/uploads\/2025\/06\/IMG_6030-2-1.jpg\" \/>\n\t<meta property=\"og:image:width\" content=\"1007\" \/>\n\t<meta property=\"og:image:height\" content=\"757\" \/>\n\t<meta property=\"og:image:type\" content=\"image\/jpeg\" \/>\n<meta name=\"author\" content=\"admin\" \/>\n<meta name=\"twitter:card\" content=\"summary_large_image\" \/>\n<meta name=\"twitter:label1\" content=\"Napisane przez\" \/>\n\t<meta name=\"twitter:data1\" content=\"admin\" \/>\n\t<meta name=\"twitter:label2\" content=\"Szacowany czas czytania\" \/>\n\t<meta name=\"twitter:data2\" content=\"1 minuta\" \/>\n<script type=\"application\/ld+json\" class=\"yoast-schema-graph\">{\"@context\":\"https:\\\/\\\/schema.org\",\"@graph\":[{\"@type\":\"Article\",\"@id\":\"https:\\\/\\\/spkeblowo.pl\\\/?p=9148#article\",\"isPartOf\":{\"@id\":\"https:\\\/\\\/spkeblowo.pl\\\/?p=9148\"},\"author\":{\"name\":\"admin\",\"@id\":\"https:\\\/\\\/spkeblowo.pl\\\/#\\\/schema\\\/person\\\/91f40d6dcc01a89bccab6d147a30874f\"},\"headline\":\"Z\u0142oto dla szkolnego ch\u00f3ru\",\"datePublished\":\"2025-06-16T09:17:15+00:00\",\"dateModified\":\"2025-06-16T11:46:29+00:00\",\"mainEntityOfPage\":{\"@id\":\"https:\\\/\\\/spkeblowo.pl\\\/?p=9148\"},\"wordCount\":173,\"publisher\":{\"@id\":\"https:\\\/\\\/spkeblowo.pl\\\/#organization\"},\"image\":{\"@id\":\"https:\\\/\\\/spkeblowo.pl\\\/?p=9148#primaryimage\"},\"thumbnailUrl\":\"https:\\\/\\\/spkeblowo.pl\\\/wp-content\\\/uploads\\\/2025\\\/06\\\/IMG_6030-2-1.jpg\",\"articleSection\":[\"Uncategorized\"],\"inLanguage\":\"pl-PL\"},{\"@type\":\"WebPage\",\"@id\":\"https:\\\/\\\/spkeblowo.pl\\\/?p=9148\",\"url\":\"https:\\\/\\\/spkeblowo.pl\\\/?p=9148\",\"name\":\"Z\u0142oto dla szkolnego ch\u00f3ru - Szko\u0142a Podstawowa im. Jana Paw\u0142a II w K\u0119b\u0142owie\",\"isPartOf\":{\"@id\":\"https:\\\/\\\/spkeblowo.pl\\\/#website\"},\"primaryImageOfPage\":{\"@id\":\"https:\\\/\\\/spkeblowo.pl\\\/?p=9148#primaryimage\"},\"image\":{\"@id\":\"https:\\\/\\\/spkeblowo.pl\\\/?p=9148#primaryimage\"},\"thumbnailUrl\":\"https:\\\/\\\/spkeblowo.pl\\\/wp-content\\\/uploads\\\/2025\\\/06\\\/IMG_6030-2-1.jpg\",\"datePublished\":\"2025-06-16T09:17:15+00:00\",\"dateModified\":\"2025-06-16T11:46:29+00:00\",\"breadcrumb\":{\"@id\":\"https:\\\/\\\/spkeblowo.pl\\\/?p=9148#breadcrumb\"},\"inLanguage\":\"pl-PL\",\"potentialAction\":[{\"@type\":\"ReadAction\",\"target\":[\"https:\\\/\\\/spkeblowo.pl\\\/?p=9148\"]}]},{\"@type\":\"ImageObject\",\"inLanguage\":\"pl-PL\",\"@id\":\"https:\\\/\\\/spkeblowo.pl\\\/?p=9148#primaryimage\",\"url\":\"https:\\\/\\\/spkeblowo.pl\\\/wp-content\\\/uploads\\\/2025\\\/06\\\/IMG_6030-2-1.jpg\",\"contentUrl\":\"https:\\\/\\\/spkeblowo.pl\\\/wp-content\\\/uploads\\\/2025\\\/06\\\/IMG_6030-2-1.jpg\",\"width\":1007,\"height\":757},{\"@type\":\"BreadcrumbList\",\"@id\":\"https:\\\/\\\/spkeblowo.pl\\\/?p=9148#breadcrumb\",\"itemListElement\":[{\"@type\":\"ListItem\",\"position\":1,\"name\":\"Strona g\u0142\u00f3wna\",\"item\":\"https:\\\/\\\/spkeblowo.pl\\\/\"},{\"@type\":\"ListItem\",\"position\":2,\"name\":\"Z\u0142oto dla szkolnego ch\u00f3ru\"}]},{\"@type\":\"WebSite\",\"@id\":\"https:\\\/\\\/spkeblowo.pl\\\/#website\",\"url\":\"https:\\\/\\\/spkeblowo.pl\\\/\",\"name\":\"Szko\u0142a Podstawowa im. Jana Paw\u0142a II w K\u0119b\u0142owie\",\"description\":\"\",\"publisher\":{\"@id\":\"https:\\\/\\\/spkeblowo.pl\\\/#organization\"},\"potentialAction\":[{\"@type\":\"SearchAction\",\"target\":{\"@type\":\"EntryPoint\",\"urlTemplate\":\"https:\\\/\\\/spkeblowo.pl\\\/?s={search_term_string}\"},\"query-input\":{\"@type\":\"PropertyValueSpecification\",\"valueRequired\":true,\"valueName\":\"search_term_string\"}}],\"inLanguage\":\"pl-PL\"},{\"@type\":\"Organization\",\"@id\":\"https:\\\/\\\/spkeblowo.pl\\\/#organization\",\"name\":\"Szko\u0142a Podstawowa im. Jana Paw\u0142a II w K\u0119b\u0142owie\",\"url\":\"https:\\\/\\\/spkeblowo.pl\\\/\",\"logo\":{\"@type\":\"ImageObject\",\"inLanguage\":\"pl-PL\",\"@id\":\"https:\\\/\\\/spkeblowo.pl\\\/#\\\/schema\\\/logo\\\/image\\\/\",\"url\":\"https:\\\/\\\/spkeblowo.pl\\\/wp-content\\\/uploads\\\/2020\\\/03\\\/2-2.png\",\"contentUrl\":\"https:\\\/\\\/spkeblowo.pl\\\/wp-content\\\/uploads\\\/2020\\\/03\\\/2-2.png\",\"width\":1400,\"height\":350,\"caption\":\"Szko\u0142a Podstawowa im. Jana Paw\u0142a II w K\u0119b\u0142owie\"},\"image\":{\"@id\":\"https:\\\/\\\/spkeblowo.pl\\\/#\\\/schema\\\/logo\\\/image\\\/\"}},{\"@type\":\"Person\",\"@id\":\"https:\\\/\\\/spkeblowo.pl\\\/#\\\/schema\\\/person\\\/91f40d6dcc01a89bccab6d147a30874f\",\"name\":\"admin\",\"image\":{\"@type\":\"ImageObject\",\"inLanguage\":\"pl-PL\",\"@id\":\"https:\\\/\\\/secure.gravatar.com\\\/avatar\\\/a8792c5ea44a0bd480cdae637f0e5e453347ff27968eb8552bf193361ffde3ec?s=96&d=mm&r=g\",\"url\":\"https:\\\/\\\/secure.gravatar.com\\\/avatar\\\/a8792c5ea44a0bd480cdae637f0e5e453347ff27968eb8552bf193361ffde3ec?s=96&d=mm&r=g\",\"contentUrl\":\"https:\\\/\\\/secure.gravatar.com\\\/avatar\\\/a8792c5ea44a0bd480cdae637f0e5e453347ff27968eb8552bf193361ffde3ec?s=96&d=mm&r=g\",\"caption\":\"admin\"},\"url\":\"https:\\\/\\\/spkeblowo.pl\\\/?author=1\"}]}<\/script>\n<!-- \/ Yoast SEO plugin. -->","yoast_head_json":{"title":"Z\u0142oto dla szkolnego ch\u00f3ru - Szko\u0142a Podstawowa im. Jana Paw\u0142a II w K\u0119b\u0142owie","robots":{"index":"index","follow":"follow","max-snippet":"max-snippet:-1","max-image-preview":"max-image-preview:large","max-video-preview":"max-video-preview:-1"},"canonical":"https:\/\/spkeblowo.pl\/?p=9148","og_locale":"pl_PL","og_type":"article","og_title":"Z\u0142oto dla szkolnego ch\u00f3ru - Szko\u0142a Podstawowa im. Jana Paw\u0142a II w K\u0119b\u0142owie","og_description":"7. czerwca ch\u00f3rzy\u015bci z naszej szko\u0142y uczestniczyli w \u201cWiosennych Konfrontacjach Ch\u00f3ralnych\u201d regionu pomorskiego projektu \u201c\u015apiewaj\u0105ca Polska\u201d. Konkurs odbywa\u0142 si\u0119 w &hellip;","og_url":"https:\/\/spkeblowo.pl\/?p=9148","og_site_name":"Szko\u0142a Podstawowa im. Jana Paw\u0142a II w K\u0119b\u0142owie","article_published_time":"2025-06-16T09:17:15+00:00","article_modified_time":"2025-06-16T11:46:29+00:00","og_image":[{"width":1007,"height":757,"url":"https:\/\/spkeblowo.pl\/wp-content\/uploads\/2025\/06\/IMG_6030-2-1.jpg","type":"image\/jpeg"}],"author":"admin","twitter_card":"summary_large_image","twitter_misc":{"Napisane przez":"admin","Szacowany czas czytania":"1 minuta"},"schema":{"@context":"https:\/\/schema.org","@graph":[{"@type":"Article","@id":"https:\/\/spkeblowo.pl\/?p=9148#article","isPartOf":{"@id":"https:\/\/spkeblowo.pl\/?p=9148"},"author":{"name":"admin","@id":"https:\/\/spkeblowo.pl\/#\/schema\/person\/91f40d6dcc01a89bccab6d147a30874f"},"headline":"Z\u0142oto dla szkolnego ch\u00f3ru","datePublished":"2025-06-16T09:17:15+00:00","dateModified":"2025-06-16T11:46:29+00:00","mainEntityOfPage":{"@id":"https:\/\/spkeblowo.pl\/?p=9148"},"wordCount":173,"publisher":{"@id":"https:\/\/spkeblowo.pl\/#organization"},"image":{"@id":"https:\/\/spkeblowo.pl\/?p=9148#primaryimage"},"thumbnailUrl":"https:\/\/spkeblowo.pl\/wp-content\/uploads\/2025\/06\/IMG_6030-2-1.jpg","articleSection":["Uncategorized"],"inLanguage":"pl-PL"},{"@type":"WebPage","@id":"https:\/\/spkeblowo.pl\/?p=9148","url":"https:\/\/spkeblowo.pl\/?p=9148","name":"Z\u0142oto dla szkolnego ch\u00f3ru - Szko\u0142a Podstawowa im. Jana Paw\u0142a II w K\u0119b\u0142owie","isPartOf":{"@id":"https:\/\/spkeblowo.pl\/#website"},"primaryImageOfPage":{"@id":"https:\/\/spkeblowo.pl\/?p=9148#primaryimage"},"image":{"@id":"https:\/\/spkeblowo.pl\/?p=9148#primaryimage"},"thumbnailUrl":"https:\/\/spkeblowo.pl\/wp-content\/uploads\/2025\/06\/IMG_6030-2-1.jpg","datePublished":"2025-06-16T09:17:15+00:00","dateModified":"2025-06-16T11:46:29+00:00","breadcrumb":{"@id":"https:\/\/spkeblowo.pl\/?p=9148#breadcrumb"},"inLanguage":"pl-PL","potentialAction":[{"@type":"ReadAction","target":["https:\/\/spkeblowo.pl\/?p=9148"]}]},{"@type":"ImageObject","inLanguage":"pl-PL","@id":"https:\/\/spkeblowo.pl\/?p=9148#primaryimage","url":"https:\/\/spkeblowo.pl\/wp-content\/uploads\/2025\/06\/IMG_6030-2-1.jpg","contentUrl":"https:\/\/spkeblowo.pl\/wp-content\/uploads\/2025\/06\/IMG_6030-2-1.jpg","width":1007,"height":757},{"@type":"BreadcrumbList","@id":"https:\/\/spkeblowo.pl\/?p=9148#breadcrumb","itemListElement":[{"@type":"ListItem","position":1,"name":"Strona g\u0142\u00f3wna","item":"https:\/\/spkeblowo.pl\/"},{"@type":"ListItem","position":2,"name":"Z\u0142oto dla szkolnego ch\u00f3ru"}]},{"@type":"WebSite","@id":"https:\/\/spkeblowo.pl\/#website","url":"https:\/\/spkeblowo.pl\/","name":"Szko\u0142a Podstawowa im. Jana Paw\u0142a II w K\u0119b\u0142owie","description":"","publisher":{"@id":"https:\/\/spkeblowo.pl\/#organization"},"potentialAction":[{"@type":"SearchAction","target":{"@type":"EntryPoint","urlTemplate":"https:\/\/spkeblowo.pl\/?s={search_term_string}"},"query-input":{"@type":"PropertyValueSpecification","valueRequired":true,"valueName":"search_term_string"}}],"inLanguage":"pl-PL"},{"@type":"Organization","@id":"https:\/\/spkeblowo.pl\/#organization","name":"Szko\u0142a Podstawowa im. Jana Paw\u0142a II w K\u0119b\u0142owie","url":"https:\/\/spkeblowo.pl\/","logo":{"@type":"ImageObject","inLanguage":"pl-PL","@id":"https:\/\/spkeblowo.pl\/#\/schema\/logo\/image\/","url":"https:\/\/spkeblowo.pl\/wp-content\/uploads\/2020\/03\/2-2.png","contentUrl":"https:\/\/spkeblowo.pl\/wp-content\/uploads\/2020\/03\/2-2.png","width":1400,"height":350,"caption":"Szko\u0142a Podstawowa im. Jana Paw\u0142a II w K\u0119b\u0142owie"},"image":{"@id":"https:\/\/spkeblowo.pl\/#\/schema\/logo\/image\/"}},{"@type":"Person","@id":"https:\/\/spkeblowo.pl\/#\/schema\/person\/91f40d6dcc01a89bccab6d147a30874f","name":"admin","image":{"@type":"ImageObject","inLanguage":"pl-PL","@id":"https:\/\/secure.gravatar.com\/avatar\/a8792c5ea44a0bd480cdae637f0e5e453347ff27968eb8552bf193361ffde3ec?s=96&d=mm&r=g","url":"https:\/\/secure.gravatar.com\/avatar\/a8792c5ea44a0bd480cdae637f0e5e453347ff27968eb8552bf193361ffde3ec?s=96&d=mm&r=g","contentUrl":"https:\/\/secure.gravatar.com\/avatar\/a8792c5ea44a0bd480cdae637f0e5e453347ff27968eb8552bf193361ffde3ec?s=96&d=mm&r=g","caption":"admin"},"url":"https:\/\/spkeblowo.pl\/?author=1"}]}},"_links":{"self":[{"href":"https:\/\/spkeblowo.pl\/index.php?rest_route=\/wp\/v2\/posts\/9148","targetHints":{"allow":["GET"]}}],"collection":[{"href":"https:\/\/spkeblowo.pl\/index.php?rest_route=\/wp\/v2\/posts"}],"about":[{"href":"https:\/\/spkeblowo.pl\/index.php?rest_route=\/wp\/v2\/types\/post"}],"author":[{"embeddable":true,"href":"https:\/\/spkeblowo.pl\/index.php?rest_route=\/wp\/v2\/users\/1"}],"replies":[{"embeddable":true,"href":"https:\/\/spkeblowo.pl\/index.php?rest_route=%2Fwp%2Fv2%2Fcomments&post=9148"}],"version-history":[{"count":2,"href":"https:\/\/spkeblowo.pl\/index.php?rest_route=\/wp\/v2\/posts\/9148\/revisions"}],"predecessor-version":[{"id":9153,"href":"https:\/\/spkeblowo.pl\/index.php?rest_route=\/wp\/v2\/posts\/9148\/revisions\/9153"}],"wp:featuredmedia":[{"embeddable":true,"href":"https:\/\/spkeblowo.pl\/index.php?rest_route=\/wp\/v2\/media\/9151"}],"wp:attachment":[{"href":"https:\/\/spkeblowo.pl\/index.php?rest_route=%2Fwp%2Fv2%2Fmedia&parent=9148"}],"wp:term":[{"taxonomy":"category","embeddable":true,"href":"https:\/\/spkeblowo.pl\/index.php?rest_route=%2Fwp%2Fv2%2Fcategories&post=9148"},{"taxonomy":"post_tag","embeddable":true,"href":"https:\/\/spkeblowo.pl\/index.php?rest_route=%2Fwp%2Fv2%2Ftags&post=9148"}],"curies":[{"name":"wp","href":"https:\/\/api.w.org\/{rel}","templated":true}]}}