{"id":9136,"date":"2025-06-10T09:26:06","date_gmt":"2025-06-10T07:26:06","guid":{"rendered":"http:\/\/spkeblowo.strefa.pl\/wordpress\/?p=9136"},"modified":"2025-06-11T14:29:11","modified_gmt":"2025-06-11T12:29:11","slug":"xviii-dekanalny-konkurs-o-janie-pawle-ii-w-szkole-podstawowej-w-keblowie","status":"publish","type":"post","link":"https:\/\/spkeblowo.pl\/?p=9136","title":{"rendered":"XVIII Dekanalny Konkurs o Janie Pawle II w Szkole Podstawowej w K\u0119b\u0142owie"},"content":{"rendered":"<div>W dniu 22 maja 2025 roku w Szkole Podstawowej w K\u0119b\u0142owie odby\u0142 si\u0119 XVIII Dekanalny Konkurs o Janie Pawle II. Wydarzenie to na sta\u0142e wpisa\u0142o si\u0119 w kalendarz szkolnych inicjatyw, piel\u0119gnuj\u0105c pami\u0119\u0107 o Papie\u017cu Polaku i promuj\u0105c warto\u015bci, kt\u00f3re g\u0142osi\u0142. Konkurs jest tak\u017ce okazj\u0105 do artystycznej i duchowej refleksji nad jego nauczaniem.<\/div>\n<div>M\u0142odsi uczniowie z klas I\u2013III wzi\u0119li udzia\u0142 w konkursie plastycznym pod has\u0142em \u201eEwangelia staro\u015bci i cierpienia\u201d. Tematyka konkursu nawi\u0105zywa\u0142a do jednego z wa\u017cnych aspekt\u00f3w nauczania papie\u017ca \u2013 troski o osoby starsze, cierpi\u0105ce i potrzebuj\u0105ce wsparcia. Dzieci przedstawi\u0142y swoje rozumienie empatii, wsp\u00f3\u0142czucia oraz duchowej si\u0142y, kt\u00f3ra p\u0142ynie z wiary w trudnych momentach \u017cycia. Swoje prace zaprezentowali reprezentanci szk\u00f3\u0142 z G\u00f3ry, Sychowa, Wyszecina, K\u0119b\u0142owa oraz SP nr 1 w Luzinie. Komisja konkursowa, w sk\u0142adzie Pani Gra\u017cyna Malak i Pani Patrycja Kruk, oceni\u0142a prace plastyczne i wy\u0142oni\u0142a zwyci\u0119zc\u00f3w:<\/div>\n<div>Klasy I:<\/div>\n<div>\u00a0\u00a0\u00a0 \u2022 I miejsce \u2013 Marcelina Sirocka (SP Sychowo)<\/div>\n<div>\u00a0\u00a0\u00a0 \u2022 II miejsce \u2013 Klaudia Brunke (SP Wyszecino)<\/div>\n<div>\u00a0\u00a0\u00a0 \u2022 III miejsce \u2013 Cezary Bagi\u0144ski (SP K\u0119b\u0142owo)<\/div>\n<div>Klasy II:<\/div>\n<div>\u00a0\u00a0\u00a0 \u2022 I miejsce \u2013 Karolina Ko\u0142odziejska (SP Sychowo)<\/div>\n<div>\u00a0\u00a0\u00a0 \u2022 II miejsce \u2013 Anna Klawikowska (SP nr 1 Luzino)<\/div>\n<div>\u00a0\u00a0\u00a0 \u2022 III miejsce \u2013 Stanis\u0142aw Konkol (SP K\u0119b\u0142owo)<\/div>\n<div>Klasy III:<\/div>\n<div>\u00a0\u00a0\u00a0 \u2022 I miejsce \u2013 Emilia Maszota (SP G\u00f3ra)<\/div>\n<div>\u00a0\u00a0\u00a0 \u2022 II miejsce \u2013 Szymon Bojke (SP Wyszecino)<\/div>\n<div>\u00a0\u00a0\u00a0 \u2022 III miejsce \u2013 Maja Anisiewicz (SP nr 1 Luzino)<\/div>\n<div>Uczniowie klas IV\u2013VIII zmierzyli si\u0119 w konkursie recytatorskim pt. \u201eJan Pawe\u0142 II\u201d. Opr\u00f3cz starannie dobranych utwor\u00f3w, uczestnicy zadbali r\u00f3wnie\u017c o odpowiednie stroje i rekwizyty, podkre\u015blaj\u0105ce tematyk\u0119 prezentowanych wierszy. Wyst\u0119py uczestnik\u00f3w dostarczy\u0142y publiczno\u015bci wielu wzrusze\u0144. Jury w sk\u0142adzie Pani Bogumi\u0142a Sajnok oraz Pani Paula Semak przyzna\u0142o nagrody w dw\u00f3ch kategoriach wiekowych:<\/div>\n<div>Klasy IV\u2013VI:<\/div>\n<div>\u00a0\u00a0\u00a0 \u2022 I miejsce \u2013 Maja Mroch (SP Sychowo)<\/div>\n<div>\u00a0\u00a0\u00a0 \u2022 II miejsce \u2013 Patrycja Gruba<\/div>\n<div>\u00a0\u00a0\u00a0 \u2022 III miejsce \u2013 Ma\u0142gorzata Orlikowska (SP K\u0119b\u0142owo)<\/div>\n<div>Klasy VII\u2013VIII:<\/div>\n<div>\u00a0\u00a0\u00a0 \u2022 I miejsce \u2013 Blanka Kreft (SP Wyszecino)<\/div>\n<div>\u00a0\u00a0\u00a0 \u2022 II miejsce \u2013 Oliwia Taube (SP Sychowo)<\/div>\n<div>\u00a0\u00a0\u00a0 \u2022 III miejsce \u2013 Weronika Janeczk (SP nr 1 Luzino)<\/div>\n<div>Ca\u0142e wydarzenie przebieg\u0142o w ciep\u0142ej, \u017cyczliwej atmosferze. By\u0142o nie tylko okazj\u0105 do rywalizacji, ale przede wszystkim do wsp\u00f3lnego prze\u017cywania warto\u015bci, kt\u00f3re by\u0142y bliskie sercu Jana Paw\u0142a II \u2013 mi\u0142o\u015bci, solidarno\u015bci, szacunku do drugiego cz\u0142owieka oraz potrzeby dzielenia si\u0119 dobrem. Uczniowie, nauczyciele, cz\u0142onkowie jury oraz zaproszeni go\u015bcie mogli poczu\u0107, \u017ce nauczanie Papie\u017ca Polaka wci\u0105\u017c jest \u017cywe i obecne w sercach m\u0142odego pokolenia.<\/div>\n<div>Organizatorzy konkursu dzi\u0119kuj\u0105 wszystkim szko\u0142om za zaanga\u017cowanie, a uczestnikom gratuluj\u0105 talentu, odwagi i serca w\u0142o\u017conego w przygotowania. Spotkanie zako\u0144czy\u0142o si\u0119 wsp\u00f3lnym zdj\u0119ciem oraz symbolicznymi upominkami dla wszystkich uczestnik\u00f3w.<\/div>\n<div>Gratulacje dla laureat\u00f3w oraz wszystkich dzieci i m\u0142odzie\u017cy, kt\u00f3rzy wzi\u0119li udzia\u0142 w tym wyj\u0105tkowym wydarzeniu!<\/div>\n<div style=\"text-align: center;\"><a href=\"https:\/\/photos.app.goo.gl\/Z5eu4h6ncTGjgJQe9\"><img fetchpriority=\"high\" decoding=\"async\" class=\"alignnone size-full wp-image-9141\" src=\"https:\/\/spkeblowo.pl\/wp-content\/uploads\/2025\/06\/DSCF5190.jpg\" alt=\"\" width=\"816\" height=\"612\" srcset=\"https:\/\/spkeblowo.pl\/wp-content\/uploads\/2025\/06\/DSCF5190.jpg 816w, https:\/\/spkeblowo.pl\/wp-content\/uploads\/2025\/06\/DSCF5190-300x225.jpg 300w, https:\/\/spkeblowo.pl\/wp-content\/uploads\/2025\/06\/DSCF5190-768x576.jpg 768w\" sizes=\"(max-width: 816px) 100vw, 816px\" \/><\/a><\/div>\n<div><\/div>\n<div style=\"text-align: center;\"><a href=\"https:\/\/photos.app.goo.gl\/Z5eu4h6ncTGjgJQe9\"><strong>GALERIA<\/strong><\/a><\/div>\n","protected":false},"excerpt":{"rendered":"<p>W dniu 22 maja 2025 roku w Szkole Podstawowej w K\u0119b\u0142owie odby\u0142 si\u0119 XVIII Dekanalny Konkurs o Janie Pawle II. &hellip; <\/p>\n","protected":false},"author":1,"featured_media":0,"comment_status":"closed","ping_status":"open","sticky":false,"template":"","format":"standard","meta":{"footnotes":""},"categories":[1],"tags":[],"class_list":["post-9136","post","type-post","status-publish","format-standard","hentry","category-uncategorized"],"yoast_head":"<!-- This site is optimized with the Yoast SEO plugin v27.5 - https:\/\/yoast.com\/product\/yoast-seo-wordpress\/ -->\n<title>XVIII Dekanalny Konkurs o Janie Pawle II w Szkole Podstawowej w K\u0119b\u0142owie - Szko\u0142a Podstawowa im. Jana Paw\u0142a II w K\u0119b\u0142owie<\/title>\n<meta name=\"robots\" content=\"index, follow, max-snippet:-1, max-image-preview:large, max-video-preview:-1\" \/>\n<link rel=\"canonical\" href=\"https:\/\/spkeblowo.pl\/?p=9136\" \/>\n<meta property=\"og:locale\" content=\"pl_PL\" \/>\n<meta property=\"og:type\" content=\"article\" \/>\n<meta property=\"og:title\" content=\"XVIII Dekanalny Konkurs o Janie Pawle II w Szkole Podstawowej w K\u0119b\u0142owie - Szko\u0142a Podstawowa im. Jana Paw\u0142a II w K\u0119b\u0142owie\" \/>\n<meta property=\"og:description\" content=\"W dniu 22 maja 2025 roku w Szkole Podstawowej w K\u0119b\u0142owie odby\u0142 si\u0119 XVIII Dekanalny Konkurs o Janie Pawle II. &hellip;\" \/>\n<meta property=\"og:url\" content=\"https:\/\/spkeblowo.pl\/?p=9136\" \/>\n<meta property=\"og:site_name\" content=\"Szko\u0142a Podstawowa im. Jana Paw\u0142a II w K\u0119b\u0142owie\" \/>\n<meta property=\"article:published_time\" content=\"2025-06-10T07:26:06+00:00\" \/>\n<meta property=\"article:modified_time\" content=\"2025-06-11T12:29:11+00:00\" \/>\n<meta property=\"og:image\" content=\"https:\/\/spkeblowo.pl\/wp-content\/uploads\/2025\/06\/DSCF5190.jpg\" \/>\n<meta name=\"author\" content=\"admin\" \/>\n<meta name=\"twitter:card\" content=\"summary_large_image\" \/>\n<meta name=\"twitter:label1\" content=\"Napisane przez\" \/>\n\t<meta name=\"twitter:data1\" content=\"admin\" \/>\n\t<meta name=\"twitter:label2\" content=\"Szacowany czas czytania\" \/>\n\t<meta name=\"twitter:data2\" content=\"3 minuty\" \/>\n<script type=\"application\/ld+json\" class=\"yoast-schema-graph\">{\"@context\":\"https:\\\/\\\/schema.org\",\"@graph\":[{\"@type\":\"Article\",\"@id\":\"https:\\\/\\\/spkeblowo.pl\\\/?p=9136#article\",\"isPartOf\":{\"@id\":\"https:\\\/\\\/spkeblowo.pl\\\/?p=9136\"},\"author\":{\"name\":\"admin\",\"@id\":\"https:\\\/\\\/spkeblowo.pl\\\/#\\\/schema\\\/person\\\/91f40d6dcc01a89bccab6d147a30874f\"},\"headline\":\"XVIII Dekanalny Konkurs o Janie Pawle II w Szkole Podstawowej w K\u0119b\u0142owie\",\"datePublished\":\"2025-06-10T07:26:06+00:00\",\"dateModified\":\"2025-06-11T12:29:11+00:00\",\"mainEntityOfPage\":{\"@id\":\"https:\\\/\\\/spkeblowo.pl\\\/?p=9136\"},\"wordCount\":502,\"publisher\":{\"@id\":\"https:\\\/\\\/spkeblowo.pl\\\/#organization\"},\"image\":{\"@id\":\"https:\\\/\\\/spkeblowo.pl\\\/?p=9136#primaryimage\"},\"thumbnailUrl\":\"https:\\\/\\\/spkeblowo.pl\\\/wp-content\\\/uploads\\\/2025\\\/06\\\/DSCF5190.jpg\",\"articleSection\":[\"Uncategorized\"],\"inLanguage\":\"pl-PL\"},{\"@type\":\"WebPage\",\"@id\":\"https:\\\/\\\/spkeblowo.pl\\\/?p=9136\",\"url\":\"https:\\\/\\\/spkeblowo.pl\\\/?p=9136\",\"name\":\"XVIII Dekanalny Konkurs o Janie Pawle II w Szkole Podstawowej w K\u0119b\u0142owie - Szko\u0142a Podstawowa im. Jana Paw\u0142a II w K\u0119b\u0142owie\",\"isPartOf\":{\"@id\":\"https:\\\/\\\/spkeblowo.pl\\\/#website\"},\"primaryImageOfPage\":{\"@id\":\"https:\\\/\\\/spkeblowo.pl\\\/?p=9136#primaryimage\"},\"image\":{\"@id\":\"https:\\\/\\\/spkeblowo.pl\\\/?p=9136#primaryimage\"},\"thumbnailUrl\":\"https:\\\/\\\/spkeblowo.pl\\\/wp-content\\\/uploads\\\/2025\\\/06\\\/DSCF5190.jpg\",\"datePublished\":\"2025-06-10T07:26:06+00:00\",\"dateModified\":\"2025-06-11T12:29:11+00:00\",\"breadcrumb\":{\"@id\":\"https:\\\/\\\/spkeblowo.pl\\\/?p=9136#breadcrumb\"},\"inLanguage\":\"pl-PL\",\"potentialAction\":[{\"@type\":\"ReadAction\",\"target\":[\"https:\\\/\\\/spkeblowo.pl\\\/?p=9136\"]}]},{\"@type\":\"ImageObject\",\"inLanguage\":\"pl-PL\",\"@id\":\"https:\\\/\\\/spkeblowo.pl\\\/?p=9136#primaryimage\",\"url\":\"https:\\\/\\\/spkeblowo.pl\\\/wp-content\\\/uploads\\\/2025\\\/06\\\/DSCF5190.jpg\",\"contentUrl\":\"https:\\\/\\\/spkeblowo.pl\\\/wp-content\\\/uploads\\\/2025\\\/06\\\/DSCF5190.jpg\",\"width\":816,\"height\":612},{\"@type\":\"BreadcrumbList\",\"@id\":\"https:\\\/\\\/spkeblowo.pl\\\/?p=9136#breadcrumb\",\"itemListElement\":[{\"@type\":\"ListItem\",\"position\":1,\"name\":\"Strona g\u0142\u00f3wna\",\"item\":\"https:\\\/\\\/spkeblowo.pl\\\/\"},{\"@type\":\"ListItem\",\"position\":2,\"name\":\"XVIII Dekanalny Konkurs o Janie Pawle II w Szkole Podstawowej w K\u0119b\u0142owie\"}]},{\"@type\":\"WebSite\",\"@id\":\"https:\\\/\\\/spkeblowo.pl\\\/#website\",\"url\":\"https:\\\/\\\/spkeblowo.pl\\\/\",\"name\":\"Szko\u0142a Podstawowa im. Jana Paw\u0142a II w K\u0119b\u0142owie\",\"description\":\"\",\"publisher\":{\"@id\":\"https:\\\/\\\/spkeblowo.pl\\\/#organization\"},\"potentialAction\":[{\"@type\":\"SearchAction\",\"target\":{\"@type\":\"EntryPoint\",\"urlTemplate\":\"https:\\\/\\\/spkeblowo.pl\\\/?s={search_term_string}\"},\"query-input\":{\"@type\":\"PropertyValueSpecification\",\"valueRequired\":true,\"valueName\":\"search_term_string\"}}],\"inLanguage\":\"pl-PL\"},{\"@type\":\"Organization\",\"@id\":\"https:\\\/\\\/spkeblowo.pl\\\/#organization\",\"name\":\"Szko\u0142a Podstawowa im. Jana Paw\u0142a II w K\u0119b\u0142owie\",\"url\":\"https:\\\/\\\/spkeblowo.pl\\\/\",\"logo\":{\"@type\":\"ImageObject\",\"inLanguage\":\"pl-PL\",\"@id\":\"https:\\\/\\\/spkeblowo.pl\\\/#\\\/schema\\\/logo\\\/image\\\/\",\"url\":\"https:\\\/\\\/spkeblowo.pl\\\/wp-content\\\/uploads\\\/2020\\\/03\\\/2-2.png\",\"contentUrl\":\"https:\\\/\\\/spkeblowo.pl\\\/wp-content\\\/uploads\\\/2020\\\/03\\\/2-2.png\",\"width\":1400,\"height\":350,\"caption\":\"Szko\u0142a Podstawowa im. Jana Paw\u0142a II w K\u0119b\u0142owie\"},\"image\":{\"@id\":\"https:\\\/\\\/spkeblowo.pl\\\/#\\\/schema\\\/logo\\\/image\\\/\"}},{\"@type\":\"Person\",\"@id\":\"https:\\\/\\\/spkeblowo.pl\\\/#\\\/schema\\\/person\\\/91f40d6dcc01a89bccab6d147a30874f\",\"name\":\"admin\",\"image\":{\"@type\":\"ImageObject\",\"inLanguage\":\"pl-PL\",\"@id\":\"https:\\\/\\\/secure.gravatar.com\\\/avatar\\\/a8792c5ea44a0bd480cdae637f0e5e453347ff27968eb8552bf193361ffde3ec?s=96&d=mm&r=g\",\"url\":\"https:\\\/\\\/secure.gravatar.com\\\/avatar\\\/a8792c5ea44a0bd480cdae637f0e5e453347ff27968eb8552bf193361ffde3ec?s=96&d=mm&r=g\",\"contentUrl\":\"https:\\\/\\\/secure.gravatar.com\\\/avatar\\\/a8792c5ea44a0bd480cdae637f0e5e453347ff27968eb8552bf193361ffde3ec?s=96&d=mm&r=g\",\"caption\":\"admin\"},\"url\":\"https:\\\/\\\/spkeblowo.pl\\\/?author=1\"}]}<\/script>\n<!-- \/ Yoast SEO plugin. -->","yoast_head_json":{"title":"XVIII Dekanalny Konkurs o Janie Pawle II w Szkole Podstawowej w K\u0119b\u0142owie - Szko\u0142a Podstawowa im. Jana Paw\u0142a II w K\u0119b\u0142owie","robots":{"index":"index","follow":"follow","max-snippet":"max-snippet:-1","max-image-preview":"max-image-preview:large","max-video-preview":"max-video-preview:-1"},"canonical":"https:\/\/spkeblowo.pl\/?p=9136","og_locale":"pl_PL","og_type":"article","og_title":"XVIII Dekanalny Konkurs o Janie Pawle II w Szkole Podstawowej w K\u0119b\u0142owie - Szko\u0142a Podstawowa im. Jana Paw\u0142a II w K\u0119b\u0142owie","og_description":"W dniu 22 maja 2025 roku w Szkole Podstawowej w K\u0119b\u0142owie odby\u0142 si\u0119 XVIII Dekanalny Konkurs o Janie Pawle II. &hellip;","og_url":"https:\/\/spkeblowo.pl\/?p=9136","og_site_name":"Szko\u0142a Podstawowa im. Jana Paw\u0142a II w K\u0119b\u0142owie","article_published_time":"2025-06-10T07:26:06+00:00","article_modified_time":"2025-06-11T12:29:11+00:00","og_image":[{"url":"https:\/\/spkeblowo.pl\/wp-content\/uploads\/2025\/06\/DSCF5190.jpg","type":"","width":"","height":""}],"author":"admin","twitter_card":"summary_large_image","twitter_misc":{"Napisane przez":"admin","Szacowany czas czytania":"3 minuty"},"schema":{"@context":"https:\/\/schema.org","@graph":[{"@type":"Article","@id":"https:\/\/spkeblowo.pl\/?p=9136#article","isPartOf":{"@id":"https:\/\/spkeblowo.pl\/?p=9136"},"author":{"name":"admin","@id":"https:\/\/spkeblowo.pl\/#\/schema\/person\/91f40d6dcc01a89bccab6d147a30874f"},"headline":"XVIII Dekanalny Konkurs o Janie Pawle II w Szkole Podstawowej w K\u0119b\u0142owie","datePublished":"2025-06-10T07:26:06+00:00","dateModified":"2025-06-11T12:29:11+00:00","mainEntityOfPage":{"@id":"https:\/\/spkeblowo.pl\/?p=9136"},"wordCount":502,"publisher":{"@id":"https:\/\/spkeblowo.pl\/#organization"},"image":{"@id":"https:\/\/spkeblowo.pl\/?p=9136#primaryimage"},"thumbnailUrl":"https:\/\/spkeblowo.pl\/wp-content\/uploads\/2025\/06\/DSCF5190.jpg","articleSection":["Uncategorized"],"inLanguage":"pl-PL"},{"@type":"WebPage","@id":"https:\/\/spkeblowo.pl\/?p=9136","url":"https:\/\/spkeblowo.pl\/?p=9136","name":"XVIII Dekanalny Konkurs o Janie Pawle II w Szkole Podstawowej w K\u0119b\u0142owie - Szko\u0142a Podstawowa im. Jana Paw\u0142a II w K\u0119b\u0142owie","isPartOf":{"@id":"https:\/\/spkeblowo.pl\/#website"},"primaryImageOfPage":{"@id":"https:\/\/spkeblowo.pl\/?p=9136#primaryimage"},"image":{"@id":"https:\/\/spkeblowo.pl\/?p=9136#primaryimage"},"thumbnailUrl":"https:\/\/spkeblowo.pl\/wp-content\/uploads\/2025\/06\/DSCF5190.jpg","datePublished":"2025-06-10T07:26:06+00:00","dateModified":"2025-06-11T12:29:11+00:00","breadcrumb":{"@id":"https:\/\/spkeblowo.pl\/?p=9136#breadcrumb"},"inLanguage":"pl-PL","potentialAction":[{"@type":"ReadAction","target":["https:\/\/spkeblowo.pl\/?p=9136"]}]},{"@type":"ImageObject","inLanguage":"pl-PL","@id":"https:\/\/spkeblowo.pl\/?p=9136#primaryimage","url":"https:\/\/spkeblowo.pl\/wp-content\/uploads\/2025\/06\/DSCF5190.jpg","contentUrl":"https:\/\/spkeblowo.pl\/wp-content\/uploads\/2025\/06\/DSCF5190.jpg","width":816,"height":612},{"@type":"BreadcrumbList","@id":"https:\/\/spkeblowo.pl\/?p=9136#breadcrumb","itemListElement":[{"@type":"ListItem","position":1,"name":"Strona g\u0142\u00f3wna","item":"https:\/\/spkeblowo.pl\/"},{"@type":"ListItem","position":2,"name":"XVIII Dekanalny Konkurs o Janie Pawle II w Szkole Podstawowej w K\u0119b\u0142owie"}]},{"@type":"WebSite","@id":"https:\/\/spkeblowo.pl\/#website","url":"https:\/\/spkeblowo.pl\/","name":"Szko\u0142a Podstawowa im. Jana Paw\u0142a II w K\u0119b\u0142owie","description":"","publisher":{"@id":"https:\/\/spkeblowo.pl\/#organization"},"potentialAction":[{"@type":"SearchAction","target":{"@type":"EntryPoint","urlTemplate":"https:\/\/spkeblowo.pl\/?s={search_term_string}"},"query-input":{"@type":"PropertyValueSpecification","valueRequired":true,"valueName":"search_term_string"}}],"inLanguage":"pl-PL"},{"@type":"Organization","@id":"https:\/\/spkeblowo.pl\/#organization","name":"Szko\u0142a Podstawowa im. Jana Paw\u0142a II w K\u0119b\u0142owie","url":"https:\/\/spkeblowo.pl\/","logo":{"@type":"ImageObject","inLanguage":"pl-PL","@id":"https:\/\/spkeblowo.pl\/#\/schema\/logo\/image\/","url":"https:\/\/spkeblowo.pl\/wp-content\/uploads\/2020\/03\/2-2.png","contentUrl":"https:\/\/spkeblowo.pl\/wp-content\/uploads\/2020\/03\/2-2.png","width":1400,"height":350,"caption":"Szko\u0142a Podstawowa im. Jana Paw\u0142a II w K\u0119b\u0142owie"},"image":{"@id":"https:\/\/spkeblowo.pl\/#\/schema\/logo\/image\/"}},{"@type":"Person","@id":"https:\/\/spkeblowo.pl\/#\/schema\/person\/91f40d6dcc01a89bccab6d147a30874f","name":"admin","image":{"@type":"ImageObject","inLanguage":"pl-PL","@id":"https:\/\/secure.gravatar.com\/avatar\/a8792c5ea44a0bd480cdae637f0e5e453347ff27968eb8552bf193361ffde3ec?s=96&d=mm&r=g","url":"https:\/\/secure.gravatar.com\/avatar\/a8792c5ea44a0bd480cdae637f0e5e453347ff27968eb8552bf193361ffde3ec?s=96&d=mm&r=g","contentUrl":"https:\/\/secure.gravatar.com\/avatar\/a8792c5ea44a0bd480cdae637f0e5e453347ff27968eb8552bf193361ffde3ec?s=96&d=mm&r=g","caption":"admin"},"url":"https:\/\/spkeblowo.pl\/?author=1"}]}},"_links":{"self":[{"href":"https:\/\/spkeblowo.pl\/index.php?rest_route=\/wp\/v2\/posts\/9136","targetHints":{"allow":["GET"]}}],"collection":[{"href":"https:\/\/spkeblowo.pl\/index.php?rest_route=\/wp\/v2\/posts"}],"about":[{"href":"https:\/\/spkeblowo.pl\/index.php?rest_route=\/wp\/v2\/types\/post"}],"author":[{"embeddable":true,"href":"https:\/\/spkeblowo.pl\/index.php?rest_route=\/wp\/v2\/users\/1"}],"replies":[{"embeddable":true,"href":"https:\/\/spkeblowo.pl\/index.php?rest_route=%2Fwp%2Fv2%2Fcomments&post=9136"}],"version-history":[{"count":4,"href":"https:\/\/spkeblowo.pl\/index.php?rest_route=\/wp\/v2\/posts\/9136\/revisions"}],"predecessor-version":[{"id":9142,"href":"https:\/\/spkeblowo.pl\/index.php?rest_route=\/wp\/v2\/posts\/9136\/revisions\/9142"}],"wp:attachment":[{"href":"https:\/\/spkeblowo.pl\/index.php?rest_route=%2Fwp%2Fv2%2Fmedia&parent=9136"}],"wp:term":[{"taxonomy":"category","embeddable":true,"href":"https:\/\/spkeblowo.pl\/index.php?rest_route=%2Fwp%2Fv2%2Fcategories&post=9136"},{"taxonomy":"post_tag","embeddable":true,"href":"https:\/\/spkeblowo.pl\/index.php?rest_route=%2Fwp%2Fv2%2Ftags&post=9136"}],"curies":[{"name":"wp","href":"https:\/\/api.w.org\/{rel}","templated":true}]}}