{"id":3155,"date":"2022-05-04T13:06:02","date_gmt":"2022-05-04T11:06:02","guid":{"rendered":"http:\/\/spkeblowo.strefa.pl\/wordpress\/?p=3155"},"modified":"2022-05-04T13:11:17","modified_gmt":"2022-05-04T11:11:17","slug":"finalistka-xi-wojewodzkiego-konkursu-wiedzy-pt-szlakiem-polskich-legend","status":"publish","type":"post","link":"https:\/\/spkeblowo.pl\/?p=3155","title":{"rendered":"Sukcesy w XI Wojew\u00f3dzkim Konkursie Wiedzy pt. ,,Szlakiem polskich legend\u201d"},"content":{"rendered":"\t\t<div data-elementor-type=\"wp-post\" data-elementor-id=\"3155\" class=\"elementor elementor-3155\">\n\t\t\t\t\t\t<section class=\"elementor-section elementor-top-section elementor-element elementor-element-403fd4d elementor-section-boxed elementor-section-height-default elementor-section-height-default\" data-id=\"403fd4d\" data-element_type=\"section\" data-e-type=\"section\">\n\t\t\t\t\t\t<div class=\"elementor-container elementor-column-gap-default\">\n\t\t\t\t\t<div class=\"elementor-column elementor-col-100 elementor-top-column elementor-element elementor-element-29941f39\" data-id=\"29941f39\" data-element_type=\"column\" data-e-type=\"column\">\n\t\t\t<div class=\"elementor-widget-wrap elementor-element-populated\">\n\t\t\t\t\t\t<div class=\"elementor-element elementor-element-682f46e6 elementor-widget elementor-widget-text-editor\" data-id=\"682f46e6\" data-element_type=\"widget\" data-e-type=\"widget\" data-widget_type=\"text-editor.default\">\n\t\t\t\t<div class=\"elementor-widget-container\">\n\t\t\t\t\t\t\t\t\t\n<p>W sobot\u0119 &#8211; 23 kwietnia, w Szkole Podstawowej nr 89 im. Tadeusza Mazowieckiego w Gda\u0144sku, odby\u0142 si\u0119 XI Wojew\u00f3dzki Konkurs Wiedzy pt.,,Szlakiem polskich legend\u201d.<\/p>\n\n\n\n<p>Nasz\u0105 szko\u0142\u0119 reprezentowa\u0142y uczennice z klas: IIIa- Klara Krystkiewicz, IIIb- Lena Gruba oraz IIIc- Julia Pawelec. Dziewczynkom otuchy dodawali rodzice oraz pani opiekun- Magdalena Janikowska, wychowawca klasy IIIa.<\/p>\n\n\n\n<p>Aby przygotowa\u0107 si\u0119 do konkursu, nale\u017ca\u0142o przeczyta\u0107 podane wcze\u015bniej wersje legend oraz wykaza\u0107 si\u0119 znajomo\u015bci\u0105 ciekawych obiekt\u00f3w, znajduj\u0105cych si\u0119 w Gda\u0144sku.<\/p>\n\n\n\n<p>Po pierwszej cz\u0119\u015bci konkursu, kt\u00f3ry mia\u0142 charakter do\u015b\u0107 trudnego testu, przyszed\u0142 czas na cz\u0119\u015b\u0107 drug\u0105. Zakwalifikowa\u0142a si\u0119 do niego, tym samym zostaj\u0105c FINALISTK\u0104, uczennica klasy IIIa- Klara Krystkiewicz.<\/p>\n\n\n\n<p>Dziewczynkom gratulujemy udzia\u0142u i zmierzenia si\u0119 z wyzwaniem poza murami szko\u0142y.<\/p>\n\n\n\n<p>Klaro, jeste\u015bmy dumni z Twojego osi\u0105gni\u0119cia!<\/p>\n\n\n\n<figure class=\"wp-block-gallery columns-3 is-cropped wp-block-gallery-2 is-layout-flex wp-block-gallery-is-layout-flex\"><ul class=\"blocks-gallery-grid\"><li class=\"blocks-gallery-item\"><figure><img fetchpriority=\"high\" decoding=\"async\" width=\"480\" height=\"640\" src=\"https:\/\/spkeblowo.pl\/wp-content\/uploads\/2022\/05\/IMG_9293-rotated.jpg\" alt=\"\" data-id=\"3156\" data-full-url=\"https:\/\/spkeblowo.pl\/wp-content\/uploads\/2022\/05\/IMG_9293-rotated.jpg\" data-link=\"https:\/\/spkeblowo.pl\/?attachment_id=3156\" class=\"wp-image-3156\" srcset=\"https:\/\/spkeblowo.pl\/wp-content\/uploads\/2022\/05\/IMG_9293-rotated.jpg 480w, https:\/\/spkeblowo.pl\/wp-content\/uploads\/2022\/05\/IMG_9293-225x300.jpg 225w\" sizes=\"(max-width: 480px) 100vw, 480px\" \/><\/figure><\/li><li class=\"blocks-gallery-item\"><figure><img decoding=\"async\" width=\"480\" height=\"640\" src=\"https:\/\/spkeblowo.pl\/wp-content\/uploads\/2022\/05\/IMG_9289-rotated.jpg\" alt=\"\" data-id=\"3157\" data-full-url=\"https:\/\/spkeblowo.pl\/wp-content\/uploads\/2022\/05\/IMG_9289-rotated.jpg\" data-link=\"https:\/\/spkeblowo.pl\/?attachment_id=3157\" class=\"wp-image-3157\" srcset=\"https:\/\/spkeblowo.pl\/wp-content\/uploads\/2022\/05\/IMG_9289-rotated.jpg 480w, https:\/\/spkeblowo.pl\/wp-content\/uploads\/2022\/05\/IMG_9289-225x300.jpg 225w\" sizes=\"(max-width: 480px) 100vw, 480px\" \/><\/figure><\/li><li class=\"blocks-gallery-item\"><figure><img decoding=\"async\" width=\"640\" height=\"480\" src=\"https:\/\/spkeblowo.pl\/wp-content\/uploads\/2022\/05\/IMG_9286.jpg\" alt=\"\" data-id=\"3158\" data-full-url=\"https:\/\/spkeblowo.pl\/wp-content\/uploads\/2022\/05\/IMG_9286.jpg\" data-link=\"https:\/\/spkeblowo.pl\/?attachment_id=3158\" class=\"wp-image-3158\" srcset=\"https:\/\/spkeblowo.pl\/wp-content\/uploads\/2022\/05\/IMG_9286.jpg 640w, https:\/\/spkeblowo.pl\/wp-content\/uploads\/2022\/05\/IMG_9286-300x225.jpg 300w\" sizes=\"(max-width: 640px) 100vw, 640px\" \/><\/figure><\/li><li class=\"blocks-gallery-item\"><figure><img loading=\"lazy\" decoding=\"async\" width=\"480\" height=\"640\" src=\"https:\/\/spkeblowo.pl\/wp-content\/uploads\/2022\/05\/IMG_9282-rotated.jpg\" alt=\"\" data-id=\"3159\" data-full-url=\"https:\/\/spkeblowo.pl\/wp-content\/uploads\/2022\/05\/IMG_9282-rotated.jpg\" data-link=\"https:\/\/spkeblowo.pl\/?attachment_id=3159\" class=\"wp-image-3159\" srcset=\"https:\/\/spkeblowo.pl\/wp-content\/uploads\/2022\/05\/IMG_9282-rotated.jpg 480w, https:\/\/spkeblowo.pl\/wp-content\/uploads\/2022\/05\/IMG_9282-225x300.jpg 225w\" sizes=\"(max-width: 480px) 100vw, 480px\" \/><\/figure><\/li><li class=\"blocks-gallery-item\"><figure><img loading=\"lazy\" decoding=\"async\" width=\"640\" height=\"480\" src=\"https:\/\/spkeblowo.pl\/wp-content\/uploads\/2022\/05\/IMG_9273.jpg\" alt=\"\" data-id=\"3160\" data-full-url=\"https:\/\/spkeblowo.pl\/wp-content\/uploads\/2022\/05\/IMG_9273.jpg\" data-link=\"https:\/\/spkeblowo.pl\/?attachment_id=3160\" class=\"wp-image-3160\" srcset=\"https:\/\/spkeblowo.pl\/wp-content\/uploads\/2022\/05\/IMG_9273.jpg 640w, https:\/\/spkeblowo.pl\/wp-content\/uploads\/2022\/05\/IMG_9273-300x225.jpg 300w\" sizes=\"(max-width: 640px) 100vw, 640px\" \/><\/figure><\/li><\/ul><\/figure>\n\t\t\t\t\t\t\t\t<\/div>\n\t\t\t\t<\/div>\n\t\t\t\t\t<\/div>\n\t\t<\/div>\n\t\t\t\t\t<\/div>\n\t\t<\/section>\n\t\t\t\t<\/div>\n\t\t","protected":false},"excerpt":{"rendered":"<p>W sobot\u0119 &#8211; 23 kwietnia, w Szkole Podstawowej nr 89 im. Tadeusza Mazowieckiego w Gda\u0144sku, odby\u0142 si\u0119 XI Wojew\u00f3dzki Konkurs Wiedzy pt.,,Szlakiem polskich legend\u201d.<br \/>\nNasz\u0105 szko\u0142\u0119 reprezentowa\u0142y uczennice z klas: IIIa- Klara Krystkiewicz, IIIb- Lena Gruba oraz IIIc- Julia Pawelec. <\/p>\n","protected":false},"author":1,"featured_media":3158,"comment_status":"closed","ping_status":"open","sticky":false,"template":"","format":"standard","meta":{"footnotes":""},"categories":[1],"tags":[],"class_list":["post-3155","post","type-post","status-publish","format-standard","has-post-thumbnail","hentry","category-uncategorized"],"yoast_head":"<!-- This site is optimized with the Yoast SEO plugin v27.5 - https:\/\/yoast.com\/product\/yoast-seo-wordpress\/ -->\n<title>Sukcesy w XI Wojew\u00f3dzkim Konkursie Wiedzy pt. ,,Szlakiem polskich legend\u201d - Szko\u0142a Podstawowa im. Jana Paw\u0142a II w K\u0119b\u0142owie<\/title>\n<meta name=\"robots\" content=\"index, follow, max-snippet:-1, max-image-preview:large, max-video-preview:-1\" \/>\n<link rel=\"canonical\" href=\"https:\/\/spkeblowo.pl\/?p=3155\" \/>\n<meta property=\"og:locale\" content=\"pl_PL\" \/>\n<meta property=\"og:type\" content=\"article\" \/>\n<meta property=\"og:title\" content=\"Sukcesy w XI Wojew\u00f3dzkim Konkursie Wiedzy pt. ,,Szlakiem polskich legend\u201d - Szko\u0142a Podstawowa im. Jana Paw\u0142a II w K\u0119b\u0142owie\" \/>\n<meta property=\"og:description\" content=\"W sobot\u0119 - 23 kwietnia, w Szkole Podstawowej nr 89 im. Tadeusza Mazowieckiego w Gda\u0144sku, odby\u0142 si\u0119 XI Wojew\u00f3dzki Konkurs Wiedzy pt.,,Szlakiem polskich legend\u201d. Nasz\u0105 szko\u0142\u0119 reprezentowa\u0142y uczennice z klas: IIIa- Klara Krystkiewicz, IIIb- Lena Gruba oraz IIIc- Julia Pawelec.\" \/>\n<meta property=\"og:url\" content=\"https:\/\/spkeblowo.pl\/?p=3155\" \/>\n<meta property=\"og:site_name\" content=\"Szko\u0142a Podstawowa im. Jana Paw\u0142a II w K\u0119b\u0142owie\" \/>\n<meta property=\"article:published_time\" content=\"2022-05-04T11:06:02+00:00\" \/>\n<meta property=\"article:modified_time\" content=\"2022-05-04T11:11:17+00:00\" \/>\n<meta property=\"og:image\" content=\"https:\/\/spkeblowo.pl\/wp-content\/uploads\/2022\/05\/IMG_9286.jpg\" \/>\n\t<meta property=\"og:image:width\" content=\"640\" \/>\n\t<meta property=\"og:image:height\" content=\"480\" \/>\n\t<meta property=\"og:image:type\" content=\"image\/jpeg\" \/>\n<meta name=\"author\" content=\"admin\" \/>\n<meta name=\"twitter:card\" content=\"summary_large_image\" \/>\n<meta name=\"twitter:label1\" content=\"Napisane przez\" \/>\n\t<meta name=\"twitter:data1\" content=\"admin\" \/>\n\t<meta name=\"twitter:label2\" content=\"Szacowany czas czytania\" \/>\n\t<meta name=\"twitter:data2\" content=\"2 minuty\" \/>\n<script type=\"application\/ld+json\" class=\"yoast-schema-graph\">{\"@context\":\"https:\\\/\\\/schema.org\",\"@graph\":[{\"@type\":\"Article\",\"@id\":\"https:\\\/\\\/spkeblowo.pl\\\/?p=3155#article\",\"isPartOf\":{\"@id\":\"https:\\\/\\\/spkeblowo.pl\\\/?p=3155\"},\"author\":{\"name\":\"admin\",\"@id\":\"https:\\\/\\\/spkeblowo.pl\\\/#\\\/schema\\\/person\\\/91f40d6dcc01a89bccab6d147a30874f\"},\"headline\":\"Sukcesy w XI Wojew\u00f3dzkim Konkursie Wiedzy pt. ,,Szlakiem polskich legend\u201d\",\"datePublished\":\"2022-05-04T11:06:02+00:00\",\"dateModified\":\"2022-05-04T11:11:17+00:00\",\"mainEntityOfPage\":{\"@id\":\"https:\\\/\\\/spkeblowo.pl\\\/?p=3155\"},\"wordCount\":147,\"publisher\":{\"@id\":\"https:\\\/\\\/spkeblowo.pl\\\/#organization\"},\"image\":{\"@id\":\"https:\\\/\\\/spkeblowo.pl\\\/?p=3155#primaryimage\"},\"thumbnailUrl\":\"https:\\\/\\\/spkeblowo.pl\\\/wp-content\\\/uploads\\\/2022\\\/05\\\/IMG_9286.jpg\",\"articleSection\":[\"Uncategorized\"],\"inLanguage\":\"pl-PL\"},{\"@type\":\"WebPage\",\"@id\":\"https:\\\/\\\/spkeblowo.pl\\\/?p=3155\",\"url\":\"https:\\\/\\\/spkeblowo.pl\\\/?p=3155\",\"name\":\"Sukcesy w XI Wojew\u00f3dzkim Konkursie Wiedzy pt. ,,Szlakiem polskich legend\u201d - Szko\u0142a Podstawowa im. Jana Paw\u0142a II w K\u0119b\u0142owie\",\"isPartOf\":{\"@id\":\"https:\\\/\\\/spkeblowo.pl\\\/#website\"},\"primaryImageOfPage\":{\"@id\":\"https:\\\/\\\/spkeblowo.pl\\\/?p=3155#primaryimage\"},\"image\":{\"@id\":\"https:\\\/\\\/spkeblowo.pl\\\/?p=3155#primaryimage\"},\"thumbnailUrl\":\"https:\\\/\\\/spkeblowo.pl\\\/wp-content\\\/uploads\\\/2022\\\/05\\\/IMG_9286.jpg\",\"datePublished\":\"2022-05-04T11:06:02+00:00\",\"dateModified\":\"2022-05-04T11:11:17+00:00\",\"breadcrumb\":{\"@id\":\"https:\\\/\\\/spkeblowo.pl\\\/?p=3155#breadcrumb\"},\"inLanguage\":\"pl-PL\",\"potentialAction\":[{\"@type\":\"ReadAction\",\"target\":[\"https:\\\/\\\/spkeblowo.pl\\\/?p=3155\"]}]},{\"@type\":\"ImageObject\",\"inLanguage\":\"pl-PL\",\"@id\":\"https:\\\/\\\/spkeblowo.pl\\\/?p=3155#primaryimage\",\"url\":\"https:\\\/\\\/spkeblowo.pl\\\/wp-content\\\/uploads\\\/2022\\\/05\\\/IMG_9286.jpg\",\"contentUrl\":\"https:\\\/\\\/spkeblowo.pl\\\/wp-content\\\/uploads\\\/2022\\\/05\\\/IMG_9286.jpg\",\"width\":640,\"height\":480},{\"@type\":\"BreadcrumbList\",\"@id\":\"https:\\\/\\\/spkeblowo.pl\\\/?p=3155#breadcrumb\",\"itemListElement\":[{\"@type\":\"ListItem\",\"position\":1,\"name\":\"Strona g\u0142\u00f3wna\",\"item\":\"https:\\\/\\\/spkeblowo.pl\\\/\"},{\"@type\":\"ListItem\",\"position\":2,\"name\":\"Sukcesy w&nbsp;XI Wojew\u00f3dzkim Konkursie Wiedzy pt.&nbsp;,,Szlakiem polskich legend\u201d\"}]},{\"@type\":\"WebSite\",\"@id\":\"https:\\\/\\\/spkeblowo.pl\\\/#website\",\"url\":\"https:\\\/\\\/spkeblowo.pl\\\/\",\"name\":\"Szko\u0142a Podstawowa im. Jana Paw\u0142a II w K\u0119b\u0142owie\",\"description\":\"\",\"publisher\":{\"@id\":\"https:\\\/\\\/spkeblowo.pl\\\/#organization\"},\"potentialAction\":[{\"@type\":\"SearchAction\",\"target\":{\"@type\":\"EntryPoint\",\"urlTemplate\":\"https:\\\/\\\/spkeblowo.pl\\\/?s={search_term_string}\"},\"query-input\":{\"@type\":\"PropertyValueSpecification\",\"valueRequired\":true,\"valueName\":\"search_term_string\"}}],\"inLanguage\":\"pl-PL\"},{\"@type\":\"Organization\",\"@id\":\"https:\\\/\\\/spkeblowo.pl\\\/#organization\",\"name\":\"Szko\u0142a Podstawowa im. Jana Paw\u0142a II w K\u0119b\u0142owie\",\"url\":\"https:\\\/\\\/spkeblowo.pl\\\/\",\"logo\":{\"@type\":\"ImageObject\",\"inLanguage\":\"pl-PL\",\"@id\":\"https:\\\/\\\/spkeblowo.pl\\\/#\\\/schema\\\/logo\\\/image\\\/\",\"url\":\"https:\\\/\\\/spkeblowo.pl\\\/wp-content\\\/uploads\\\/2020\\\/03\\\/2-2.png\",\"contentUrl\":\"https:\\\/\\\/spkeblowo.pl\\\/wp-content\\\/uploads\\\/2020\\\/03\\\/2-2.png\",\"width\":1400,\"height\":350,\"caption\":\"Szko\u0142a Podstawowa im. Jana Paw\u0142a II w K\u0119b\u0142owie\"},\"image\":{\"@id\":\"https:\\\/\\\/spkeblowo.pl\\\/#\\\/schema\\\/logo\\\/image\\\/\"}},{\"@type\":\"Person\",\"@id\":\"https:\\\/\\\/spkeblowo.pl\\\/#\\\/schema\\\/person\\\/91f40d6dcc01a89bccab6d147a30874f\",\"name\":\"admin\",\"image\":{\"@type\":\"ImageObject\",\"inLanguage\":\"pl-PL\",\"@id\":\"https:\\\/\\\/secure.gravatar.com\\\/avatar\\\/a8792c5ea44a0bd480cdae637f0e5e453347ff27968eb8552bf193361ffde3ec?s=96&d=mm&r=g\",\"url\":\"https:\\\/\\\/secure.gravatar.com\\\/avatar\\\/a8792c5ea44a0bd480cdae637f0e5e453347ff27968eb8552bf193361ffde3ec?s=96&d=mm&r=g\",\"contentUrl\":\"https:\\\/\\\/secure.gravatar.com\\\/avatar\\\/a8792c5ea44a0bd480cdae637f0e5e453347ff27968eb8552bf193361ffde3ec?s=96&d=mm&r=g\",\"caption\":\"admin\"},\"url\":\"https:\\\/\\\/spkeblowo.pl\\\/?author=1\"}]}<\/script>\n<!-- \/ Yoast SEO plugin. -->","yoast_head_json":{"title":"Sukcesy w XI Wojew\u00f3dzkim Konkursie Wiedzy pt. ,,Szlakiem polskich legend\u201d - Szko\u0142a Podstawowa im. Jana Paw\u0142a II w K\u0119b\u0142owie","robots":{"index":"index","follow":"follow","max-snippet":"max-snippet:-1","max-image-preview":"max-image-preview:large","max-video-preview":"max-video-preview:-1"},"canonical":"https:\/\/spkeblowo.pl\/?p=3155","og_locale":"pl_PL","og_type":"article","og_title":"Sukcesy w XI Wojew\u00f3dzkim Konkursie Wiedzy pt. ,,Szlakiem polskich legend\u201d - Szko\u0142a Podstawowa im. Jana Paw\u0142a II w K\u0119b\u0142owie","og_description":"W sobot\u0119 - 23 kwietnia, w Szkole Podstawowej nr 89 im. Tadeusza Mazowieckiego w Gda\u0144sku, odby\u0142 si\u0119 XI Wojew\u00f3dzki Konkurs Wiedzy pt.,,Szlakiem polskich legend\u201d. Nasz\u0105 szko\u0142\u0119 reprezentowa\u0142y uczennice z klas: IIIa- Klara Krystkiewicz, IIIb- Lena Gruba oraz IIIc- Julia Pawelec.","og_url":"https:\/\/spkeblowo.pl\/?p=3155","og_site_name":"Szko\u0142a Podstawowa im. Jana Paw\u0142a II w K\u0119b\u0142owie","article_published_time":"2022-05-04T11:06:02+00:00","article_modified_time":"2022-05-04T11:11:17+00:00","og_image":[{"width":640,"height":480,"url":"https:\/\/spkeblowo.pl\/wp-content\/uploads\/2022\/05\/IMG_9286.jpg","type":"image\/jpeg"}],"author":"admin","twitter_card":"summary_large_image","twitter_misc":{"Napisane przez":"admin","Szacowany czas czytania":"2 minuty"},"schema":{"@context":"https:\/\/schema.org","@graph":[{"@type":"Article","@id":"https:\/\/spkeblowo.pl\/?p=3155#article","isPartOf":{"@id":"https:\/\/spkeblowo.pl\/?p=3155"},"author":{"name":"admin","@id":"https:\/\/spkeblowo.pl\/#\/schema\/person\/91f40d6dcc01a89bccab6d147a30874f"},"headline":"Sukcesy w XI Wojew\u00f3dzkim Konkursie Wiedzy pt. ,,Szlakiem polskich legend\u201d","datePublished":"2022-05-04T11:06:02+00:00","dateModified":"2022-05-04T11:11:17+00:00","mainEntityOfPage":{"@id":"https:\/\/spkeblowo.pl\/?p=3155"},"wordCount":147,"publisher":{"@id":"https:\/\/spkeblowo.pl\/#organization"},"image":{"@id":"https:\/\/spkeblowo.pl\/?p=3155#primaryimage"},"thumbnailUrl":"https:\/\/spkeblowo.pl\/wp-content\/uploads\/2022\/05\/IMG_9286.jpg","articleSection":["Uncategorized"],"inLanguage":"pl-PL"},{"@type":"WebPage","@id":"https:\/\/spkeblowo.pl\/?p=3155","url":"https:\/\/spkeblowo.pl\/?p=3155","name":"Sukcesy w XI Wojew\u00f3dzkim Konkursie Wiedzy pt. ,,Szlakiem polskich legend\u201d - Szko\u0142a Podstawowa im. Jana Paw\u0142a II w K\u0119b\u0142owie","isPartOf":{"@id":"https:\/\/spkeblowo.pl\/#website"},"primaryImageOfPage":{"@id":"https:\/\/spkeblowo.pl\/?p=3155#primaryimage"},"image":{"@id":"https:\/\/spkeblowo.pl\/?p=3155#primaryimage"},"thumbnailUrl":"https:\/\/spkeblowo.pl\/wp-content\/uploads\/2022\/05\/IMG_9286.jpg","datePublished":"2022-05-04T11:06:02+00:00","dateModified":"2022-05-04T11:11:17+00:00","breadcrumb":{"@id":"https:\/\/spkeblowo.pl\/?p=3155#breadcrumb"},"inLanguage":"pl-PL","potentialAction":[{"@type":"ReadAction","target":["https:\/\/spkeblowo.pl\/?p=3155"]}]},{"@type":"ImageObject","inLanguage":"pl-PL","@id":"https:\/\/spkeblowo.pl\/?p=3155#primaryimage","url":"https:\/\/spkeblowo.pl\/wp-content\/uploads\/2022\/05\/IMG_9286.jpg","contentUrl":"https:\/\/spkeblowo.pl\/wp-content\/uploads\/2022\/05\/IMG_9286.jpg","width":640,"height":480},{"@type":"BreadcrumbList","@id":"https:\/\/spkeblowo.pl\/?p=3155#breadcrumb","itemListElement":[{"@type":"ListItem","position":1,"name":"Strona g\u0142\u00f3wna","item":"https:\/\/spkeblowo.pl\/"},{"@type":"ListItem","position":2,"name":"Sukcesy w&nbsp;XI Wojew\u00f3dzkim Konkursie Wiedzy pt.&nbsp;,,Szlakiem polskich legend\u201d"}]},{"@type":"WebSite","@id":"https:\/\/spkeblowo.pl\/#website","url":"https:\/\/spkeblowo.pl\/","name":"Szko\u0142a Podstawowa im. Jana Paw\u0142a II w K\u0119b\u0142owie","description":"","publisher":{"@id":"https:\/\/spkeblowo.pl\/#organization"},"potentialAction":[{"@type":"SearchAction","target":{"@type":"EntryPoint","urlTemplate":"https:\/\/spkeblowo.pl\/?s={search_term_string}"},"query-input":{"@type":"PropertyValueSpecification","valueRequired":true,"valueName":"search_term_string"}}],"inLanguage":"pl-PL"},{"@type":"Organization","@id":"https:\/\/spkeblowo.pl\/#organization","name":"Szko\u0142a Podstawowa im. Jana Paw\u0142a II w K\u0119b\u0142owie","url":"https:\/\/spkeblowo.pl\/","logo":{"@type":"ImageObject","inLanguage":"pl-PL","@id":"https:\/\/spkeblowo.pl\/#\/schema\/logo\/image\/","url":"https:\/\/spkeblowo.pl\/wp-content\/uploads\/2020\/03\/2-2.png","contentUrl":"https:\/\/spkeblowo.pl\/wp-content\/uploads\/2020\/03\/2-2.png","width":1400,"height":350,"caption":"Szko\u0142a Podstawowa im. Jana Paw\u0142a II w K\u0119b\u0142owie"},"image":{"@id":"https:\/\/spkeblowo.pl\/#\/schema\/logo\/image\/"}},{"@type":"Person","@id":"https:\/\/spkeblowo.pl\/#\/schema\/person\/91f40d6dcc01a89bccab6d147a30874f","name":"admin","image":{"@type":"ImageObject","inLanguage":"pl-PL","@id":"https:\/\/secure.gravatar.com\/avatar\/a8792c5ea44a0bd480cdae637f0e5e453347ff27968eb8552bf193361ffde3ec?s=96&d=mm&r=g","url":"https:\/\/secure.gravatar.com\/avatar\/a8792c5ea44a0bd480cdae637f0e5e453347ff27968eb8552bf193361ffde3ec?s=96&d=mm&r=g","contentUrl":"https:\/\/secure.gravatar.com\/avatar\/a8792c5ea44a0bd480cdae637f0e5e453347ff27968eb8552bf193361ffde3ec?s=96&d=mm&r=g","caption":"admin"},"url":"https:\/\/spkeblowo.pl\/?author=1"}]}},"_links":{"self":[{"href":"https:\/\/spkeblowo.pl\/index.php?rest_route=\/wp\/v2\/posts\/3155","targetHints":{"allow":["GET"]}}],"collection":[{"href":"https:\/\/spkeblowo.pl\/index.php?rest_route=\/wp\/v2\/posts"}],"about":[{"href":"https:\/\/spkeblowo.pl\/index.php?rest_route=\/wp\/v2\/types\/post"}],"author":[{"embeddable":true,"href":"https:\/\/spkeblowo.pl\/index.php?rest_route=\/wp\/v2\/users\/1"}],"replies":[{"embeddable":true,"href":"https:\/\/spkeblowo.pl\/index.php?rest_route=%2Fwp%2Fv2%2Fcomments&post=3155"}],"version-history":[{"count":10,"href":"https:\/\/spkeblowo.pl\/index.php?rest_route=\/wp\/v2\/posts\/3155\/revisions"}],"predecessor-version":[{"id":3170,"href":"https:\/\/spkeblowo.pl\/index.php?rest_route=\/wp\/v2\/posts\/3155\/revisions\/3170"}],"wp:featuredmedia":[{"embeddable":true,"href":"https:\/\/spkeblowo.pl\/index.php?rest_route=\/wp\/v2\/media\/3158"}],"wp:attachment":[{"href":"https:\/\/spkeblowo.pl\/index.php?rest_route=%2Fwp%2Fv2%2Fmedia&parent=3155"}],"wp:term":[{"taxonomy":"category","embeddable":true,"href":"https:\/\/spkeblowo.pl\/index.php?rest_route=%2Fwp%2Fv2%2Fcategories&post=3155"},{"taxonomy":"post_tag","embeddable":true,"href":"https:\/\/spkeblowo.pl\/index.php?rest_route=%2Fwp%2Fv2%2Ftags&post=3155"}],"curies":[{"name":"wp","href":"https:\/\/api.w.org\/{rel}","templated":true}]}}