{"id":3118,"date":"2022-04-20T13:33:12","date_gmt":"2022-04-20T11:33:12","guid":{"rendered":"http:\/\/spkeblowo.strefa.pl\/wordpress\/?p=3118"},"modified":"2022-04-20T13:33:16","modified_gmt":"2022-04-20T11:33:16","slug":"sukcesy-plastyczne-uczniow-naszej-szkoly","status":"publish","type":"post","link":"https:\/\/spkeblowo.pl\/?p=3118","title":{"rendered":"Sukcesy plastyczne uczni\u00f3w naszej szko\u0142y"},"content":{"rendered":"\n<p><em><strong>Powiatowy Konkurs Plastyczny z okazji XXI Dnia Papieskiego<\/strong><\/em> <em><strong>\u015aWI\u0118TY JAN PAWE\u0141 II \u201eNie l\u0119kajcie si\u0119\u201d<\/strong><\/em><\/p>\n\n\n\n<p><em>\u015aw. Jan Pawe\u0142 II pozostawi\u0142 po sobie bogat\u0105 spu\u015bcizn\u0119, zw\u0142aszcza duchow\u0105. Pokolenia Polak\u00f3w, kt\u00f3re mia\u0142y szcz\u0119\u015bcie \u017cy\u0107 w czasie Jego pontyfikatu, na zawsze zosta\u0142y naznaczone postaw\u0105, nauk\u0105 i \u015bwiadectwem tego Bo\u017cego Cz\u0142owieka. Nikt nie m\u00f3g\u0142 oboj\u0119tnie przej\u015b\u0107 obok Papie\u017ca \u2013 Pielgrzyma nie zas\u0142uchawszy si\u0119 w Jego g\u0142\u0119boki, spokojny g\u0142os i nie zag\u0142\u0119biwszy si\u0119 w Jego s\u0142owa.<\/em><br><em>Warto ukazywa\u0107 nast\u0119pnym pokoleniom posta\u0107 Jana Paw\u0142a II nie tylko jako Papie\u017ca \u2013 g\u0142owy Ko\u015bcio\u0142a, teologa, ale jako Wielkiego Polaka, kt\u00f3ry nigdy nie zapomnia\u0142 kim jest i sk\u0105d pochodzi. W\u015br\u00f3d os\u00f3b bior\u0105cych udzia\u0142 w konkursie plastycznym nie mog\u0142o zabrakn\u0105\u0107 uczni\u00f3w naszej szko\u0142y, przygotowanych pod kierunkiem pani wicedyrektor Ewy Tempskiej i pani wicedyrektor Marzeny Pienschke.<\/em><\/p>\n\n\n\n<p><em>Z przyjemno\u015bci\u0105 informujemy, \u017ce <strong>WYR\u00d3\u017bNIENIE <\/strong>w kategorii klas IV \u2013 VII zdoby\u0142a uczennica z klasy VIIa <strong>Martyna Siedlanowska<\/strong>.<\/em><\/p>\n\n\n\n<div class=\"wp-block-columns is-layout-flex wp-container-core-columns-is-layout-9d6595d7 wp-block-columns-is-layout-flex\">\n<div class=\"wp-block-column is-layout-flow wp-block-column-is-layout-flow\">\n<div class=\"wp-block-image\"><figure class=\"aligncenter size-large is-resized\"><img fetchpriority=\"high\" decoding=\"async\" src=\"https:\/\/spkeblowo.pl\/wp-content\/uploads\/2022\/04\/image-7.png\" alt=\"\" class=\"wp-image-3129\" width=\"240\" height=\"284\" srcset=\"https:\/\/spkeblowo.pl\/wp-content\/uploads\/2022\/04\/image-7.png 479w, https:\/\/spkeblowo.pl\/wp-content\/uploads\/2022\/04\/image-7-253x300.png 253w\" sizes=\"(max-width: 240px) 100vw, 240px\" \/><\/figure><\/div>\n<\/div>\n\n\n\n<div class=\"wp-block-column is-layout-flow wp-block-column-is-layout-flow\">\n<div class=\"wp-block-image\"><figure class=\"aligncenter size-medium\"><img decoding=\"async\" width=\"225\" height=\"300\" src=\"https:\/\/spkeblowo.pl\/wp-content\/uploads\/2022\/04\/image-8-225x300.png\" alt=\"\" class=\"wp-image-3130\" srcset=\"https:\/\/spkeblowo.pl\/wp-content\/uploads\/2022\/04\/image-8-225x300.png 225w, https:\/\/spkeblowo.pl\/wp-content\/uploads\/2022\/04\/image-8-768x1024.png 768w, https:\/\/spkeblowo.pl\/wp-content\/uploads\/2022\/04\/image-8-1152x1536.png 1152w, https:\/\/spkeblowo.pl\/wp-content\/uploads\/2022\/04\/image-8-1536x2048.png 1536w\" sizes=\"(max-width: 225px) 100vw, 225px\" \/><\/figure><\/div>\n\n\n\n<p><\/p>\n<\/div>\n<\/div>\n\n\n\n<p><em><strong>Powiatowy Konkurs Plastyczno \u2013 Fotograficzny \u201eJesie\u0144 na Kaszubach\u201d<\/strong><\/em> <em><strong>o Z\u0142oty Li\u015b\u0107 Starosty<\/strong><\/em><\/p>\n\n\n\n<p><em>Jesie\u0144 to przedziwna pora roku&#8230; Gdzie nie spojrze\u0107 \u015bwiat wype\u0142niaj\u0105 pi\u0119kne, niepowtarzalne krajobrazy. Ilu z nas nie raz pomy\u015bla\u0142o, jak wspaniale by\u0142oby umie\u0107 narysowa\u0107 lub namalowa\u0107 jaki\u015b zachwycaj\u0105cy widok..? T\u0119 umiej\u0119tno\u015b\u0107 rozwijaj\u0105 i z powodzeniem wykorzystuj\u0105 uczniowie naszej szko\u0142y. Dzi\u0119ki ich wra\u017cliwo\u015bci i pracowito\u015bci mo\u017cemy podziwia\u0107 krajobrazy, kt\u00f3re jakby &#8222;zatrzymali&#8221; na swych pracach.<\/em><br><em>Po przeprowadzeniu eliminacji szkolnych pod kierunkiem pani wicedyrektor Ewy Tempskiej oraz pani wicedyrektor Marzeny Pienschke wy\u0142oniono 10 najlepszych prac, kt\u00f3re zosta\u0142y zg\u0142oszone do nast\u0119pnego etapu.<\/em><\/p>\n\n\n\n<p><em>Na szczeblu powiatowym <strong>WYR\u00d3\u017bNIENIE<\/strong> zdoby\u0142a <strong>Martyna Siedlanowska<\/strong> uczennica klasy VIIa.<\/em><\/p>\n\n\n\n<div class=\"wp-block-image\"><figure class=\"aligncenter size-large is-resized\"><img decoding=\"async\" src=\"https:\/\/spkeblowo.pl\/wp-content\/uploads\/2022\/04\/image-3.png\" alt=\"\" class=\"wp-image-3123\" width=\"297\" height=\"256\" srcset=\"https:\/\/spkeblowo.pl\/wp-content\/uploads\/2022\/04\/image-3.png 593w, https:\/\/spkeblowo.pl\/wp-content\/uploads\/2022\/04\/image-3-300x259.png 300w\" sizes=\"(max-width: 297px) 100vw, 297px\" \/><\/figure><\/div>\n\n\n\n<p><em><strong>Powiatowy Konkurs Plastyczno \u2013 Ekologiczny<\/strong><\/em> <em><strong>pod has\u0142em \u201ePo zdrowie do lasu nie szkoda nam czasu\u201d<\/strong><\/em><\/p>\n\n\n\n<p><em>Tradycj\u0105 jest, \u017ce uczniowie naszej szko\u0142y uczestnicz\u0105 w konkursie plastyczno \u2013 ekologicznym zorganizowanym przez Szko\u0142\u0119 Podstawow\u0105 <\/em><em>im. ks. Jana Twardowskiego w Bar\u0142ominie. W tegorocznej edycji przy\u015bwieca\u0142 nam temat: <\/em><em>\u201ePo zdrowie do lasu nie szkoda nam czasu\u201d. Po przeprowadzeniu eliminacji szkolnych pod kierunkiem pani wicedyrektor Ewy Tempskiej oraz pani wicedyrektor Marzeny Pienschke wy\u0142oniono 15 najciekawszych prac, kt\u00f3re zosta\u0142y zg\u0142oszone do nast\u0119pnego etapu.<\/em><\/p>\n\n\n\n<p><em>Laureatami na szczeblu powiatowym, zosta\u0142y:<\/em><\/p>\n\n\n\n<p><em><strong>I miejsce:   Martyna Siedlanowska<\/strong>z klasy VIIa<\/em><\/p>\n\n\n\n<div class=\"wp-block-image\"><figure class=\"aligncenter size-large is-resized\"><img loading=\"lazy\" decoding=\"async\" src=\"https:\/\/spkeblowo.pl\/wp-content\/uploads\/2022\/04\/image-5-1024x578.png\" alt=\"\" class=\"wp-image-3125\" width=\"512\" height=\"289\" srcset=\"https:\/\/spkeblowo.pl\/wp-content\/uploads\/2022\/04\/image-5-1024x578.png 1024w, https:\/\/spkeblowo.pl\/wp-content\/uploads\/2022\/04\/image-5-300x169.png 300w, https:\/\/spkeblowo.pl\/wp-content\/uploads\/2022\/04\/image-5-768x434.png 768w, https:\/\/spkeblowo.pl\/wp-content\/uploads\/2022\/04\/image-5-1536x867.png 1536w, https:\/\/spkeblowo.pl\/wp-content\/uploads\/2022\/04\/image-5-2048x1156.png 2048w, https:\/\/spkeblowo.pl\/wp-content\/uploads\/2022\/04\/image-5-848x480.png 848w\" sizes=\"(max-width: 512px) 100vw, 512px\" \/><\/figure><\/div>\n\n\n\n<div class=\"wp-block-image\"><figure class=\"aligncenter size-large is-resized\"><img loading=\"lazy\" decoding=\"async\" src=\"https:\/\/spkeblowo.pl\/wp-content\/uploads\/2022\/04\/image-6.png\" alt=\"\" class=\"wp-image-3126\" width=\"300\" height=\"400\" srcset=\"https:\/\/spkeblowo.pl\/wp-content\/uploads\/2022\/04\/image-6.png 600w, https:\/\/spkeblowo.pl\/wp-content\/uploads\/2022\/04\/image-6-225x300.png 225w\" sizes=\"(max-width: 300px) 100vw, 300px\" \/><\/figure><\/div>\n\n\n\n<p><em><strong>WYR\u00d3\u017bNIENIE:  Patrycja Miotk<\/strong> z klasy VIIb<\/em><\/p>\n\n\n\n<div class=\"wp-block-image\"><figure class=\"aligncenter size-large is-resized\"><img loading=\"lazy\" decoding=\"async\" src=\"https:\/\/spkeblowo.pl\/wp-content\/uploads\/2022\/04\/image.png\" alt=\"\" class=\"wp-image-3120\" width=\"300\" height=\"400\" srcset=\"https:\/\/spkeblowo.pl\/wp-content\/uploads\/2022\/04\/image.png 600w, https:\/\/spkeblowo.pl\/wp-content\/uploads\/2022\/04\/image-225x300.png 225w\" sizes=\"(max-width: 300px) 100vw, 300px\" \/><\/figure><\/div>\n\n\n\n<p><em>Gratulujemy serdecznie i \u017cyczymy dalszych sukces\u00f3w!<\/em><\/p>\n","protected":false},"excerpt":{"rendered":"<p>Powiatowy Konkurs Plastyczny z okazji XXI Dnia Papieskiego \u015aWI\u0118TY JAN PAWE\u0141 II \u201eNie l\u0119kajcie si\u0119\u201d \u015aw. Jan Pawe\u0142 II pozostawi\u0142 &hellip; <\/p>\n","protected":false},"author":1,"featured_media":0,"comment_status":"closed","ping_status":"open","sticky":false,"template":"","format":"standard","meta":{"footnotes":""},"categories":[1],"tags":[],"class_list":["post-3118","post","type-post","status-publish","format-standard","hentry","category-uncategorized"],"yoast_head":"<!-- This site is optimized with the Yoast SEO plugin v27.5 - https:\/\/yoast.com\/product\/yoast-seo-wordpress\/ -->\n<title>Sukcesy plastyczne uczni\u00f3w naszej szko\u0142y - Szko\u0142a Podstawowa im. Jana Paw\u0142a II w K\u0119b\u0142owie<\/title>\n<meta name=\"robots\" content=\"index, follow, max-snippet:-1, max-image-preview:large, max-video-preview:-1\" \/>\n<link rel=\"canonical\" href=\"https:\/\/spkeblowo.pl\/?p=3118\" \/>\n<meta property=\"og:locale\" content=\"pl_PL\" \/>\n<meta property=\"og:type\" content=\"article\" \/>\n<meta property=\"og:title\" content=\"Sukcesy plastyczne uczni\u00f3w naszej szko\u0142y - Szko\u0142a Podstawowa im. Jana Paw\u0142a II w K\u0119b\u0142owie\" \/>\n<meta property=\"og:description\" content=\"Powiatowy Konkurs Plastyczny z okazji XXI Dnia Papieskiego \u015aWI\u0118TY JAN PAWE\u0141 II \u201eNie l\u0119kajcie si\u0119\u201d \u015aw. Jan Pawe\u0142 II pozostawi\u0142 &hellip;\" \/>\n<meta property=\"og:url\" content=\"https:\/\/spkeblowo.pl\/?p=3118\" \/>\n<meta property=\"og:site_name\" content=\"Szko\u0142a Podstawowa im. Jana Paw\u0142a II w K\u0119b\u0142owie\" \/>\n<meta property=\"article:published_time\" content=\"2022-04-20T11:33:12+00:00\" \/>\n<meta property=\"article:modified_time\" content=\"2022-04-20T11:33:16+00:00\" \/>\n<meta property=\"og:image\" content=\"https:\/\/spkeblowo.pl\/wp-content\/uploads\/2022\/04\/image-7.png\" \/>\n<meta name=\"author\" content=\"admin\" \/>\n<meta name=\"twitter:card\" content=\"summary_large_image\" \/>\n<meta name=\"twitter:label1\" content=\"Napisane przez\" \/>\n\t<meta name=\"twitter:data1\" content=\"admin\" \/>\n\t<meta name=\"twitter:label2\" content=\"Szacowany czas czytania\" \/>\n\t<meta name=\"twitter:data2\" content=\"3 minuty\" \/>\n<script type=\"application\/ld+json\" class=\"yoast-schema-graph\">{\"@context\":\"https:\\\/\\\/schema.org\",\"@graph\":[{\"@type\":\"Article\",\"@id\":\"https:\\\/\\\/spkeblowo.pl\\\/?p=3118#article\",\"isPartOf\":{\"@id\":\"https:\\\/\\\/spkeblowo.pl\\\/?p=3118\"},\"author\":{\"name\":\"admin\",\"@id\":\"https:\\\/\\\/spkeblowo.pl\\\/#\\\/schema\\\/person\\\/91f40d6dcc01a89bccab6d147a30874f\"},\"headline\":\"Sukcesy plastyczne uczni\u00f3w naszej szko\u0142y\",\"datePublished\":\"2022-04-20T11:33:12+00:00\",\"dateModified\":\"2022-04-20T11:33:16+00:00\",\"mainEntityOfPage\":{\"@id\":\"https:\\\/\\\/spkeblowo.pl\\\/?p=3118\"},\"wordCount\":412,\"publisher\":{\"@id\":\"https:\\\/\\\/spkeblowo.pl\\\/#organization\"},\"image\":{\"@id\":\"https:\\\/\\\/spkeblowo.pl\\\/?p=3118#primaryimage\"},\"thumbnailUrl\":\"https:\\\/\\\/spkeblowo.pl\\\/wp-content\\\/uploads\\\/2022\\\/04\\\/image-7.png\",\"articleSection\":[\"Uncategorized\"],\"inLanguage\":\"pl-PL\"},{\"@type\":\"WebPage\",\"@id\":\"https:\\\/\\\/spkeblowo.pl\\\/?p=3118\",\"url\":\"https:\\\/\\\/spkeblowo.pl\\\/?p=3118\",\"name\":\"Sukcesy plastyczne uczni\u00f3w naszej szko\u0142y - Szko\u0142a Podstawowa im. Jana Paw\u0142a II w K\u0119b\u0142owie\",\"isPartOf\":{\"@id\":\"https:\\\/\\\/spkeblowo.pl\\\/#website\"},\"primaryImageOfPage\":{\"@id\":\"https:\\\/\\\/spkeblowo.pl\\\/?p=3118#primaryimage\"},\"image\":{\"@id\":\"https:\\\/\\\/spkeblowo.pl\\\/?p=3118#primaryimage\"},\"thumbnailUrl\":\"https:\\\/\\\/spkeblowo.pl\\\/wp-content\\\/uploads\\\/2022\\\/04\\\/image-7.png\",\"datePublished\":\"2022-04-20T11:33:12+00:00\",\"dateModified\":\"2022-04-20T11:33:16+00:00\",\"breadcrumb\":{\"@id\":\"https:\\\/\\\/spkeblowo.pl\\\/?p=3118#breadcrumb\"},\"inLanguage\":\"pl-PL\",\"potentialAction\":[{\"@type\":\"ReadAction\",\"target\":[\"https:\\\/\\\/spkeblowo.pl\\\/?p=3118\"]}]},{\"@type\":\"ImageObject\",\"inLanguage\":\"pl-PL\",\"@id\":\"https:\\\/\\\/spkeblowo.pl\\\/?p=3118#primaryimage\",\"url\":\"https:\\\/\\\/spkeblowo.pl\\\/wp-content\\\/uploads\\\/2022\\\/04\\\/image-7.png\",\"contentUrl\":\"https:\\\/\\\/spkeblowo.pl\\\/wp-content\\\/uploads\\\/2022\\\/04\\\/image-7.png\",\"width\":479,\"height\":567},{\"@type\":\"BreadcrumbList\",\"@id\":\"https:\\\/\\\/spkeblowo.pl\\\/?p=3118#breadcrumb\",\"itemListElement\":[{\"@type\":\"ListItem\",\"position\":1,\"name\":\"Strona g\u0142\u00f3wna\",\"item\":\"https:\\\/\\\/spkeblowo.pl\\\/\"},{\"@type\":\"ListItem\",\"position\":2,\"name\":\"Sukcesy plastyczne uczni\u00f3w naszej szko\u0142y\"}]},{\"@type\":\"WebSite\",\"@id\":\"https:\\\/\\\/spkeblowo.pl\\\/#website\",\"url\":\"https:\\\/\\\/spkeblowo.pl\\\/\",\"name\":\"Szko\u0142a Podstawowa im. Jana Paw\u0142a II w K\u0119b\u0142owie\",\"description\":\"\",\"publisher\":{\"@id\":\"https:\\\/\\\/spkeblowo.pl\\\/#organization\"},\"potentialAction\":[{\"@type\":\"SearchAction\",\"target\":{\"@type\":\"EntryPoint\",\"urlTemplate\":\"https:\\\/\\\/spkeblowo.pl\\\/?s={search_term_string}\"},\"query-input\":{\"@type\":\"PropertyValueSpecification\",\"valueRequired\":true,\"valueName\":\"search_term_string\"}}],\"inLanguage\":\"pl-PL\"},{\"@type\":\"Organization\",\"@id\":\"https:\\\/\\\/spkeblowo.pl\\\/#organization\",\"name\":\"Szko\u0142a Podstawowa im. Jana Paw\u0142a II w K\u0119b\u0142owie\",\"url\":\"https:\\\/\\\/spkeblowo.pl\\\/\",\"logo\":{\"@type\":\"ImageObject\",\"inLanguage\":\"pl-PL\",\"@id\":\"https:\\\/\\\/spkeblowo.pl\\\/#\\\/schema\\\/logo\\\/image\\\/\",\"url\":\"https:\\\/\\\/spkeblowo.pl\\\/wp-content\\\/uploads\\\/2020\\\/03\\\/2-2.png\",\"contentUrl\":\"https:\\\/\\\/spkeblowo.pl\\\/wp-content\\\/uploads\\\/2020\\\/03\\\/2-2.png\",\"width\":1400,\"height\":350,\"caption\":\"Szko\u0142a Podstawowa im. Jana Paw\u0142a II w K\u0119b\u0142owie\"},\"image\":{\"@id\":\"https:\\\/\\\/spkeblowo.pl\\\/#\\\/schema\\\/logo\\\/image\\\/\"}},{\"@type\":\"Person\",\"@id\":\"https:\\\/\\\/spkeblowo.pl\\\/#\\\/schema\\\/person\\\/91f40d6dcc01a89bccab6d147a30874f\",\"name\":\"admin\",\"image\":{\"@type\":\"ImageObject\",\"inLanguage\":\"pl-PL\",\"@id\":\"https:\\\/\\\/secure.gravatar.com\\\/avatar\\\/a8792c5ea44a0bd480cdae637f0e5e453347ff27968eb8552bf193361ffde3ec?s=96&d=mm&r=g\",\"url\":\"https:\\\/\\\/secure.gravatar.com\\\/avatar\\\/a8792c5ea44a0bd480cdae637f0e5e453347ff27968eb8552bf193361ffde3ec?s=96&d=mm&r=g\",\"contentUrl\":\"https:\\\/\\\/secure.gravatar.com\\\/avatar\\\/a8792c5ea44a0bd480cdae637f0e5e453347ff27968eb8552bf193361ffde3ec?s=96&d=mm&r=g\",\"caption\":\"admin\"},\"url\":\"https:\\\/\\\/spkeblowo.pl\\\/?author=1\"}]}<\/script>\n<!-- \/ Yoast SEO plugin. -->","yoast_head_json":{"title":"Sukcesy plastyczne uczni\u00f3w naszej szko\u0142y - Szko\u0142a Podstawowa im. Jana Paw\u0142a II w K\u0119b\u0142owie","robots":{"index":"index","follow":"follow","max-snippet":"max-snippet:-1","max-image-preview":"max-image-preview:large","max-video-preview":"max-video-preview:-1"},"canonical":"https:\/\/spkeblowo.pl\/?p=3118","og_locale":"pl_PL","og_type":"article","og_title":"Sukcesy plastyczne uczni\u00f3w naszej szko\u0142y - Szko\u0142a Podstawowa im. Jana Paw\u0142a II w K\u0119b\u0142owie","og_description":"Powiatowy Konkurs Plastyczny z okazji XXI Dnia Papieskiego \u015aWI\u0118TY JAN PAWE\u0141 II \u201eNie l\u0119kajcie si\u0119\u201d \u015aw. Jan Pawe\u0142 II pozostawi\u0142 &hellip;","og_url":"https:\/\/spkeblowo.pl\/?p=3118","og_site_name":"Szko\u0142a Podstawowa im. Jana Paw\u0142a II w K\u0119b\u0142owie","article_published_time":"2022-04-20T11:33:12+00:00","article_modified_time":"2022-04-20T11:33:16+00:00","og_image":[{"url":"https:\/\/spkeblowo.pl\/wp-content\/uploads\/2022\/04\/image-7.png","type":"","width":"","height":""}],"author":"admin","twitter_card":"summary_large_image","twitter_misc":{"Napisane przez":"admin","Szacowany czas czytania":"3 minuty"},"schema":{"@context":"https:\/\/schema.org","@graph":[{"@type":"Article","@id":"https:\/\/spkeblowo.pl\/?p=3118#article","isPartOf":{"@id":"https:\/\/spkeblowo.pl\/?p=3118"},"author":{"name":"admin","@id":"https:\/\/spkeblowo.pl\/#\/schema\/person\/91f40d6dcc01a89bccab6d147a30874f"},"headline":"Sukcesy plastyczne uczni\u00f3w naszej szko\u0142y","datePublished":"2022-04-20T11:33:12+00:00","dateModified":"2022-04-20T11:33:16+00:00","mainEntityOfPage":{"@id":"https:\/\/spkeblowo.pl\/?p=3118"},"wordCount":412,"publisher":{"@id":"https:\/\/spkeblowo.pl\/#organization"},"image":{"@id":"https:\/\/spkeblowo.pl\/?p=3118#primaryimage"},"thumbnailUrl":"https:\/\/spkeblowo.pl\/wp-content\/uploads\/2022\/04\/image-7.png","articleSection":["Uncategorized"],"inLanguage":"pl-PL"},{"@type":"WebPage","@id":"https:\/\/spkeblowo.pl\/?p=3118","url":"https:\/\/spkeblowo.pl\/?p=3118","name":"Sukcesy plastyczne uczni\u00f3w naszej szko\u0142y - Szko\u0142a Podstawowa im. Jana Paw\u0142a II w K\u0119b\u0142owie","isPartOf":{"@id":"https:\/\/spkeblowo.pl\/#website"},"primaryImageOfPage":{"@id":"https:\/\/spkeblowo.pl\/?p=3118#primaryimage"},"image":{"@id":"https:\/\/spkeblowo.pl\/?p=3118#primaryimage"},"thumbnailUrl":"https:\/\/spkeblowo.pl\/wp-content\/uploads\/2022\/04\/image-7.png","datePublished":"2022-04-20T11:33:12+00:00","dateModified":"2022-04-20T11:33:16+00:00","breadcrumb":{"@id":"https:\/\/spkeblowo.pl\/?p=3118#breadcrumb"},"inLanguage":"pl-PL","potentialAction":[{"@type":"ReadAction","target":["https:\/\/spkeblowo.pl\/?p=3118"]}]},{"@type":"ImageObject","inLanguage":"pl-PL","@id":"https:\/\/spkeblowo.pl\/?p=3118#primaryimage","url":"https:\/\/spkeblowo.pl\/wp-content\/uploads\/2022\/04\/image-7.png","contentUrl":"https:\/\/spkeblowo.pl\/wp-content\/uploads\/2022\/04\/image-7.png","width":479,"height":567},{"@type":"BreadcrumbList","@id":"https:\/\/spkeblowo.pl\/?p=3118#breadcrumb","itemListElement":[{"@type":"ListItem","position":1,"name":"Strona g\u0142\u00f3wna","item":"https:\/\/spkeblowo.pl\/"},{"@type":"ListItem","position":2,"name":"Sukcesy plastyczne uczni\u00f3w naszej szko\u0142y"}]},{"@type":"WebSite","@id":"https:\/\/spkeblowo.pl\/#website","url":"https:\/\/spkeblowo.pl\/","name":"Szko\u0142a Podstawowa im. Jana Paw\u0142a II w K\u0119b\u0142owie","description":"","publisher":{"@id":"https:\/\/spkeblowo.pl\/#organization"},"potentialAction":[{"@type":"SearchAction","target":{"@type":"EntryPoint","urlTemplate":"https:\/\/spkeblowo.pl\/?s={search_term_string}"},"query-input":{"@type":"PropertyValueSpecification","valueRequired":true,"valueName":"search_term_string"}}],"inLanguage":"pl-PL"},{"@type":"Organization","@id":"https:\/\/spkeblowo.pl\/#organization","name":"Szko\u0142a Podstawowa im. Jana Paw\u0142a II w K\u0119b\u0142owie","url":"https:\/\/spkeblowo.pl\/","logo":{"@type":"ImageObject","inLanguage":"pl-PL","@id":"https:\/\/spkeblowo.pl\/#\/schema\/logo\/image\/","url":"https:\/\/spkeblowo.pl\/wp-content\/uploads\/2020\/03\/2-2.png","contentUrl":"https:\/\/spkeblowo.pl\/wp-content\/uploads\/2020\/03\/2-2.png","width":1400,"height":350,"caption":"Szko\u0142a Podstawowa im. Jana Paw\u0142a II w K\u0119b\u0142owie"},"image":{"@id":"https:\/\/spkeblowo.pl\/#\/schema\/logo\/image\/"}},{"@type":"Person","@id":"https:\/\/spkeblowo.pl\/#\/schema\/person\/91f40d6dcc01a89bccab6d147a30874f","name":"admin","image":{"@type":"ImageObject","inLanguage":"pl-PL","@id":"https:\/\/secure.gravatar.com\/avatar\/a8792c5ea44a0bd480cdae637f0e5e453347ff27968eb8552bf193361ffde3ec?s=96&d=mm&r=g","url":"https:\/\/secure.gravatar.com\/avatar\/a8792c5ea44a0bd480cdae637f0e5e453347ff27968eb8552bf193361ffde3ec?s=96&d=mm&r=g","contentUrl":"https:\/\/secure.gravatar.com\/avatar\/a8792c5ea44a0bd480cdae637f0e5e453347ff27968eb8552bf193361ffde3ec?s=96&d=mm&r=g","caption":"admin"},"url":"https:\/\/spkeblowo.pl\/?author=1"}]}},"_links":{"self":[{"href":"https:\/\/spkeblowo.pl\/index.php?rest_route=\/wp\/v2\/posts\/3118","targetHints":{"allow":["GET"]}}],"collection":[{"href":"https:\/\/spkeblowo.pl\/index.php?rest_route=\/wp\/v2\/posts"}],"about":[{"href":"https:\/\/spkeblowo.pl\/index.php?rest_route=\/wp\/v2\/types\/post"}],"author":[{"embeddable":true,"href":"https:\/\/spkeblowo.pl\/index.php?rest_route=\/wp\/v2\/users\/1"}],"replies":[{"embeddable":true,"href":"https:\/\/spkeblowo.pl\/index.php?rest_route=%2Fwp%2Fv2%2Fcomments&post=3118"}],"version-history":[{"count":1,"href":"https:\/\/spkeblowo.pl\/index.php?rest_route=\/wp\/v2\/posts\/3118\/revisions"}],"predecessor-version":[{"id":3131,"href":"https:\/\/spkeblowo.pl\/index.php?rest_route=\/wp\/v2\/posts\/3118\/revisions\/3131"}],"wp:attachment":[{"href":"https:\/\/spkeblowo.pl\/index.php?rest_route=%2Fwp%2Fv2%2Fmedia&parent=3118"}],"wp:term":[{"taxonomy":"category","embeddable":true,"href":"https:\/\/spkeblowo.pl\/index.php?rest_route=%2Fwp%2Fv2%2Fcategories&post=3118"},{"taxonomy":"post_tag","embeddable":true,"href":"https:\/\/spkeblowo.pl\/index.php?rest_route=%2Fwp%2Fv2%2Ftags&post=3118"}],"curies":[{"name":"wp","href":"https:\/\/api.w.org\/{rel}","templated":true}]}}