{"id":3105,"date":"2022-04-20T13:01:17","date_gmt":"2022-04-20T11:01:17","guid":{"rendered":"http:\/\/spkeblowo.strefa.pl\/wordpress\/?p=3105"},"modified":"2022-04-20T13:11:36","modified_gmt":"2022-04-20T11:11:36","slug":"miedzynarodowy-dzien-jezyka-ojczystego-wyniki-konkursu","status":"publish","type":"post","link":"https:\/\/spkeblowo.pl\/?p=3105","title":{"rendered":"Mi\u0119dzynarodowy Dzie\u0144 J\u0119zyka Ojczystego- wyniki konkursu"},"content":{"rendered":"\n<p><em><strong>&#8222;A niechaj narodowie w\u017cdy postronni znaj\u0105, i\u017c Polacy nie g\u0119si, i\u017c sw\u00f3j j\u0119zyk maj\u0105.&#8221;<\/strong><\/em><\/p>\n\n\n\n<p class=\"has-text-align-right\"><strong>(Miko\u0142aj Rej)<\/strong><\/p>\n\n\n\n<p><strong>1 lutego obchodzimy Mi\u0119dzynarodowy Dzie\u0144 J\u0119zyka Ojczystego<\/strong>. \u015awi\u0119to to ustanowione przez UNESCO w 1999 r. przypomina o bogactwie i znaczeniu j\u0119zyk\u00f3w narodowych, podkre\u015bla r\u00f3\u017cnorodno\u015b\u0107 j\u0119zykow\u0105 na \u015bwiecie oraz zwraca uwag\u0119 na potrzeb\u0119 dba\u0142o\u015bci o j\u0119zyk, kt\u00f3rym pos\u0142ugujemy si\u0119 na co dzie\u0144. Jego data upami\u0119tnia wydarzenia w Bangladeszu, gdzie w 1952 roku pi\u0119ciu student\u00f3w jednego z uniwersytet\u00f3w zgin\u0119\u0142o podczas demonstracji, w kt\u00f3rej domagano si\u0119 nadania j\u0119zykowi bengalskiemu statusu j\u0119zyka urz\u0119dowego. Wed\u0142ug UNESCO niemal po\u0142owa z 6000 j\u0119zyk\u00f3w \u015bwiata jest zagro\u017cona zanikiem w ci\u0105gu 2 \u2013 3 pokole\u0144.<\/p>\n\n\n\n<p>To, \u017ce w\u0142asny j\u0119zyk ojczysty trzeba piel\u0119gnowa\u0107 i dba\u0107 o niego nie ulega w\u0105tpliwo\u015bci. Nale\u017cy u\u015bwiadamia\u0107 dzieciom a tak\u017ce i doros\u0142ym, jak wa\u017cne jest prawid\u0142owe pos\u0142ugiwanie si\u0119 j\u0119zykiem ojczystym w \u017cyciu codziennym.<\/p>\n\n\n\n<p>J\u0119zyk polski to wielki skarb! Ze wzgl\u0119du na bardzo specyficzn\u0105 wymow\u0119 oraz mnogo\u015b\u0107 i z\u0142o\u017cono\u015b\u0107 form gramatycznych uwa\u017cany jest za jeden z najtrudniejszych do nauki j\u0119zyk\u00f3w \u015bwiata, stanowi\u0105c nie\u0142atwe wyzwanie nawet dla samych Polak\u00f3w.<\/p>\n\n\n\n<p>Ze wzgl\u0119du na ferie zimowe to \u015bwi\u0119to w naszej szkole obchodzili\u015bmy w marcu. Na korytarzach zosta\u0142y rozwieszone plakaty z najcz\u0119\u015bciej pope\u0142nianymi b\u0142\u0119dami j\u0119zykowymi.<\/p>\n\n\n\n<p>Odby\u0142 si\u0119 r\u00f3wnie\u017c konkurs dla klas V \u2013 VII, w kt\u00f3rym uczniowie rozwi\u0105zywali zadania ortograficzne, wskazywali poprawne formy j\u0119zykowe oraz poprawiali b\u0142\u0119dy j\u0119zykowe i interpunkcyjne. Oto wyniki:<\/p>\n\n\n\n<p><strong>I miejsce<\/strong> \u2013 Magdalena Rompza kl. Vc<\/p>\n\n\n\n<p><strong>II miejsce<\/strong> \u2013 Oliwia R\u00f3\u017cek kl. Va<\/p>\n\n\n\n<p><strong>III miejsce ex aeguo<\/strong> \u2013 Antonina Turzy\u0144ska kl. Vc,  Zuzanna Budzisz kl. VII b, Oskar Stolc kl. VII a, Arkadiusz Bullmann kl. VII d<\/p>\n\n\n\n<p>Gratulujemy i \u017cyczymy dalszych sukces\u00f3w!!!<\/p>\n","protected":false},"excerpt":{"rendered":"<p>21 lutego obchodzimy Mi\u0119dzynarodowy Dzie\u0144 J\u0119zyka Ojczystego. \u015awi\u0119to to ustanowione przez UNESCO w 1999 r. przypomina o bogactwie i znaczeniu j\u0119zyk\u00f3w narodowych, podkre\u015bla r\u00f3\u017cnorodno\u015b\u0107 j\u0119zykow\u0105 na \u015bwiecie oraz zwraca uwag\u0119 na potrzeb\u0119 dba\u0142o\u015bci o j\u0119zyk,<\/p>\n","protected":false},"author":1,"featured_media":3108,"comment_status":"closed","ping_status":"open","sticky":false,"template":"","format":"standard","meta":{"footnotes":""},"categories":[1],"tags":[],"class_list":["post-3105","post","type-post","status-publish","format-standard","has-post-thumbnail","hentry","category-uncategorized"],"yoast_head":"<!-- This site is optimized with the Yoast SEO plugin v27.5 - https:\/\/yoast.com\/product\/yoast-seo-wordpress\/ -->\n<title>Mi\u0119dzynarodowy Dzie\u0144 J\u0119zyka Ojczystego- wyniki konkursu - Szko\u0142a Podstawowa im. Jana Paw\u0142a II w K\u0119b\u0142owie<\/title>\n<meta name=\"robots\" content=\"index, follow, max-snippet:-1, max-image-preview:large, max-video-preview:-1\" \/>\n<link rel=\"canonical\" href=\"https:\/\/spkeblowo.pl\/?p=3105\" \/>\n<meta property=\"og:locale\" content=\"pl_PL\" \/>\n<meta property=\"og:type\" content=\"article\" \/>\n<meta property=\"og:title\" content=\"Mi\u0119dzynarodowy Dzie\u0144 J\u0119zyka Ojczystego- wyniki konkursu - Szko\u0142a Podstawowa im. Jana Paw\u0142a II w K\u0119b\u0142owie\" \/>\n<meta property=\"og:description\" content=\"21 lutego obchodzimy Mi\u0119dzynarodowy Dzie\u0144 J\u0119zyka Ojczystego. \u015awi\u0119to to ustanowione przez UNESCO w 1999 r. przypomina o bogactwie i znaczeniu j\u0119zyk\u00f3w narodowych, podkre\u015bla r\u00f3\u017cnorodno\u015b\u0107 j\u0119zykow\u0105 na \u015bwiecie oraz zwraca uwag\u0119 na potrzeb\u0119 dba\u0142o\u015bci o j\u0119zyk,\" \/>\n<meta property=\"og:url\" content=\"https:\/\/spkeblowo.pl\/?p=3105\" \/>\n<meta property=\"og:site_name\" content=\"Szko\u0142a Podstawowa im. Jana Paw\u0142a II w K\u0119b\u0142owie\" \/>\n<meta property=\"article:published_time\" content=\"2022-04-20T11:01:17+00:00\" \/>\n<meta property=\"article:modified_time\" content=\"2022-04-20T11:11:36+00:00\" \/>\n<meta property=\"og:image\" content=\"https:\/\/spkeblowo.pl\/wp-content\/uploads\/2022\/04\/jezyk.jpg\" \/>\n\t<meta property=\"og:image:width\" content=\"411\" \/>\n\t<meta property=\"og:image:height\" content=\"582\" \/>\n\t<meta property=\"og:image:type\" content=\"image\/jpeg\" \/>\n<meta name=\"author\" content=\"admin\" \/>\n<meta name=\"twitter:card\" content=\"summary_large_image\" \/>\n<meta name=\"twitter:label1\" content=\"Napisane przez\" \/>\n\t<meta name=\"twitter:data1\" content=\"admin\" \/>\n\t<meta name=\"twitter:label2\" content=\"Szacowany czas czytania\" \/>\n\t<meta name=\"twitter:data2\" content=\"2 minuty\" \/>\n<script type=\"application\/ld+json\" class=\"yoast-schema-graph\">{\"@context\":\"https:\\\/\\\/schema.org\",\"@graph\":[{\"@type\":\"Article\",\"@id\":\"https:\\\/\\\/spkeblowo.pl\\\/?p=3105#article\",\"isPartOf\":{\"@id\":\"https:\\\/\\\/spkeblowo.pl\\\/?p=3105\"},\"author\":{\"name\":\"admin\",\"@id\":\"https:\\\/\\\/spkeblowo.pl\\\/#\\\/schema\\\/person\\\/91f40d6dcc01a89bccab6d147a30874f\"},\"headline\":\"Mi\u0119dzynarodowy Dzie\u0144 J\u0119zyka Ojczystego- wyniki konkursu\",\"datePublished\":\"2022-04-20T11:01:17+00:00\",\"dateModified\":\"2022-04-20T11:11:36+00:00\",\"mainEntityOfPage\":{\"@id\":\"https:\\\/\\\/spkeblowo.pl\\\/?p=3105\"},\"wordCount\":331,\"publisher\":{\"@id\":\"https:\\\/\\\/spkeblowo.pl\\\/#organization\"},\"image\":{\"@id\":\"https:\\\/\\\/spkeblowo.pl\\\/?p=3105#primaryimage\"},\"thumbnailUrl\":\"https:\\\/\\\/spkeblowo.pl\\\/wp-content\\\/uploads\\\/2022\\\/04\\\/jezyk.jpg\",\"articleSection\":[\"Uncategorized\"],\"inLanguage\":\"pl-PL\"},{\"@type\":\"WebPage\",\"@id\":\"https:\\\/\\\/spkeblowo.pl\\\/?p=3105\",\"url\":\"https:\\\/\\\/spkeblowo.pl\\\/?p=3105\",\"name\":\"Mi\u0119dzynarodowy Dzie\u0144 J\u0119zyka Ojczystego- wyniki konkursu - Szko\u0142a Podstawowa im. Jana Paw\u0142a II w K\u0119b\u0142owie\",\"isPartOf\":{\"@id\":\"https:\\\/\\\/spkeblowo.pl\\\/#website\"},\"primaryImageOfPage\":{\"@id\":\"https:\\\/\\\/spkeblowo.pl\\\/?p=3105#primaryimage\"},\"image\":{\"@id\":\"https:\\\/\\\/spkeblowo.pl\\\/?p=3105#primaryimage\"},\"thumbnailUrl\":\"https:\\\/\\\/spkeblowo.pl\\\/wp-content\\\/uploads\\\/2022\\\/04\\\/jezyk.jpg\",\"datePublished\":\"2022-04-20T11:01:17+00:00\",\"dateModified\":\"2022-04-20T11:11:36+00:00\",\"breadcrumb\":{\"@id\":\"https:\\\/\\\/spkeblowo.pl\\\/?p=3105#breadcrumb\"},\"inLanguage\":\"pl-PL\",\"potentialAction\":[{\"@type\":\"ReadAction\",\"target\":[\"https:\\\/\\\/spkeblowo.pl\\\/?p=3105\"]}]},{\"@type\":\"ImageObject\",\"inLanguage\":\"pl-PL\",\"@id\":\"https:\\\/\\\/spkeblowo.pl\\\/?p=3105#primaryimage\",\"url\":\"https:\\\/\\\/spkeblowo.pl\\\/wp-content\\\/uploads\\\/2022\\\/04\\\/jezyk.jpg\",\"contentUrl\":\"https:\\\/\\\/spkeblowo.pl\\\/wp-content\\\/uploads\\\/2022\\\/04\\\/jezyk.jpg\",\"width\":411,\"height\":582},{\"@type\":\"BreadcrumbList\",\"@id\":\"https:\\\/\\\/spkeblowo.pl\\\/?p=3105#breadcrumb\",\"itemListElement\":[{\"@type\":\"ListItem\",\"position\":1,\"name\":\"Strona g\u0142\u00f3wna\",\"item\":\"https:\\\/\\\/spkeblowo.pl\\\/\"},{\"@type\":\"ListItem\",\"position\":2,\"name\":\"Mi\u0119dzynarodowy Dzie\u0144 J\u0119zyka Ojczystego- wyniki konkursu\"}]},{\"@type\":\"WebSite\",\"@id\":\"https:\\\/\\\/spkeblowo.pl\\\/#website\",\"url\":\"https:\\\/\\\/spkeblowo.pl\\\/\",\"name\":\"Szko\u0142a Podstawowa im. Jana Paw\u0142a II w K\u0119b\u0142owie\",\"description\":\"\",\"publisher\":{\"@id\":\"https:\\\/\\\/spkeblowo.pl\\\/#organization\"},\"potentialAction\":[{\"@type\":\"SearchAction\",\"target\":{\"@type\":\"EntryPoint\",\"urlTemplate\":\"https:\\\/\\\/spkeblowo.pl\\\/?s={search_term_string}\"},\"query-input\":{\"@type\":\"PropertyValueSpecification\",\"valueRequired\":true,\"valueName\":\"search_term_string\"}}],\"inLanguage\":\"pl-PL\"},{\"@type\":\"Organization\",\"@id\":\"https:\\\/\\\/spkeblowo.pl\\\/#organization\",\"name\":\"Szko\u0142a Podstawowa im. Jana Paw\u0142a II w K\u0119b\u0142owie\",\"url\":\"https:\\\/\\\/spkeblowo.pl\\\/\",\"logo\":{\"@type\":\"ImageObject\",\"inLanguage\":\"pl-PL\",\"@id\":\"https:\\\/\\\/spkeblowo.pl\\\/#\\\/schema\\\/logo\\\/image\\\/\",\"url\":\"https:\\\/\\\/spkeblowo.pl\\\/wp-content\\\/uploads\\\/2020\\\/03\\\/2-2.png\",\"contentUrl\":\"https:\\\/\\\/spkeblowo.pl\\\/wp-content\\\/uploads\\\/2020\\\/03\\\/2-2.png\",\"width\":1400,\"height\":350,\"caption\":\"Szko\u0142a Podstawowa im. Jana Paw\u0142a II w K\u0119b\u0142owie\"},\"image\":{\"@id\":\"https:\\\/\\\/spkeblowo.pl\\\/#\\\/schema\\\/logo\\\/image\\\/\"}},{\"@type\":\"Person\",\"@id\":\"https:\\\/\\\/spkeblowo.pl\\\/#\\\/schema\\\/person\\\/91f40d6dcc01a89bccab6d147a30874f\",\"name\":\"admin\",\"image\":{\"@type\":\"ImageObject\",\"inLanguage\":\"pl-PL\",\"@id\":\"https:\\\/\\\/secure.gravatar.com\\\/avatar\\\/a8792c5ea44a0bd480cdae637f0e5e453347ff27968eb8552bf193361ffde3ec?s=96&d=mm&r=g\",\"url\":\"https:\\\/\\\/secure.gravatar.com\\\/avatar\\\/a8792c5ea44a0bd480cdae637f0e5e453347ff27968eb8552bf193361ffde3ec?s=96&d=mm&r=g\",\"contentUrl\":\"https:\\\/\\\/secure.gravatar.com\\\/avatar\\\/a8792c5ea44a0bd480cdae637f0e5e453347ff27968eb8552bf193361ffde3ec?s=96&d=mm&r=g\",\"caption\":\"admin\"},\"url\":\"https:\\\/\\\/spkeblowo.pl\\\/?author=1\"}]}<\/script>\n<!-- \/ Yoast SEO plugin. -->","yoast_head_json":{"title":"Mi\u0119dzynarodowy Dzie\u0144 J\u0119zyka Ojczystego- wyniki konkursu - Szko\u0142a Podstawowa im. Jana Paw\u0142a II w K\u0119b\u0142owie","robots":{"index":"index","follow":"follow","max-snippet":"max-snippet:-1","max-image-preview":"max-image-preview:large","max-video-preview":"max-video-preview:-1"},"canonical":"https:\/\/spkeblowo.pl\/?p=3105","og_locale":"pl_PL","og_type":"article","og_title":"Mi\u0119dzynarodowy Dzie\u0144 J\u0119zyka Ojczystego- wyniki konkursu - Szko\u0142a Podstawowa im. Jana Paw\u0142a II w K\u0119b\u0142owie","og_description":"21 lutego obchodzimy Mi\u0119dzynarodowy Dzie\u0144 J\u0119zyka Ojczystego. \u015awi\u0119to to ustanowione przez UNESCO w 1999 r. przypomina o bogactwie i znaczeniu j\u0119zyk\u00f3w narodowych, podkre\u015bla r\u00f3\u017cnorodno\u015b\u0107 j\u0119zykow\u0105 na \u015bwiecie oraz zwraca uwag\u0119 na potrzeb\u0119 dba\u0142o\u015bci o j\u0119zyk,","og_url":"https:\/\/spkeblowo.pl\/?p=3105","og_site_name":"Szko\u0142a Podstawowa im. Jana Paw\u0142a II w K\u0119b\u0142owie","article_published_time":"2022-04-20T11:01:17+00:00","article_modified_time":"2022-04-20T11:11:36+00:00","og_image":[{"width":411,"height":582,"url":"https:\/\/spkeblowo.pl\/wp-content\/uploads\/2022\/04\/jezyk.jpg","type":"image\/jpeg"}],"author":"admin","twitter_card":"summary_large_image","twitter_misc":{"Napisane przez":"admin","Szacowany czas czytania":"2 minuty"},"schema":{"@context":"https:\/\/schema.org","@graph":[{"@type":"Article","@id":"https:\/\/spkeblowo.pl\/?p=3105#article","isPartOf":{"@id":"https:\/\/spkeblowo.pl\/?p=3105"},"author":{"name":"admin","@id":"https:\/\/spkeblowo.pl\/#\/schema\/person\/91f40d6dcc01a89bccab6d147a30874f"},"headline":"Mi\u0119dzynarodowy Dzie\u0144 J\u0119zyka Ojczystego- wyniki konkursu","datePublished":"2022-04-20T11:01:17+00:00","dateModified":"2022-04-20T11:11:36+00:00","mainEntityOfPage":{"@id":"https:\/\/spkeblowo.pl\/?p=3105"},"wordCount":331,"publisher":{"@id":"https:\/\/spkeblowo.pl\/#organization"},"image":{"@id":"https:\/\/spkeblowo.pl\/?p=3105#primaryimage"},"thumbnailUrl":"https:\/\/spkeblowo.pl\/wp-content\/uploads\/2022\/04\/jezyk.jpg","articleSection":["Uncategorized"],"inLanguage":"pl-PL"},{"@type":"WebPage","@id":"https:\/\/spkeblowo.pl\/?p=3105","url":"https:\/\/spkeblowo.pl\/?p=3105","name":"Mi\u0119dzynarodowy Dzie\u0144 J\u0119zyka Ojczystego- wyniki konkursu - Szko\u0142a Podstawowa im. Jana Paw\u0142a II w K\u0119b\u0142owie","isPartOf":{"@id":"https:\/\/spkeblowo.pl\/#website"},"primaryImageOfPage":{"@id":"https:\/\/spkeblowo.pl\/?p=3105#primaryimage"},"image":{"@id":"https:\/\/spkeblowo.pl\/?p=3105#primaryimage"},"thumbnailUrl":"https:\/\/spkeblowo.pl\/wp-content\/uploads\/2022\/04\/jezyk.jpg","datePublished":"2022-04-20T11:01:17+00:00","dateModified":"2022-04-20T11:11:36+00:00","breadcrumb":{"@id":"https:\/\/spkeblowo.pl\/?p=3105#breadcrumb"},"inLanguage":"pl-PL","potentialAction":[{"@type":"ReadAction","target":["https:\/\/spkeblowo.pl\/?p=3105"]}]},{"@type":"ImageObject","inLanguage":"pl-PL","@id":"https:\/\/spkeblowo.pl\/?p=3105#primaryimage","url":"https:\/\/spkeblowo.pl\/wp-content\/uploads\/2022\/04\/jezyk.jpg","contentUrl":"https:\/\/spkeblowo.pl\/wp-content\/uploads\/2022\/04\/jezyk.jpg","width":411,"height":582},{"@type":"BreadcrumbList","@id":"https:\/\/spkeblowo.pl\/?p=3105#breadcrumb","itemListElement":[{"@type":"ListItem","position":1,"name":"Strona g\u0142\u00f3wna","item":"https:\/\/spkeblowo.pl\/"},{"@type":"ListItem","position":2,"name":"Mi\u0119dzynarodowy Dzie\u0144 J\u0119zyka Ojczystego- wyniki konkursu"}]},{"@type":"WebSite","@id":"https:\/\/spkeblowo.pl\/#website","url":"https:\/\/spkeblowo.pl\/","name":"Szko\u0142a Podstawowa im. Jana Paw\u0142a II w K\u0119b\u0142owie","description":"","publisher":{"@id":"https:\/\/spkeblowo.pl\/#organization"},"potentialAction":[{"@type":"SearchAction","target":{"@type":"EntryPoint","urlTemplate":"https:\/\/spkeblowo.pl\/?s={search_term_string}"},"query-input":{"@type":"PropertyValueSpecification","valueRequired":true,"valueName":"search_term_string"}}],"inLanguage":"pl-PL"},{"@type":"Organization","@id":"https:\/\/spkeblowo.pl\/#organization","name":"Szko\u0142a Podstawowa im. Jana Paw\u0142a II w K\u0119b\u0142owie","url":"https:\/\/spkeblowo.pl\/","logo":{"@type":"ImageObject","inLanguage":"pl-PL","@id":"https:\/\/spkeblowo.pl\/#\/schema\/logo\/image\/","url":"https:\/\/spkeblowo.pl\/wp-content\/uploads\/2020\/03\/2-2.png","contentUrl":"https:\/\/spkeblowo.pl\/wp-content\/uploads\/2020\/03\/2-2.png","width":1400,"height":350,"caption":"Szko\u0142a Podstawowa im. Jana Paw\u0142a II w K\u0119b\u0142owie"},"image":{"@id":"https:\/\/spkeblowo.pl\/#\/schema\/logo\/image\/"}},{"@type":"Person","@id":"https:\/\/spkeblowo.pl\/#\/schema\/person\/91f40d6dcc01a89bccab6d147a30874f","name":"admin","image":{"@type":"ImageObject","inLanguage":"pl-PL","@id":"https:\/\/secure.gravatar.com\/avatar\/a8792c5ea44a0bd480cdae637f0e5e453347ff27968eb8552bf193361ffde3ec?s=96&d=mm&r=g","url":"https:\/\/secure.gravatar.com\/avatar\/a8792c5ea44a0bd480cdae637f0e5e453347ff27968eb8552bf193361ffde3ec?s=96&d=mm&r=g","contentUrl":"https:\/\/secure.gravatar.com\/avatar\/a8792c5ea44a0bd480cdae637f0e5e453347ff27968eb8552bf193361ffde3ec?s=96&d=mm&r=g","caption":"admin"},"url":"https:\/\/spkeblowo.pl\/?author=1"}]}},"_links":{"self":[{"href":"https:\/\/spkeblowo.pl\/index.php?rest_route=\/wp\/v2\/posts\/3105","targetHints":{"allow":["GET"]}}],"collection":[{"href":"https:\/\/spkeblowo.pl\/index.php?rest_route=\/wp\/v2\/posts"}],"about":[{"href":"https:\/\/spkeblowo.pl\/index.php?rest_route=\/wp\/v2\/types\/post"}],"author":[{"embeddable":true,"href":"https:\/\/spkeblowo.pl\/index.php?rest_route=\/wp\/v2\/users\/1"}],"replies":[{"embeddable":true,"href":"https:\/\/spkeblowo.pl\/index.php?rest_route=%2Fwp%2Fv2%2Fcomments&post=3105"}],"version-history":[{"count":9,"href":"https:\/\/spkeblowo.pl\/index.php?rest_route=\/wp\/v2\/posts\/3105\/revisions"}],"predecessor-version":[{"id":3117,"href":"https:\/\/spkeblowo.pl\/index.php?rest_route=\/wp\/v2\/posts\/3105\/revisions\/3117"}],"wp:featuredmedia":[{"embeddable":true,"href":"https:\/\/spkeblowo.pl\/index.php?rest_route=\/wp\/v2\/media\/3108"}],"wp:attachment":[{"href":"https:\/\/spkeblowo.pl\/index.php?rest_route=%2Fwp%2Fv2%2Fmedia&parent=3105"}],"wp:term":[{"taxonomy":"category","embeddable":true,"href":"https:\/\/spkeblowo.pl\/index.php?rest_route=%2Fwp%2Fv2%2Fcategories&post=3105"},{"taxonomy":"post_tag","embeddable":true,"href":"https:\/\/spkeblowo.pl\/index.php?rest_route=%2Fwp%2Fv2%2Ftags&post=3105"}],"curies":[{"name":"wp","href":"https:\/\/api.w.org\/{rel}","templated":true}]}}