{"id":3084,"date":"2022-04-14T14:14:22","date_gmt":"2022-04-14T12:14:22","guid":{"rendered":"http:\/\/spkeblowo.strefa.pl\/wordpress\/?p=3084"},"modified":"2022-04-14T14:36:05","modified_gmt":"2022-04-14T12:36:05","slug":"1055-rocznica-chrztu-polski","status":"publish","type":"post","link":"https:\/\/spkeblowo.pl\/?p=3084","title":{"rendered":"1056. rocznica Chrztu Polski"},"content":{"rendered":"\t\t<div data-elementor-type=\"wp-post\" data-elementor-id=\"3084\" class=\"elementor elementor-3084\">\n\t\t\t\t\t\t<section class=\"elementor-section elementor-top-section elementor-element elementor-element-5bb6c1b elementor-section-boxed elementor-section-height-default elementor-section-height-default\" data-id=\"5bb6c1b\" data-element_type=\"section\" data-e-type=\"section\">\n\t\t\t\t\t\t<div class=\"elementor-container elementor-column-gap-default\">\n\t\t\t\t\t<div class=\"elementor-column elementor-col-100 elementor-top-column elementor-element elementor-element-295ebd0\" data-id=\"295ebd0\" data-element_type=\"column\" data-e-type=\"column\">\n\t\t\t<div class=\"elementor-widget-wrap elementor-element-populated\">\n\t\t\t\t\t\t<div class=\"elementor-element elementor-element-b581a78 elementor-widget elementor-widget-text-editor\" data-id=\"b581a78\" data-element_type=\"widget\" data-e-type=\"widget\" data-widget_type=\"text-editor.default\">\n\t\t\t\t<div class=\"elementor-widget-container\">\n\t\t\t\t\t\t\t\t\t<p><strong>Chrzest ksi\u0119cia Mieszka I to prze\u0142omowe wydarzenie w dziejach pa\u0144stwa i narodu polskiego, uznawane za symboliczny pocz\u0105tek polskiej pa\u0144stwowo\u015bci. Chrzest mia\u0142 tak\u017ce fundamentalne znaczenie polityczne, kulturowe i to\u017csamo\u015bciowe \u2013 wprowadzi\u0142 rodz\u0105ce si\u0119 w\u00f3wczas pa\u0144stwo polskie w kr\u0105g cywilizacyjny Europy Zachodniej. Za symboliczn\u0105 dat\u0119 Chrztu Polski uznaje si\u0119 Wielk\u0105 Sobot\u0119, 14 kwietnia 966 r.<\/strong><\/p>\t\t\t\t\t\t\t\t<\/div>\n\t\t\t\t<\/div>\n\t\t\t\t\t<\/div>\n\t\t<\/div>\n\t\t\t\t\t<\/div>\n\t\t<\/section>\n\t\t\t\t<section class=\"elementor-section elementor-top-section elementor-element elementor-element-afdc5ab elementor-section-boxed elementor-section-height-default elementor-section-height-default\" data-id=\"afdc5ab\" data-element_type=\"section\" data-e-type=\"section\">\n\t\t\t\t\t\t<div class=\"elementor-container elementor-column-gap-default\">\n\t\t\t\t\t<div class=\"elementor-column elementor-col-100 elementor-top-column elementor-element elementor-element-8ff709f\" data-id=\"8ff709f\" data-element_type=\"column\" data-e-type=\"column\">\n\t\t\t<div class=\"elementor-widget-wrap elementor-element-populated\">\n\t\t\t\t\t\t<div class=\"elementor-element elementor-element-f27857a elementor-widget elementor-widget-image\" data-id=\"f27857a\" data-element_type=\"widget\" data-e-type=\"widget\" data-widget_type=\"image.default\">\n\t\t\t\t<div class=\"elementor-widget-container\">\n\t\t\t\t\t\t\t\t\t\t\t\t\t\t\t<img fetchpriority=\"high\" decoding=\"async\" width=\"750\" height=\"1061\" src=\"https:\/\/spkeblowo.pl\/wp-content\/uploads\/2022\/04\/Rocznica-chrztu-Polski-768x1086.jpg\" class=\"attachment-medium_large size-medium_large wp-image-3086\" alt=\"\" srcset=\"https:\/\/spkeblowo.pl\/wp-content\/uploads\/2022\/04\/Rocznica-chrztu-Polski-768x1086.jpg 768w, https:\/\/spkeblowo.pl\/wp-content\/uploads\/2022\/04\/Rocznica-chrztu-Polski-212x300.jpg 212w, https:\/\/spkeblowo.pl\/wp-content\/uploads\/2022\/04\/Rocznica-chrztu-Polski-724x1024.jpg 724w, https:\/\/spkeblowo.pl\/wp-content\/uploads\/2022\/04\/Rocznica-chrztu-Polski-1086x1536.jpg 1086w, https:\/\/spkeblowo.pl\/wp-content\/uploads\/2022\/04\/Rocznica-chrztu-Polski-1448x2048.jpg 1448w, https:\/\/spkeblowo.pl\/wp-content\/uploads\/2022\/04\/Rocznica-chrztu-Polski.jpg 1587w\" sizes=\"(max-width: 750px) 100vw, 750px\" \/>\t\t\t\t\t\t\t\t\t\t\t\t\t\t\t<\/div>\n\t\t\t\t<\/div>\n\t\t\t\t\t<\/div>\n\t\t<\/div>\n\t\t\t\t\t<\/div>\n\t\t<\/section>\n\t\t\t\t<section class=\"elementor-section elementor-top-section elementor-element elementor-element-be35184 elementor-section-boxed elementor-section-height-default elementor-section-height-default\" data-id=\"be35184\" data-element_type=\"section\" data-e-type=\"section\">\n\t\t\t\t\t\t<div class=\"elementor-container elementor-column-gap-default\">\n\t\t\t\t\t<div class=\"elementor-column elementor-col-100 elementor-top-column elementor-element elementor-element-293cf84\" data-id=\"293cf84\" data-element_type=\"column\" data-e-type=\"column\">\n\t\t\t<div class=\"elementor-widget-wrap elementor-element-populated\">\n\t\t\t\t\t\t<div class=\"elementor-element elementor-element-625559e elementor-widget elementor-widget-text-editor\" data-id=\"625559e\" data-element_type=\"widget\" data-e-type=\"widget\" data-widget_type=\"text-editor.default\">\n\t\t\t\t<div class=\"elementor-widget-container\">\n\t\t\t\t\t\t\t\t\t<h3>Chrzest ksi\u0119cia Mieszka I\u00a0<\/h3><p>Ksi\u0105\u017c\u0119 Mieszko I zosta\u0142 ochrzczony prawdopodobnie w Wielk\u0105 Sobot\u0119, 14 kwietnia 966 r., zgodnie z \u00f3wczesnym zwyczajem w nocy oczekiwania na Zmartwychwstanie Pa\u0144skie. Znaleziska archeologiczne sugeruj\u0105, \u017ce chrzest m\u00f3g\u0142 si\u0119 odby\u0107 na Wyspie Ostr\u00f3w Lednicki, blisko grodu gnie\u017anie\u0144skiego. Przypuszcza si\u0119, \u017ce wraz z ksi\u0119ciem zosta\u0142 ochrzczony tak\u017ce jego dw\u00f3r.\u00a0<\/p><p>Mieszko zdecydowa\u0142 si\u0119 na przyj\u0119cie chrztu w obrz\u0105dku \u0142aci\u0144skim, za po\u015brednictwem Czech\u00f3w. Wej\u015bcie do chrze\u015bcija\u0144stwa zachodniego zosta\u0142o poprzedzone ma\u0142\u017ce\u0144stwem z ksi\u0119\u017cniczk\u0105 Dobraw\u0105 w roku 965. Z Czech przybyli tak\u017ce pierwsi misjonarze.<\/p><p>Warto podkre\u015bli\u0107, \u017ce relacje i \u017ar\u00f3d\u0142a historyczne dotycz\u0105ce Chrztu Polski s\u0105 niezwykle skromne, dlatego wiele kwestii w tym zakresie to hipotezy historyk\u00f3w.<\/p><h3>Znaczenie chrztu Mieszka dla polskiej kultury, historii i to\u017csamo\u015bci\u00a0<\/h3><p>Chrzest ksi\u0119cia Mieszka I zapocz\u0105tkowa\u0142 nie tylko proces chrystianizacji i budowy struktur ko\u015bcielnych na ziemiach polskich. Mia\u0142 on tak\u017ce prze\u0142omowe znaczenie polityczne, kulturowe i to\u017csamo\u015bciowe. By\u0142 to pot\u0119\u017cny impuls rozwojowy, kt\u00f3ry umacnia\u0142 w\u0142adz\u0119 ksi\u0119cia, wspiera\u0142 integracj\u0119 m\u0142odego organizmu pa\u0144stwowego, dawa\u0142 mocniejsze podstawy suwerenno\u015bci i bezpiecze\u0144stwa. \u00a0<\/p><p>Przyj\u0119cie chrztu w obrz\u0105dku \u0142aci\u0144skim wprowadzi\u0142o rodz\u0105ce si\u0119 w\u00f3wczas pa\u0144stwo polskie w kr\u0105g pa\u0144stw Europy Zachodniej. Rozpocz\u0119\u0142o proces przejmowania wzorc\u00f3w kulturowych i najwi\u0119kszych zdobyczy zachodniej cywilizacji. Pocz\u0105wszy od chrztu Mieszka I polska kultura, historia i to\u017csamo\u015b\u0107 narodowa rozwija\u0142y si\u0119 na fundamencie tradycji chrze\u015bcija\u0144skiej.\u00a0<\/p><p>\u017ar\u00f3d\u0142o: [<a href=\"https:\/\/www.gov.pl\/web\/edukacja-i-nauka\/1055-rocznica-chrztu-polski\">1055. rocznica Chrztu Polski &#8211; Ministerstwo Edukacji i Nauki &#8211; Portal Gov.pl (www.gov.pl)<\/a>] data dost\u0119pu: 14.04.2022 r.<\/p>\t\t\t\t\t\t\t\t<\/div>\n\t\t\t\t<\/div>\n\t\t\t\t\t<\/div>\n\t\t<\/div>\n\t\t\t\t\t<\/div>\n\t\t<\/section>\n\t\t\t\t<\/div>\n\t\t","protected":false},"excerpt":{"rendered":"<p>Chrzest ksi\u0119cia Mieszka I to prze\u0142omowe wydarzenie w dziejach pa\u0144stwa i narodu polskiego, uznawane za symboliczny pocz\u0105tek polskiej pa\u0144stwowo\u015bci. Chrzest &hellip; <\/p>\n","protected":false},"author":1,"featured_media":3097,"comment_status":"closed","ping_status":"open","sticky":false,"template":"","format":"standard","meta":{"footnotes":""},"categories":[1],"tags":[],"class_list":["post-3084","post","type-post","status-publish","format-standard","has-post-thumbnail","hentry","category-uncategorized"],"yoast_head":"<!-- This site is optimized with the Yoast SEO plugin v27.5 - https:\/\/yoast.com\/product\/yoast-seo-wordpress\/ -->\n<title>1056. rocznica Chrztu Polski - Szko\u0142a Podstawowa im. Jana Paw\u0142a II w K\u0119b\u0142owie<\/title>\n<meta name=\"robots\" content=\"index, follow, max-snippet:-1, max-image-preview:large, max-video-preview:-1\" \/>\n<link rel=\"canonical\" href=\"https:\/\/spkeblowo.pl\/?p=3084\" \/>\n<meta property=\"og:locale\" content=\"pl_PL\" \/>\n<meta property=\"og:type\" content=\"article\" \/>\n<meta property=\"og:title\" content=\"1056. rocznica Chrztu Polski - Szko\u0142a Podstawowa im. Jana Paw\u0142a II w K\u0119b\u0142owie\" \/>\n<meta property=\"og:description\" content=\"Chrzest ksi\u0119cia Mieszka I to prze\u0142omowe wydarzenie w dziejach pa\u0144stwa i narodu polskiego, uznawane za symboliczny pocz\u0105tek polskiej pa\u0144stwowo\u015bci. Chrzest &hellip;\" \/>\n<meta property=\"og:url\" content=\"https:\/\/spkeblowo.pl\/?p=3084\" \/>\n<meta property=\"og:site_name\" content=\"Szko\u0142a Podstawowa im. Jana Paw\u0142a II w K\u0119b\u0142owie\" \/>\n<meta property=\"article:published_time\" content=\"2022-04-14T12:14:22+00:00\" \/>\n<meta property=\"article:modified_time\" content=\"2022-04-14T12:36:05+00:00\" \/>\n<meta property=\"og:image\" content=\"https:\/\/spkeblowo.pl\/wp-content\/uploads\/2022\/04\/dzis-obchodzimy-1056-rocznice-chrztu-polski-gdzie-nastapilo-to-wazne-wydarzenie.jpg\" \/>\n\t<meta property=\"og:image:width\" content=\"925\" \/>\n\t<meta property=\"og:image:height\" content=\"592\" \/>\n\t<meta property=\"og:image:type\" content=\"image\/jpeg\" \/>\n<meta name=\"author\" content=\"admin\" \/>\n<meta name=\"twitter:card\" content=\"summary_large_image\" \/>\n<meta name=\"twitter:label1\" content=\"Napisane przez\" \/>\n\t<meta name=\"twitter:data1\" content=\"admin\" \/>\n\t<meta name=\"twitter:label2\" content=\"Szacowany czas czytania\" \/>\n\t<meta name=\"twitter:data2\" content=\"2 minuty\" \/>\n<script type=\"application\/ld+json\" class=\"yoast-schema-graph\">{\"@context\":\"https:\\\/\\\/schema.org\",\"@graph\":[{\"@type\":\"Article\",\"@id\":\"https:\\\/\\\/spkeblowo.pl\\\/?p=3084#article\",\"isPartOf\":{\"@id\":\"https:\\\/\\\/spkeblowo.pl\\\/?p=3084\"},\"author\":{\"name\":\"admin\",\"@id\":\"https:\\\/\\\/spkeblowo.pl\\\/#\\\/schema\\\/person\\\/91f40d6dcc01a89bccab6d147a30874f\"},\"headline\":\"1056. rocznica Chrztu Polski\",\"datePublished\":\"2022-04-14T12:14:22+00:00\",\"dateModified\":\"2022-04-14T12:36:05+00:00\",\"mainEntityOfPage\":{\"@id\":\"https:\\\/\\\/spkeblowo.pl\\\/?p=3084\"},\"wordCount\":349,\"publisher\":{\"@id\":\"https:\\\/\\\/spkeblowo.pl\\\/#organization\"},\"image\":{\"@id\":\"https:\\\/\\\/spkeblowo.pl\\\/?p=3084#primaryimage\"},\"thumbnailUrl\":\"https:\\\/\\\/spkeblowo.pl\\\/wp-content\\\/uploads\\\/2022\\\/04\\\/dzis-obchodzimy-1056-rocznice-chrztu-polski-gdzie-nastapilo-to-wazne-wydarzenie.jpg\",\"articleSection\":[\"Uncategorized\"],\"inLanguage\":\"pl-PL\"},{\"@type\":\"WebPage\",\"@id\":\"https:\\\/\\\/spkeblowo.pl\\\/?p=3084\",\"url\":\"https:\\\/\\\/spkeblowo.pl\\\/?p=3084\",\"name\":\"1056. rocznica Chrztu Polski - Szko\u0142a Podstawowa im. Jana Paw\u0142a II w K\u0119b\u0142owie\",\"isPartOf\":{\"@id\":\"https:\\\/\\\/spkeblowo.pl\\\/#website\"},\"primaryImageOfPage\":{\"@id\":\"https:\\\/\\\/spkeblowo.pl\\\/?p=3084#primaryimage\"},\"image\":{\"@id\":\"https:\\\/\\\/spkeblowo.pl\\\/?p=3084#primaryimage\"},\"thumbnailUrl\":\"https:\\\/\\\/spkeblowo.pl\\\/wp-content\\\/uploads\\\/2022\\\/04\\\/dzis-obchodzimy-1056-rocznice-chrztu-polski-gdzie-nastapilo-to-wazne-wydarzenie.jpg\",\"datePublished\":\"2022-04-14T12:14:22+00:00\",\"dateModified\":\"2022-04-14T12:36:05+00:00\",\"breadcrumb\":{\"@id\":\"https:\\\/\\\/spkeblowo.pl\\\/?p=3084#breadcrumb\"},\"inLanguage\":\"pl-PL\",\"potentialAction\":[{\"@type\":\"ReadAction\",\"target\":[\"https:\\\/\\\/spkeblowo.pl\\\/?p=3084\"]}]},{\"@type\":\"ImageObject\",\"inLanguage\":\"pl-PL\",\"@id\":\"https:\\\/\\\/spkeblowo.pl\\\/?p=3084#primaryimage\",\"url\":\"https:\\\/\\\/spkeblowo.pl\\\/wp-content\\\/uploads\\\/2022\\\/04\\\/dzis-obchodzimy-1056-rocznice-chrztu-polski-gdzie-nastapilo-to-wazne-wydarzenie.jpg\",\"contentUrl\":\"https:\\\/\\\/spkeblowo.pl\\\/wp-content\\\/uploads\\\/2022\\\/04\\\/dzis-obchodzimy-1056-rocznice-chrztu-polski-gdzie-nastapilo-to-wazne-wydarzenie.jpg\",\"width\":925,\"height\":592},{\"@type\":\"BreadcrumbList\",\"@id\":\"https:\\\/\\\/spkeblowo.pl\\\/?p=3084#breadcrumb\",\"itemListElement\":[{\"@type\":\"ListItem\",\"position\":1,\"name\":\"Strona g\u0142\u00f3wna\",\"item\":\"https:\\\/\\\/spkeblowo.pl\\\/\"},{\"@type\":\"ListItem\",\"position\":2,\"name\":\"1056. rocznica Chrztu Polski\"}]},{\"@type\":\"WebSite\",\"@id\":\"https:\\\/\\\/spkeblowo.pl\\\/#website\",\"url\":\"https:\\\/\\\/spkeblowo.pl\\\/\",\"name\":\"Szko\u0142a Podstawowa im. Jana Paw\u0142a II w K\u0119b\u0142owie\",\"description\":\"\",\"publisher\":{\"@id\":\"https:\\\/\\\/spkeblowo.pl\\\/#organization\"},\"potentialAction\":[{\"@type\":\"SearchAction\",\"target\":{\"@type\":\"EntryPoint\",\"urlTemplate\":\"https:\\\/\\\/spkeblowo.pl\\\/?s={search_term_string}\"},\"query-input\":{\"@type\":\"PropertyValueSpecification\",\"valueRequired\":true,\"valueName\":\"search_term_string\"}}],\"inLanguage\":\"pl-PL\"},{\"@type\":\"Organization\",\"@id\":\"https:\\\/\\\/spkeblowo.pl\\\/#organization\",\"name\":\"Szko\u0142a Podstawowa im. Jana Paw\u0142a II w K\u0119b\u0142owie\",\"url\":\"https:\\\/\\\/spkeblowo.pl\\\/\",\"logo\":{\"@type\":\"ImageObject\",\"inLanguage\":\"pl-PL\",\"@id\":\"https:\\\/\\\/spkeblowo.pl\\\/#\\\/schema\\\/logo\\\/image\\\/\",\"url\":\"https:\\\/\\\/spkeblowo.pl\\\/wp-content\\\/uploads\\\/2020\\\/03\\\/2-2.png\",\"contentUrl\":\"https:\\\/\\\/spkeblowo.pl\\\/wp-content\\\/uploads\\\/2020\\\/03\\\/2-2.png\",\"width\":1400,\"height\":350,\"caption\":\"Szko\u0142a Podstawowa im. Jana Paw\u0142a II w K\u0119b\u0142owie\"},\"image\":{\"@id\":\"https:\\\/\\\/spkeblowo.pl\\\/#\\\/schema\\\/logo\\\/image\\\/\"}},{\"@type\":\"Person\",\"@id\":\"https:\\\/\\\/spkeblowo.pl\\\/#\\\/schema\\\/person\\\/91f40d6dcc01a89bccab6d147a30874f\",\"name\":\"admin\",\"image\":{\"@type\":\"ImageObject\",\"inLanguage\":\"pl-PL\",\"@id\":\"https:\\\/\\\/secure.gravatar.com\\\/avatar\\\/a8792c5ea44a0bd480cdae637f0e5e453347ff27968eb8552bf193361ffde3ec?s=96&d=mm&r=g\",\"url\":\"https:\\\/\\\/secure.gravatar.com\\\/avatar\\\/a8792c5ea44a0bd480cdae637f0e5e453347ff27968eb8552bf193361ffde3ec?s=96&d=mm&r=g\",\"contentUrl\":\"https:\\\/\\\/secure.gravatar.com\\\/avatar\\\/a8792c5ea44a0bd480cdae637f0e5e453347ff27968eb8552bf193361ffde3ec?s=96&d=mm&r=g\",\"caption\":\"admin\"},\"url\":\"https:\\\/\\\/spkeblowo.pl\\\/?author=1\"}]}<\/script>\n<!-- \/ Yoast SEO plugin. -->","yoast_head_json":{"title":"1056. rocznica Chrztu Polski - Szko\u0142a Podstawowa im. Jana Paw\u0142a II w K\u0119b\u0142owie","robots":{"index":"index","follow":"follow","max-snippet":"max-snippet:-1","max-image-preview":"max-image-preview:large","max-video-preview":"max-video-preview:-1"},"canonical":"https:\/\/spkeblowo.pl\/?p=3084","og_locale":"pl_PL","og_type":"article","og_title":"1056. rocznica Chrztu Polski - Szko\u0142a Podstawowa im. Jana Paw\u0142a II w K\u0119b\u0142owie","og_description":"Chrzest ksi\u0119cia Mieszka I to prze\u0142omowe wydarzenie w dziejach pa\u0144stwa i narodu polskiego, uznawane za symboliczny pocz\u0105tek polskiej pa\u0144stwowo\u015bci. Chrzest &hellip;","og_url":"https:\/\/spkeblowo.pl\/?p=3084","og_site_name":"Szko\u0142a Podstawowa im. Jana Paw\u0142a II w K\u0119b\u0142owie","article_published_time":"2022-04-14T12:14:22+00:00","article_modified_time":"2022-04-14T12:36:05+00:00","og_image":[{"width":925,"height":592,"url":"https:\/\/spkeblowo.pl\/wp-content\/uploads\/2022\/04\/dzis-obchodzimy-1056-rocznice-chrztu-polski-gdzie-nastapilo-to-wazne-wydarzenie.jpg","type":"image\/jpeg"}],"author":"admin","twitter_card":"summary_large_image","twitter_misc":{"Napisane przez":"admin","Szacowany czas czytania":"2 minuty"},"schema":{"@context":"https:\/\/schema.org","@graph":[{"@type":"Article","@id":"https:\/\/spkeblowo.pl\/?p=3084#article","isPartOf":{"@id":"https:\/\/spkeblowo.pl\/?p=3084"},"author":{"name":"admin","@id":"https:\/\/spkeblowo.pl\/#\/schema\/person\/91f40d6dcc01a89bccab6d147a30874f"},"headline":"1056. rocznica Chrztu Polski","datePublished":"2022-04-14T12:14:22+00:00","dateModified":"2022-04-14T12:36:05+00:00","mainEntityOfPage":{"@id":"https:\/\/spkeblowo.pl\/?p=3084"},"wordCount":349,"publisher":{"@id":"https:\/\/spkeblowo.pl\/#organization"},"image":{"@id":"https:\/\/spkeblowo.pl\/?p=3084#primaryimage"},"thumbnailUrl":"https:\/\/spkeblowo.pl\/wp-content\/uploads\/2022\/04\/dzis-obchodzimy-1056-rocznice-chrztu-polski-gdzie-nastapilo-to-wazne-wydarzenie.jpg","articleSection":["Uncategorized"],"inLanguage":"pl-PL"},{"@type":"WebPage","@id":"https:\/\/spkeblowo.pl\/?p=3084","url":"https:\/\/spkeblowo.pl\/?p=3084","name":"1056. rocznica Chrztu Polski - Szko\u0142a Podstawowa im. Jana Paw\u0142a II w K\u0119b\u0142owie","isPartOf":{"@id":"https:\/\/spkeblowo.pl\/#website"},"primaryImageOfPage":{"@id":"https:\/\/spkeblowo.pl\/?p=3084#primaryimage"},"image":{"@id":"https:\/\/spkeblowo.pl\/?p=3084#primaryimage"},"thumbnailUrl":"https:\/\/spkeblowo.pl\/wp-content\/uploads\/2022\/04\/dzis-obchodzimy-1056-rocznice-chrztu-polski-gdzie-nastapilo-to-wazne-wydarzenie.jpg","datePublished":"2022-04-14T12:14:22+00:00","dateModified":"2022-04-14T12:36:05+00:00","breadcrumb":{"@id":"https:\/\/spkeblowo.pl\/?p=3084#breadcrumb"},"inLanguage":"pl-PL","potentialAction":[{"@type":"ReadAction","target":["https:\/\/spkeblowo.pl\/?p=3084"]}]},{"@type":"ImageObject","inLanguage":"pl-PL","@id":"https:\/\/spkeblowo.pl\/?p=3084#primaryimage","url":"https:\/\/spkeblowo.pl\/wp-content\/uploads\/2022\/04\/dzis-obchodzimy-1056-rocznice-chrztu-polski-gdzie-nastapilo-to-wazne-wydarzenie.jpg","contentUrl":"https:\/\/spkeblowo.pl\/wp-content\/uploads\/2022\/04\/dzis-obchodzimy-1056-rocznice-chrztu-polski-gdzie-nastapilo-to-wazne-wydarzenie.jpg","width":925,"height":592},{"@type":"BreadcrumbList","@id":"https:\/\/spkeblowo.pl\/?p=3084#breadcrumb","itemListElement":[{"@type":"ListItem","position":1,"name":"Strona g\u0142\u00f3wna","item":"https:\/\/spkeblowo.pl\/"},{"@type":"ListItem","position":2,"name":"1056. rocznica Chrztu Polski"}]},{"@type":"WebSite","@id":"https:\/\/spkeblowo.pl\/#website","url":"https:\/\/spkeblowo.pl\/","name":"Szko\u0142a Podstawowa im. Jana Paw\u0142a II w K\u0119b\u0142owie","description":"","publisher":{"@id":"https:\/\/spkeblowo.pl\/#organization"},"potentialAction":[{"@type":"SearchAction","target":{"@type":"EntryPoint","urlTemplate":"https:\/\/spkeblowo.pl\/?s={search_term_string}"},"query-input":{"@type":"PropertyValueSpecification","valueRequired":true,"valueName":"search_term_string"}}],"inLanguage":"pl-PL"},{"@type":"Organization","@id":"https:\/\/spkeblowo.pl\/#organization","name":"Szko\u0142a Podstawowa im. Jana Paw\u0142a II w K\u0119b\u0142owie","url":"https:\/\/spkeblowo.pl\/","logo":{"@type":"ImageObject","inLanguage":"pl-PL","@id":"https:\/\/spkeblowo.pl\/#\/schema\/logo\/image\/","url":"https:\/\/spkeblowo.pl\/wp-content\/uploads\/2020\/03\/2-2.png","contentUrl":"https:\/\/spkeblowo.pl\/wp-content\/uploads\/2020\/03\/2-2.png","width":1400,"height":350,"caption":"Szko\u0142a Podstawowa im. Jana Paw\u0142a II w K\u0119b\u0142owie"},"image":{"@id":"https:\/\/spkeblowo.pl\/#\/schema\/logo\/image\/"}},{"@type":"Person","@id":"https:\/\/spkeblowo.pl\/#\/schema\/person\/91f40d6dcc01a89bccab6d147a30874f","name":"admin","image":{"@type":"ImageObject","inLanguage":"pl-PL","@id":"https:\/\/secure.gravatar.com\/avatar\/a8792c5ea44a0bd480cdae637f0e5e453347ff27968eb8552bf193361ffde3ec?s=96&d=mm&r=g","url":"https:\/\/secure.gravatar.com\/avatar\/a8792c5ea44a0bd480cdae637f0e5e453347ff27968eb8552bf193361ffde3ec?s=96&d=mm&r=g","contentUrl":"https:\/\/secure.gravatar.com\/avatar\/a8792c5ea44a0bd480cdae637f0e5e453347ff27968eb8552bf193361ffde3ec?s=96&d=mm&r=g","caption":"admin"},"url":"https:\/\/spkeblowo.pl\/?author=1"}]}},"_links":{"self":[{"href":"https:\/\/spkeblowo.pl\/index.php?rest_route=\/wp\/v2\/posts\/3084","targetHints":{"allow":["GET"]}}],"collection":[{"href":"https:\/\/spkeblowo.pl\/index.php?rest_route=\/wp\/v2\/posts"}],"about":[{"href":"https:\/\/spkeblowo.pl\/index.php?rest_route=\/wp\/v2\/types\/post"}],"author":[{"embeddable":true,"href":"https:\/\/spkeblowo.pl\/index.php?rest_route=\/wp\/v2\/users\/1"}],"replies":[{"embeddable":true,"href":"https:\/\/spkeblowo.pl\/index.php?rest_route=%2Fwp%2Fv2%2Fcomments&post=3084"}],"version-history":[{"count":16,"href":"https:\/\/spkeblowo.pl\/index.php?rest_route=\/wp\/v2\/posts\/3084\/revisions"}],"predecessor-version":[{"id":3103,"href":"https:\/\/spkeblowo.pl\/index.php?rest_route=\/wp\/v2\/posts\/3084\/revisions\/3103"}],"wp:featuredmedia":[{"embeddable":true,"href":"https:\/\/spkeblowo.pl\/index.php?rest_route=\/wp\/v2\/media\/3097"}],"wp:attachment":[{"href":"https:\/\/spkeblowo.pl\/index.php?rest_route=%2Fwp%2Fv2%2Fmedia&parent=3084"}],"wp:term":[{"taxonomy":"category","embeddable":true,"href":"https:\/\/spkeblowo.pl\/index.php?rest_route=%2Fwp%2Fv2%2Fcategories&post=3084"},{"taxonomy":"post_tag","embeddable":true,"href":"https:\/\/spkeblowo.pl\/index.php?rest_route=%2Fwp%2Fv2%2Ftags&post=3084"}],"curies":[{"name":"wp","href":"https:\/\/api.w.org\/{rel}","templated":true}]}}