{"id":2996,"date":"2022-03-16T14:29:24","date_gmt":"2022-03-16T12:29:24","guid":{"rendered":"http:\/\/spkeblowo.strefa.pl\/wordpress\/?p=2996"},"modified":"2022-03-16T14:29:29","modified_gmt":"2022-03-16T12:29:29","slug":"miedzynarodowy-dzien-liczby-%cf%80","status":"publish","type":"post","link":"https:\/\/spkeblowo.pl\/?p=2996","title":{"rendered":"Mi\u0119dzynarodowy Dzie\u0144 Liczby \u03c0"},"content":{"rendered":"\n<div class=\"wp-block-media-text alignwide is-stacked-on-mobile\" style=\"grid-template-columns:15% auto\"><figure class=\"wp-block-media-text__media\"><img decoding=\"async\" src=\"https:\/\/spkeblowo.pl\/wp-content\/uploads\/2022\/03\/4-1.jpg\" alt=\"\" class=\"wp-image-3001 size-full\"\/><\/figure><div class=\"wp-block-media-text__content\">\n<p class=\"has-normal-font-size\"><em>14 marca obchodzili\u015bmy Mi\u0119dzynarodowy Dzie\u0144 Liczby \u03c0. Stypendy\u015bci: Szymon kl. 7a, Paulina kl. 7a, Marta kl.7a, Martyna kl. 7a, Zosia kl. 7b i Amelia kl. 7b z tej okazji wykonali tematyczn\u0105 gazetk\u0119. Uczniowie mogli pozna\u0107 genez\u0119 tego \u015bwi\u0119ta. Dowiedzieli si\u0119, w jakich wzorach ta liczba ma zastosowanie. Pojawi\u0142o si\u0119 kilka ciekawostek dotycz\u0105cych liczby Pi. O wyj\u0105tkowo\u015bci tej liczby mo\u017ce \u015bwiadczy\u0107 wiersz Noblistki Wis\u0142awy Szymborskiej.<\/em><\/p>\n<\/div><\/div>\n\n\n\n<p><em>14 marca dla ka\u017cdej z klas przygotowano matematyczne zadania:<\/em><\/p>\n\n\n\n<ul class=\"wp-block-list\"><li><em>klasy czwarte musia\u0142y w rozwini\u0119ciu liczby Pi odnale\u017a\u0107 dat\u0119 swoich urodzin,<\/em><\/li><li><em>klasy pi\u0105te rozwi\u0105zywa\u0142y matematyczne rebusy,<\/em><\/li><li><em>klasy sz\u00f3ste mia\u0142y za zadanie zapami\u0119ta\u0107 jak najwi\u0119cej cyfr z rozwini\u0119cia liczby Pi,<\/em><\/li><li><em>klasy si\u00f3dme wykonywa\u0142y liczb\u0119 Pi w 3D oraz rozwi\u0105zywa\u0142y test na skojarzenia matematyczne.<\/em><\/li><\/ul>\n\n\n\n<p><em>Podczas d\u0142ugich przerw stypendy\u015bci prosili koleg\u00f3w i kole\u017canki, by podawali wyrazy z cz\u0105stk\u0105 \u201ePi\u201d.<\/em><\/p>\n\n\n\n<p><em>By uczci\u0107 Mi\u0119dzynarodowy Dzie\u0144 Liczby\u03c0,upiekli tort, kt\u00f3ry zosta\u0142 przekazany na r\u0119ce Dyrektora szko\u0142y.<\/em><\/p>\n\n\n\n<figure class=\"wp-block-gallery columns-3 is-cropped wp-block-gallery-1 is-layout-flex wp-block-gallery-is-layout-flex\"><ul class=\"blocks-gallery-grid\"><li class=\"blocks-gallery-item\"><figure><img fetchpriority=\"high\" decoding=\"async\" width=\"479\" height=\"393\" src=\"https:\/\/spkeblowo.pl\/wp-content\/uploads\/2022\/03\/3.jpg\" alt=\"\" data-id=\"2998\" data-full-url=\"https:\/\/spkeblowo.pl\/wp-content\/uploads\/2022\/03\/3.jpg\" data-link=\"https:\/\/spkeblowo.pl\/?attachment_id=2998\" class=\"wp-image-2998\" srcset=\"https:\/\/spkeblowo.pl\/wp-content\/uploads\/2022\/03\/3.jpg 479w, https:\/\/spkeblowo.pl\/wp-content\/uploads\/2022\/03\/3-300x246.jpg 300w\" sizes=\"(max-width: 479px) 100vw, 479px\" \/><\/figure><\/li><li class=\"blocks-gallery-item\"><figure><img decoding=\"async\" width=\"607\" height=\"552\" src=\"https:\/\/spkeblowo.pl\/wp-content\/uploads\/2022\/03\/2.jpg\" alt=\"\" data-id=\"2999\" data-full-url=\"https:\/\/spkeblowo.pl\/wp-content\/uploads\/2022\/03\/2.jpg\" data-link=\"https:\/\/spkeblowo.pl\/?attachment_id=2999\" class=\"wp-image-2999\" srcset=\"https:\/\/spkeblowo.pl\/wp-content\/uploads\/2022\/03\/2.jpg 607w, https:\/\/spkeblowo.pl\/wp-content\/uploads\/2022\/03\/2-300x273.jpg 300w\" sizes=\"(max-width: 607px) 100vw, 607px\" \/><\/figure><\/li><li class=\"blocks-gallery-item\"><figure><img decoding=\"async\" width=\"607\" height=\"552\" src=\"https:\/\/spkeblowo.pl\/wp-content\/uploads\/2022\/03\/1.jpg\" alt=\"\" data-id=\"3000\" data-full-url=\"https:\/\/spkeblowo.pl\/wp-content\/uploads\/2022\/03\/1.jpg\" data-link=\"https:\/\/spkeblowo.pl\/?attachment_id=3000\" class=\"wp-image-3000\" srcset=\"https:\/\/spkeblowo.pl\/wp-content\/uploads\/2022\/03\/1.jpg 607w, https:\/\/spkeblowo.pl\/wp-content\/uploads\/2022\/03\/1-300x273.jpg 300w\" sizes=\"(max-width: 607px) 100vw, 607px\" \/><\/figure><\/li><\/ul><\/figure>\n","protected":false},"excerpt":{"rendered":"<p>14 marca obchodzili\u015bmy Mi\u0119dzynarodowy Dzie\u0144 Liczby \u03c0. Stypendy\u015bci: Szymon kl. 7a, Paulina kl. 7a, Marta kl.7a, Martyna kl. 7a, Zosia &hellip; <\/p>\n","protected":false},"author":1,"featured_media":0,"comment_status":"closed","ping_status":"open","sticky":false,"template":"","format":"standard","meta":{"footnotes":""},"categories":[1],"tags":[],"class_list":["post-2996","post","type-post","status-publish","format-standard","hentry","category-uncategorized"],"yoast_head":"<!-- This site is optimized with the Yoast SEO plugin v27.5 - https:\/\/yoast.com\/product\/yoast-seo-wordpress\/ -->\n<title>Mi\u0119dzynarodowy Dzie\u0144 Liczby \u03c0 - Szko\u0142a Podstawowa im. Jana Paw\u0142a II w K\u0119b\u0142owie<\/title>\n<meta name=\"robots\" content=\"index, follow, max-snippet:-1, max-image-preview:large, max-video-preview:-1\" \/>\n<link rel=\"canonical\" href=\"https:\/\/spkeblowo.pl\/?p=2996\" \/>\n<meta property=\"og:locale\" content=\"pl_PL\" \/>\n<meta property=\"og:type\" content=\"article\" \/>\n<meta property=\"og:title\" content=\"Mi\u0119dzynarodowy Dzie\u0144 Liczby \u03c0 - Szko\u0142a Podstawowa im. Jana Paw\u0142a II w K\u0119b\u0142owie\" \/>\n<meta property=\"og:description\" content=\"14 marca obchodzili\u015bmy Mi\u0119dzynarodowy Dzie\u0144 Liczby \u03c0. Stypendy\u015bci: Szymon kl. 7a, Paulina kl. 7a, Marta kl.7a, Martyna kl. 7a, Zosia &hellip;\" \/>\n<meta property=\"og:url\" content=\"https:\/\/spkeblowo.pl\/?p=2996\" \/>\n<meta property=\"og:site_name\" content=\"Szko\u0142a Podstawowa im. Jana Paw\u0142a II w K\u0119b\u0142owie\" \/>\n<meta property=\"article:published_time\" content=\"2022-03-16T12:29:24+00:00\" \/>\n<meta property=\"article:modified_time\" content=\"2022-03-16T12:29:29+00:00\" \/>\n<meta property=\"og:image\" content=\"https:\/\/spkeblowo.pl\/wp-content\/uploads\/2022\/03\/4-1.jpg\" \/>\n<meta name=\"author\" content=\"admin\" \/>\n<meta name=\"twitter:card\" content=\"summary_large_image\" \/>\n<meta name=\"twitter:label1\" content=\"Napisane przez\" \/>\n\t<meta name=\"twitter:data1\" content=\"admin\" \/>\n\t<meta name=\"twitter:label2\" content=\"Szacowany czas czytania\" \/>\n\t<meta name=\"twitter:data2\" content=\"2 minuty\" \/>\n<script type=\"application\/ld+json\" class=\"yoast-schema-graph\">{\"@context\":\"https:\\\/\\\/schema.org\",\"@graph\":[{\"@type\":\"Article\",\"@id\":\"https:\\\/\\\/spkeblowo.pl\\\/?p=2996#article\",\"isPartOf\":{\"@id\":\"https:\\\/\\\/spkeblowo.pl\\\/?p=2996\"},\"author\":{\"name\":\"admin\",\"@id\":\"https:\\\/\\\/spkeblowo.pl\\\/#\\\/schema\\\/person\\\/91f40d6dcc01a89bccab6d147a30874f\"},\"headline\":\"Mi\u0119dzynarodowy Dzie\u0144 Liczby \u03c0\",\"datePublished\":\"2022-03-16T12:29:24+00:00\",\"dateModified\":\"2022-03-16T12:29:29+00:00\",\"mainEntityOfPage\":{\"@id\":\"https:\\\/\\\/spkeblowo.pl\\\/?p=2996\"},\"wordCount\":179,\"publisher\":{\"@id\":\"https:\\\/\\\/spkeblowo.pl\\\/#organization\"},\"image\":{\"@id\":\"https:\\\/\\\/spkeblowo.pl\\\/?p=2996#primaryimage\"},\"thumbnailUrl\":\"https:\\\/\\\/spkeblowo.pl\\\/wp-content\\\/uploads\\\/2022\\\/03\\\/4-1.jpg\",\"articleSection\":[\"Uncategorized\"],\"inLanguage\":\"pl-PL\"},{\"@type\":\"WebPage\",\"@id\":\"https:\\\/\\\/spkeblowo.pl\\\/?p=2996\",\"url\":\"https:\\\/\\\/spkeblowo.pl\\\/?p=2996\",\"name\":\"Mi\u0119dzynarodowy Dzie\u0144 Liczby \u03c0 - Szko\u0142a Podstawowa im. Jana Paw\u0142a II w K\u0119b\u0142owie\",\"isPartOf\":{\"@id\":\"https:\\\/\\\/spkeblowo.pl\\\/#website\"},\"primaryImageOfPage\":{\"@id\":\"https:\\\/\\\/spkeblowo.pl\\\/?p=2996#primaryimage\"},\"image\":{\"@id\":\"https:\\\/\\\/spkeblowo.pl\\\/?p=2996#primaryimage\"},\"thumbnailUrl\":\"https:\\\/\\\/spkeblowo.pl\\\/wp-content\\\/uploads\\\/2022\\\/03\\\/4-1.jpg\",\"datePublished\":\"2022-03-16T12:29:24+00:00\",\"dateModified\":\"2022-03-16T12:29:29+00:00\",\"breadcrumb\":{\"@id\":\"https:\\\/\\\/spkeblowo.pl\\\/?p=2996#breadcrumb\"},\"inLanguage\":\"pl-PL\",\"potentialAction\":[{\"@type\":\"ReadAction\",\"target\":[\"https:\\\/\\\/spkeblowo.pl\\\/?p=2996\"]}]},{\"@type\":\"ImageObject\",\"inLanguage\":\"pl-PL\",\"@id\":\"https:\\\/\\\/spkeblowo.pl\\\/?p=2996#primaryimage\",\"url\":\"https:\\\/\\\/spkeblowo.pl\\\/wp-content\\\/uploads\\\/2022\\\/03\\\/4-1.jpg\",\"contentUrl\":\"https:\\\/\\\/spkeblowo.pl\\\/wp-content\\\/uploads\\\/2022\\\/03\\\/4-1.jpg\"},{\"@type\":\"BreadcrumbList\",\"@id\":\"https:\\\/\\\/spkeblowo.pl\\\/?p=2996#breadcrumb\",\"itemListElement\":[{\"@type\":\"ListItem\",\"position\":1,\"name\":\"Strona g\u0142\u00f3wna\",\"item\":\"https:\\\/\\\/spkeblowo.pl\\\/\"},{\"@type\":\"ListItem\",\"position\":2,\"name\":\"Mi\u0119dzynarodowy Dzie\u0144 Liczby \u03c0\"}]},{\"@type\":\"WebSite\",\"@id\":\"https:\\\/\\\/spkeblowo.pl\\\/#website\",\"url\":\"https:\\\/\\\/spkeblowo.pl\\\/\",\"name\":\"Szko\u0142a Podstawowa im. Jana Paw\u0142a II w K\u0119b\u0142owie\",\"description\":\"\",\"publisher\":{\"@id\":\"https:\\\/\\\/spkeblowo.pl\\\/#organization\"},\"potentialAction\":[{\"@type\":\"SearchAction\",\"target\":{\"@type\":\"EntryPoint\",\"urlTemplate\":\"https:\\\/\\\/spkeblowo.pl\\\/?s={search_term_string}\"},\"query-input\":{\"@type\":\"PropertyValueSpecification\",\"valueRequired\":true,\"valueName\":\"search_term_string\"}}],\"inLanguage\":\"pl-PL\"},{\"@type\":\"Organization\",\"@id\":\"https:\\\/\\\/spkeblowo.pl\\\/#organization\",\"name\":\"Szko\u0142a Podstawowa im. Jana Paw\u0142a II w K\u0119b\u0142owie\",\"url\":\"https:\\\/\\\/spkeblowo.pl\\\/\",\"logo\":{\"@type\":\"ImageObject\",\"inLanguage\":\"pl-PL\",\"@id\":\"https:\\\/\\\/spkeblowo.pl\\\/#\\\/schema\\\/logo\\\/image\\\/\",\"url\":\"https:\\\/\\\/spkeblowo.pl\\\/wp-content\\\/uploads\\\/2020\\\/03\\\/2-2.png\",\"contentUrl\":\"https:\\\/\\\/spkeblowo.pl\\\/wp-content\\\/uploads\\\/2020\\\/03\\\/2-2.png\",\"width\":1400,\"height\":350,\"caption\":\"Szko\u0142a Podstawowa im. Jana Paw\u0142a II w K\u0119b\u0142owie\"},\"image\":{\"@id\":\"https:\\\/\\\/spkeblowo.pl\\\/#\\\/schema\\\/logo\\\/image\\\/\"}},{\"@type\":\"Person\",\"@id\":\"https:\\\/\\\/spkeblowo.pl\\\/#\\\/schema\\\/person\\\/91f40d6dcc01a89bccab6d147a30874f\",\"name\":\"admin\",\"image\":{\"@type\":\"ImageObject\",\"inLanguage\":\"pl-PL\",\"@id\":\"https:\\\/\\\/secure.gravatar.com\\\/avatar\\\/a8792c5ea44a0bd480cdae637f0e5e453347ff27968eb8552bf193361ffde3ec?s=96&d=mm&r=g\",\"url\":\"https:\\\/\\\/secure.gravatar.com\\\/avatar\\\/a8792c5ea44a0bd480cdae637f0e5e453347ff27968eb8552bf193361ffde3ec?s=96&d=mm&r=g\",\"contentUrl\":\"https:\\\/\\\/secure.gravatar.com\\\/avatar\\\/a8792c5ea44a0bd480cdae637f0e5e453347ff27968eb8552bf193361ffde3ec?s=96&d=mm&r=g\",\"caption\":\"admin\"},\"url\":\"https:\\\/\\\/spkeblowo.pl\\\/?author=1\"}]}<\/script>\n<!-- \/ Yoast SEO plugin. -->","yoast_head_json":{"title":"Mi\u0119dzynarodowy Dzie\u0144 Liczby \u03c0 - Szko\u0142a Podstawowa im. Jana Paw\u0142a II w K\u0119b\u0142owie","robots":{"index":"index","follow":"follow","max-snippet":"max-snippet:-1","max-image-preview":"max-image-preview:large","max-video-preview":"max-video-preview:-1"},"canonical":"https:\/\/spkeblowo.pl\/?p=2996","og_locale":"pl_PL","og_type":"article","og_title":"Mi\u0119dzynarodowy Dzie\u0144 Liczby \u03c0 - Szko\u0142a Podstawowa im. Jana Paw\u0142a II w K\u0119b\u0142owie","og_description":"14 marca obchodzili\u015bmy Mi\u0119dzynarodowy Dzie\u0144 Liczby \u03c0. Stypendy\u015bci: Szymon kl. 7a, Paulina kl. 7a, Marta kl.7a, Martyna kl. 7a, Zosia &hellip;","og_url":"https:\/\/spkeblowo.pl\/?p=2996","og_site_name":"Szko\u0142a Podstawowa im. Jana Paw\u0142a II w K\u0119b\u0142owie","article_published_time":"2022-03-16T12:29:24+00:00","article_modified_time":"2022-03-16T12:29:29+00:00","og_image":[{"url":"https:\/\/spkeblowo.pl\/wp-content\/uploads\/2022\/03\/4-1.jpg","type":"","width":"","height":""}],"author":"admin","twitter_card":"summary_large_image","twitter_misc":{"Napisane przez":"admin","Szacowany czas czytania":"2 minuty"},"schema":{"@context":"https:\/\/schema.org","@graph":[{"@type":"Article","@id":"https:\/\/spkeblowo.pl\/?p=2996#article","isPartOf":{"@id":"https:\/\/spkeblowo.pl\/?p=2996"},"author":{"name":"admin","@id":"https:\/\/spkeblowo.pl\/#\/schema\/person\/91f40d6dcc01a89bccab6d147a30874f"},"headline":"Mi\u0119dzynarodowy Dzie\u0144 Liczby \u03c0","datePublished":"2022-03-16T12:29:24+00:00","dateModified":"2022-03-16T12:29:29+00:00","mainEntityOfPage":{"@id":"https:\/\/spkeblowo.pl\/?p=2996"},"wordCount":179,"publisher":{"@id":"https:\/\/spkeblowo.pl\/#organization"},"image":{"@id":"https:\/\/spkeblowo.pl\/?p=2996#primaryimage"},"thumbnailUrl":"https:\/\/spkeblowo.pl\/wp-content\/uploads\/2022\/03\/4-1.jpg","articleSection":["Uncategorized"],"inLanguage":"pl-PL"},{"@type":"WebPage","@id":"https:\/\/spkeblowo.pl\/?p=2996","url":"https:\/\/spkeblowo.pl\/?p=2996","name":"Mi\u0119dzynarodowy Dzie\u0144 Liczby \u03c0 - Szko\u0142a Podstawowa im. Jana Paw\u0142a II w K\u0119b\u0142owie","isPartOf":{"@id":"https:\/\/spkeblowo.pl\/#website"},"primaryImageOfPage":{"@id":"https:\/\/spkeblowo.pl\/?p=2996#primaryimage"},"image":{"@id":"https:\/\/spkeblowo.pl\/?p=2996#primaryimage"},"thumbnailUrl":"https:\/\/spkeblowo.pl\/wp-content\/uploads\/2022\/03\/4-1.jpg","datePublished":"2022-03-16T12:29:24+00:00","dateModified":"2022-03-16T12:29:29+00:00","breadcrumb":{"@id":"https:\/\/spkeblowo.pl\/?p=2996#breadcrumb"},"inLanguage":"pl-PL","potentialAction":[{"@type":"ReadAction","target":["https:\/\/spkeblowo.pl\/?p=2996"]}]},{"@type":"ImageObject","inLanguage":"pl-PL","@id":"https:\/\/spkeblowo.pl\/?p=2996#primaryimage","url":"https:\/\/spkeblowo.pl\/wp-content\/uploads\/2022\/03\/4-1.jpg","contentUrl":"https:\/\/spkeblowo.pl\/wp-content\/uploads\/2022\/03\/4-1.jpg"},{"@type":"BreadcrumbList","@id":"https:\/\/spkeblowo.pl\/?p=2996#breadcrumb","itemListElement":[{"@type":"ListItem","position":1,"name":"Strona g\u0142\u00f3wna","item":"https:\/\/spkeblowo.pl\/"},{"@type":"ListItem","position":2,"name":"Mi\u0119dzynarodowy Dzie\u0144 Liczby \u03c0"}]},{"@type":"WebSite","@id":"https:\/\/spkeblowo.pl\/#website","url":"https:\/\/spkeblowo.pl\/","name":"Szko\u0142a Podstawowa im. Jana Paw\u0142a II w K\u0119b\u0142owie","description":"","publisher":{"@id":"https:\/\/spkeblowo.pl\/#organization"},"potentialAction":[{"@type":"SearchAction","target":{"@type":"EntryPoint","urlTemplate":"https:\/\/spkeblowo.pl\/?s={search_term_string}"},"query-input":{"@type":"PropertyValueSpecification","valueRequired":true,"valueName":"search_term_string"}}],"inLanguage":"pl-PL"},{"@type":"Organization","@id":"https:\/\/spkeblowo.pl\/#organization","name":"Szko\u0142a Podstawowa im. Jana Paw\u0142a II w K\u0119b\u0142owie","url":"https:\/\/spkeblowo.pl\/","logo":{"@type":"ImageObject","inLanguage":"pl-PL","@id":"https:\/\/spkeblowo.pl\/#\/schema\/logo\/image\/","url":"https:\/\/spkeblowo.pl\/wp-content\/uploads\/2020\/03\/2-2.png","contentUrl":"https:\/\/spkeblowo.pl\/wp-content\/uploads\/2020\/03\/2-2.png","width":1400,"height":350,"caption":"Szko\u0142a Podstawowa im. Jana Paw\u0142a II w K\u0119b\u0142owie"},"image":{"@id":"https:\/\/spkeblowo.pl\/#\/schema\/logo\/image\/"}},{"@type":"Person","@id":"https:\/\/spkeblowo.pl\/#\/schema\/person\/91f40d6dcc01a89bccab6d147a30874f","name":"admin","image":{"@type":"ImageObject","inLanguage":"pl-PL","@id":"https:\/\/secure.gravatar.com\/avatar\/a8792c5ea44a0bd480cdae637f0e5e453347ff27968eb8552bf193361ffde3ec?s=96&d=mm&r=g","url":"https:\/\/secure.gravatar.com\/avatar\/a8792c5ea44a0bd480cdae637f0e5e453347ff27968eb8552bf193361ffde3ec?s=96&d=mm&r=g","contentUrl":"https:\/\/secure.gravatar.com\/avatar\/a8792c5ea44a0bd480cdae637f0e5e453347ff27968eb8552bf193361ffde3ec?s=96&d=mm&r=g","caption":"admin"},"url":"https:\/\/spkeblowo.pl\/?author=1"}]}},"_links":{"self":[{"href":"https:\/\/spkeblowo.pl\/index.php?rest_route=\/wp\/v2\/posts\/2996","targetHints":{"allow":["GET"]}}],"collection":[{"href":"https:\/\/spkeblowo.pl\/index.php?rest_route=\/wp\/v2\/posts"}],"about":[{"href":"https:\/\/spkeblowo.pl\/index.php?rest_route=\/wp\/v2\/types\/post"}],"author":[{"embeddable":true,"href":"https:\/\/spkeblowo.pl\/index.php?rest_route=\/wp\/v2\/users\/1"}],"replies":[{"embeddable":true,"href":"https:\/\/spkeblowo.pl\/index.php?rest_route=%2Fwp%2Fv2%2Fcomments&post=2996"}],"version-history":[{"count":1,"href":"https:\/\/spkeblowo.pl\/index.php?rest_route=\/wp\/v2\/posts\/2996\/revisions"}],"predecessor-version":[{"id":3003,"href":"https:\/\/spkeblowo.pl\/index.php?rest_route=\/wp\/v2\/posts\/2996\/revisions\/3003"}],"wp:attachment":[{"href":"https:\/\/spkeblowo.pl\/index.php?rest_route=%2Fwp%2Fv2%2Fmedia&parent=2996"}],"wp:term":[{"taxonomy":"category","embeddable":true,"href":"https:\/\/spkeblowo.pl\/index.php?rest_route=%2Fwp%2Fv2%2Fcategories&post=2996"},{"taxonomy":"post_tag","embeddable":true,"href":"https:\/\/spkeblowo.pl\/index.php?rest_route=%2Fwp%2Fv2%2Ftags&post=2996"}],"curies":[{"name":"wp","href":"https:\/\/api.w.org\/{rel}","templated":true}]}}