{"id":2991,"date":"2022-03-14T09:59:10","date_gmt":"2022-03-14T07:59:10","guid":{"rendered":"http:\/\/spkeblowo.strefa.pl\/wordpress\/?p=2991"},"modified":"2022-03-14T09:59:14","modified_gmt":"2022-03-14T07:59:14","slug":"jezyk-kaszubski-w-szkole-w-roku-szkolnym-2022-23","status":"publish","type":"post","link":"https:\/\/spkeblowo.pl\/?p=2991","title":{"rendered":"J\u0119zyk kaszubski w szkole w roku szkolnym 2022\/23"},"content":{"rendered":"\n<p class=\"has-text-align-center\"><\/p>\n\n\n\n<div class=\"wp-block-image\"><figure class=\"aligncenter size-large\"><img fetchpriority=\"high\" decoding=\"async\" width=\"582\" height=\"121\" src=\"https:\/\/spkeblowo.pl\/wp-content\/uploads\/2022\/03\/obraz.png\" alt=\"\" class=\"wp-image-2992\" srcset=\"https:\/\/spkeblowo.pl\/wp-content\/uploads\/2022\/03\/obraz.png 582w, https:\/\/spkeblowo.pl\/wp-content\/uploads\/2022\/03\/obraz-300x62.png 300w\" sizes=\"(max-width: 582px) 100vw, 582px\" \/><\/figure><\/div>\n\n\n\n<p>Informujemy i\u017c w naszej szkole istnieje mo\u017cliwo\u015b\u0107 ucz\u0119szczania na <strong>lekcje j\u0119zyka regionalnego &#8211; kaszubskiego<\/strong><strong>.<\/strong> Podczas zaj\u0119\u0107, kt\u00f3re odbywaj\u0105 si\u0119 3 razy w tygodniu, uczniowie mog\u0105 nie tylko poznawa\u0107 &nbsp;j\u0119zyk, ale maj\u0105 te\u017c okazj\u0119 odkrywa\u0107 najbli\u017csz\u0105 okolic\u0119, histori\u0119, geografi\u0119 i kultur\u0119 naszego&nbsp; regionu. Zaj\u0119cia prowadzone s\u0105 w spos\u00f3b motywuj\u0105cy uczni\u00f3w do tw\u00f3rczej pracy, z wykorzystaniem r\u00f3\u017cnorodnych metod aktywizuj\u0105cych typu: prace plastyczne, zaj\u0119cia ruchowe, odgrywanie scenek, zabawy j\u0119zykowe.<\/p>\n\n\n\n<p><strong>Zaj\u0119cia finansowane s\u0105 z dodatkowej subwencji o\u015bwiatowej<\/strong>, dlatego w ramach godzin lekcyjnych istnieje <strong>mo\u017cliwo\u015b\u0107 organizacji wycieczek i warsztat\u00f3w. <\/strong>Wszystkie formy uatrakcyjnienia zaj\u0119\u0107 oraz podr\u0119czniki, z kt\u00f3rych korzystaj\u0105 uczniowie podczas lekcji <strong>s\u0105 bezp\u0142atne dla rodzic\u00f3w<\/strong>.<\/p>\n\n\n\n<p>Nauk\u0119 j\u0119zyka kaszubskiego mo\u017ce rozpocz\u0105\u0107 ka\u017cdy ucze\u0144, kt\u00f3rego rodzic z\u0142o\u017cy odpowiedni wniosek \u00a0w<strong> sekretariacie szko\u0142y \u2013 druk wniosku do odbioru u wychowawcy klasy lub p. Katarzyny Westphal.<\/strong> Wniosek z\u0142o\u017cony raz <strong>obowi\u0105zuje na ca\u0142y okres nauki dziecka w szkole. <\/strong>\u00a0Dla uczni\u00f3w, kt\u00f3rzy zostali zapisani na zaj\u0119cia, <strong>nauka j\u0119zyka kaszubskiego zaliczana jest do obowi\u0105zkowych zaj\u0119\u0107 edukacyjnych<\/strong> (zapis w arkuszu ocen i na \u015bwiadectwie w\u015br\u00f3d przedmiot\u00f3w obowi\u0105zkowych, liczenie do \u015bredniej ocen). W klasie V i VI w ramach j\u0119zyka regionalnego realizowanych jest dodatkowo 50 godzin (\u0142\u0105cznie) w\u0142asnej historii i kultury. Nauczanie w\u0142asnej historii i kultury jest r\u00f3wnoznaczne z zaliczeniem tych zaj\u0119\u0107 do dodatkowych zaj\u0119\u0107 edukacyjnych ucznia (zapis w arkuszu ocen i na \u015bwiadectwie w\u015br\u00f3d przedmiot\u00f3w dodatkowych, liczenie do \u015bredniej ocen).<\/p>\n\n\n\n<div class=\"wp-block-image\"><figure class=\"aligncenter size-large\"><img decoding=\"async\" width=\"521\" height=\"194\" src=\"https:\/\/spkeblowo.pl\/wp-content\/uploads\/2022\/03\/obraz-2.png\" alt=\"\" class=\"wp-image-2994\" srcset=\"https:\/\/spkeblowo.pl\/wp-content\/uploads\/2022\/03\/obraz-2.png 521w, https:\/\/spkeblowo.pl\/wp-content\/uploads\/2022\/03\/obraz-2-300x112.png 300w\" sizes=\"(max-width: 521px) 100vw, 521px\" \/><\/figure><\/div>\n","protected":false},"excerpt":{"rendered":"<p>Informujemy i\u017c w naszej szkole istnieje mo\u017cliwo\u015b\u0107 ucz\u0119szczania na lekcje j\u0119zyka regionalnego &#8211; kaszubskiego. Podczas zaj\u0119\u0107, kt\u00f3re odbywaj\u0105 si\u0119 3 &hellip; <\/p>\n","protected":false},"author":1,"featured_media":0,"comment_status":"closed","ping_status":"open","sticky":false,"template":"","format":"standard","meta":{"footnotes":""},"categories":[1],"tags":[],"class_list":["post-2991","post","type-post","status-publish","format-standard","hentry","category-uncategorized"],"yoast_head":"<!-- This site is optimized with the Yoast SEO plugin v27.5 - https:\/\/yoast.com\/product\/yoast-seo-wordpress\/ -->\n<title>J\u0119zyk kaszubski w szkole w roku szkolnym 2022\/23 - Szko\u0142a Podstawowa im. Jana Paw\u0142a II w K\u0119b\u0142owie<\/title>\n<meta name=\"robots\" content=\"index, follow, max-snippet:-1, max-image-preview:large, max-video-preview:-1\" \/>\n<link rel=\"canonical\" href=\"https:\/\/spkeblowo.pl\/?p=2991\" \/>\n<meta property=\"og:locale\" content=\"pl_PL\" \/>\n<meta property=\"og:type\" content=\"article\" \/>\n<meta property=\"og:title\" content=\"J\u0119zyk kaszubski w szkole w roku szkolnym 2022\/23 - Szko\u0142a Podstawowa im. Jana Paw\u0142a II w K\u0119b\u0142owie\" \/>\n<meta property=\"og:description\" content=\"Informujemy i\u017c w naszej szkole istnieje mo\u017cliwo\u015b\u0107 ucz\u0119szczania na lekcje j\u0119zyka regionalnego &#8211; kaszubskiego. Podczas zaj\u0119\u0107, kt\u00f3re odbywaj\u0105 si\u0119 3 &hellip;\" \/>\n<meta property=\"og:url\" content=\"https:\/\/spkeblowo.pl\/?p=2991\" \/>\n<meta property=\"og:site_name\" content=\"Szko\u0142a Podstawowa im. Jana Paw\u0142a II w K\u0119b\u0142owie\" \/>\n<meta property=\"article:published_time\" content=\"2022-03-14T07:59:10+00:00\" \/>\n<meta property=\"article:modified_time\" content=\"2022-03-14T07:59:14+00:00\" \/>\n<meta property=\"og:image\" content=\"https:\/\/spkeblowo.pl\/wp-content\/uploads\/2022\/03\/obraz.png\" \/>\n<meta name=\"author\" content=\"admin\" \/>\n<meta name=\"twitter:card\" content=\"summary_large_image\" \/>\n<meta name=\"twitter:label1\" content=\"Napisane przez\" \/>\n\t<meta name=\"twitter:data1\" content=\"admin\" \/>\n\t<meta name=\"twitter:label2\" content=\"Szacowany czas czytania\" \/>\n\t<meta name=\"twitter:data2\" content=\"2 minuty\" \/>\n<script type=\"application\/ld+json\" class=\"yoast-schema-graph\">{\"@context\":\"https:\\\/\\\/schema.org\",\"@graph\":[{\"@type\":\"Article\",\"@id\":\"https:\\\/\\\/spkeblowo.pl\\\/?p=2991#article\",\"isPartOf\":{\"@id\":\"https:\\\/\\\/spkeblowo.pl\\\/?p=2991\"},\"author\":{\"name\":\"admin\",\"@id\":\"https:\\\/\\\/spkeblowo.pl\\\/#\\\/schema\\\/person\\\/91f40d6dcc01a89bccab6d147a30874f\"},\"headline\":\"J\u0119zyk kaszubski w szkole w roku szkolnym 2022\\\/23\",\"datePublished\":\"2022-03-14T07:59:10+00:00\",\"dateModified\":\"2022-03-14T07:59:14+00:00\",\"mainEntityOfPage\":{\"@id\":\"https:\\\/\\\/spkeblowo.pl\\\/?p=2991\"},\"wordCount\":274,\"publisher\":{\"@id\":\"https:\\\/\\\/spkeblowo.pl\\\/#organization\"},\"image\":{\"@id\":\"https:\\\/\\\/spkeblowo.pl\\\/?p=2991#primaryimage\"},\"thumbnailUrl\":\"https:\\\/\\\/spkeblowo.pl\\\/wp-content\\\/uploads\\\/2022\\\/03\\\/obraz.png\",\"articleSection\":[\"Uncategorized\"],\"inLanguage\":\"pl-PL\"},{\"@type\":\"WebPage\",\"@id\":\"https:\\\/\\\/spkeblowo.pl\\\/?p=2991\",\"url\":\"https:\\\/\\\/spkeblowo.pl\\\/?p=2991\",\"name\":\"J\u0119zyk kaszubski w szkole w roku szkolnym 2022\\\/23 - Szko\u0142a Podstawowa im. Jana Paw\u0142a II w K\u0119b\u0142owie\",\"isPartOf\":{\"@id\":\"https:\\\/\\\/spkeblowo.pl\\\/#website\"},\"primaryImageOfPage\":{\"@id\":\"https:\\\/\\\/spkeblowo.pl\\\/?p=2991#primaryimage\"},\"image\":{\"@id\":\"https:\\\/\\\/spkeblowo.pl\\\/?p=2991#primaryimage\"},\"thumbnailUrl\":\"https:\\\/\\\/spkeblowo.pl\\\/wp-content\\\/uploads\\\/2022\\\/03\\\/obraz.png\",\"datePublished\":\"2022-03-14T07:59:10+00:00\",\"dateModified\":\"2022-03-14T07:59:14+00:00\",\"breadcrumb\":{\"@id\":\"https:\\\/\\\/spkeblowo.pl\\\/?p=2991#breadcrumb\"},\"inLanguage\":\"pl-PL\",\"potentialAction\":[{\"@type\":\"ReadAction\",\"target\":[\"https:\\\/\\\/spkeblowo.pl\\\/?p=2991\"]}]},{\"@type\":\"ImageObject\",\"inLanguage\":\"pl-PL\",\"@id\":\"https:\\\/\\\/spkeblowo.pl\\\/?p=2991#primaryimage\",\"url\":\"https:\\\/\\\/spkeblowo.pl\\\/wp-content\\\/uploads\\\/2022\\\/03\\\/obraz.png\",\"contentUrl\":\"https:\\\/\\\/spkeblowo.pl\\\/wp-content\\\/uploads\\\/2022\\\/03\\\/obraz.png\",\"width\":582,\"height\":121},{\"@type\":\"BreadcrumbList\",\"@id\":\"https:\\\/\\\/spkeblowo.pl\\\/?p=2991#breadcrumb\",\"itemListElement\":[{\"@type\":\"ListItem\",\"position\":1,\"name\":\"Strona g\u0142\u00f3wna\",\"item\":\"https:\\\/\\\/spkeblowo.pl\\\/\"},{\"@type\":\"ListItem\",\"position\":2,\"name\":\"J\u0119zyk kaszubski w&nbsp;szkole w&nbsp;roku szkolnym 2022\\\/23\"}]},{\"@type\":\"WebSite\",\"@id\":\"https:\\\/\\\/spkeblowo.pl\\\/#website\",\"url\":\"https:\\\/\\\/spkeblowo.pl\\\/\",\"name\":\"Szko\u0142a Podstawowa im. Jana Paw\u0142a II w K\u0119b\u0142owie\",\"description\":\"\",\"publisher\":{\"@id\":\"https:\\\/\\\/spkeblowo.pl\\\/#organization\"},\"potentialAction\":[{\"@type\":\"SearchAction\",\"target\":{\"@type\":\"EntryPoint\",\"urlTemplate\":\"https:\\\/\\\/spkeblowo.pl\\\/?s={search_term_string}\"},\"query-input\":{\"@type\":\"PropertyValueSpecification\",\"valueRequired\":true,\"valueName\":\"search_term_string\"}}],\"inLanguage\":\"pl-PL\"},{\"@type\":\"Organization\",\"@id\":\"https:\\\/\\\/spkeblowo.pl\\\/#organization\",\"name\":\"Szko\u0142a Podstawowa im. Jana Paw\u0142a II w K\u0119b\u0142owie\",\"url\":\"https:\\\/\\\/spkeblowo.pl\\\/\",\"logo\":{\"@type\":\"ImageObject\",\"inLanguage\":\"pl-PL\",\"@id\":\"https:\\\/\\\/spkeblowo.pl\\\/#\\\/schema\\\/logo\\\/image\\\/\",\"url\":\"https:\\\/\\\/spkeblowo.pl\\\/wp-content\\\/uploads\\\/2020\\\/03\\\/2-2.png\",\"contentUrl\":\"https:\\\/\\\/spkeblowo.pl\\\/wp-content\\\/uploads\\\/2020\\\/03\\\/2-2.png\",\"width\":1400,\"height\":350,\"caption\":\"Szko\u0142a Podstawowa im. Jana Paw\u0142a II w K\u0119b\u0142owie\"},\"image\":{\"@id\":\"https:\\\/\\\/spkeblowo.pl\\\/#\\\/schema\\\/logo\\\/image\\\/\"}},{\"@type\":\"Person\",\"@id\":\"https:\\\/\\\/spkeblowo.pl\\\/#\\\/schema\\\/person\\\/91f40d6dcc01a89bccab6d147a30874f\",\"name\":\"admin\",\"image\":{\"@type\":\"ImageObject\",\"inLanguage\":\"pl-PL\",\"@id\":\"https:\\\/\\\/secure.gravatar.com\\\/avatar\\\/a8792c5ea44a0bd480cdae637f0e5e453347ff27968eb8552bf193361ffde3ec?s=96&d=mm&r=g\",\"url\":\"https:\\\/\\\/secure.gravatar.com\\\/avatar\\\/a8792c5ea44a0bd480cdae637f0e5e453347ff27968eb8552bf193361ffde3ec?s=96&d=mm&r=g\",\"contentUrl\":\"https:\\\/\\\/secure.gravatar.com\\\/avatar\\\/a8792c5ea44a0bd480cdae637f0e5e453347ff27968eb8552bf193361ffde3ec?s=96&d=mm&r=g\",\"caption\":\"admin\"},\"url\":\"https:\\\/\\\/spkeblowo.pl\\\/?author=1\"}]}<\/script>\n<!-- \/ Yoast SEO plugin. -->","yoast_head_json":{"title":"J\u0119zyk kaszubski w szkole w roku szkolnym 2022\/23 - Szko\u0142a Podstawowa im. Jana Paw\u0142a II w K\u0119b\u0142owie","robots":{"index":"index","follow":"follow","max-snippet":"max-snippet:-1","max-image-preview":"max-image-preview:large","max-video-preview":"max-video-preview:-1"},"canonical":"https:\/\/spkeblowo.pl\/?p=2991","og_locale":"pl_PL","og_type":"article","og_title":"J\u0119zyk kaszubski w szkole w roku szkolnym 2022\/23 - Szko\u0142a Podstawowa im. Jana Paw\u0142a II w K\u0119b\u0142owie","og_description":"Informujemy i\u017c w naszej szkole istnieje mo\u017cliwo\u015b\u0107 ucz\u0119szczania na lekcje j\u0119zyka regionalnego &#8211; kaszubskiego. Podczas zaj\u0119\u0107, kt\u00f3re odbywaj\u0105 si\u0119 3 &hellip;","og_url":"https:\/\/spkeblowo.pl\/?p=2991","og_site_name":"Szko\u0142a Podstawowa im. Jana Paw\u0142a II w K\u0119b\u0142owie","article_published_time":"2022-03-14T07:59:10+00:00","article_modified_time":"2022-03-14T07:59:14+00:00","og_image":[{"url":"https:\/\/spkeblowo.pl\/wp-content\/uploads\/2022\/03\/obraz.png","type":"","width":"","height":""}],"author":"admin","twitter_card":"summary_large_image","twitter_misc":{"Napisane przez":"admin","Szacowany czas czytania":"2 minuty"},"schema":{"@context":"https:\/\/schema.org","@graph":[{"@type":"Article","@id":"https:\/\/spkeblowo.pl\/?p=2991#article","isPartOf":{"@id":"https:\/\/spkeblowo.pl\/?p=2991"},"author":{"name":"admin","@id":"https:\/\/spkeblowo.pl\/#\/schema\/person\/91f40d6dcc01a89bccab6d147a30874f"},"headline":"J\u0119zyk kaszubski w szkole w roku szkolnym 2022\/23","datePublished":"2022-03-14T07:59:10+00:00","dateModified":"2022-03-14T07:59:14+00:00","mainEntityOfPage":{"@id":"https:\/\/spkeblowo.pl\/?p=2991"},"wordCount":274,"publisher":{"@id":"https:\/\/spkeblowo.pl\/#organization"},"image":{"@id":"https:\/\/spkeblowo.pl\/?p=2991#primaryimage"},"thumbnailUrl":"https:\/\/spkeblowo.pl\/wp-content\/uploads\/2022\/03\/obraz.png","articleSection":["Uncategorized"],"inLanguage":"pl-PL"},{"@type":"WebPage","@id":"https:\/\/spkeblowo.pl\/?p=2991","url":"https:\/\/spkeblowo.pl\/?p=2991","name":"J\u0119zyk kaszubski w szkole w roku szkolnym 2022\/23 - Szko\u0142a Podstawowa im. Jana Paw\u0142a II w K\u0119b\u0142owie","isPartOf":{"@id":"https:\/\/spkeblowo.pl\/#website"},"primaryImageOfPage":{"@id":"https:\/\/spkeblowo.pl\/?p=2991#primaryimage"},"image":{"@id":"https:\/\/spkeblowo.pl\/?p=2991#primaryimage"},"thumbnailUrl":"https:\/\/spkeblowo.pl\/wp-content\/uploads\/2022\/03\/obraz.png","datePublished":"2022-03-14T07:59:10+00:00","dateModified":"2022-03-14T07:59:14+00:00","breadcrumb":{"@id":"https:\/\/spkeblowo.pl\/?p=2991#breadcrumb"},"inLanguage":"pl-PL","potentialAction":[{"@type":"ReadAction","target":["https:\/\/spkeblowo.pl\/?p=2991"]}]},{"@type":"ImageObject","inLanguage":"pl-PL","@id":"https:\/\/spkeblowo.pl\/?p=2991#primaryimage","url":"https:\/\/spkeblowo.pl\/wp-content\/uploads\/2022\/03\/obraz.png","contentUrl":"https:\/\/spkeblowo.pl\/wp-content\/uploads\/2022\/03\/obraz.png","width":582,"height":121},{"@type":"BreadcrumbList","@id":"https:\/\/spkeblowo.pl\/?p=2991#breadcrumb","itemListElement":[{"@type":"ListItem","position":1,"name":"Strona g\u0142\u00f3wna","item":"https:\/\/spkeblowo.pl\/"},{"@type":"ListItem","position":2,"name":"J\u0119zyk kaszubski w&nbsp;szkole w&nbsp;roku szkolnym 2022\/23"}]},{"@type":"WebSite","@id":"https:\/\/spkeblowo.pl\/#website","url":"https:\/\/spkeblowo.pl\/","name":"Szko\u0142a Podstawowa im. Jana Paw\u0142a II w K\u0119b\u0142owie","description":"","publisher":{"@id":"https:\/\/spkeblowo.pl\/#organization"},"potentialAction":[{"@type":"SearchAction","target":{"@type":"EntryPoint","urlTemplate":"https:\/\/spkeblowo.pl\/?s={search_term_string}"},"query-input":{"@type":"PropertyValueSpecification","valueRequired":true,"valueName":"search_term_string"}}],"inLanguage":"pl-PL"},{"@type":"Organization","@id":"https:\/\/spkeblowo.pl\/#organization","name":"Szko\u0142a Podstawowa im. Jana Paw\u0142a II w K\u0119b\u0142owie","url":"https:\/\/spkeblowo.pl\/","logo":{"@type":"ImageObject","inLanguage":"pl-PL","@id":"https:\/\/spkeblowo.pl\/#\/schema\/logo\/image\/","url":"https:\/\/spkeblowo.pl\/wp-content\/uploads\/2020\/03\/2-2.png","contentUrl":"https:\/\/spkeblowo.pl\/wp-content\/uploads\/2020\/03\/2-2.png","width":1400,"height":350,"caption":"Szko\u0142a Podstawowa im. Jana Paw\u0142a II w K\u0119b\u0142owie"},"image":{"@id":"https:\/\/spkeblowo.pl\/#\/schema\/logo\/image\/"}},{"@type":"Person","@id":"https:\/\/spkeblowo.pl\/#\/schema\/person\/91f40d6dcc01a89bccab6d147a30874f","name":"admin","image":{"@type":"ImageObject","inLanguage":"pl-PL","@id":"https:\/\/secure.gravatar.com\/avatar\/a8792c5ea44a0bd480cdae637f0e5e453347ff27968eb8552bf193361ffde3ec?s=96&d=mm&r=g","url":"https:\/\/secure.gravatar.com\/avatar\/a8792c5ea44a0bd480cdae637f0e5e453347ff27968eb8552bf193361ffde3ec?s=96&d=mm&r=g","contentUrl":"https:\/\/secure.gravatar.com\/avatar\/a8792c5ea44a0bd480cdae637f0e5e453347ff27968eb8552bf193361ffde3ec?s=96&d=mm&r=g","caption":"admin"},"url":"https:\/\/spkeblowo.pl\/?author=1"}]}},"_links":{"self":[{"href":"https:\/\/spkeblowo.pl\/index.php?rest_route=\/wp\/v2\/posts\/2991","targetHints":{"allow":["GET"]}}],"collection":[{"href":"https:\/\/spkeblowo.pl\/index.php?rest_route=\/wp\/v2\/posts"}],"about":[{"href":"https:\/\/spkeblowo.pl\/index.php?rest_route=\/wp\/v2\/types\/post"}],"author":[{"embeddable":true,"href":"https:\/\/spkeblowo.pl\/index.php?rest_route=\/wp\/v2\/users\/1"}],"replies":[{"embeddable":true,"href":"https:\/\/spkeblowo.pl\/index.php?rest_route=%2Fwp%2Fv2%2Fcomments&post=2991"}],"version-history":[{"count":1,"href":"https:\/\/spkeblowo.pl\/index.php?rest_route=\/wp\/v2\/posts\/2991\/revisions"}],"predecessor-version":[{"id":2995,"href":"https:\/\/spkeblowo.pl\/index.php?rest_route=\/wp\/v2\/posts\/2991\/revisions\/2995"}],"wp:attachment":[{"href":"https:\/\/spkeblowo.pl\/index.php?rest_route=%2Fwp%2Fv2%2Fmedia&parent=2991"}],"wp:term":[{"taxonomy":"category","embeddable":true,"href":"https:\/\/spkeblowo.pl\/index.php?rest_route=%2Fwp%2Fv2%2Fcategories&post=2991"},{"taxonomy":"post_tag","embeddable":true,"href":"https:\/\/spkeblowo.pl\/index.php?rest_route=%2Fwp%2Fv2%2Ftags&post=2991"}],"curies":[{"name":"wp","href":"https:\/\/api.w.org\/{rel}","templated":true}]}}