{"id":2925,"date":"2022-01-21T10:22:05","date_gmt":"2022-01-21T08:22:05","guid":{"rendered":"http:\/\/spkeblowo.strefa.pl\/wordpress\/?p=2925"},"modified":"2022-01-21T10:24:42","modified_gmt":"2022-01-21T08:24:42","slug":"wielka-orkiestra-swiatecznej-pomocy-w-naszej-szkole","status":"publish","type":"post","link":"https:\/\/spkeblowo.pl\/?p=2925","title":{"rendered":"Wielka Orkiestra \u015awi\u0105tecznej Pomocy w naszej szkole"},"content":{"rendered":"\t\t<div data-elementor-type=\"wp-post\" data-elementor-id=\"2925\" class=\"elementor elementor-2925\">\n\t\t\t\t\t\t<section class=\"elementor-section elementor-top-section elementor-element elementor-element-a9a1afa elementor-section-boxed elementor-section-height-default elementor-section-height-default\" data-id=\"a9a1afa\" data-element_type=\"section\" data-e-type=\"section\">\n\t\t\t\t\t\t<div class=\"elementor-container elementor-column-gap-default\">\n\t\t\t\t\t<div class=\"elementor-column elementor-col-100 elementor-top-column elementor-element elementor-element-ec1bf11\" data-id=\"ec1bf11\" data-element_type=\"column\" data-e-type=\"column\">\n\t\t\t<div class=\"elementor-widget-wrap elementor-element-populated\">\n\t\t\t\t\t\t<div class=\"elementor-element elementor-element-efc3bf5 elementor-widget elementor-widget-text-editor\" data-id=\"efc3bf5\" data-element_type=\"widget\" data-e-type=\"widget\" data-widget_type=\"text-editor.default\">\n\t\t\t\t<div class=\"elementor-widget-container\">\n\t\t\t\t\t\t\t\t\t<p>Spo\u0142eczno\u015b\u0107 naszej szko\u0142y, jak co roku, wspiera Wielk\u0105 Orkiestr\u0119 \u015awi\u0105tecznej Pomocy. W bie\u017c\u0105cym tygodniu Rada Rodzic\u00f3w, we wsp\u00f3\u0142pracy z p. Jolant\u0105 Chejd\u0105, wolontariuszami WO\u015aP z naszej szko\u0142y oraz szkolnym ko\u0142em Wolontariusze Jana Paw\u0142a II \u201eOtwarta D\u0142o\u0144\u201d zorganizowali w naszej szkole \u201eS\u0142odki wtorek\u201d, podczas kt\u00f3rego zebrali\u015bmy ponad 600 z\u0142. Ca\u0142y doch\u00f3d zosta\u0142 przekazany na WO\u015aP.<\/p><p>W przysz\u0142ym tygodniu (24-29 stycznia) wolontariusze WO\u015aP b\u0119d\u0105 zbiera\u0107 pieni\u0105\u017cki do naszej szkolnej puszki. W klasach I-III wolontariusze odwiedz\u0105 klasy, a w oddzia\u0142ach 4-7 b\u0119d\u0105 kwestowa\u0107 na d\u0142ugich przerwach. Wszystkich serdecznie zapraszamy do w\u0142\u0105czenia si\u0119 w pomoc i o wrzucenie \u201egrosika\u201d do puszki.<\/p><p>W niedziel\u0119 30 stycznia zapraszamy wszystkich ch\u0119tnych, doros\u0142ych oraz dzieci, do Bolszewa na bieg lub marsz nordic walking \u201eDla Wielkiej Orkiestry \u015awi\u0105tecznej Pomocy\u201d Szczeg\u00f3\u0142y poni\u017cej:<br \/>REGULAMIN BIEGU I MARSZU NORDIC WALKING \u201eDLA WIELKIEJ ORKIESTRY \u015aWI\u0104TECZNEJ POMOCY\u201d<br \/>Termin, miejsce, dystans<br \/>1. Termin: 30 stycznia 2022 r.<br \/>2. Miejsce: Bolszewo, ul. Jagodowa<br \/>3. Dystans: 5 km (doro\u015bli), 800 m (dzieci).<\/p><p>Warunki zg\u0142oszenia<br \/>1. W biegu mog\u0105 uczestniczy\u0107 wszystkie osoby niezale\u017cnie od wieku.<br \/>2. Dzieci i m\u0142odzie\u017c mog\u0105 bra\u0107 udzia\u0142 tylko pod opiek\u0105 doros\u0142ych.<br \/>3. Zapisy na bieg odbywa\u0107 si\u0119 b\u0119d\u0105 drog\u0105 elektroniczn\u0105 na www.elektronicznezapisy.pl<br \/>4. Zawodnicy wnosz\u0105 op\u0142at\u0119 startow\u0105:<br \/>doro\u015bli &#8211; 25 z\u0142<br \/>dzieci &#8211; 10 z\u0142<br \/>poprzez poni\u017cszy link do portalu: https:\/\/eskarbonka.wosp.org.pl\/6hpam5<br \/>Podczas dokonywania wp\u0142aty, nale\u017cy poda\u0107 swoje imi\u0119 i nazwisko w celu p\u00f3\u017aniejszej weryfikacji uczestnictwa.<br \/>5. Warunkiem uczestnictwa jest dokonanie zg\u0142oszenia na stronie www.elektronicznezapisy.pl oraz uiszczenie op\u0142aty startowej.<br \/>6. Dla wszystkich zawodnik\u00f3w przygotowano pami\u0105tkowe medale oraz s\u0142odki pocz\u0119stunek.<br \/>7. Dla najlepszych zawodnik\u00f3w przewidziano puchary.<br \/>8. Biuro zawod\u00f3w: Bolszewo, ul. Le\u015bna 35A. Biuro b\u0119dzie czynne w dniu biegu od godz. 9:00.<br \/>9. Bieg odb\u0119dzie si\u0119 na terenie le\u015bnym.<br \/>10. Poszczeg\u00f3lne starty zaplanowane s\u0105 na:<br \/>&#8211; Nordic Walking 10:00<br \/>&#8211; bieg doros\u0142ych 11:00<br \/>&#8211; bieg dzieci 12:00<br \/>11. Organizatorem imprezy jest grupa \u201ePomaganie jest takie proste&#8221;. Kontakt: 667 498 010<\/p>\t\t\t\t\t\t\t\t<\/div>\n\t\t\t\t<\/div>\n\t\t\t\t\t<\/div>\n\t\t<\/div>\n\t\t\t\t\t<\/div>\n\t\t<\/section>\n\t\t\t\t<section class=\"elementor-section elementor-top-section elementor-element elementor-element-3533bef elementor-section-boxed elementor-section-height-default elementor-section-height-default\" data-id=\"3533bef\" data-element_type=\"section\" data-e-type=\"section\">\n\t\t\t\t\t\t<div class=\"elementor-container elementor-column-gap-default\">\n\t\t\t\t\t<div class=\"elementor-column elementor-col-100 elementor-top-column elementor-element elementor-element-3b92fda\" data-id=\"3b92fda\" data-element_type=\"column\" data-e-type=\"column\">\n\t\t\t<div class=\"elementor-widget-wrap elementor-element-populated\">\n\t\t\t\t\t\t<div class=\"elementor-element elementor-element-e936d5c elementor-arrows-position-inside elementor-pagination-position-outside elementor-widget elementor-widget-image-carousel\" data-id=\"e936d5c\" data-element_type=\"widget\" data-e-type=\"widget\" data-settings=\"{&quot;navigation&quot;:&quot;both&quot;,&quot;autoplay&quot;:&quot;yes&quot;,&quot;pause_on_hover&quot;:&quot;yes&quot;,&quot;pause_on_interaction&quot;:&quot;yes&quot;,&quot;autoplay_speed&quot;:5000,&quot;infinite&quot;:&quot;yes&quot;,&quot;speed&quot;:500}\" data-widget_type=\"image-carousel.default\">\n\t\t\t\t<div class=\"elementor-widget-container\">\n\t\t\t\t\t\t\t<div class=\"elementor-image-carousel-wrapper swiper\" role=\"region\" aria-roledescription=\"carousel\" aria-label=\"Karuzela obrazk\u00f3w\" dir=\"ltr\">\n\t\t\t<div class=\"elementor-image-carousel swiper-wrapper\" aria-live=\"off\">\n\t\t\t\t\t\t\t\t<div class=\"swiper-slide\" role=\"group\" aria-roledescription=\"slide\" aria-label=\"1 z 12\"><figure class=\"swiper-slide-inner\"><img decoding=\"async\" class=\"swiper-slide-image\" src=\"https:\/\/spkeblowo.pl\/wp-content\/uploads\/2022\/01\/271746417_502324671513575_2205005206394836893_n-150x150.jpg\" alt=\"271746417_502324671513575_2205005206394836893_n\" \/><\/figure><\/div><div class=\"swiper-slide\" role=\"group\" aria-roledescription=\"slide\" aria-label=\"2 z 12\"><figure class=\"swiper-slide-inner\"><img decoding=\"async\" class=\"swiper-slide-image\" src=\"https:\/\/spkeblowo.pl\/wp-content\/uploads\/2022\/01\/271739687_346766623942486_5741161861063952286_n-150x150.jpg\" alt=\"271739687_346766623942486_5741161861063952286_n\" \/><\/figure><\/div><div class=\"swiper-slide\" role=\"group\" aria-roledescription=\"slide\" aria-label=\"3 z 12\"><figure class=\"swiper-slide-inner\"><img decoding=\"async\" class=\"swiper-slide-image\" src=\"https:\/\/spkeblowo.pl\/wp-content\/uploads\/2022\/01\/271664675_341220327642950_1173697262991746987_n-150x150.jpg\" alt=\"271664675_341220327642950_1173697262991746987_n\" \/><\/figure><\/div><div class=\"swiper-slide\" role=\"group\" aria-roledescription=\"slide\" aria-label=\"4 z 12\"><figure class=\"swiper-slide-inner\"><img decoding=\"async\" class=\"swiper-slide-image\" src=\"https:\/\/spkeblowo.pl\/wp-content\/uploads\/2022\/01\/271728234_4741247919330260_8864619856995828242_n-150x150.jpg\" alt=\"271728234_4741247919330260_8864619856995828242_n\" \/><\/figure><\/div><div class=\"swiper-slide\" role=\"group\" aria-roledescription=\"slide\" aria-label=\"5 z 12\"><figure class=\"swiper-slide-inner\"><img decoding=\"async\" class=\"swiper-slide-image\" src=\"https:\/\/spkeblowo.pl\/wp-content\/uploads\/2022\/01\/271706570_1085262062298067_4712264690011731375_n-150x150.jpg\" alt=\"271706570_1085262062298067_4712264690011731375_n\" \/><\/figure><\/div><div class=\"swiper-slide\" role=\"group\" aria-roledescription=\"slide\" aria-label=\"6 z 12\"><figure class=\"swiper-slide-inner\"><img decoding=\"async\" class=\"swiper-slide-image\" src=\"https:\/\/spkeblowo.pl\/wp-content\/uploads\/2022\/01\/271706008_4541510795975772_8632658362188445942_n-150x150.jpg\" alt=\"271706008_4541510795975772_8632658362188445942_n\" \/><\/figure><\/div><div class=\"swiper-slide\" role=\"group\" aria-roledescription=\"slide\" aria-label=\"7 z 12\"><figure class=\"swiper-slide-inner\"><img decoding=\"async\" class=\"swiper-slide-image\" src=\"https:\/\/spkeblowo.pl\/wp-content\/uploads\/2022\/01\/271747445_1354884154953096_6725600968829423163_n-150x150.jpg\" alt=\"271747445_1354884154953096_6725600968829423163_n\" \/><\/figure><\/div><div class=\"swiper-slide\" role=\"group\" aria-roledescription=\"slide\" aria-label=\"8 z 12\"><figure class=\"swiper-slide-inner\"><img decoding=\"async\" class=\"swiper-slide-image\" src=\"https:\/\/spkeblowo.pl\/wp-content\/uploads\/2022\/01\/271729533_938536670188630_642074695626285412_n-150x150.jpg\" alt=\"271729533_938536670188630_642074695626285412_n\" \/><\/figure><\/div><div class=\"swiper-slide\" role=\"group\" aria-roledescription=\"slide\" aria-label=\"9 z 12\"><figure class=\"swiper-slide-inner\"><img decoding=\"async\" class=\"swiper-slide-image\" src=\"https:\/\/spkeblowo.pl\/wp-content\/uploads\/2022\/01\/271721556_1103641220464208_9111990336759888946_n-150x150.jpg\" alt=\"271721556_1103641220464208_9111990336759888946_n\" \/><\/figure><\/div><div class=\"swiper-slide\" role=\"group\" aria-roledescription=\"slide\" aria-label=\"10 z 12\"><figure class=\"swiper-slide-inner\"><img decoding=\"async\" class=\"swiper-slide-image\" src=\"https:\/\/spkeblowo.pl\/wp-content\/uploads\/2022\/01\/271725760_645126076692963_213812673596486684_n-150x150.jpg\" alt=\"271725760_645126076692963_213812673596486684_n\" \/><\/figure><\/div><div class=\"swiper-slide\" role=\"group\" aria-roledescription=\"slide\" aria-label=\"11 z 12\"><figure class=\"swiper-slide-inner\"><img decoding=\"async\" class=\"swiper-slide-image\" src=\"https:\/\/spkeblowo.pl\/wp-content\/uploads\/2022\/01\/271728978_469446624836260_3197556863012303598_n-150x150.jpg\" alt=\"271728978_469446624836260_3197556863012303598_n\" \/><\/figure><\/div><div class=\"swiper-slide\" role=\"group\" aria-roledescription=\"slide\" aria-label=\"12 z 12\"><figure class=\"swiper-slide-inner\"><img decoding=\"async\" class=\"swiper-slide-image\" src=\"https:\/\/spkeblowo.pl\/wp-content\/uploads\/2022\/01\/271734988_1682673682064831_6757987075436899468_n-150x150.jpg\" alt=\"271734988_1682673682064831_6757987075436899468_n\" \/><\/figure><\/div>\t\t\t<\/div>\n\t\t\t\t\t\t\t\t\t\t\t\t<div class=\"elementor-swiper-button elementor-swiper-button-prev\" role=\"button\" tabindex=\"0\">\n\t\t\t\t\t\t<i aria-hidden=\"true\" class=\"eicon-chevron-left\"><\/i>\t\t\t\t\t<\/div>\n\t\t\t\t\t<div class=\"elementor-swiper-button elementor-swiper-button-next\" role=\"button\" tabindex=\"0\">\n\t\t\t\t\t\t<i aria-hidden=\"true\" class=\"eicon-chevron-right\"><\/i>\t\t\t\t\t<\/div>\n\t\t\t\t\n\t\t\t\t\t\t\t\t\t<div class=\"swiper-pagination\"><\/div>\n\t\t\t\t\t\t\t\t\t<\/div>\n\t\t\t\t\t\t<\/div>\n\t\t\t\t<\/div>\n\t\t\t\t\t<\/div>\n\t\t<\/div>\n\t\t\t\t\t<\/div>\n\t\t<\/section>\n\t\t\t\t<\/div>\n\t\t","protected":false},"excerpt":{"rendered":"<p>Co si\u0119 dzieje i c o jeszcze b\u0119dzie si\u0119 dzia\u0142o w naszej szkole?<\/p>\n","protected":false},"author":1,"featured_media":2927,"comment_status":"closed","ping_status":"open","sticky":false,"template":"","format":"standard","meta":{"footnotes":""},"categories":[1],"tags":[],"class_list":["post-2925","post","type-post","status-publish","format-standard","has-post-thumbnail","hentry","category-uncategorized"],"yoast_head":"<!-- This site is optimized with the Yoast SEO plugin v27.5 - https:\/\/yoast.com\/product\/yoast-seo-wordpress\/ -->\n<title>Wielka Orkiestra \u015awi\u0105tecznej Pomocy w naszej szkole - Szko\u0142a Podstawowa im. Jana Paw\u0142a II w K\u0119b\u0142owie<\/title>\n<meta name=\"robots\" content=\"index, follow, max-snippet:-1, max-image-preview:large, max-video-preview:-1\" \/>\n<link rel=\"canonical\" href=\"https:\/\/spkeblowo.pl\/?p=2925\" \/>\n<meta property=\"og:locale\" content=\"pl_PL\" \/>\n<meta property=\"og:type\" content=\"article\" \/>\n<meta property=\"og:title\" content=\"Wielka Orkiestra \u015awi\u0105tecznej Pomocy w naszej szkole - Szko\u0142a Podstawowa im. Jana Paw\u0142a II w K\u0119b\u0142owie\" \/>\n<meta property=\"og:description\" content=\"Co si\u0119 dzieje i c o jeszcze b\u0119dzie si\u0119 dzia\u0142o w naszej szkole?\" \/>\n<meta property=\"og:url\" content=\"https:\/\/spkeblowo.pl\/?p=2925\" \/>\n<meta property=\"og:site_name\" content=\"Szko\u0142a Podstawowa im. Jana Paw\u0142a II w K\u0119b\u0142owie\" \/>\n<meta property=\"article:published_time\" content=\"2022-01-21T08:22:05+00:00\" \/>\n<meta property=\"article:modified_time\" content=\"2022-01-21T08:24:42+00:00\" \/>\n<meta property=\"og:image\" content=\"https:\/\/spkeblowo.pl\/wp-content\/uploads\/2022\/01\/WOSP-grafika-800x351-1.png\" \/>\n\t<meta property=\"og:image:width\" content=\"800\" \/>\n\t<meta property=\"og:image:height\" content=\"351\" \/>\n\t<meta property=\"og:image:type\" content=\"image\/png\" \/>\n<meta name=\"author\" content=\"admin\" \/>\n<meta name=\"twitter:card\" content=\"summary_large_image\" \/>\n<meta name=\"twitter:label1\" content=\"Napisane przez\" \/>\n\t<meta name=\"twitter:data1\" content=\"admin\" \/>\n\t<meta name=\"twitter:label2\" content=\"Szacowany czas czytania\" \/>\n\t<meta name=\"twitter:data2\" content=\"5 minut\" \/>\n<script type=\"application\/ld+json\" class=\"yoast-schema-graph\">{\"@context\":\"https:\\\/\\\/schema.org\",\"@graph\":[{\"@type\":\"Article\",\"@id\":\"https:\\\/\\\/spkeblowo.pl\\\/?p=2925#article\",\"isPartOf\":{\"@id\":\"https:\\\/\\\/spkeblowo.pl\\\/?p=2925\"},\"author\":{\"name\":\"admin\",\"@id\":\"https:\\\/\\\/spkeblowo.pl\\\/#\\\/schema\\\/person\\\/91f40d6dcc01a89bccab6d147a30874f\"},\"headline\":\"Wielka Orkiestra \u015awi\u0105tecznej Pomocy w naszej szkole\",\"datePublished\":\"2022-01-21T08:22:05+00:00\",\"dateModified\":\"2022-01-21T08:24:42+00:00\",\"mainEntityOfPage\":{\"@id\":\"https:\\\/\\\/spkeblowo.pl\\\/?p=2925\"},\"wordCount\":353,\"publisher\":{\"@id\":\"https:\\\/\\\/spkeblowo.pl\\\/#organization\"},\"image\":{\"@id\":\"https:\\\/\\\/spkeblowo.pl\\\/?p=2925#primaryimage\"},\"thumbnailUrl\":\"https:\\\/\\\/spkeblowo.pl\\\/wp-content\\\/uploads\\\/2022\\\/01\\\/WOSP-grafika-800x351-1.png\",\"articleSection\":[\"Uncategorized\"],\"inLanguage\":\"pl-PL\"},{\"@type\":\"WebPage\",\"@id\":\"https:\\\/\\\/spkeblowo.pl\\\/?p=2925\",\"url\":\"https:\\\/\\\/spkeblowo.pl\\\/?p=2925\",\"name\":\"Wielka Orkiestra \u015awi\u0105tecznej Pomocy w naszej szkole - Szko\u0142a Podstawowa im. Jana Paw\u0142a II w K\u0119b\u0142owie\",\"isPartOf\":{\"@id\":\"https:\\\/\\\/spkeblowo.pl\\\/#website\"},\"primaryImageOfPage\":{\"@id\":\"https:\\\/\\\/spkeblowo.pl\\\/?p=2925#primaryimage\"},\"image\":{\"@id\":\"https:\\\/\\\/spkeblowo.pl\\\/?p=2925#primaryimage\"},\"thumbnailUrl\":\"https:\\\/\\\/spkeblowo.pl\\\/wp-content\\\/uploads\\\/2022\\\/01\\\/WOSP-grafika-800x351-1.png\",\"datePublished\":\"2022-01-21T08:22:05+00:00\",\"dateModified\":\"2022-01-21T08:24:42+00:00\",\"breadcrumb\":{\"@id\":\"https:\\\/\\\/spkeblowo.pl\\\/?p=2925#breadcrumb\"},\"inLanguage\":\"pl-PL\",\"potentialAction\":[{\"@type\":\"ReadAction\",\"target\":[\"https:\\\/\\\/spkeblowo.pl\\\/?p=2925\"]}]},{\"@type\":\"ImageObject\",\"inLanguage\":\"pl-PL\",\"@id\":\"https:\\\/\\\/spkeblowo.pl\\\/?p=2925#primaryimage\",\"url\":\"https:\\\/\\\/spkeblowo.pl\\\/wp-content\\\/uploads\\\/2022\\\/01\\\/WOSP-grafika-800x351-1.png\",\"contentUrl\":\"https:\\\/\\\/spkeblowo.pl\\\/wp-content\\\/uploads\\\/2022\\\/01\\\/WOSP-grafika-800x351-1.png\",\"width\":800,\"height\":351},{\"@type\":\"BreadcrumbList\",\"@id\":\"https:\\\/\\\/spkeblowo.pl\\\/?p=2925#breadcrumb\",\"itemListElement\":[{\"@type\":\"ListItem\",\"position\":1,\"name\":\"Strona g\u0142\u00f3wna\",\"item\":\"https:\\\/\\\/spkeblowo.pl\\\/\"},{\"@type\":\"ListItem\",\"position\":2,\"name\":\"Wielka Orkiestra \u015awi\u0105tecznej Pomocy w&nbsp;naszej szkole\"}]},{\"@type\":\"WebSite\",\"@id\":\"https:\\\/\\\/spkeblowo.pl\\\/#website\",\"url\":\"https:\\\/\\\/spkeblowo.pl\\\/\",\"name\":\"Szko\u0142a Podstawowa im. Jana Paw\u0142a II w K\u0119b\u0142owie\",\"description\":\"\",\"publisher\":{\"@id\":\"https:\\\/\\\/spkeblowo.pl\\\/#organization\"},\"potentialAction\":[{\"@type\":\"SearchAction\",\"target\":{\"@type\":\"EntryPoint\",\"urlTemplate\":\"https:\\\/\\\/spkeblowo.pl\\\/?s={search_term_string}\"},\"query-input\":{\"@type\":\"PropertyValueSpecification\",\"valueRequired\":true,\"valueName\":\"search_term_string\"}}],\"inLanguage\":\"pl-PL\"},{\"@type\":\"Organization\",\"@id\":\"https:\\\/\\\/spkeblowo.pl\\\/#organization\",\"name\":\"Szko\u0142a Podstawowa im. Jana Paw\u0142a II w K\u0119b\u0142owie\",\"url\":\"https:\\\/\\\/spkeblowo.pl\\\/\",\"logo\":{\"@type\":\"ImageObject\",\"inLanguage\":\"pl-PL\",\"@id\":\"https:\\\/\\\/spkeblowo.pl\\\/#\\\/schema\\\/logo\\\/image\\\/\",\"url\":\"https:\\\/\\\/spkeblowo.pl\\\/wp-content\\\/uploads\\\/2020\\\/03\\\/2-2.png\",\"contentUrl\":\"https:\\\/\\\/spkeblowo.pl\\\/wp-content\\\/uploads\\\/2020\\\/03\\\/2-2.png\",\"width\":1400,\"height\":350,\"caption\":\"Szko\u0142a Podstawowa im. Jana Paw\u0142a II w K\u0119b\u0142owie\"},\"image\":{\"@id\":\"https:\\\/\\\/spkeblowo.pl\\\/#\\\/schema\\\/logo\\\/image\\\/\"}},{\"@type\":\"Person\",\"@id\":\"https:\\\/\\\/spkeblowo.pl\\\/#\\\/schema\\\/person\\\/91f40d6dcc01a89bccab6d147a30874f\",\"name\":\"admin\",\"image\":{\"@type\":\"ImageObject\",\"inLanguage\":\"pl-PL\",\"@id\":\"https:\\\/\\\/secure.gravatar.com\\\/avatar\\\/a8792c5ea44a0bd480cdae637f0e5e453347ff27968eb8552bf193361ffde3ec?s=96&d=mm&r=g\",\"url\":\"https:\\\/\\\/secure.gravatar.com\\\/avatar\\\/a8792c5ea44a0bd480cdae637f0e5e453347ff27968eb8552bf193361ffde3ec?s=96&d=mm&r=g\",\"contentUrl\":\"https:\\\/\\\/secure.gravatar.com\\\/avatar\\\/a8792c5ea44a0bd480cdae637f0e5e453347ff27968eb8552bf193361ffde3ec?s=96&d=mm&r=g\",\"caption\":\"admin\"},\"url\":\"https:\\\/\\\/spkeblowo.pl\\\/?author=1\"}]}<\/script>\n<!-- \/ Yoast SEO plugin. -->","yoast_head_json":{"title":"Wielka Orkiestra \u015awi\u0105tecznej Pomocy w naszej szkole - Szko\u0142a Podstawowa im. Jana Paw\u0142a II w K\u0119b\u0142owie","robots":{"index":"index","follow":"follow","max-snippet":"max-snippet:-1","max-image-preview":"max-image-preview:large","max-video-preview":"max-video-preview:-1"},"canonical":"https:\/\/spkeblowo.pl\/?p=2925","og_locale":"pl_PL","og_type":"article","og_title":"Wielka Orkiestra \u015awi\u0105tecznej Pomocy w naszej szkole - Szko\u0142a Podstawowa im. Jana Paw\u0142a II w K\u0119b\u0142owie","og_description":"Co si\u0119 dzieje i c o jeszcze b\u0119dzie si\u0119 dzia\u0142o w naszej szkole?","og_url":"https:\/\/spkeblowo.pl\/?p=2925","og_site_name":"Szko\u0142a Podstawowa im. Jana Paw\u0142a II w K\u0119b\u0142owie","article_published_time":"2022-01-21T08:22:05+00:00","article_modified_time":"2022-01-21T08:24:42+00:00","og_image":[{"width":800,"height":351,"url":"https:\/\/spkeblowo.pl\/wp-content\/uploads\/2022\/01\/WOSP-grafika-800x351-1.png","type":"image\/png"}],"author":"admin","twitter_card":"summary_large_image","twitter_misc":{"Napisane przez":"admin","Szacowany czas czytania":"5 minut"},"schema":{"@context":"https:\/\/schema.org","@graph":[{"@type":"Article","@id":"https:\/\/spkeblowo.pl\/?p=2925#article","isPartOf":{"@id":"https:\/\/spkeblowo.pl\/?p=2925"},"author":{"name":"admin","@id":"https:\/\/spkeblowo.pl\/#\/schema\/person\/91f40d6dcc01a89bccab6d147a30874f"},"headline":"Wielka Orkiestra \u015awi\u0105tecznej Pomocy w naszej szkole","datePublished":"2022-01-21T08:22:05+00:00","dateModified":"2022-01-21T08:24:42+00:00","mainEntityOfPage":{"@id":"https:\/\/spkeblowo.pl\/?p=2925"},"wordCount":353,"publisher":{"@id":"https:\/\/spkeblowo.pl\/#organization"},"image":{"@id":"https:\/\/spkeblowo.pl\/?p=2925#primaryimage"},"thumbnailUrl":"https:\/\/spkeblowo.pl\/wp-content\/uploads\/2022\/01\/WOSP-grafika-800x351-1.png","articleSection":["Uncategorized"],"inLanguage":"pl-PL"},{"@type":"WebPage","@id":"https:\/\/spkeblowo.pl\/?p=2925","url":"https:\/\/spkeblowo.pl\/?p=2925","name":"Wielka Orkiestra \u015awi\u0105tecznej Pomocy w naszej szkole - Szko\u0142a Podstawowa im. Jana Paw\u0142a II w K\u0119b\u0142owie","isPartOf":{"@id":"https:\/\/spkeblowo.pl\/#website"},"primaryImageOfPage":{"@id":"https:\/\/spkeblowo.pl\/?p=2925#primaryimage"},"image":{"@id":"https:\/\/spkeblowo.pl\/?p=2925#primaryimage"},"thumbnailUrl":"https:\/\/spkeblowo.pl\/wp-content\/uploads\/2022\/01\/WOSP-grafika-800x351-1.png","datePublished":"2022-01-21T08:22:05+00:00","dateModified":"2022-01-21T08:24:42+00:00","breadcrumb":{"@id":"https:\/\/spkeblowo.pl\/?p=2925#breadcrumb"},"inLanguage":"pl-PL","potentialAction":[{"@type":"ReadAction","target":["https:\/\/spkeblowo.pl\/?p=2925"]}]},{"@type":"ImageObject","inLanguage":"pl-PL","@id":"https:\/\/spkeblowo.pl\/?p=2925#primaryimage","url":"https:\/\/spkeblowo.pl\/wp-content\/uploads\/2022\/01\/WOSP-grafika-800x351-1.png","contentUrl":"https:\/\/spkeblowo.pl\/wp-content\/uploads\/2022\/01\/WOSP-grafika-800x351-1.png","width":800,"height":351},{"@type":"BreadcrumbList","@id":"https:\/\/spkeblowo.pl\/?p=2925#breadcrumb","itemListElement":[{"@type":"ListItem","position":1,"name":"Strona g\u0142\u00f3wna","item":"https:\/\/spkeblowo.pl\/"},{"@type":"ListItem","position":2,"name":"Wielka Orkiestra \u015awi\u0105tecznej Pomocy w&nbsp;naszej szkole"}]},{"@type":"WebSite","@id":"https:\/\/spkeblowo.pl\/#website","url":"https:\/\/spkeblowo.pl\/","name":"Szko\u0142a Podstawowa im. Jana Paw\u0142a II w K\u0119b\u0142owie","description":"","publisher":{"@id":"https:\/\/spkeblowo.pl\/#organization"},"potentialAction":[{"@type":"SearchAction","target":{"@type":"EntryPoint","urlTemplate":"https:\/\/spkeblowo.pl\/?s={search_term_string}"},"query-input":{"@type":"PropertyValueSpecification","valueRequired":true,"valueName":"search_term_string"}}],"inLanguage":"pl-PL"},{"@type":"Organization","@id":"https:\/\/spkeblowo.pl\/#organization","name":"Szko\u0142a Podstawowa im. Jana Paw\u0142a II w K\u0119b\u0142owie","url":"https:\/\/spkeblowo.pl\/","logo":{"@type":"ImageObject","inLanguage":"pl-PL","@id":"https:\/\/spkeblowo.pl\/#\/schema\/logo\/image\/","url":"https:\/\/spkeblowo.pl\/wp-content\/uploads\/2020\/03\/2-2.png","contentUrl":"https:\/\/spkeblowo.pl\/wp-content\/uploads\/2020\/03\/2-2.png","width":1400,"height":350,"caption":"Szko\u0142a Podstawowa im. Jana Paw\u0142a II w K\u0119b\u0142owie"},"image":{"@id":"https:\/\/spkeblowo.pl\/#\/schema\/logo\/image\/"}},{"@type":"Person","@id":"https:\/\/spkeblowo.pl\/#\/schema\/person\/91f40d6dcc01a89bccab6d147a30874f","name":"admin","image":{"@type":"ImageObject","inLanguage":"pl-PL","@id":"https:\/\/secure.gravatar.com\/avatar\/a8792c5ea44a0bd480cdae637f0e5e453347ff27968eb8552bf193361ffde3ec?s=96&d=mm&r=g","url":"https:\/\/secure.gravatar.com\/avatar\/a8792c5ea44a0bd480cdae637f0e5e453347ff27968eb8552bf193361ffde3ec?s=96&d=mm&r=g","contentUrl":"https:\/\/secure.gravatar.com\/avatar\/a8792c5ea44a0bd480cdae637f0e5e453347ff27968eb8552bf193361ffde3ec?s=96&d=mm&r=g","caption":"admin"},"url":"https:\/\/spkeblowo.pl\/?author=1"}]}},"_links":{"self":[{"href":"https:\/\/spkeblowo.pl\/index.php?rest_route=\/wp\/v2\/posts\/2925","targetHints":{"allow":["GET"]}}],"collection":[{"href":"https:\/\/spkeblowo.pl\/index.php?rest_route=\/wp\/v2\/posts"}],"about":[{"href":"https:\/\/spkeblowo.pl\/index.php?rest_route=\/wp\/v2\/types\/post"}],"author":[{"embeddable":true,"href":"https:\/\/spkeblowo.pl\/index.php?rest_route=\/wp\/v2\/users\/1"}],"replies":[{"embeddable":true,"href":"https:\/\/spkeblowo.pl\/index.php?rest_route=%2Fwp%2Fv2%2Fcomments&post=2925"}],"version-history":[{"count":4,"href":"https:\/\/spkeblowo.pl\/index.php?rest_route=\/wp\/v2\/posts\/2925\/revisions"}],"predecessor-version":[{"id":2942,"href":"https:\/\/spkeblowo.pl\/index.php?rest_route=\/wp\/v2\/posts\/2925\/revisions\/2942"}],"wp:featuredmedia":[{"embeddable":true,"href":"https:\/\/spkeblowo.pl\/index.php?rest_route=\/wp\/v2\/media\/2927"}],"wp:attachment":[{"href":"https:\/\/spkeblowo.pl\/index.php?rest_route=%2Fwp%2Fv2%2Fmedia&parent=2925"}],"wp:term":[{"taxonomy":"category","embeddable":true,"href":"https:\/\/spkeblowo.pl\/index.php?rest_route=%2Fwp%2Fv2%2Fcategories&post=2925"},{"taxonomy":"post_tag","embeddable":true,"href":"https:\/\/spkeblowo.pl\/index.php?rest_route=%2Fwp%2Fv2%2Ftags&post=2925"}],"curies":[{"name":"wp","href":"https:\/\/api.w.org\/{rel}","templated":true}]}}