{"id":2879,"date":"2022-01-05T10:19:52","date_gmt":"2022-01-05T08:19:52","guid":{"rendered":"http:\/\/spkeblowo.strefa.pl\/wordpress\/?p=2879"},"modified":"2022-01-05T10:34:43","modified_gmt":"2022-01-05T08:34:43","slug":"praca-naszej-szkoly-w-finale-konkursu-nauka-z-klasa-glosowanie-do-31-stycznia","status":"publish","type":"post","link":"https:\/\/spkeblowo.pl\/?p=2879","title":{"rendered":"Praca naszej szko\u0142y w finale konkursu ,,Nauka z klas\u0105&#8221;- G\u0141OSOWANIE DO 31 STYCZNIA"},"content":{"rendered":"\n<div class=\"wp-block-media-text alignwide is-stacked-on-mobile\"><figure class=\"wp-block-media-text__media\"><img fetchpriority=\"high\" decoding=\"async\" width=\"360\" height=\"513\" src=\"https:\/\/spkeblowo.pl\/wp-content\/uploads\/2022\/01\/nauka-z-klasa.png\" alt=\"\" class=\"wp-image-2880 size-full\" srcset=\"https:\/\/spkeblowo.pl\/wp-content\/uploads\/2022\/01\/nauka-z-klasa.png 360w, https:\/\/spkeblowo.pl\/wp-content\/uploads\/2022\/01\/nauka-z-klasa-211x300.png 211w\" sizes=\"(max-width: 360px) 100vw, 360px\" \/><\/figure><div class=\"wp-block-media-text__content\">\n<p><strong>Drodzy Rodzice i Uczniowie,<\/strong><\/p>\n\n\n\n<p>Nasza szko\u0142a wzi\u0119\u0142a udzia\u0142 w konkursie Kaufland-u ,, Nauka z klas\u0105&#8221;<\/p>\n\n\n\n<p>Przeszli\u015bmy do nast\u0119pnego etapu. Wy\u0142oniono 40 najlepszych prac konkursowych, z tego 20 szk\u00f3\u0142, kt\u00f3re otrzymaj\u0105 najwi\u0119ksz\u0105 liczb\u0119 g\u0142os\u00f3w wygra  20000z\u0142! Aby wygra\u0107 nale\u017cy g\u0142osowa\u0107 na  ,,nasz\u0105&#8221; prac\u0119 konkursow\u0105 \ud83d\ude42<\/p>\n\n\n\n<p>G\u0142osowanie jest bardzo proste! Wystarczy klikn\u0105\u0107 w prac\u0119 naszej szko\u0142y i odda\u0107 g\u0142os &#8211; to wszystko (\u017cadnego logowania, rejestrowania).<br>Czym wi\u0119cej g\u0142os\u00f3w, tym wi\u0119ksza szansa na wygran\u0105 !<\/p>\n\n\n\n<p><strong>Gor\u0105co zach\u0119camy do g\u0142osowania!<\/strong><\/p>\n\n\n\n<p>G\u0142osowanie potrwa do <strong>31 stycznia 2022 r.<\/strong><\/p>\n\n\n\n<p>Tutaj znajdziecie nasz\u0105 prac\u0119 &#8211;&nbsp;<a target=\"_blank\" href=\"https:\/\/firma.kaufland.pl\/odpowiedzialnosc\/nauka-z-klasa.html\" rel=\"noreferrer noopener\">https:\/\/firma.kaufland.pl\/odpowiedzialnosc\/nauka-z-klasa.html<\/a><\/p>\n\n\n\n<p>Z powa\u017caniem<br>Wolontariat Jana Paw\u0142a II Otwarta D\u0142o\u0144<\/p>\n<\/div><\/div>\n","protected":false},"excerpt":{"rendered":"<p>Drodzy Rodzice i Uczniowie,<\/p>\n<p>Nasza szko\u0142a wzi\u0119\u0142a udzia\u0142 w konkursie Kaufland-u ,, Nauka z klas\u0105&#8221;. Mamy szans\u0119 na wygran\u0105..<\/p>\n","protected":false},"author":1,"featured_media":2883,"comment_status":"closed","ping_status":"open","sticky":false,"template":"","format":"standard","meta":{"footnotes":""},"categories":[1],"tags":[],"class_list":["post-2879","post","type-post","status-publish","format-standard","has-post-thumbnail","hentry","category-uncategorized"],"yoast_head":"<!-- This site is optimized with the Yoast SEO plugin v27.5 - https:\/\/yoast.com\/product\/yoast-seo-wordpress\/ -->\n<title>Praca naszej szko\u0142y w finale konkursu ,,Nauka z klas\u0105&quot;- G\u0141OSOWANIE DO 31 STYCZNIA - Szko\u0142a Podstawowa im. Jana Paw\u0142a II w K\u0119b\u0142owie<\/title>\n<meta name=\"robots\" content=\"index, follow, max-snippet:-1, max-image-preview:large, max-video-preview:-1\" \/>\n<link rel=\"canonical\" href=\"https:\/\/spkeblowo.pl\/?p=2879\" \/>\n<meta property=\"og:locale\" content=\"pl_PL\" \/>\n<meta property=\"og:type\" content=\"article\" \/>\n<meta property=\"og:title\" content=\"Praca naszej szko\u0142y w finale konkursu ,,Nauka z klas\u0105&quot;- G\u0141OSOWANIE DO 31 STYCZNIA - Szko\u0142a Podstawowa im. Jana Paw\u0142a II w K\u0119b\u0142owie\" \/>\n<meta property=\"og:description\" content=\"Drodzy Rodzice i Uczniowie, Nasza szko\u0142a wzi\u0119\u0142a udzia\u0142 w konkursie Kaufland-u ,, Nauka z klas\u0105&#039;&#039;. Mamy szans\u0119 na wygran\u0105..\" \/>\n<meta property=\"og:url\" content=\"https:\/\/spkeblowo.pl\/?p=2879\" \/>\n<meta property=\"og:site_name\" content=\"Szko\u0142a Podstawowa im. Jana Paw\u0142a II w K\u0119b\u0142owie\" \/>\n<meta property=\"article:published_time\" content=\"2022-01-05T08:19:52+00:00\" \/>\n<meta property=\"article:modified_time\" content=\"2022-01-05T08:34:43+00:00\" \/>\n<meta property=\"og:image\" content=\"https:\/\/spkeblowo.pl\/wp-content\/uploads\/2022\/01\/praca.jpg\" \/>\n\t<meta property=\"og:image:width\" content=\"2020\" \/>\n\t<meta property=\"og:image:height\" content=\"1438\" \/>\n\t<meta property=\"og:image:type\" content=\"image\/jpeg\" \/>\n<meta name=\"author\" content=\"admin\" \/>\n<meta name=\"twitter:card\" content=\"summary_large_image\" \/>\n<meta name=\"twitter:label1\" content=\"Napisane przez\" \/>\n\t<meta name=\"twitter:data1\" content=\"admin\" \/>\n\t<meta name=\"twitter:label2\" content=\"Szacowany czas czytania\" \/>\n\t<meta name=\"twitter:data2\" content=\"1 minuta\" \/>\n<script type=\"application\/ld+json\" class=\"yoast-schema-graph\">{\"@context\":\"https:\\\/\\\/schema.org\",\"@graph\":[{\"@type\":\"Article\",\"@id\":\"https:\\\/\\\/spkeblowo.pl\\\/?p=2879#article\",\"isPartOf\":{\"@id\":\"https:\\\/\\\/spkeblowo.pl\\\/?p=2879\"},\"author\":{\"name\":\"admin\",\"@id\":\"https:\\\/\\\/spkeblowo.pl\\\/#\\\/schema\\\/person\\\/91f40d6dcc01a89bccab6d147a30874f\"},\"headline\":\"Praca naszej szko\u0142y w finale konkursu ,,Nauka z klas\u0105&#8221;- G\u0141OSOWANIE DO 31 STYCZNIA\",\"datePublished\":\"2022-01-05T08:19:52+00:00\",\"dateModified\":\"2022-01-05T08:34:43+00:00\",\"mainEntityOfPage\":{\"@id\":\"https:\\\/\\\/spkeblowo.pl\\\/?p=2879\"},\"wordCount\":136,\"publisher\":{\"@id\":\"https:\\\/\\\/spkeblowo.pl\\\/#organization\"},\"image\":{\"@id\":\"https:\\\/\\\/spkeblowo.pl\\\/?p=2879#primaryimage\"},\"thumbnailUrl\":\"https:\\\/\\\/spkeblowo.pl\\\/wp-content\\\/uploads\\\/2022\\\/01\\\/praca.jpg\",\"articleSection\":[\"Uncategorized\"],\"inLanguage\":\"pl-PL\"},{\"@type\":\"WebPage\",\"@id\":\"https:\\\/\\\/spkeblowo.pl\\\/?p=2879\",\"url\":\"https:\\\/\\\/spkeblowo.pl\\\/?p=2879\",\"name\":\"Praca naszej szko\u0142y w finale konkursu ,,Nauka z klas\u0105\\\"- G\u0141OSOWANIE DO 31 STYCZNIA - Szko\u0142a Podstawowa im. Jana Paw\u0142a II w K\u0119b\u0142owie\",\"isPartOf\":{\"@id\":\"https:\\\/\\\/spkeblowo.pl\\\/#website\"},\"primaryImageOfPage\":{\"@id\":\"https:\\\/\\\/spkeblowo.pl\\\/?p=2879#primaryimage\"},\"image\":{\"@id\":\"https:\\\/\\\/spkeblowo.pl\\\/?p=2879#primaryimage\"},\"thumbnailUrl\":\"https:\\\/\\\/spkeblowo.pl\\\/wp-content\\\/uploads\\\/2022\\\/01\\\/praca.jpg\",\"datePublished\":\"2022-01-05T08:19:52+00:00\",\"dateModified\":\"2022-01-05T08:34:43+00:00\",\"breadcrumb\":{\"@id\":\"https:\\\/\\\/spkeblowo.pl\\\/?p=2879#breadcrumb\"},\"inLanguage\":\"pl-PL\",\"potentialAction\":[{\"@type\":\"ReadAction\",\"target\":[\"https:\\\/\\\/spkeblowo.pl\\\/?p=2879\"]}]},{\"@type\":\"ImageObject\",\"inLanguage\":\"pl-PL\",\"@id\":\"https:\\\/\\\/spkeblowo.pl\\\/?p=2879#primaryimage\",\"url\":\"https:\\\/\\\/spkeblowo.pl\\\/wp-content\\\/uploads\\\/2022\\\/01\\\/praca.jpg\",\"contentUrl\":\"https:\\\/\\\/spkeblowo.pl\\\/wp-content\\\/uploads\\\/2022\\\/01\\\/praca.jpg\",\"width\":2020,\"height\":1438},{\"@type\":\"BreadcrumbList\",\"@id\":\"https:\\\/\\\/spkeblowo.pl\\\/?p=2879#breadcrumb\",\"itemListElement\":[{\"@type\":\"ListItem\",\"position\":1,\"name\":\"Strona g\u0142\u00f3wna\",\"item\":\"https:\\\/\\\/spkeblowo.pl\\\/\"},{\"@type\":\"ListItem\",\"position\":2,\"name\":\"Praca naszej szko\u0142y w&nbsp;finale konkursu ,,Nauka z&nbsp;klas\u0105&#8221;- G\u0141OSOWANIE DO&nbsp;31 STYCZNIA\"}]},{\"@type\":\"WebSite\",\"@id\":\"https:\\\/\\\/spkeblowo.pl\\\/#website\",\"url\":\"https:\\\/\\\/spkeblowo.pl\\\/\",\"name\":\"Szko\u0142a Podstawowa im. Jana Paw\u0142a II w K\u0119b\u0142owie\",\"description\":\"\",\"publisher\":{\"@id\":\"https:\\\/\\\/spkeblowo.pl\\\/#organization\"},\"potentialAction\":[{\"@type\":\"SearchAction\",\"target\":{\"@type\":\"EntryPoint\",\"urlTemplate\":\"https:\\\/\\\/spkeblowo.pl\\\/?s={search_term_string}\"},\"query-input\":{\"@type\":\"PropertyValueSpecification\",\"valueRequired\":true,\"valueName\":\"search_term_string\"}}],\"inLanguage\":\"pl-PL\"},{\"@type\":\"Organization\",\"@id\":\"https:\\\/\\\/spkeblowo.pl\\\/#organization\",\"name\":\"Szko\u0142a Podstawowa im. Jana Paw\u0142a II w K\u0119b\u0142owie\",\"url\":\"https:\\\/\\\/spkeblowo.pl\\\/\",\"logo\":{\"@type\":\"ImageObject\",\"inLanguage\":\"pl-PL\",\"@id\":\"https:\\\/\\\/spkeblowo.pl\\\/#\\\/schema\\\/logo\\\/image\\\/\",\"url\":\"https:\\\/\\\/spkeblowo.pl\\\/wp-content\\\/uploads\\\/2020\\\/03\\\/2-2.png\",\"contentUrl\":\"https:\\\/\\\/spkeblowo.pl\\\/wp-content\\\/uploads\\\/2020\\\/03\\\/2-2.png\",\"width\":1400,\"height\":350,\"caption\":\"Szko\u0142a Podstawowa im. Jana Paw\u0142a II w K\u0119b\u0142owie\"},\"image\":{\"@id\":\"https:\\\/\\\/spkeblowo.pl\\\/#\\\/schema\\\/logo\\\/image\\\/\"}},{\"@type\":\"Person\",\"@id\":\"https:\\\/\\\/spkeblowo.pl\\\/#\\\/schema\\\/person\\\/91f40d6dcc01a89bccab6d147a30874f\",\"name\":\"admin\",\"image\":{\"@type\":\"ImageObject\",\"inLanguage\":\"pl-PL\",\"@id\":\"https:\\\/\\\/secure.gravatar.com\\\/avatar\\\/a8792c5ea44a0bd480cdae637f0e5e453347ff27968eb8552bf193361ffde3ec?s=96&d=mm&r=g\",\"url\":\"https:\\\/\\\/secure.gravatar.com\\\/avatar\\\/a8792c5ea44a0bd480cdae637f0e5e453347ff27968eb8552bf193361ffde3ec?s=96&d=mm&r=g\",\"contentUrl\":\"https:\\\/\\\/secure.gravatar.com\\\/avatar\\\/a8792c5ea44a0bd480cdae637f0e5e453347ff27968eb8552bf193361ffde3ec?s=96&d=mm&r=g\",\"caption\":\"admin\"},\"url\":\"https:\\\/\\\/spkeblowo.pl\\\/?author=1\"}]}<\/script>\n<!-- \/ Yoast SEO plugin. -->","yoast_head_json":{"title":"Praca naszej szko\u0142y w finale konkursu ,,Nauka z klas\u0105\"- G\u0141OSOWANIE DO 31 STYCZNIA - Szko\u0142a Podstawowa im. Jana Paw\u0142a II w K\u0119b\u0142owie","robots":{"index":"index","follow":"follow","max-snippet":"max-snippet:-1","max-image-preview":"max-image-preview:large","max-video-preview":"max-video-preview:-1"},"canonical":"https:\/\/spkeblowo.pl\/?p=2879","og_locale":"pl_PL","og_type":"article","og_title":"Praca naszej szko\u0142y w finale konkursu ,,Nauka z klas\u0105\"- G\u0141OSOWANIE DO 31 STYCZNIA - Szko\u0142a Podstawowa im. Jana Paw\u0142a II w K\u0119b\u0142owie","og_description":"Drodzy Rodzice i Uczniowie, Nasza szko\u0142a wzi\u0119\u0142a udzia\u0142 w konkursie Kaufland-u ,, Nauka z klas\u0105''. Mamy szans\u0119 na wygran\u0105..","og_url":"https:\/\/spkeblowo.pl\/?p=2879","og_site_name":"Szko\u0142a Podstawowa im. Jana Paw\u0142a II w K\u0119b\u0142owie","article_published_time":"2022-01-05T08:19:52+00:00","article_modified_time":"2022-01-05T08:34:43+00:00","og_image":[{"width":2020,"height":1438,"url":"https:\/\/spkeblowo.pl\/wp-content\/uploads\/2022\/01\/praca.jpg","type":"image\/jpeg"}],"author":"admin","twitter_card":"summary_large_image","twitter_misc":{"Napisane przez":"admin","Szacowany czas czytania":"1 minuta"},"schema":{"@context":"https:\/\/schema.org","@graph":[{"@type":"Article","@id":"https:\/\/spkeblowo.pl\/?p=2879#article","isPartOf":{"@id":"https:\/\/spkeblowo.pl\/?p=2879"},"author":{"name":"admin","@id":"https:\/\/spkeblowo.pl\/#\/schema\/person\/91f40d6dcc01a89bccab6d147a30874f"},"headline":"Praca naszej szko\u0142y w finale konkursu ,,Nauka z klas\u0105&#8221;- G\u0141OSOWANIE DO 31 STYCZNIA","datePublished":"2022-01-05T08:19:52+00:00","dateModified":"2022-01-05T08:34:43+00:00","mainEntityOfPage":{"@id":"https:\/\/spkeblowo.pl\/?p=2879"},"wordCount":136,"publisher":{"@id":"https:\/\/spkeblowo.pl\/#organization"},"image":{"@id":"https:\/\/spkeblowo.pl\/?p=2879#primaryimage"},"thumbnailUrl":"https:\/\/spkeblowo.pl\/wp-content\/uploads\/2022\/01\/praca.jpg","articleSection":["Uncategorized"],"inLanguage":"pl-PL"},{"@type":"WebPage","@id":"https:\/\/spkeblowo.pl\/?p=2879","url":"https:\/\/spkeblowo.pl\/?p=2879","name":"Praca naszej szko\u0142y w finale konkursu ,,Nauka z klas\u0105\"- G\u0141OSOWANIE DO 31 STYCZNIA - Szko\u0142a Podstawowa im. Jana Paw\u0142a II w K\u0119b\u0142owie","isPartOf":{"@id":"https:\/\/spkeblowo.pl\/#website"},"primaryImageOfPage":{"@id":"https:\/\/spkeblowo.pl\/?p=2879#primaryimage"},"image":{"@id":"https:\/\/spkeblowo.pl\/?p=2879#primaryimage"},"thumbnailUrl":"https:\/\/spkeblowo.pl\/wp-content\/uploads\/2022\/01\/praca.jpg","datePublished":"2022-01-05T08:19:52+00:00","dateModified":"2022-01-05T08:34:43+00:00","breadcrumb":{"@id":"https:\/\/spkeblowo.pl\/?p=2879#breadcrumb"},"inLanguage":"pl-PL","potentialAction":[{"@type":"ReadAction","target":["https:\/\/spkeblowo.pl\/?p=2879"]}]},{"@type":"ImageObject","inLanguage":"pl-PL","@id":"https:\/\/spkeblowo.pl\/?p=2879#primaryimage","url":"https:\/\/spkeblowo.pl\/wp-content\/uploads\/2022\/01\/praca.jpg","contentUrl":"https:\/\/spkeblowo.pl\/wp-content\/uploads\/2022\/01\/praca.jpg","width":2020,"height":1438},{"@type":"BreadcrumbList","@id":"https:\/\/spkeblowo.pl\/?p=2879#breadcrumb","itemListElement":[{"@type":"ListItem","position":1,"name":"Strona g\u0142\u00f3wna","item":"https:\/\/spkeblowo.pl\/"},{"@type":"ListItem","position":2,"name":"Praca naszej szko\u0142y w&nbsp;finale konkursu ,,Nauka z&nbsp;klas\u0105&#8221;- G\u0141OSOWANIE DO&nbsp;31 STYCZNIA"}]},{"@type":"WebSite","@id":"https:\/\/spkeblowo.pl\/#website","url":"https:\/\/spkeblowo.pl\/","name":"Szko\u0142a Podstawowa im. Jana Paw\u0142a II w K\u0119b\u0142owie","description":"","publisher":{"@id":"https:\/\/spkeblowo.pl\/#organization"},"potentialAction":[{"@type":"SearchAction","target":{"@type":"EntryPoint","urlTemplate":"https:\/\/spkeblowo.pl\/?s={search_term_string}"},"query-input":{"@type":"PropertyValueSpecification","valueRequired":true,"valueName":"search_term_string"}}],"inLanguage":"pl-PL"},{"@type":"Organization","@id":"https:\/\/spkeblowo.pl\/#organization","name":"Szko\u0142a Podstawowa im. Jana Paw\u0142a II w K\u0119b\u0142owie","url":"https:\/\/spkeblowo.pl\/","logo":{"@type":"ImageObject","inLanguage":"pl-PL","@id":"https:\/\/spkeblowo.pl\/#\/schema\/logo\/image\/","url":"https:\/\/spkeblowo.pl\/wp-content\/uploads\/2020\/03\/2-2.png","contentUrl":"https:\/\/spkeblowo.pl\/wp-content\/uploads\/2020\/03\/2-2.png","width":1400,"height":350,"caption":"Szko\u0142a Podstawowa im. Jana Paw\u0142a II w K\u0119b\u0142owie"},"image":{"@id":"https:\/\/spkeblowo.pl\/#\/schema\/logo\/image\/"}},{"@type":"Person","@id":"https:\/\/spkeblowo.pl\/#\/schema\/person\/91f40d6dcc01a89bccab6d147a30874f","name":"admin","image":{"@type":"ImageObject","inLanguage":"pl-PL","@id":"https:\/\/secure.gravatar.com\/avatar\/a8792c5ea44a0bd480cdae637f0e5e453347ff27968eb8552bf193361ffde3ec?s=96&d=mm&r=g","url":"https:\/\/secure.gravatar.com\/avatar\/a8792c5ea44a0bd480cdae637f0e5e453347ff27968eb8552bf193361ffde3ec?s=96&d=mm&r=g","contentUrl":"https:\/\/secure.gravatar.com\/avatar\/a8792c5ea44a0bd480cdae637f0e5e453347ff27968eb8552bf193361ffde3ec?s=96&d=mm&r=g","caption":"admin"},"url":"https:\/\/spkeblowo.pl\/?author=1"}]}},"_links":{"self":[{"href":"https:\/\/spkeblowo.pl\/index.php?rest_route=\/wp\/v2\/posts\/2879","targetHints":{"allow":["GET"]}}],"collection":[{"href":"https:\/\/spkeblowo.pl\/index.php?rest_route=\/wp\/v2\/posts"}],"about":[{"href":"https:\/\/spkeblowo.pl\/index.php?rest_route=\/wp\/v2\/types\/post"}],"author":[{"embeddable":true,"href":"https:\/\/spkeblowo.pl\/index.php?rest_route=\/wp\/v2\/users\/1"}],"replies":[{"embeddable":true,"href":"https:\/\/spkeblowo.pl\/index.php?rest_route=%2Fwp%2Fv2%2Fcomments&post=2879"}],"version-history":[{"count":7,"href":"https:\/\/spkeblowo.pl\/index.php?rest_route=\/wp\/v2\/posts\/2879\/revisions"}],"predecessor-version":[{"id":2888,"href":"https:\/\/spkeblowo.pl\/index.php?rest_route=\/wp\/v2\/posts\/2879\/revisions\/2888"}],"wp:featuredmedia":[{"embeddable":true,"href":"https:\/\/spkeblowo.pl\/index.php?rest_route=\/wp\/v2\/media\/2883"}],"wp:attachment":[{"href":"https:\/\/spkeblowo.pl\/index.php?rest_route=%2Fwp%2Fv2%2Fmedia&parent=2879"}],"wp:term":[{"taxonomy":"category","embeddable":true,"href":"https:\/\/spkeblowo.pl\/index.php?rest_route=%2Fwp%2Fv2%2Fcategories&post=2879"},{"taxonomy":"post_tag","embeddable":true,"href":"https:\/\/spkeblowo.pl\/index.php?rest_route=%2Fwp%2Fv2%2Ftags&post=2879"}],"curies":[{"name":"wp","href":"https:\/\/api.w.org\/{rel}","templated":true}]}}