{"id":2845,"date":"2021-12-22T15:27:42","date_gmt":"2021-12-22T13:27:42","guid":{"rendered":"http:\/\/spkeblowo.strefa.pl\/wordpress\/?p=2845"},"modified":"2021-12-22T15:28:47","modified_gmt":"2021-12-22T13:28:47","slug":"rozstrzygniecie-konkursu-na-kartke-swiateczna-zorganizowanego-przez-rade-rodzicow","status":"publish","type":"post","link":"https:\/\/spkeblowo.pl\/?p=2845","title":{"rendered":"Rozstrzygni\u0119cie konkursu zorganizowanego przez Rad\u0119 Rodzic\u00f3w na naj\u0142adniejsz\u0105 kartk\u0119 \u015bwi\u0105teczn\u0105"},"content":{"rendered":"\n<p>Z okazji zbli\u017caj\u0105cych si\u0119 \u015awi\u0105t Bo\u017cego Narodzenia, Rada Rodzic\u00f3w przy Szkole&nbsp;Podstawowej im. Jana Paw\u0142a II w K\u0119b\u0142owie zorganizowa\u0142a konkurs, w kt\u00f3rym dzieci przygotowa\u0142y kartki \u015bwi\u0105teczne.<\/p>\n\n\n\n<p>Wyr\u00f3\u017cnione zosta\u0142y nast\u0119puj\u0105ce prace dzieci:<\/p>\n\n\n\n<p><strong>W kategorii przedszkola \u2013 \u201e0\u201d:<\/strong><\/p>\n\n\n\n<ul class=\"wp-block-list\"><li>Micha\u0142 Lesner 0B<\/li><li>Magdalena Wr\u00f3blewska 3-5 latki B<\/li><li>Jakub Sikorra 0B<\/li><\/ul>\n\n\n\n<p><strong>W kategorii klas I \u2013 III:<\/strong><\/p>\n\n\n\n<ul class=\"wp-block-list\"><li>Kornelia Pranschke ID<\/li><li>Zuzanna Lesnau IB<\/li><li>Jan Brzezi\u0144ski IIIC<\/li><\/ul>\n\n\n\n<p><strong>W kategorii klas IV \u2013 VII:<\/strong><\/p>\n\n\n\n<ul class=\"wp-block-list\"><li>Zofia Brzezi\u0144ska VIIB<\/li><li>Natalia Formela IVC<\/li><li>Jakub Jaworski VA<\/li><\/ul>\n\n\n\n<p>W nagrod\u0119 dzieci otrzyma\u0142y kart\u0119 prezentow\u0105 do zrealizowania w sieci sklep\u00f3w Empik. Gratulujemy!<\/p>\n\n\n\n<figure class=\"wp-block-gallery columns-3 is-cropped wp-block-gallery-1 is-layout-flex wp-block-gallery-is-layout-flex\"><ul class=\"blocks-gallery-grid\"><li class=\"blocks-gallery-item\"><figure><img fetchpriority=\"high\" decoding=\"async\" width=\"1024\" height=\"768\" src=\"https:\/\/spkeblowo.pl\/wp-content\/uploads\/2021\/12\/DSCF8956-1024x768.jpg\" alt=\"\" data-id=\"2846\" data-full-url=\"https:\/\/spkeblowo.pl\/wp-content\/uploads\/2021\/12\/DSCF8956-scaled.jpg\" data-link=\"https:\/\/spkeblowo.pl\/?attachment_id=2846\" class=\"wp-image-2846\" srcset=\"https:\/\/spkeblowo.pl\/wp-content\/uploads\/2021\/12\/DSCF8956-1024x768.jpg 1024w, https:\/\/spkeblowo.pl\/wp-content\/uploads\/2021\/12\/DSCF8956-300x225.jpg 300w, https:\/\/spkeblowo.pl\/wp-content\/uploads\/2021\/12\/DSCF8956-768x576.jpg 768w, https:\/\/spkeblowo.pl\/wp-content\/uploads\/2021\/12\/DSCF8956-1536x1152.jpg 1536w, https:\/\/spkeblowo.pl\/wp-content\/uploads\/2021\/12\/DSCF8956-2048x1536.jpg 2048w\" sizes=\"(max-width: 1024px) 100vw, 1024px\" \/><\/figure><\/li><li class=\"blocks-gallery-item\"><figure><img decoding=\"async\" width=\"1024\" height=\"768\" src=\"https:\/\/spkeblowo.pl\/wp-content\/uploads\/2021\/12\/DSCF8957-1024x768.jpg\" alt=\"\" data-id=\"2847\" data-full-url=\"https:\/\/spkeblowo.pl\/wp-content\/uploads\/2021\/12\/DSCF8957-scaled.jpg\" data-link=\"https:\/\/spkeblowo.pl\/?attachment_id=2847\" class=\"wp-image-2847\" srcset=\"https:\/\/spkeblowo.pl\/wp-content\/uploads\/2021\/12\/DSCF8957-1024x768.jpg 1024w, https:\/\/spkeblowo.pl\/wp-content\/uploads\/2021\/12\/DSCF8957-300x225.jpg 300w, https:\/\/spkeblowo.pl\/wp-content\/uploads\/2021\/12\/DSCF8957-768x576.jpg 768w, https:\/\/spkeblowo.pl\/wp-content\/uploads\/2021\/12\/DSCF8957-1536x1152.jpg 1536w, https:\/\/spkeblowo.pl\/wp-content\/uploads\/2021\/12\/DSCF8957-2048x1536.jpg 2048w\" sizes=\"(max-width: 1024px) 100vw, 1024px\" \/><\/figure><\/li><li class=\"blocks-gallery-item\"><figure><img decoding=\"async\" width=\"1024\" height=\"768\" src=\"https:\/\/spkeblowo.pl\/wp-content\/uploads\/2021\/12\/DSCF8958-1024x768.jpg\" alt=\"\" data-id=\"2848\" data-full-url=\"https:\/\/spkeblowo.pl\/wp-content\/uploads\/2021\/12\/DSCF8958-scaled.jpg\" data-link=\"https:\/\/spkeblowo.pl\/?attachment_id=2848\" class=\"wp-image-2848\" srcset=\"https:\/\/spkeblowo.pl\/wp-content\/uploads\/2021\/12\/DSCF8958-1024x768.jpg 1024w, https:\/\/spkeblowo.pl\/wp-content\/uploads\/2021\/12\/DSCF8958-300x225.jpg 300w, https:\/\/spkeblowo.pl\/wp-content\/uploads\/2021\/12\/DSCF8958-768x576.jpg 768w, https:\/\/spkeblowo.pl\/wp-content\/uploads\/2021\/12\/DSCF8958-1536x1152.jpg 1536w, https:\/\/spkeblowo.pl\/wp-content\/uploads\/2021\/12\/DSCF8958-2048x1536.jpg 2048w\" sizes=\"(max-width: 1024px) 100vw, 1024px\" \/><\/figure><\/li><\/ul><\/figure>\n","protected":false},"excerpt":{"rendered":"<p>Z okazji zbli\u017caj\u0105cych si\u0119 \u015awi\u0105t Bo\u017cego Narodzenia, Rada Rodzic\u00f3w przy Szkole&nbsp;Podstawowej im. Jana Paw\u0142a II w K\u0119b\u0142owie zorganizowa\u0142a konkurs, w &hellip; <\/p>\n","protected":false},"author":1,"featured_media":0,"comment_status":"closed","ping_status":"open","sticky":false,"template":"","format":"standard","meta":{"footnotes":""},"categories":[1],"tags":[],"class_list":["post-2845","post","type-post","status-publish","format-standard","hentry","category-uncategorized"],"yoast_head":"<!-- This site is optimized with the Yoast SEO plugin v27.5 - https:\/\/yoast.com\/product\/yoast-seo-wordpress\/ -->\n<title>Rozstrzygni\u0119cie konkursu zorganizowanego przez Rad\u0119 Rodzic\u00f3w na naj\u0142adniejsz\u0105 kartk\u0119 \u015bwi\u0105teczn\u0105 - Szko\u0142a Podstawowa im. Jana Paw\u0142a II w K\u0119b\u0142owie<\/title>\n<meta name=\"robots\" content=\"index, follow, max-snippet:-1, max-image-preview:large, max-video-preview:-1\" \/>\n<link rel=\"canonical\" href=\"https:\/\/spkeblowo.pl\/?p=2845\" \/>\n<meta property=\"og:locale\" content=\"pl_PL\" \/>\n<meta property=\"og:type\" content=\"article\" \/>\n<meta property=\"og:title\" content=\"Rozstrzygni\u0119cie konkursu zorganizowanego przez Rad\u0119 Rodzic\u00f3w na naj\u0142adniejsz\u0105 kartk\u0119 \u015bwi\u0105teczn\u0105 - Szko\u0142a Podstawowa im. Jana Paw\u0142a II w K\u0119b\u0142owie\" \/>\n<meta property=\"og:description\" content=\"Z okazji zbli\u017caj\u0105cych si\u0119 \u015awi\u0105t Bo\u017cego Narodzenia, Rada Rodzic\u00f3w przy Szkole&nbsp;Podstawowej im. Jana Paw\u0142a II w K\u0119b\u0142owie zorganizowa\u0142a konkurs, w &hellip;\" \/>\n<meta property=\"og:url\" content=\"https:\/\/spkeblowo.pl\/?p=2845\" \/>\n<meta property=\"og:site_name\" content=\"Szko\u0142a Podstawowa im. Jana Paw\u0142a II w K\u0119b\u0142owie\" \/>\n<meta property=\"article:published_time\" content=\"2021-12-22T13:27:42+00:00\" \/>\n<meta property=\"article:modified_time\" content=\"2021-12-22T13:28:47+00:00\" \/>\n<meta property=\"og:image\" content=\"https:\/\/spkeblowo.pl\/wp-content\/uploads\/2021\/12\/DSCF8956-1024x768.jpg\" \/>\n<meta name=\"author\" content=\"admin\" \/>\n<meta name=\"twitter:card\" content=\"summary_large_image\" \/>\n<meta name=\"twitter:label1\" content=\"Napisane przez\" \/>\n\t<meta name=\"twitter:data1\" content=\"admin\" \/>\n\t<meta name=\"twitter:label2\" content=\"Szacowany czas czytania\" \/>\n\t<meta name=\"twitter:data2\" content=\"1 minuta\" \/>\n<script type=\"application\/ld+json\" class=\"yoast-schema-graph\">{\"@context\":\"https:\\\/\\\/schema.org\",\"@graph\":[{\"@type\":\"Article\",\"@id\":\"https:\\\/\\\/spkeblowo.pl\\\/?p=2845#article\",\"isPartOf\":{\"@id\":\"https:\\\/\\\/spkeblowo.pl\\\/?p=2845\"},\"author\":{\"name\":\"admin\",\"@id\":\"https:\\\/\\\/spkeblowo.pl\\\/#\\\/schema\\\/person\\\/91f40d6dcc01a89bccab6d147a30874f\"},\"headline\":\"Rozstrzygni\u0119cie konkursu zorganizowanego przez Rad\u0119 Rodzic\u00f3w na naj\u0142adniejsz\u0105 kartk\u0119 \u015bwi\u0105teczn\u0105\",\"datePublished\":\"2021-12-22T13:27:42+00:00\",\"dateModified\":\"2021-12-22T13:28:47+00:00\",\"mainEntityOfPage\":{\"@id\":\"https:\\\/\\\/spkeblowo.pl\\\/?p=2845\"},\"wordCount\":122,\"publisher\":{\"@id\":\"https:\\\/\\\/spkeblowo.pl\\\/#organization\"},\"image\":{\"@id\":\"https:\\\/\\\/spkeblowo.pl\\\/?p=2845#primaryimage\"},\"thumbnailUrl\":\"https:\\\/\\\/spkeblowo.pl\\\/wp-content\\\/uploads\\\/2021\\\/12\\\/DSCF8956-1024x768.jpg\",\"articleSection\":[\"Uncategorized\"],\"inLanguage\":\"pl-PL\"},{\"@type\":\"WebPage\",\"@id\":\"https:\\\/\\\/spkeblowo.pl\\\/?p=2845\",\"url\":\"https:\\\/\\\/spkeblowo.pl\\\/?p=2845\",\"name\":\"Rozstrzygni\u0119cie konkursu zorganizowanego przez Rad\u0119 Rodzic\u00f3w na naj\u0142adniejsz\u0105 kartk\u0119 \u015bwi\u0105teczn\u0105 - Szko\u0142a Podstawowa im. Jana Paw\u0142a II w K\u0119b\u0142owie\",\"isPartOf\":{\"@id\":\"https:\\\/\\\/spkeblowo.pl\\\/#website\"},\"primaryImageOfPage\":{\"@id\":\"https:\\\/\\\/spkeblowo.pl\\\/?p=2845#primaryimage\"},\"image\":{\"@id\":\"https:\\\/\\\/spkeblowo.pl\\\/?p=2845#primaryimage\"},\"thumbnailUrl\":\"https:\\\/\\\/spkeblowo.pl\\\/wp-content\\\/uploads\\\/2021\\\/12\\\/DSCF8956-1024x768.jpg\",\"datePublished\":\"2021-12-22T13:27:42+00:00\",\"dateModified\":\"2021-12-22T13:28:47+00:00\",\"breadcrumb\":{\"@id\":\"https:\\\/\\\/spkeblowo.pl\\\/?p=2845#breadcrumb\"},\"inLanguage\":\"pl-PL\",\"potentialAction\":[{\"@type\":\"ReadAction\",\"target\":[\"https:\\\/\\\/spkeblowo.pl\\\/?p=2845\"]}]},{\"@type\":\"ImageObject\",\"inLanguage\":\"pl-PL\",\"@id\":\"https:\\\/\\\/spkeblowo.pl\\\/?p=2845#primaryimage\",\"url\":\"https:\\\/\\\/spkeblowo.pl\\\/wp-content\\\/uploads\\\/2021\\\/12\\\/DSCF8956-1024x768.jpg\",\"contentUrl\":\"https:\\\/\\\/spkeblowo.pl\\\/wp-content\\\/uploads\\\/2021\\\/12\\\/DSCF8956-1024x768.jpg\"},{\"@type\":\"BreadcrumbList\",\"@id\":\"https:\\\/\\\/spkeblowo.pl\\\/?p=2845#breadcrumb\",\"itemListElement\":[{\"@type\":\"ListItem\",\"position\":1,\"name\":\"Strona g\u0142\u00f3wna\",\"item\":\"https:\\\/\\\/spkeblowo.pl\\\/\"},{\"@type\":\"ListItem\",\"position\":2,\"name\":\"Rozstrzygni\u0119cie konkursu zorganizowanego przez&nbsp;Rad\u0119 Rodzic\u00f3w na&nbsp;naj\u0142adniejsz\u0105 kartk\u0119 \u015bwi\u0105teczn\u0105\"}]},{\"@type\":\"WebSite\",\"@id\":\"https:\\\/\\\/spkeblowo.pl\\\/#website\",\"url\":\"https:\\\/\\\/spkeblowo.pl\\\/\",\"name\":\"Szko\u0142a Podstawowa im. Jana Paw\u0142a II w K\u0119b\u0142owie\",\"description\":\"\",\"publisher\":{\"@id\":\"https:\\\/\\\/spkeblowo.pl\\\/#organization\"},\"potentialAction\":[{\"@type\":\"SearchAction\",\"target\":{\"@type\":\"EntryPoint\",\"urlTemplate\":\"https:\\\/\\\/spkeblowo.pl\\\/?s={search_term_string}\"},\"query-input\":{\"@type\":\"PropertyValueSpecification\",\"valueRequired\":true,\"valueName\":\"search_term_string\"}}],\"inLanguage\":\"pl-PL\"},{\"@type\":\"Organization\",\"@id\":\"https:\\\/\\\/spkeblowo.pl\\\/#organization\",\"name\":\"Szko\u0142a Podstawowa im. Jana Paw\u0142a II w K\u0119b\u0142owie\",\"url\":\"https:\\\/\\\/spkeblowo.pl\\\/\",\"logo\":{\"@type\":\"ImageObject\",\"inLanguage\":\"pl-PL\",\"@id\":\"https:\\\/\\\/spkeblowo.pl\\\/#\\\/schema\\\/logo\\\/image\\\/\",\"url\":\"https:\\\/\\\/spkeblowo.pl\\\/wp-content\\\/uploads\\\/2020\\\/03\\\/2-2.png\",\"contentUrl\":\"https:\\\/\\\/spkeblowo.pl\\\/wp-content\\\/uploads\\\/2020\\\/03\\\/2-2.png\",\"width\":1400,\"height\":350,\"caption\":\"Szko\u0142a Podstawowa im. Jana Paw\u0142a II w K\u0119b\u0142owie\"},\"image\":{\"@id\":\"https:\\\/\\\/spkeblowo.pl\\\/#\\\/schema\\\/logo\\\/image\\\/\"}},{\"@type\":\"Person\",\"@id\":\"https:\\\/\\\/spkeblowo.pl\\\/#\\\/schema\\\/person\\\/91f40d6dcc01a89bccab6d147a30874f\",\"name\":\"admin\",\"image\":{\"@type\":\"ImageObject\",\"inLanguage\":\"pl-PL\",\"@id\":\"https:\\\/\\\/secure.gravatar.com\\\/avatar\\\/a8792c5ea44a0bd480cdae637f0e5e453347ff27968eb8552bf193361ffde3ec?s=96&d=mm&r=g\",\"url\":\"https:\\\/\\\/secure.gravatar.com\\\/avatar\\\/a8792c5ea44a0bd480cdae637f0e5e453347ff27968eb8552bf193361ffde3ec?s=96&d=mm&r=g\",\"contentUrl\":\"https:\\\/\\\/secure.gravatar.com\\\/avatar\\\/a8792c5ea44a0bd480cdae637f0e5e453347ff27968eb8552bf193361ffde3ec?s=96&d=mm&r=g\",\"caption\":\"admin\"},\"url\":\"https:\\\/\\\/spkeblowo.pl\\\/?author=1\"}]}<\/script>\n<!-- \/ Yoast SEO plugin. -->","yoast_head_json":{"title":"Rozstrzygni\u0119cie konkursu zorganizowanego przez Rad\u0119 Rodzic\u00f3w na naj\u0142adniejsz\u0105 kartk\u0119 \u015bwi\u0105teczn\u0105 - Szko\u0142a Podstawowa im. Jana Paw\u0142a II w K\u0119b\u0142owie","robots":{"index":"index","follow":"follow","max-snippet":"max-snippet:-1","max-image-preview":"max-image-preview:large","max-video-preview":"max-video-preview:-1"},"canonical":"https:\/\/spkeblowo.pl\/?p=2845","og_locale":"pl_PL","og_type":"article","og_title":"Rozstrzygni\u0119cie konkursu zorganizowanego przez Rad\u0119 Rodzic\u00f3w na naj\u0142adniejsz\u0105 kartk\u0119 \u015bwi\u0105teczn\u0105 - Szko\u0142a Podstawowa im. Jana Paw\u0142a II w K\u0119b\u0142owie","og_description":"Z okazji zbli\u017caj\u0105cych si\u0119 \u015awi\u0105t Bo\u017cego Narodzenia, Rada Rodzic\u00f3w przy Szkole&nbsp;Podstawowej im. Jana Paw\u0142a II w K\u0119b\u0142owie zorganizowa\u0142a konkurs, w &hellip;","og_url":"https:\/\/spkeblowo.pl\/?p=2845","og_site_name":"Szko\u0142a Podstawowa im. Jana Paw\u0142a II w K\u0119b\u0142owie","article_published_time":"2021-12-22T13:27:42+00:00","article_modified_time":"2021-12-22T13:28:47+00:00","og_image":[{"url":"https:\/\/spkeblowo.pl\/wp-content\/uploads\/2021\/12\/DSCF8956-1024x768.jpg","type":"","width":"","height":""}],"author":"admin","twitter_card":"summary_large_image","twitter_misc":{"Napisane przez":"admin","Szacowany czas czytania":"1 minuta"},"schema":{"@context":"https:\/\/schema.org","@graph":[{"@type":"Article","@id":"https:\/\/spkeblowo.pl\/?p=2845#article","isPartOf":{"@id":"https:\/\/spkeblowo.pl\/?p=2845"},"author":{"name":"admin","@id":"https:\/\/spkeblowo.pl\/#\/schema\/person\/91f40d6dcc01a89bccab6d147a30874f"},"headline":"Rozstrzygni\u0119cie konkursu zorganizowanego przez Rad\u0119 Rodzic\u00f3w na naj\u0142adniejsz\u0105 kartk\u0119 \u015bwi\u0105teczn\u0105","datePublished":"2021-12-22T13:27:42+00:00","dateModified":"2021-12-22T13:28:47+00:00","mainEntityOfPage":{"@id":"https:\/\/spkeblowo.pl\/?p=2845"},"wordCount":122,"publisher":{"@id":"https:\/\/spkeblowo.pl\/#organization"},"image":{"@id":"https:\/\/spkeblowo.pl\/?p=2845#primaryimage"},"thumbnailUrl":"https:\/\/spkeblowo.pl\/wp-content\/uploads\/2021\/12\/DSCF8956-1024x768.jpg","articleSection":["Uncategorized"],"inLanguage":"pl-PL"},{"@type":"WebPage","@id":"https:\/\/spkeblowo.pl\/?p=2845","url":"https:\/\/spkeblowo.pl\/?p=2845","name":"Rozstrzygni\u0119cie konkursu zorganizowanego przez Rad\u0119 Rodzic\u00f3w na naj\u0142adniejsz\u0105 kartk\u0119 \u015bwi\u0105teczn\u0105 - Szko\u0142a Podstawowa im. Jana Paw\u0142a II w K\u0119b\u0142owie","isPartOf":{"@id":"https:\/\/spkeblowo.pl\/#website"},"primaryImageOfPage":{"@id":"https:\/\/spkeblowo.pl\/?p=2845#primaryimage"},"image":{"@id":"https:\/\/spkeblowo.pl\/?p=2845#primaryimage"},"thumbnailUrl":"https:\/\/spkeblowo.pl\/wp-content\/uploads\/2021\/12\/DSCF8956-1024x768.jpg","datePublished":"2021-12-22T13:27:42+00:00","dateModified":"2021-12-22T13:28:47+00:00","breadcrumb":{"@id":"https:\/\/spkeblowo.pl\/?p=2845#breadcrumb"},"inLanguage":"pl-PL","potentialAction":[{"@type":"ReadAction","target":["https:\/\/spkeblowo.pl\/?p=2845"]}]},{"@type":"ImageObject","inLanguage":"pl-PL","@id":"https:\/\/spkeblowo.pl\/?p=2845#primaryimage","url":"https:\/\/spkeblowo.pl\/wp-content\/uploads\/2021\/12\/DSCF8956-1024x768.jpg","contentUrl":"https:\/\/spkeblowo.pl\/wp-content\/uploads\/2021\/12\/DSCF8956-1024x768.jpg"},{"@type":"BreadcrumbList","@id":"https:\/\/spkeblowo.pl\/?p=2845#breadcrumb","itemListElement":[{"@type":"ListItem","position":1,"name":"Strona g\u0142\u00f3wna","item":"https:\/\/spkeblowo.pl\/"},{"@type":"ListItem","position":2,"name":"Rozstrzygni\u0119cie konkursu zorganizowanego przez&nbsp;Rad\u0119 Rodzic\u00f3w na&nbsp;naj\u0142adniejsz\u0105 kartk\u0119 \u015bwi\u0105teczn\u0105"}]},{"@type":"WebSite","@id":"https:\/\/spkeblowo.pl\/#website","url":"https:\/\/spkeblowo.pl\/","name":"Szko\u0142a Podstawowa im. Jana Paw\u0142a II w K\u0119b\u0142owie","description":"","publisher":{"@id":"https:\/\/spkeblowo.pl\/#organization"},"potentialAction":[{"@type":"SearchAction","target":{"@type":"EntryPoint","urlTemplate":"https:\/\/spkeblowo.pl\/?s={search_term_string}"},"query-input":{"@type":"PropertyValueSpecification","valueRequired":true,"valueName":"search_term_string"}}],"inLanguage":"pl-PL"},{"@type":"Organization","@id":"https:\/\/spkeblowo.pl\/#organization","name":"Szko\u0142a Podstawowa im. Jana Paw\u0142a II w K\u0119b\u0142owie","url":"https:\/\/spkeblowo.pl\/","logo":{"@type":"ImageObject","inLanguage":"pl-PL","@id":"https:\/\/spkeblowo.pl\/#\/schema\/logo\/image\/","url":"https:\/\/spkeblowo.pl\/wp-content\/uploads\/2020\/03\/2-2.png","contentUrl":"https:\/\/spkeblowo.pl\/wp-content\/uploads\/2020\/03\/2-2.png","width":1400,"height":350,"caption":"Szko\u0142a Podstawowa im. Jana Paw\u0142a II w K\u0119b\u0142owie"},"image":{"@id":"https:\/\/spkeblowo.pl\/#\/schema\/logo\/image\/"}},{"@type":"Person","@id":"https:\/\/spkeblowo.pl\/#\/schema\/person\/91f40d6dcc01a89bccab6d147a30874f","name":"admin","image":{"@type":"ImageObject","inLanguage":"pl-PL","@id":"https:\/\/secure.gravatar.com\/avatar\/a8792c5ea44a0bd480cdae637f0e5e453347ff27968eb8552bf193361ffde3ec?s=96&d=mm&r=g","url":"https:\/\/secure.gravatar.com\/avatar\/a8792c5ea44a0bd480cdae637f0e5e453347ff27968eb8552bf193361ffde3ec?s=96&d=mm&r=g","contentUrl":"https:\/\/secure.gravatar.com\/avatar\/a8792c5ea44a0bd480cdae637f0e5e453347ff27968eb8552bf193361ffde3ec?s=96&d=mm&r=g","caption":"admin"},"url":"https:\/\/spkeblowo.pl\/?author=1"}]}},"_links":{"self":[{"href":"https:\/\/spkeblowo.pl\/index.php?rest_route=\/wp\/v2\/posts\/2845","targetHints":{"allow":["GET"]}}],"collection":[{"href":"https:\/\/spkeblowo.pl\/index.php?rest_route=\/wp\/v2\/posts"}],"about":[{"href":"https:\/\/spkeblowo.pl\/index.php?rest_route=\/wp\/v2\/types\/post"}],"author":[{"embeddable":true,"href":"https:\/\/spkeblowo.pl\/index.php?rest_route=\/wp\/v2\/users\/1"}],"replies":[{"embeddable":true,"href":"https:\/\/spkeblowo.pl\/index.php?rest_route=%2Fwp%2Fv2%2Fcomments&post=2845"}],"version-history":[{"count":2,"href":"https:\/\/spkeblowo.pl\/index.php?rest_route=\/wp\/v2\/posts\/2845\/revisions"}],"predecessor-version":[{"id":2850,"href":"https:\/\/spkeblowo.pl\/index.php?rest_route=\/wp\/v2\/posts\/2845\/revisions\/2850"}],"wp:attachment":[{"href":"https:\/\/spkeblowo.pl\/index.php?rest_route=%2Fwp%2Fv2%2Fmedia&parent=2845"}],"wp:term":[{"taxonomy":"category","embeddable":true,"href":"https:\/\/spkeblowo.pl\/index.php?rest_route=%2Fwp%2Fv2%2Fcategories&post=2845"},{"taxonomy":"post_tag","embeddable":true,"href":"https:\/\/spkeblowo.pl\/index.php?rest_route=%2Fwp%2Fv2%2Ftags&post=2845"}],"curies":[{"name":"wp","href":"https:\/\/api.w.org\/{rel}","templated":true}]}}