{"id":2787,"date":"2021-11-29T09:43:11","date_gmt":"2021-11-29T07:43:11","guid":{"rendered":"http:\/\/spkeblowo.strefa.pl\/wordpress\/?p=2787"},"modified":"2021-11-29T09:54:58","modified_gmt":"2021-11-29T07:54:58","slug":"miedzynarodowy-projekt-z-kultura-mi-do-twarzy","status":"publish","type":"post","link":"https:\/\/spkeblowo.pl\/?p=2787","title":{"rendered":"Mi\u0119dzynarodowy projekt ,, Z kultura mi do twarzy&#8221;"},"content":{"rendered":"\n<div class=\"wp-block-media-text alignwide is-stacked-on-mobile\"><figure class=\"wp-block-media-text__media\"><a href=\"https:\/\/photos.app.goo.gl\/jvZ2piuc1By6LxaY9\"><img fetchpriority=\"high\" decoding=\"async\" width=\"1024\" height=\"1024\" src=\"https:\/\/spkeblowo.pl\/wp-content\/uploads\/2021\/11\/240097821_2144391282374785_8310692195182564937_n-1024x1024.jpg\" alt=\"\" class=\"wp-image-2788 size-full\" srcset=\"https:\/\/spkeblowo.pl\/wp-content\/uploads\/2021\/11\/240097821_2144391282374785_8310692195182564937_n-1024x1024.jpg 1024w, https:\/\/spkeblowo.pl\/wp-content\/uploads\/2021\/11\/240097821_2144391282374785_8310692195182564937_n-300x300.jpg 300w, https:\/\/spkeblowo.pl\/wp-content\/uploads\/2021\/11\/240097821_2144391282374785_8310692195182564937_n-150x150.jpg 150w, https:\/\/spkeblowo.pl\/wp-content\/uploads\/2021\/11\/240097821_2144391282374785_8310692195182564937_n-768x768.jpg 768w, https:\/\/spkeblowo.pl\/wp-content\/uploads\/2021\/11\/240097821_2144391282374785_8310692195182564937_n-70x70.jpg 70w, https:\/\/spkeblowo.pl\/wp-content\/uploads\/2021\/11\/240097821_2144391282374785_8310692195182564937_n-246x246.jpg 246w, https:\/\/spkeblowo.pl\/wp-content\/uploads\/2021\/11\/240097821_2144391282374785_8310692195182564937_n-276x276.jpg 276w, https:\/\/spkeblowo.pl\/wp-content\/uploads\/2021\/11\/240097821_2144391282374785_8310692195182564937_n-125x125.jpg 125w, https:\/\/spkeblowo.pl\/wp-content\/uploads\/2021\/11\/240097821_2144391282374785_8310692195182564937_n.jpg 1440w\" sizes=\"(max-width: 1024px) 100vw, 1024px\" \/><\/a><\/figure><div class=\"wp-block-media-text__content\">\n<p>Nasza szko\u0142a bierze udzia\u0142 w Mi\u0119dzynarodowym\u00a0 projekcie ,, Z kultura mi do twarzy&#8221;<br>Projekt powsta\u0142 w oparciu o aktualn\u0105 Podstaw\u0119 Programow\u0105 oraz kierunki polityki o\u015bwiatowej pa\u0144stwa na rok szkolny 2021 \/ 2022. Dzi\u0119ki temu projektowi uczniowie zdobywaj\u0105 wiedz\u0119 na temat dziedzictwa cywilizacyjnego Europy, wychowania do warto\u015bci, czy edukacji patriotycznej. Uczniowie\u00a0 naszej szko\u0142y wykonali ju\u017c kilka\u00a0 zada\u0144, dotycz\u0105cych poszczeg\u00f3lnych modu\u0142\u00f3w projektu. Oto kilka zdj\u0119\u0107 :)- (kliknij na znaczek).<\/p>\n\n\n\n<p>G\u0142\u00f3wnym patronatem tego projektu w naszej szkole  jest Wolontariat Jana Paw\u0142a II Otwarta D\u0142o\u0144.\u00a0<\/p>\n<\/div><\/div>\n","protected":false},"excerpt":{"rendered":"<p>Nasza szko\u0142a bierze udzia\u0142 w Mi\u0119dzynarodowym\u00a0 projekcie ,, Z kultura mi do twarzy&#8221;Projekt powsta\u0142 w oparciu o aktualn\u0105 Podstaw\u0119 Programow\u0105 &hellip; <\/p>\n","protected":false},"author":1,"featured_media":0,"comment_status":"closed","ping_status":"open","sticky":false,"template":"","format":"standard","meta":{"footnotes":""},"categories":[1],"tags":[],"class_list":["post-2787","post","type-post","status-publish","format-standard","hentry","category-uncategorized"],"yoast_head":"<!-- This site is optimized with the Yoast SEO plugin v27.5 - https:\/\/yoast.com\/product\/yoast-seo-wordpress\/ -->\n<title>Mi\u0119dzynarodowy projekt ,, Z kultura mi do twarzy&#039;&#039; - Szko\u0142a Podstawowa im. Jana Paw\u0142a II w K\u0119b\u0142owie<\/title>\n<meta name=\"robots\" content=\"index, follow, max-snippet:-1, max-image-preview:large, max-video-preview:-1\" \/>\n<link rel=\"canonical\" href=\"https:\/\/spkeblowo.pl\/?p=2787\" \/>\n<meta property=\"og:locale\" content=\"pl_PL\" \/>\n<meta property=\"og:type\" content=\"article\" \/>\n<meta property=\"og:title\" content=\"Mi\u0119dzynarodowy projekt ,, Z kultura mi do twarzy&#039;&#039; - Szko\u0142a Podstawowa im. Jana Paw\u0142a II w K\u0119b\u0142owie\" \/>\n<meta property=\"og:description\" content=\"Nasza szko\u0142a bierze udzia\u0142 w Mi\u0119dzynarodowym\u00a0 projekcie ,, Z kultura mi do twarzy&#8221;Projekt powsta\u0142 w oparciu o aktualn\u0105 Podstaw\u0119 Programow\u0105 &hellip;\" \/>\n<meta property=\"og:url\" content=\"https:\/\/spkeblowo.pl\/?p=2787\" \/>\n<meta property=\"og:site_name\" content=\"Szko\u0142a Podstawowa im. Jana Paw\u0142a II w K\u0119b\u0142owie\" \/>\n<meta property=\"article:published_time\" content=\"2021-11-29T07:43:11+00:00\" \/>\n<meta property=\"article:modified_time\" content=\"2021-11-29T07:54:58+00:00\" \/>\n<meta property=\"og:image\" content=\"https:\/\/spkeblowo.pl\/wp-content\/uploads\/2021\/11\/240097821_2144391282374785_8310692195182564937_n-1024x1024.jpg\" \/>\n<meta name=\"author\" content=\"admin\" \/>\n<meta name=\"twitter:card\" content=\"summary_large_image\" \/>\n<meta name=\"twitter:label1\" content=\"Napisane przez\" \/>\n\t<meta name=\"twitter:data1\" content=\"admin\" \/>\n\t<meta name=\"twitter:label2\" content=\"Szacowany czas czytania\" \/>\n\t<meta name=\"twitter:data2\" content=\"1 minuta\" \/>\n<script type=\"application\/ld+json\" class=\"yoast-schema-graph\">{\"@context\":\"https:\\\/\\\/schema.org\",\"@graph\":[{\"@type\":\"Article\",\"@id\":\"https:\\\/\\\/spkeblowo.pl\\\/?p=2787#article\",\"isPartOf\":{\"@id\":\"https:\\\/\\\/spkeblowo.pl\\\/?p=2787\"},\"author\":{\"name\":\"admin\",\"@id\":\"https:\\\/\\\/spkeblowo.pl\\\/#\\\/schema\\\/person\\\/91f40d6dcc01a89bccab6d147a30874f\"},\"headline\":\"Mi\u0119dzynarodowy projekt ,, Z kultura mi do twarzy&#8221;\",\"datePublished\":\"2021-11-29T07:43:11+00:00\",\"dateModified\":\"2021-11-29T07:54:58+00:00\",\"mainEntityOfPage\":{\"@id\":\"https:\\\/\\\/spkeblowo.pl\\\/?p=2787\"},\"wordCount\":98,\"publisher\":{\"@id\":\"https:\\\/\\\/spkeblowo.pl\\\/#organization\"},\"image\":{\"@id\":\"https:\\\/\\\/spkeblowo.pl\\\/?p=2787#primaryimage\"},\"thumbnailUrl\":\"https:\\\/\\\/spkeblowo.pl\\\/wp-content\\\/uploads\\\/2021\\\/11\\\/240097821_2144391282374785_8310692195182564937_n-1024x1024.jpg\",\"articleSection\":[\"Uncategorized\"],\"inLanguage\":\"pl-PL\"},{\"@type\":\"WebPage\",\"@id\":\"https:\\\/\\\/spkeblowo.pl\\\/?p=2787\",\"url\":\"https:\\\/\\\/spkeblowo.pl\\\/?p=2787\",\"name\":\"Mi\u0119dzynarodowy projekt ,, Z kultura mi do twarzy'' - Szko\u0142a Podstawowa im. Jana Paw\u0142a II w K\u0119b\u0142owie\",\"isPartOf\":{\"@id\":\"https:\\\/\\\/spkeblowo.pl\\\/#website\"},\"primaryImageOfPage\":{\"@id\":\"https:\\\/\\\/spkeblowo.pl\\\/?p=2787#primaryimage\"},\"image\":{\"@id\":\"https:\\\/\\\/spkeblowo.pl\\\/?p=2787#primaryimage\"},\"thumbnailUrl\":\"https:\\\/\\\/spkeblowo.pl\\\/wp-content\\\/uploads\\\/2021\\\/11\\\/240097821_2144391282374785_8310692195182564937_n-1024x1024.jpg\",\"datePublished\":\"2021-11-29T07:43:11+00:00\",\"dateModified\":\"2021-11-29T07:54:58+00:00\",\"breadcrumb\":{\"@id\":\"https:\\\/\\\/spkeblowo.pl\\\/?p=2787#breadcrumb\"},\"inLanguage\":\"pl-PL\",\"potentialAction\":[{\"@type\":\"ReadAction\",\"target\":[\"https:\\\/\\\/spkeblowo.pl\\\/?p=2787\"]}]},{\"@type\":\"ImageObject\",\"inLanguage\":\"pl-PL\",\"@id\":\"https:\\\/\\\/spkeblowo.pl\\\/?p=2787#primaryimage\",\"url\":\"https:\\\/\\\/spkeblowo.pl\\\/wp-content\\\/uploads\\\/2021\\\/11\\\/240097821_2144391282374785_8310692195182564937_n.jpg\",\"contentUrl\":\"https:\\\/\\\/spkeblowo.pl\\\/wp-content\\\/uploads\\\/2021\\\/11\\\/240097821_2144391282374785_8310692195182564937_n.jpg\",\"width\":1440,\"height\":1440},{\"@type\":\"BreadcrumbList\",\"@id\":\"https:\\\/\\\/spkeblowo.pl\\\/?p=2787#breadcrumb\",\"itemListElement\":[{\"@type\":\"ListItem\",\"position\":1,\"name\":\"Strona g\u0142\u00f3wna\",\"item\":\"https:\\\/\\\/spkeblowo.pl\\\/\"},{\"@type\":\"ListItem\",\"position\":2,\"name\":\"Mi\u0119dzynarodowy projekt ,, Z&nbsp;kultura mi&nbsp;do&nbsp;twarzy&#8221;\"}]},{\"@type\":\"WebSite\",\"@id\":\"https:\\\/\\\/spkeblowo.pl\\\/#website\",\"url\":\"https:\\\/\\\/spkeblowo.pl\\\/\",\"name\":\"Szko\u0142a Podstawowa im. Jana Paw\u0142a II w K\u0119b\u0142owie\",\"description\":\"\",\"publisher\":{\"@id\":\"https:\\\/\\\/spkeblowo.pl\\\/#organization\"},\"potentialAction\":[{\"@type\":\"SearchAction\",\"target\":{\"@type\":\"EntryPoint\",\"urlTemplate\":\"https:\\\/\\\/spkeblowo.pl\\\/?s={search_term_string}\"},\"query-input\":{\"@type\":\"PropertyValueSpecification\",\"valueRequired\":true,\"valueName\":\"search_term_string\"}}],\"inLanguage\":\"pl-PL\"},{\"@type\":\"Organization\",\"@id\":\"https:\\\/\\\/spkeblowo.pl\\\/#organization\",\"name\":\"Szko\u0142a Podstawowa im. Jana Paw\u0142a II w K\u0119b\u0142owie\",\"url\":\"https:\\\/\\\/spkeblowo.pl\\\/\",\"logo\":{\"@type\":\"ImageObject\",\"inLanguage\":\"pl-PL\",\"@id\":\"https:\\\/\\\/spkeblowo.pl\\\/#\\\/schema\\\/logo\\\/image\\\/\",\"url\":\"https:\\\/\\\/spkeblowo.pl\\\/wp-content\\\/uploads\\\/2020\\\/03\\\/2-2.png\",\"contentUrl\":\"https:\\\/\\\/spkeblowo.pl\\\/wp-content\\\/uploads\\\/2020\\\/03\\\/2-2.png\",\"width\":1400,\"height\":350,\"caption\":\"Szko\u0142a Podstawowa im. Jana Paw\u0142a II w K\u0119b\u0142owie\"},\"image\":{\"@id\":\"https:\\\/\\\/spkeblowo.pl\\\/#\\\/schema\\\/logo\\\/image\\\/\"}},{\"@type\":\"Person\",\"@id\":\"https:\\\/\\\/spkeblowo.pl\\\/#\\\/schema\\\/person\\\/91f40d6dcc01a89bccab6d147a30874f\",\"name\":\"admin\",\"image\":{\"@type\":\"ImageObject\",\"inLanguage\":\"pl-PL\",\"@id\":\"https:\\\/\\\/secure.gravatar.com\\\/avatar\\\/a8792c5ea44a0bd480cdae637f0e5e453347ff27968eb8552bf193361ffde3ec?s=96&d=mm&r=g\",\"url\":\"https:\\\/\\\/secure.gravatar.com\\\/avatar\\\/a8792c5ea44a0bd480cdae637f0e5e453347ff27968eb8552bf193361ffde3ec?s=96&d=mm&r=g\",\"contentUrl\":\"https:\\\/\\\/secure.gravatar.com\\\/avatar\\\/a8792c5ea44a0bd480cdae637f0e5e453347ff27968eb8552bf193361ffde3ec?s=96&d=mm&r=g\",\"caption\":\"admin\"},\"url\":\"https:\\\/\\\/spkeblowo.pl\\\/?author=1\"}]}<\/script>\n<!-- \/ Yoast SEO plugin. -->","yoast_head_json":{"title":"Mi\u0119dzynarodowy projekt ,, Z kultura mi do twarzy'' - Szko\u0142a Podstawowa im. Jana Paw\u0142a II w K\u0119b\u0142owie","robots":{"index":"index","follow":"follow","max-snippet":"max-snippet:-1","max-image-preview":"max-image-preview:large","max-video-preview":"max-video-preview:-1"},"canonical":"https:\/\/spkeblowo.pl\/?p=2787","og_locale":"pl_PL","og_type":"article","og_title":"Mi\u0119dzynarodowy projekt ,, Z kultura mi do twarzy'' - Szko\u0142a Podstawowa im. Jana Paw\u0142a II w K\u0119b\u0142owie","og_description":"Nasza szko\u0142a bierze udzia\u0142 w Mi\u0119dzynarodowym\u00a0 projekcie ,, Z kultura mi do twarzy&#8221;Projekt powsta\u0142 w oparciu o aktualn\u0105 Podstaw\u0119 Programow\u0105 &hellip;","og_url":"https:\/\/spkeblowo.pl\/?p=2787","og_site_name":"Szko\u0142a Podstawowa im. Jana Paw\u0142a II w K\u0119b\u0142owie","article_published_time":"2021-11-29T07:43:11+00:00","article_modified_time":"2021-11-29T07:54:58+00:00","og_image":[{"url":"https:\/\/spkeblowo.pl\/wp-content\/uploads\/2021\/11\/240097821_2144391282374785_8310692195182564937_n-1024x1024.jpg","type":"","width":"","height":""}],"author":"admin","twitter_card":"summary_large_image","twitter_misc":{"Napisane przez":"admin","Szacowany czas czytania":"1 minuta"},"schema":{"@context":"https:\/\/schema.org","@graph":[{"@type":"Article","@id":"https:\/\/spkeblowo.pl\/?p=2787#article","isPartOf":{"@id":"https:\/\/spkeblowo.pl\/?p=2787"},"author":{"name":"admin","@id":"https:\/\/spkeblowo.pl\/#\/schema\/person\/91f40d6dcc01a89bccab6d147a30874f"},"headline":"Mi\u0119dzynarodowy projekt ,, Z kultura mi do twarzy&#8221;","datePublished":"2021-11-29T07:43:11+00:00","dateModified":"2021-11-29T07:54:58+00:00","mainEntityOfPage":{"@id":"https:\/\/spkeblowo.pl\/?p=2787"},"wordCount":98,"publisher":{"@id":"https:\/\/spkeblowo.pl\/#organization"},"image":{"@id":"https:\/\/spkeblowo.pl\/?p=2787#primaryimage"},"thumbnailUrl":"https:\/\/spkeblowo.pl\/wp-content\/uploads\/2021\/11\/240097821_2144391282374785_8310692195182564937_n-1024x1024.jpg","articleSection":["Uncategorized"],"inLanguage":"pl-PL"},{"@type":"WebPage","@id":"https:\/\/spkeblowo.pl\/?p=2787","url":"https:\/\/spkeblowo.pl\/?p=2787","name":"Mi\u0119dzynarodowy projekt ,, Z kultura mi do twarzy'' - Szko\u0142a Podstawowa im. Jana Paw\u0142a II w K\u0119b\u0142owie","isPartOf":{"@id":"https:\/\/spkeblowo.pl\/#website"},"primaryImageOfPage":{"@id":"https:\/\/spkeblowo.pl\/?p=2787#primaryimage"},"image":{"@id":"https:\/\/spkeblowo.pl\/?p=2787#primaryimage"},"thumbnailUrl":"https:\/\/spkeblowo.pl\/wp-content\/uploads\/2021\/11\/240097821_2144391282374785_8310692195182564937_n-1024x1024.jpg","datePublished":"2021-11-29T07:43:11+00:00","dateModified":"2021-11-29T07:54:58+00:00","breadcrumb":{"@id":"https:\/\/spkeblowo.pl\/?p=2787#breadcrumb"},"inLanguage":"pl-PL","potentialAction":[{"@type":"ReadAction","target":["https:\/\/spkeblowo.pl\/?p=2787"]}]},{"@type":"ImageObject","inLanguage":"pl-PL","@id":"https:\/\/spkeblowo.pl\/?p=2787#primaryimage","url":"https:\/\/spkeblowo.pl\/wp-content\/uploads\/2021\/11\/240097821_2144391282374785_8310692195182564937_n.jpg","contentUrl":"https:\/\/spkeblowo.pl\/wp-content\/uploads\/2021\/11\/240097821_2144391282374785_8310692195182564937_n.jpg","width":1440,"height":1440},{"@type":"BreadcrumbList","@id":"https:\/\/spkeblowo.pl\/?p=2787#breadcrumb","itemListElement":[{"@type":"ListItem","position":1,"name":"Strona g\u0142\u00f3wna","item":"https:\/\/spkeblowo.pl\/"},{"@type":"ListItem","position":2,"name":"Mi\u0119dzynarodowy projekt ,, Z&nbsp;kultura mi&nbsp;do&nbsp;twarzy&#8221;"}]},{"@type":"WebSite","@id":"https:\/\/spkeblowo.pl\/#website","url":"https:\/\/spkeblowo.pl\/","name":"Szko\u0142a Podstawowa im. Jana Paw\u0142a II w K\u0119b\u0142owie","description":"","publisher":{"@id":"https:\/\/spkeblowo.pl\/#organization"},"potentialAction":[{"@type":"SearchAction","target":{"@type":"EntryPoint","urlTemplate":"https:\/\/spkeblowo.pl\/?s={search_term_string}"},"query-input":{"@type":"PropertyValueSpecification","valueRequired":true,"valueName":"search_term_string"}}],"inLanguage":"pl-PL"},{"@type":"Organization","@id":"https:\/\/spkeblowo.pl\/#organization","name":"Szko\u0142a Podstawowa im. Jana Paw\u0142a II w K\u0119b\u0142owie","url":"https:\/\/spkeblowo.pl\/","logo":{"@type":"ImageObject","inLanguage":"pl-PL","@id":"https:\/\/spkeblowo.pl\/#\/schema\/logo\/image\/","url":"https:\/\/spkeblowo.pl\/wp-content\/uploads\/2020\/03\/2-2.png","contentUrl":"https:\/\/spkeblowo.pl\/wp-content\/uploads\/2020\/03\/2-2.png","width":1400,"height":350,"caption":"Szko\u0142a Podstawowa im. Jana Paw\u0142a II w K\u0119b\u0142owie"},"image":{"@id":"https:\/\/spkeblowo.pl\/#\/schema\/logo\/image\/"}},{"@type":"Person","@id":"https:\/\/spkeblowo.pl\/#\/schema\/person\/91f40d6dcc01a89bccab6d147a30874f","name":"admin","image":{"@type":"ImageObject","inLanguage":"pl-PL","@id":"https:\/\/secure.gravatar.com\/avatar\/a8792c5ea44a0bd480cdae637f0e5e453347ff27968eb8552bf193361ffde3ec?s=96&d=mm&r=g","url":"https:\/\/secure.gravatar.com\/avatar\/a8792c5ea44a0bd480cdae637f0e5e453347ff27968eb8552bf193361ffde3ec?s=96&d=mm&r=g","contentUrl":"https:\/\/secure.gravatar.com\/avatar\/a8792c5ea44a0bd480cdae637f0e5e453347ff27968eb8552bf193361ffde3ec?s=96&d=mm&r=g","caption":"admin"},"url":"https:\/\/spkeblowo.pl\/?author=1"}]}},"_links":{"self":[{"href":"https:\/\/spkeblowo.pl\/index.php?rest_route=\/wp\/v2\/posts\/2787","targetHints":{"allow":["GET"]}}],"collection":[{"href":"https:\/\/spkeblowo.pl\/index.php?rest_route=\/wp\/v2\/posts"}],"about":[{"href":"https:\/\/spkeblowo.pl\/index.php?rest_route=\/wp\/v2\/types\/post"}],"author":[{"embeddable":true,"href":"https:\/\/spkeblowo.pl\/index.php?rest_route=\/wp\/v2\/users\/1"}],"replies":[{"embeddable":true,"href":"https:\/\/spkeblowo.pl\/index.php?rest_route=%2Fwp%2Fv2%2Fcomments&post=2787"}],"version-history":[{"count":3,"href":"https:\/\/spkeblowo.pl\/index.php?rest_route=\/wp\/v2\/posts\/2787\/revisions"}],"predecessor-version":[{"id":2791,"href":"https:\/\/spkeblowo.pl\/index.php?rest_route=\/wp\/v2\/posts\/2787\/revisions\/2791"}],"wp:attachment":[{"href":"https:\/\/spkeblowo.pl\/index.php?rest_route=%2Fwp%2Fv2%2Fmedia&parent=2787"}],"wp:term":[{"taxonomy":"category","embeddable":true,"href":"https:\/\/spkeblowo.pl\/index.php?rest_route=%2Fwp%2Fv2%2Fcategories&post=2787"},{"taxonomy":"post_tag","embeddable":true,"href":"https:\/\/spkeblowo.pl\/index.php?rest_route=%2Fwp%2Fv2%2Ftags&post=2787"}],"curies":[{"name":"wp","href":"https:\/\/api.w.org\/{rel}","templated":true}]}}