{"id":2738,"date":"2021-11-17T10:37:08","date_gmt":"2021-11-17T08:37:08","guid":{"rendered":"http:\/\/spkeblowo.strefa.pl\/wordpress\/?p=2738"},"modified":"2021-11-17T11:03:47","modified_gmt":"2021-11-17T09:03:47","slug":"projekt-pt-drzwi-do-niepodleglosci-11-listopada","status":"publish","type":"post","link":"https:\/\/spkeblowo.pl\/?p=2738","title":{"rendered":"Projekt pt. \u201cDrzwi do niepodleg\u0142o\u015bci\u201d &#8211; 11 listopada"},"content":{"rendered":"\n\n\n<p>Spo\u0142eczno\u015b\u0107 Naszej szko\u0142y tradycyjnie przygotowa\u0142a wiele&nbsp;atrakcji,&nbsp;aby uczci\u0107 rocznic\u0119 odzyskania przez Polsk\u0119 niepodleg\u0142o\u015bci. Uczniowie wraz z wychowawcami wzi\u0119li udzia\u0142 w projekcie zorganizowanym przez Samorz\u0105d Uczniowski, kt\u00f3rego pomys\u0142odawc\u0105 by\u0142&nbsp;p. Krzysztof&nbsp;Rozenkranc. Projekt&nbsp;pt. \u201cDrzwi do niepodleg\u0142o\u015bci\u201d&nbsp;mia\u0142 na celu propagowanie postaw patriotycznych&nbsp;w\u015br\u00f3d uczni\u00f3w. Wszystkie klasy oraz gabinety specjalistyczne zosta\u0142y przystrojone w barwach narodowych.&nbsp;&nbsp;<\/p>\n\n\n\n<p>Kolejnym punktem\u00a0by\u0142a uroczysta akademia, kt\u00f3ra zaplanowali\u015bmy w klasach,\u00a0nauczyciele otrzymali link do apelu: <a href=\"https:\/\/drive.google.com\/file\/d\/1kTq0GVp3HCxon_wv1xSxNwknc090YQdL\/view?usp=sharing\">https:\/\/drive.google.com\/file\/d\/1kTq0GVp3HCxon_wv1xSxNwknc090YQdL\/view?usp=sharing<\/a>. Na pocz\u0105tku wsp\u00f3lnie od\u015bpiewano cztery zwrotki hymnu, zapoznano si\u0119 z informacjami w jaki spos\u00f3b\u00a0Polska utraci\u0142a swoj\u0105 suwerenno\u015b\u0107 i dlaczego wolno\u015b\u0107 jest tak wa\u017cna. Trzeci\u0105 cz\u0119\u015b\u0107 rozpocz\u0105\u0142 wyst\u0119p muzyczny klasy 3b\u00a0kierowany przez\u00a0p.\u00a0Karolin\u0119\u00a0Rozenkranc\u00a0i recytacje uczni\u00f3w tej klasy. Ca\u0142o\u015b\u0107 by\u0142a przeplatana przepi\u0119knymi, \u017cywio\u0142owymi i niezwykle energetycznymi wyst\u0119pami uczennicy klasy 4a Zuzanny, kt\u00f3rej wyst\u0119p\u00a0przygotowa\u0142a p.\u00a0Anny\u00a0i jej starszych kole\u017canek z 7b Gabrieli i Zuzanny pod\u00a0kierunkiem\u00a0p. Zofii.\u00a0<\/p>\n\n\n\n<p>Ca\u0142o\u015b\u0107 prac zosta\u0142a podkre\u015blona przez od\u015bwi\u0119tne stroje uczni\u00f3w i pracownik\u00f3w szko\u0142y, co wymownie podkre\u015bla nasz\u0105 rado\u015b\u0107 z posiadanej wolno\u015bci oraz zrozumienie jej wa\u017cno\u015bci.\u00a0<\/p>\n\n\n\n<figure class=\"wp-block-gallery columns-3 is-cropped wp-block-gallery-1 is-layout-flex wp-block-gallery-is-layout-flex\"><ul class=\"blocks-gallery-grid\"><li class=\"blocks-gallery-item\"><figure><img fetchpriority=\"high\" decoding=\"async\" width=\"720\" height=\"960\" src=\"https:\/\/spkeblowo.pl\/wp-content\/uploads\/2021\/11\/254956034_215968723986419_8594938221124294151_n-1.jpg\" alt=\"\" data-id=\"2750\" data-full-url=\"https:\/\/spkeblowo.pl\/wp-content\/uploads\/2021\/11\/254956034_215968723986419_8594938221124294151_n-1.jpg\" data-link=\"https:\/\/spkeblowo.pl\/projekt-pt-drzwi-do-niepodleglosci-11-listopada\/254956034_215968723986419_8594938221124294151_n-1\/\" class=\"wp-image-2750\" srcset=\"https:\/\/spkeblowo.pl\/wp-content\/uploads\/2021\/11\/254956034_215968723986419_8594938221124294151_n-1.jpg 720w, https:\/\/spkeblowo.pl\/wp-content\/uploads\/2021\/11\/254956034_215968723986419_8594938221124294151_n-1-225x300.jpg 225w\" sizes=\"(max-width: 720px) 100vw, 720px\" \/><\/figure><\/li><li class=\"blocks-gallery-item\"><figure><img decoding=\"async\" width=\"720\" height=\"960\" src=\"https:\/\/spkeblowo.pl\/wp-content\/uploads\/2021\/11\/255020048_960562811195577_4778930937927609898_n-1.jpg\" alt=\"\" data-id=\"2751\" data-full-url=\"https:\/\/spkeblowo.pl\/wp-content\/uploads\/2021\/11\/255020048_960562811195577_4778930937927609898_n-1.jpg\" data-link=\"https:\/\/spkeblowo.pl\/projekt-pt-drzwi-do-niepodleglosci-11-listopada\/255020048_960562811195577_4778930937927609898_n-1\/\" class=\"wp-image-2751\" srcset=\"https:\/\/spkeblowo.pl\/wp-content\/uploads\/2021\/11\/255020048_960562811195577_4778930937927609898_n-1.jpg 720w, https:\/\/spkeblowo.pl\/wp-content\/uploads\/2021\/11\/255020048_960562811195577_4778930937927609898_n-1-225x300.jpg 225w\" sizes=\"(max-width: 720px) 100vw, 720px\" \/><\/figure><\/li><li class=\"blocks-gallery-item\"><figure><img decoding=\"async\" width=\"466\" height=\"960\" src=\"https:\/\/spkeblowo.pl\/wp-content\/uploads\/2021\/11\/255080700_2914065948908532_4911605813523055804_n-1.jpg\" alt=\"\" data-id=\"2752\" data-full-url=\"https:\/\/spkeblowo.pl\/wp-content\/uploads\/2021\/11\/255080700_2914065948908532_4911605813523055804_n-1.jpg\" data-link=\"https:\/\/spkeblowo.pl\/projekt-pt-drzwi-do-niepodleglosci-11-listopada\/255080700_2914065948908532_4911605813523055804_n-1\/\" class=\"wp-image-2752\" srcset=\"https:\/\/spkeblowo.pl\/wp-content\/uploads\/2021\/11\/255080700_2914065948908532_4911605813523055804_n-1.jpg 466w, https:\/\/spkeblowo.pl\/wp-content\/uploads\/2021\/11\/255080700_2914065948908532_4911605813523055804_n-1-146x300.jpg 146w\" sizes=\"(max-width: 466px) 100vw, 466px\" \/><\/figure><\/li><li class=\"blocks-gallery-item\"><figure><img loading=\"lazy\" decoding=\"async\" width=\"466\" height=\"960\" src=\"https:\/\/spkeblowo.pl\/wp-content\/uploads\/2021\/11\/255092321_895915524650857_8945771764036277843_n-1.jpg\" alt=\"\" data-id=\"2753\" data-full-url=\"https:\/\/spkeblowo.pl\/wp-content\/uploads\/2021\/11\/255092321_895915524650857_8945771764036277843_n-1.jpg\" data-link=\"https:\/\/spkeblowo.pl\/projekt-pt-drzwi-do-niepodleglosci-11-listopada\/255092321_895915524650857_8945771764036277843_n-1\/\" class=\"wp-image-2753\" srcset=\"https:\/\/spkeblowo.pl\/wp-content\/uploads\/2021\/11\/255092321_895915524650857_8945771764036277843_n-1.jpg 466w, https:\/\/spkeblowo.pl\/wp-content\/uploads\/2021\/11\/255092321_895915524650857_8945771764036277843_n-1-146x300.jpg 146w\" sizes=\"(max-width: 466px) 100vw, 466px\" \/><\/figure><\/li><li class=\"blocks-gallery-item\"><figure><img loading=\"lazy\" decoding=\"async\" width=\"576\" height=\"768\" src=\"https:\/\/spkeblowo.pl\/wp-content\/uploads\/2021\/11\/255153073_897604274235793_8302341359673632852_n-1.jpg\" alt=\"\" data-id=\"2754\" data-full-url=\"https:\/\/spkeblowo.pl\/wp-content\/uploads\/2021\/11\/255153073_897604274235793_8302341359673632852_n-1.jpg\" data-link=\"https:\/\/spkeblowo.pl\/projekt-pt-drzwi-do-niepodleglosci-11-listopada\/255153073_897604274235793_8302341359673632852_n-1\/\" class=\"wp-image-2754\" srcset=\"https:\/\/spkeblowo.pl\/wp-content\/uploads\/2021\/11\/255153073_897604274235793_8302341359673632852_n-1.jpg 576w, https:\/\/spkeblowo.pl\/wp-content\/uploads\/2021\/11\/255153073_897604274235793_8302341359673632852_n-1-225x300.jpg 225w\" sizes=\"(max-width: 576px) 100vw, 576px\" \/><\/figure><\/li><li class=\"blocks-gallery-item\"><figure><img loading=\"lazy\" decoding=\"async\" width=\"466\" height=\"960\" src=\"https:\/\/spkeblowo.pl\/wp-content\/uploads\/2021\/11\/255253043_4470318929742203_4333161324958871420_n.jpg\" alt=\"\" data-id=\"2755\" data-full-url=\"https:\/\/spkeblowo.pl\/wp-content\/uploads\/2021\/11\/255253043_4470318929742203_4333161324958871420_n.jpg\" data-link=\"https:\/\/spkeblowo.pl\/projekt-pt-drzwi-do-niepodleglosci-11-listopada\/255253043_4470318929742203_4333161324958871420_n\/\" class=\"wp-image-2755\" srcset=\"https:\/\/spkeblowo.pl\/wp-content\/uploads\/2021\/11\/255253043_4470318929742203_4333161324958871420_n.jpg 466w, https:\/\/spkeblowo.pl\/wp-content\/uploads\/2021\/11\/255253043_4470318929742203_4333161324958871420_n-146x300.jpg 146w\" sizes=\"(max-width: 466px) 100vw, 466px\" \/><\/figure><\/li><li class=\"blocks-gallery-item\"><figure><img loading=\"lazy\" decoding=\"async\" width=\"466\" height=\"960\" src=\"https:\/\/spkeblowo.pl\/wp-content\/uploads\/2021\/11\/255328891_1666284873541867_605556258924972419_n.jpg\" alt=\"\" data-id=\"2756\" data-full-url=\"https:\/\/spkeblowo.pl\/wp-content\/uploads\/2021\/11\/255328891_1666284873541867_605556258924972419_n.jpg\" data-link=\"https:\/\/spkeblowo.pl\/projekt-pt-drzwi-do-niepodleglosci-11-listopada\/255328891_1666284873541867_605556258924972419_n\/\" class=\"wp-image-2756\" srcset=\"https:\/\/spkeblowo.pl\/wp-content\/uploads\/2021\/11\/255328891_1666284873541867_605556258924972419_n.jpg 466w, https:\/\/spkeblowo.pl\/wp-content\/uploads\/2021\/11\/255328891_1666284873541867_605556258924972419_n-146x300.jpg 146w\" sizes=\"(max-width: 466px) 100vw, 466px\" \/><\/figure><\/li><li class=\"blocks-gallery-item\"><figure><img loading=\"lazy\" decoding=\"async\" width=\"466\" height=\"960\" src=\"https:\/\/spkeblowo.pl\/wp-content\/uploads\/2021\/11\/255341080_1379970099072887_4671002020778499861_n.jpg\" alt=\"\" data-id=\"2757\" data-full-url=\"https:\/\/spkeblowo.pl\/wp-content\/uploads\/2021\/11\/255341080_1379970099072887_4671002020778499861_n.jpg\" data-link=\"https:\/\/spkeblowo.pl\/projekt-pt-drzwi-do-niepodleglosci-11-listopada\/255341080_1379970099072887_4671002020778499861_n\/\" class=\"wp-image-2757\" srcset=\"https:\/\/spkeblowo.pl\/wp-content\/uploads\/2021\/11\/255341080_1379970099072887_4671002020778499861_n.jpg 466w, https:\/\/spkeblowo.pl\/wp-content\/uploads\/2021\/11\/255341080_1379970099072887_4671002020778499861_n-146x300.jpg 146w\" sizes=\"(max-width: 466px) 100vw, 466px\" \/><\/figure><\/li><\/ul><\/figure>\n\n\n\n\n\n\n","protected":false},"excerpt":{"rendered":"<p>Spo\u0142eczno\u015b\u0107 Naszej szko\u0142y tradycyjnie przygotowa\u0142a wiele atrakcji, aby uczci\u0107 rocznic\u0119 odzyskania przez Polsk\u0119 niepodleg\u0142o\u015bci. <\/p>\n","protected":false},"author":1,"featured_media":2744,"comment_status":"closed","ping_status":"open","sticky":false,"template":"","format":"standard","meta":{"footnotes":""},"categories":[1],"tags":[],"class_list":["post-2738","post","type-post","status-publish","format-standard","has-post-thumbnail","hentry","category-uncategorized"],"yoast_head":"<!-- This site is optimized with the Yoast SEO plugin v27.5 - https:\/\/yoast.com\/product\/yoast-seo-wordpress\/ -->\n<title>Projekt pt. \u201cDrzwi do niepodleg\u0142o\u015bci\u201d - 11 listopada - Szko\u0142a Podstawowa im. Jana Paw\u0142a II w K\u0119b\u0142owie<\/title>\n<meta name=\"robots\" content=\"index, follow, max-snippet:-1, max-image-preview:large, max-video-preview:-1\" \/>\n<link rel=\"canonical\" href=\"https:\/\/spkeblowo.pl\/?p=2738\" \/>\n<meta property=\"og:locale\" content=\"pl_PL\" \/>\n<meta property=\"og:type\" content=\"article\" \/>\n<meta property=\"og:title\" content=\"Projekt pt. \u201cDrzwi do niepodleg\u0142o\u015bci\u201d - 11 listopada - Szko\u0142a Podstawowa im. Jana Paw\u0142a II w K\u0119b\u0142owie\" \/>\n<meta property=\"og:description\" content=\"Spo\u0142eczno\u015b\u0107 Naszej szko\u0142y tradycyjnie przygotowa\u0142a wiele atrakcji, aby uczci\u0107 rocznic\u0119 odzyskania przez Polsk\u0119 niepodleg\u0142o\u015bci.\" \/>\n<meta property=\"og:url\" content=\"https:\/\/spkeblowo.pl\/?p=2738\" \/>\n<meta property=\"og:site_name\" content=\"Szko\u0142a Podstawowa im. Jana Paw\u0142a II w K\u0119b\u0142owie\" \/>\n<meta property=\"article:published_time\" content=\"2021-11-17T08:37:08+00:00\" \/>\n<meta property=\"article:modified_time\" content=\"2021-11-17T09:03:47+00:00\" \/>\n<meta property=\"og:image\" content=\"https:\/\/spkeblowo.pl\/wp-content\/uploads\/2021\/11\/Monochromatyczny-Skater-Fotograficzny-Kolaz.jpg\" \/>\n\t<meta property=\"og:image:width\" content=\"2000\" \/>\n\t<meta property=\"og:image:height\" content=\"1600\" \/>\n\t<meta property=\"og:image:type\" content=\"image\/jpeg\" \/>\n<meta name=\"author\" content=\"admin\" \/>\n<meta name=\"twitter:card\" content=\"summary_large_image\" \/>\n<meta name=\"twitter:label1\" content=\"Napisane przez\" \/>\n\t<meta name=\"twitter:data1\" content=\"admin\" \/>\n\t<meta name=\"twitter:label2\" content=\"Szacowany czas czytania\" \/>\n\t<meta name=\"twitter:data2\" content=\"3 minuty\" \/>\n<script type=\"application\/ld+json\" class=\"yoast-schema-graph\">{\"@context\":\"https:\\\/\\\/schema.org\",\"@graph\":[{\"@type\":\"Article\",\"@id\":\"https:\\\/\\\/spkeblowo.pl\\\/?p=2738#article\",\"isPartOf\":{\"@id\":\"https:\\\/\\\/spkeblowo.pl\\\/?p=2738\"},\"author\":{\"name\":\"admin\",\"@id\":\"https:\\\/\\\/spkeblowo.pl\\\/#\\\/schema\\\/person\\\/91f40d6dcc01a89bccab6d147a30874f\"},\"headline\":\"Projekt pt. \u201cDrzwi do niepodleg\u0142o\u015bci\u201d &#8211; 11 listopada\",\"datePublished\":\"2021-11-17T08:37:08+00:00\",\"dateModified\":\"2021-11-17T09:03:47+00:00\",\"mainEntityOfPage\":{\"@id\":\"https:\\\/\\\/spkeblowo.pl\\\/?p=2738\"},\"wordCount\":244,\"publisher\":{\"@id\":\"https:\\\/\\\/spkeblowo.pl\\\/#organization\"},\"image\":{\"@id\":\"https:\\\/\\\/spkeblowo.pl\\\/?p=2738#primaryimage\"},\"thumbnailUrl\":\"https:\\\/\\\/spkeblowo.pl\\\/wp-content\\\/uploads\\\/2021\\\/11\\\/Monochromatyczny-Skater-Fotograficzny-Kolaz.jpg\",\"articleSection\":[\"Uncategorized\"],\"inLanguage\":\"pl-PL\"},{\"@type\":\"WebPage\",\"@id\":\"https:\\\/\\\/spkeblowo.pl\\\/?p=2738\",\"url\":\"https:\\\/\\\/spkeblowo.pl\\\/?p=2738\",\"name\":\"Projekt pt. \u201cDrzwi do niepodleg\u0142o\u015bci\u201d - 11 listopada - Szko\u0142a Podstawowa im. Jana Paw\u0142a II w K\u0119b\u0142owie\",\"isPartOf\":{\"@id\":\"https:\\\/\\\/spkeblowo.pl\\\/#website\"},\"primaryImageOfPage\":{\"@id\":\"https:\\\/\\\/spkeblowo.pl\\\/?p=2738#primaryimage\"},\"image\":{\"@id\":\"https:\\\/\\\/spkeblowo.pl\\\/?p=2738#primaryimage\"},\"thumbnailUrl\":\"https:\\\/\\\/spkeblowo.pl\\\/wp-content\\\/uploads\\\/2021\\\/11\\\/Monochromatyczny-Skater-Fotograficzny-Kolaz.jpg\",\"datePublished\":\"2021-11-17T08:37:08+00:00\",\"dateModified\":\"2021-11-17T09:03:47+00:00\",\"breadcrumb\":{\"@id\":\"https:\\\/\\\/spkeblowo.pl\\\/?p=2738#breadcrumb\"},\"inLanguage\":\"pl-PL\",\"potentialAction\":[{\"@type\":\"ReadAction\",\"target\":[\"https:\\\/\\\/spkeblowo.pl\\\/?p=2738\"]}]},{\"@type\":\"ImageObject\",\"inLanguage\":\"pl-PL\",\"@id\":\"https:\\\/\\\/spkeblowo.pl\\\/?p=2738#primaryimage\",\"url\":\"https:\\\/\\\/spkeblowo.pl\\\/wp-content\\\/uploads\\\/2021\\\/11\\\/Monochromatyczny-Skater-Fotograficzny-Kolaz.jpg\",\"contentUrl\":\"https:\\\/\\\/spkeblowo.pl\\\/wp-content\\\/uploads\\\/2021\\\/11\\\/Monochromatyczny-Skater-Fotograficzny-Kolaz.jpg\",\"width\":2000,\"height\":1600},{\"@type\":\"BreadcrumbList\",\"@id\":\"https:\\\/\\\/spkeblowo.pl\\\/?p=2738#breadcrumb\",\"itemListElement\":[{\"@type\":\"ListItem\",\"position\":1,\"name\":\"Strona g\u0142\u00f3wna\",\"item\":\"https:\\\/\\\/spkeblowo.pl\\\/\"},{\"@type\":\"ListItem\",\"position\":2,\"name\":\"Projekt pt.&nbsp;\u201cDrzwi do&nbsp;niepodleg\u0142o\u015bci\u201d &#8211; 11 listopada\"}]},{\"@type\":\"WebSite\",\"@id\":\"https:\\\/\\\/spkeblowo.pl\\\/#website\",\"url\":\"https:\\\/\\\/spkeblowo.pl\\\/\",\"name\":\"Szko\u0142a Podstawowa im. Jana Paw\u0142a II w K\u0119b\u0142owie\",\"description\":\"\",\"publisher\":{\"@id\":\"https:\\\/\\\/spkeblowo.pl\\\/#organization\"},\"potentialAction\":[{\"@type\":\"SearchAction\",\"target\":{\"@type\":\"EntryPoint\",\"urlTemplate\":\"https:\\\/\\\/spkeblowo.pl\\\/?s={search_term_string}\"},\"query-input\":{\"@type\":\"PropertyValueSpecification\",\"valueRequired\":true,\"valueName\":\"search_term_string\"}}],\"inLanguage\":\"pl-PL\"},{\"@type\":\"Organization\",\"@id\":\"https:\\\/\\\/spkeblowo.pl\\\/#organization\",\"name\":\"Szko\u0142a Podstawowa im. Jana Paw\u0142a II w K\u0119b\u0142owie\",\"url\":\"https:\\\/\\\/spkeblowo.pl\\\/\",\"logo\":{\"@type\":\"ImageObject\",\"inLanguage\":\"pl-PL\",\"@id\":\"https:\\\/\\\/spkeblowo.pl\\\/#\\\/schema\\\/logo\\\/image\\\/\",\"url\":\"https:\\\/\\\/spkeblowo.pl\\\/wp-content\\\/uploads\\\/2020\\\/03\\\/2-2.png\",\"contentUrl\":\"https:\\\/\\\/spkeblowo.pl\\\/wp-content\\\/uploads\\\/2020\\\/03\\\/2-2.png\",\"width\":1400,\"height\":350,\"caption\":\"Szko\u0142a Podstawowa im. Jana Paw\u0142a II w K\u0119b\u0142owie\"},\"image\":{\"@id\":\"https:\\\/\\\/spkeblowo.pl\\\/#\\\/schema\\\/logo\\\/image\\\/\"}},{\"@type\":\"Person\",\"@id\":\"https:\\\/\\\/spkeblowo.pl\\\/#\\\/schema\\\/person\\\/91f40d6dcc01a89bccab6d147a30874f\",\"name\":\"admin\",\"image\":{\"@type\":\"ImageObject\",\"inLanguage\":\"pl-PL\",\"@id\":\"https:\\\/\\\/secure.gravatar.com\\\/avatar\\\/a8792c5ea44a0bd480cdae637f0e5e453347ff27968eb8552bf193361ffde3ec?s=96&d=mm&r=g\",\"url\":\"https:\\\/\\\/secure.gravatar.com\\\/avatar\\\/a8792c5ea44a0bd480cdae637f0e5e453347ff27968eb8552bf193361ffde3ec?s=96&d=mm&r=g\",\"contentUrl\":\"https:\\\/\\\/secure.gravatar.com\\\/avatar\\\/a8792c5ea44a0bd480cdae637f0e5e453347ff27968eb8552bf193361ffde3ec?s=96&d=mm&r=g\",\"caption\":\"admin\"},\"url\":\"https:\\\/\\\/spkeblowo.pl\\\/?author=1\"}]}<\/script>\n<!-- \/ Yoast SEO plugin. -->","yoast_head_json":{"title":"Projekt pt. \u201cDrzwi do niepodleg\u0142o\u015bci\u201d - 11 listopada - Szko\u0142a Podstawowa im. Jana Paw\u0142a II w K\u0119b\u0142owie","robots":{"index":"index","follow":"follow","max-snippet":"max-snippet:-1","max-image-preview":"max-image-preview:large","max-video-preview":"max-video-preview:-1"},"canonical":"https:\/\/spkeblowo.pl\/?p=2738","og_locale":"pl_PL","og_type":"article","og_title":"Projekt pt. \u201cDrzwi do niepodleg\u0142o\u015bci\u201d - 11 listopada - Szko\u0142a Podstawowa im. Jana Paw\u0142a II w K\u0119b\u0142owie","og_description":"Spo\u0142eczno\u015b\u0107 Naszej szko\u0142y tradycyjnie przygotowa\u0142a wiele atrakcji, aby uczci\u0107 rocznic\u0119 odzyskania przez Polsk\u0119 niepodleg\u0142o\u015bci.","og_url":"https:\/\/spkeblowo.pl\/?p=2738","og_site_name":"Szko\u0142a Podstawowa im. Jana Paw\u0142a II w K\u0119b\u0142owie","article_published_time":"2021-11-17T08:37:08+00:00","article_modified_time":"2021-11-17T09:03:47+00:00","og_image":[{"width":2000,"height":1600,"url":"https:\/\/spkeblowo.pl\/wp-content\/uploads\/2021\/11\/Monochromatyczny-Skater-Fotograficzny-Kolaz.jpg","type":"image\/jpeg"}],"author":"admin","twitter_card":"summary_large_image","twitter_misc":{"Napisane przez":"admin","Szacowany czas czytania":"3 minuty"},"schema":{"@context":"https:\/\/schema.org","@graph":[{"@type":"Article","@id":"https:\/\/spkeblowo.pl\/?p=2738#article","isPartOf":{"@id":"https:\/\/spkeblowo.pl\/?p=2738"},"author":{"name":"admin","@id":"https:\/\/spkeblowo.pl\/#\/schema\/person\/91f40d6dcc01a89bccab6d147a30874f"},"headline":"Projekt pt. \u201cDrzwi do niepodleg\u0142o\u015bci\u201d &#8211; 11 listopada","datePublished":"2021-11-17T08:37:08+00:00","dateModified":"2021-11-17T09:03:47+00:00","mainEntityOfPage":{"@id":"https:\/\/spkeblowo.pl\/?p=2738"},"wordCount":244,"publisher":{"@id":"https:\/\/spkeblowo.pl\/#organization"},"image":{"@id":"https:\/\/spkeblowo.pl\/?p=2738#primaryimage"},"thumbnailUrl":"https:\/\/spkeblowo.pl\/wp-content\/uploads\/2021\/11\/Monochromatyczny-Skater-Fotograficzny-Kolaz.jpg","articleSection":["Uncategorized"],"inLanguage":"pl-PL"},{"@type":"WebPage","@id":"https:\/\/spkeblowo.pl\/?p=2738","url":"https:\/\/spkeblowo.pl\/?p=2738","name":"Projekt pt. \u201cDrzwi do niepodleg\u0142o\u015bci\u201d - 11 listopada - Szko\u0142a Podstawowa im. Jana Paw\u0142a II w K\u0119b\u0142owie","isPartOf":{"@id":"https:\/\/spkeblowo.pl\/#website"},"primaryImageOfPage":{"@id":"https:\/\/spkeblowo.pl\/?p=2738#primaryimage"},"image":{"@id":"https:\/\/spkeblowo.pl\/?p=2738#primaryimage"},"thumbnailUrl":"https:\/\/spkeblowo.pl\/wp-content\/uploads\/2021\/11\/Monochromatyczny-Skater-Fotograficzny-Kolaz.jpg","datePublished":"2021-11-17T08:37:08+00:00","dateModified":"2021-11-17T09:03:47+00:00","breadcrumb":{"@id":"https:\/\/spkeblowo.pl\/?p=2738#breadcrumb"},"inLanguage":"pl-PL","potentialAction":[{"@type":"ReadAction","target":["https:\/\/spkeblowo.pl\/?p=2738"]}]},{"@type":"ImageObject","inLanguage":"pl-PL","@id":"https:\/\/spkeblowo.pl\/?p=2738#primaryimage","url":"https:\/\/spkeblowo.pl\/wp-content\/uploads\/2021\/11\/Monochromatyczny-Skater-Fotograficzny-Kolaz.jpg","contentUrl":"https:\/\/spkeblowo.pl\/wp-content\/uploads\/2021\/11\/Monochromatyczny-Skater-Fotograficzny-Kolaz.jpg","width":2000,"height":1600},{"@type":"BreadcrumbList","@id":"https:\/\/spkeblowo.pl\/?p=2738#breadcrumb","itemListElement":[{"@type":"ListItem","position":1,"name":"Strona g\u0142\u00f3wna","item":"https:\/\/spkeblowo.pl\/"},{"@type":"ListItem","position":2,"name":"Projekt pt.&nbsp;\u201cDrzwi do&nbsp;niepodleg\u0142o\u015bci\u201d &#8211; 11 listopada"}]},{"@type":"WebSite","@id":"https:\/\/spkeblowo.pl\/#website","url":"https:\/\/spkeblowo.pl\/","name":"Szko\u0142a Podstawowa im. Jana Paw\u0142a II w K\u0119b\u0142owie","description":"","publisher":{"@id":"https:\/\/spkeblowo.pl\/#organization"},"potentialAction":[{"@type":"SearchAction","target":{"@type":"EntryPoint","urlTemplate":"https:\/\/spkeblowo.pl\/?s={search_term_string}"},"query-input":{"@type":"PropertyValueSpecification","valueRequired":true,"valueName":"search_term_string"}}],"inLanguage":"pl-PL"},{"@type":"Organization","@id":"https:\/\/spkeblowo.pl\/#organization","name":"Szko\u0142a Podstawowa im. Jana Paw\u0142a II w K\u0119b\u0142owie","url":"https:\/\/spkeblowo.pl\/","logo":{"@type":"ImageObject","inLanguage":"pl-PL","@id":"https:\/\/spkeblowo.pl\/#\/schema\/logo\/image\/","url":"https:\/\/spkeblowo.pl\/wp-content\/uploads\/2020\/03\/2-2.png","contentUrl":"https:\/\/spkeblowo.pl\/wp-content\/uploads\/2020\/03\/2-2.png","width":1400,"height":350,"caption":"Szko\u0142a Podstawowa im. Jana Paw\u0142a II w K\u0119b\u0142owie"},"image":{"@id":"https:\/\/spkeblowo.pl\/#\/schema\/logo\/image\/"}},{"@type":"Person","@id":"https:\/\/spkeblowo.pl\/#\/schema\/person\/91f40d6dcc01a89bccab6d147a30874f","name":"admin","image":{"@type":"ImageObject","inLanguage":"pl-PL","@id":"https:\/\/secure.gravatar.com\/avatar\/a8792c5ea44a0bd480cdae637f0e5e453347ff27968eb8552bf193361ffde3ec?s=96&d=mm&r=g","url":"https:\/\/secure.gravatar.com\/avatar\/a8792c5ea44a0bd480cdae637f0e5e453347ff27968eb8552bf193361ffde3ec?s=96&d=mm&r=g","contentUrl":"https:\/\/secure.gravatar.com\/avatar\/a8792c5ea44a0bd480cdae637f0e5e453347ff27968eb8552bf193361ffde3ec?s=96&d=mm&r=g","caption":"admin"},"url":"https:\/\/spkeblowo.pl\/?author=1"}]}},"_links":{"self":[{"href":"https:\/\/spkeblowo.pl\/index.php?rest_route=\/wp\/v2\/posts\/2738","targetHints":{"allow":["GET"]}}],"collection":[{"href":"https:\/\/spkeblowo.pl\/index.php?rest_route=\/wp\/v2\/posts"}],"about":[{"href":"https:\/\/spkeblowo.pl\/index.php?rest_route=\/wp\/v2\/types\/post"}],"author":[{"embeddable":true,"href":"https:\/\/spkeblowo.pl\/index.php?rest_route=\/wp\/v2\/users\/1"}],"replies":[{"embeddable":true,"href":"https:\/\/spkeblowo.pl\/index.php?rest_route=%2Fwp%2Fv2%2Fcomments&post=2738"}],"version-history":[{"count":7,"href":"https:\/\/spkeblowo.pl\/index.php?rest_route=\/wp\/v2\/posts\/2738\/revisions"}],"predecessor-version":[{"id":2761,"href":"https:\/\/spkeblowo.pl\/index.php?rest_route=\/wp\/v2\/posts\/2738\/revisions\/2761"}],"wp:featuredmedia":[{"embeddable":true,"href":"https:\/\/spkeblowo.pl\/index.php?rest_route=\/wp\/v2\/media\/2744"}],"wp:attachment":[{"href":"https:\/\/spkeblowo.pl\/index.php?rest_route=%2Fwp%2Fv2%2Fmedia&parent=2738"}],"wp:term":[{"taxonomy":"category","embeddable":true,"href":"https:\/\/spkeblowo.pl\/index.php?rest_route=%2Fwp%2Fv2%2Fcategories&post=2738"},{"taxonomy":"post_tag","embeddable":true,"href":"https:\/\/spkeblowo.pl\/index.php?rest_route=%2Fwp%2Fv2%2Ftags&post=2738"}],"curies":[{"name":"wp","href":"https:\/\/api.w.org\/{rel}","templated":true}]}}