{"id":2673,"date":"2021-11-03T21:18:18","date_gmt":"2021-11-03T19:18:18","guid":{"rendered":"http:\/\/spkeblowo.strefa.pl\/wordpress\/?p=2673"},"modified":"2021-11-03T21:19:08","modified_gmt":"2021-11-03T19:19:08","slug":"dzien-swietego-w-naszej-szkole","status":"publish","type":"post","link":"https:\/\/spkeblowo.pl\/?p=2673","title":{"rendered":"\u201eDzie\u0144 \u015awi\u0119tego\u201d w naszej szkole"},"content":{"rendered":"\n<p>29 pa\u017adziernika 2021 roku obchodzili\u015bmy w naszej szkole \u201eDzie\u0144 \u015awi\u0119tego\u201d. Uczniowie klas I-III wybrali poszczeg\u00f3lne postacie w\u015br\u00f3d \u015bwi\u0119tych i zaprezentowali swoje niesamowite stroje. Mi\u0119dzy innymi podziwiali\u015bmy \u015bw. Jana Paw\u0142a II, \u015bw. Faustyn\u0119, \u015bw. Maryj\u0119, \u015bw. Teres\u0119 z Kalkuty, \u015bw. Jadwig\u0119, \u015bw. J\u00f3zefa, \u015bw. Helen\u0119, \u015bw. Emili\u0119, \u015bw. Piotra, \u015bw. Ann\u0119, \u015bw. El\u017cbiet\u0119, \u015bw. Martyn\u0119, Anio\u0142\u00f3w. Ka\u017cde dziecko zosta\u0142o nagrodzone s\u0142odkim upominkiem. By\u0142a to \u015bwietna okazja, by przekona\u0107 naszych podopiecznych, \u017ce \u015bwi\u0119tym mo\u017ce zosta\u0107 ka\u017cdy niezale\u017cnie od tego kim by\u0142 i ile mia\u0142 lat.<\/p>\n\n\n\n<p>Bardzo serdecznie dzi\u0119kujemy wszystkim uczniom, a tak\u017ce rodzicom za zaanga\u017cowanie i pomys\u0142owo\u015b\u0107!<\/p>\n\n\n\n<figure class=\"wp-block-gallery columns-3 is-cropped wp-block-gallery-1 is-layout-flex wp-block-gallery-is-layout-flex\"><ul class=\"blocks-gallery-grid\"><li class=\"blocks-gallery-item\"><figure><img fetchpriority=\"high\" decoding=\"async\" width=\"1024\" height=\"768\" src=\"https:\/\/spkeblowo.pl\/wp-content\/uploads\/2021\/11\/Klasa-Ia-1024x768.jpg\" alt=\"\" data-id=\"2678\" data-full-url=\"https:\/\/spkeblowo.pl\/wp-content\/uploads\/2021\/11\/Klasa-Ia-scaled.jpg\" data-link=\"https:\/\/spkeblowo.pl\/?attachment_id=2678\" class=\"wp-image-2678\" srcset=\"https:\/\/spkeblowo.pl\/wp-content\/uploads\/2021\/11\/Klasa-Ia-1024x768.jpg 1024w, https:\/\/spkeblowo.pl\/wp-content\/uploads\/2021\/11\/Klasa-Ia-300x225.jpg 300w, https:\/\/spkeblowo.pl\/wp-content\/uploads\/2021\/11\/Klasa-Ia-768x576.jpg 768w, https:\/\/spkeblowo.pl\/wp-content\/uploads\/2021\/11\/Klasa-Ia-1536x1152.jpg 1536w, https:\/\/spkeblowo.pl\/wp-content\/uploads\/2021\/11\/Klasa-Ia-2048x1536.jpg 2048w\" sizes=\"(max-width: 1024px) 100vw, 1024px\" \/><figcaption class=\"blocks-gallery-item__caption\">klasa 1a<\/figcaption><\/figure><\/li><li class=\"blocks-gallery-item\"><figure><img decoding=\"async\" width=\"960\" height=\"443\" src=\"https:\/\/spkeblowo.pl\/wp-content\/uploads\/2021\/11\/Klasa-Ib.jpg\" alt=\"\" data-id=\"2679\" data-full-url=\"https:\/\/spkeblowo.pl\/wp-content\/uploads\/2021\/11\/Klasa-Ib.jpg\" data-link=\"https:\/\/spkeblowo.pl\/?attachment_id=2679\" class=\"wp-image-2679\" srcset=\"https:\/\/spkeblowo.pl\/wp-content\/uploads\/2021\/11\/Klasa-Ib.jpg 960w, https:\/\/spkeblowo.pl\/wp-content\/uploads\/2021\/11\/Klasa-Ib-300x138.jpg 300w, https:\/\/spkeblowo.pl\/wp-content\/uploads\/2021\/11\/Klasa-Ib-768x354.jpg 768w\" sizes=\"(max-width: 960px) 100vw, 960px\" \/><figcaption class=\"blocks-gallery-item__caption\">klasa 1b<\/figcaption><\/figure><\/li><li class=\"blocks-gallery-item\"><figure><img decoding=\"async\" width=\"1024\" height=\"768\" src=\"https:\/\/spkeblowo.pl\/wp-content\/uploads\/2021\/11\/Klasa-Ic-1024x768.jpg\" alt=\"\" data-id=\"2680\" data-full-url=\"https:\/\/spkeblowo.pl\/wp-content\/uploads\/2021\/11\/Klasa-Ic-scaled.jpg\" data-link=\"https:\/\/spkeblowo.pl\/?attachment_id=2680\" class=\"wp-image-2680\" srcset=\"https:\/\/spkeblowo.pl\/wp-content\/uploads\/2021\/11\/Klasa-Ic-1024x768.jpg 1024w, https:\/\/spkeblowo.pl\/wp-content\/uploads\/2021\/11\/Klasa-Ic-300x225.jpg 300w, https:\/\/spkeblowo.pl\/wp-content\/uploads\/2021\/11\/Klasa-Ic-768x576.jpg 768w, https:\/\/spkeblowo.pl\/wp-content\/uploads\/2021\/11\/Klasa-Ic-1536x1152.jpg 1536w, https:\/\/spkeblowo.pl\/wp-content\/uploads\/2021\/11\/Klasa-Ic-2048x1536.jpg 2048w\" sizes=\"(max-width: 1024px) 100vw, 1024px\" \/><figcaption class=\"blocks-gallery-item__caption\">klasa 1c<\/figcaption><\/figure><\/li><li class=\"blocks-gallery-item\"><figure><img loading=\"lazy\" decoding=\"async\" width=\"960\" height=\"720\" src=\"https:\/\/spkeblowo.pl\/wp-content\/uploads\/2021\/11\/Klasa-Id.jpg\" alt=\"\" data-id=\"2681\" data-full-url=\"https:\/\/spkeblowo.pl\/wp-content\/uploads\/2021\/11\/Klasa-Id.jpg\" data-link=\"https:\/\/spkeblowo.pl\/?attachment_id=2681\" class=\"wp-image-2681\" srcset=\"https:\/\/spkeblowo.pl\/wp-content\/uploads\/2021\/11\/Klasa-Id.jpg 960w, https:\/\/spkeblowo.pl\/wp-content\/uploads\/2021\/11\/Klasa-Id-300x225.jpg 300w, https:\/\/spkeblowo.pl\/wp-content\/uploads\/2021\/11\/Klasa-Id-768x576.jpg 768w\" sizes=\"(max-width: 960px) 100vw, 960px\" \/><figcaption class=\"blocks-gallery-item__caption\">klasa 1d<\/figcaption><\/figure><\/li><li class=\"blocks-gallery-item\"><figure><img loading=\"lazy\" decoding=\"async\" width=\"960\" height=\"443\" src=\"https:\/\/spkeblowo.pl\/wp-content\/uploads\/2021\/11\/Klasa-IIa.jpg\" alt=\"\" data-id=\"2682\" data-full-url=\"https:\/\/spkeblowo.pl\/wp-content\/uploads\/2021\/11\/Klasa-IIa.jpg\" data-link=\"https:\/\/spkeblowo.pl\/?attachment_id=2682\" class=\"wp-image-2682\" srcset=\"https:\/\/spkeblowo.pl\/wp-content\/uploads\/2021\/11\/Klasa-IIa.jpg 960w, https:\/\/spkeblowo.pl\/wp-content\/uploads\/2021\/11\/Klasa-IIa-300x138.jpg 300w, https:\/\/spkeblowo.pl\/wp-content\/uploads\/2021\/11\/Klasa-IIa-768x354.jpg 768w\" sizes=\"(max-width: 960px) 100vw, 960px\" \/><figcaption class=\"blocks-gallery-item__caption\">klasa 2a<\/figcaption><\/figure><\/li><li class=\"blocks-gallery-item\"><figure><img loading=\"lazy\" decoding=\"async\" width=\"1024\" height=\"768\" src=\"https:\/\/spkeblowo.pl\/wp-content\/uploads\/2021\/11\/Klasa-IIb-1024x768.jpg\" alt=\"\" data-id=\"2683\" data-full-url=\"https:\/\/spkeblowo.pl\/wp-content\/uploads\/2021\/11\/Klasa-IIb-scaled.jpg\" data-link=\"https:\/\/spkeblowo.pl\/?attachment_id=2683\" class=\"wp-image-2683\" srcset=\"https:\/\/spkeblowo.pl\/wp-content\/uploads\/2021\/11\/Klasa-IIb-1024x768.jpg 1024w, https:\/\/spkeblowo.pl\/wp-content\/uploads\/2021\/11\/Klasa-IIb-300x225.jpg 300w, https:\/\/spkeblowo.pl\/wp-content\/uploads\/2021\/11\/Klasa-IIb-768x576.jpg 768w, https:\/\/spkeblowo.pl\/wp-content\/uploads\/2021\/11\/Klasa-IIb-1536x1152.jpg 1536w, https:\/\/spkeblowo.pl\/wp-content\/uploads\/2021\/11\/Klasa-IIb-2048x1536.jpg 2048w\" sizes=\"(max-width: 1024px) 100vw, 1024px\" \/><figcaption class=\"blocks-gallery-item__caption\">klasa 2b<\/figcaption><\/figure><\/li><li class=\"blocks-gallery-item\"><figure><img loading=\"lazy\" decoding=\"async\" width=\"1024\" height=\"768\" src=\"https:\/\/spkeblowo.pl\/wp-content\/uploads\/2021\/11\/Klasa-IIc-1024x768.jpg\" alt=\"\" data-id=\"2684\" data-full-url=\"https:\/\/spkeblowo.pl\/wp-content\/uploads\/2021\/11\/Klasa-IIc-scaled.jpg\" data-link=\"https:\/\/spkeblowo.pl\/?attachment_id=2684\" class=\"wp-image-2684\" srcset=\"https:\/\/spkeblowo.pl\/wp-content\/uploads\/2021\/11\/Klasa-IIc-1024x768.jpg 1024w, https:\/\/spkeblowo.pl\/wp-content\/uploads\/2021\/11\/Klasa-IIc-300x225.jpg 300w, https:\/\/spkeblowo.pl\/wp-content\/uploads\/2021\/11\/Klasa-IIc-768x576.jpg 768w, https:\/\/spkeblowo.pl\/wp-content\/uploads\/2021\/11\/Klasa-IIc-1536x1152.jpg 1536w, https:\/\/spkeblowo.pl\/wp-content\/uploads\/2021\/11\/Klasa-IIc-2048x1536.jpg 2048w\" sizes=\"(max-width: 1024px) 100vw, 1024px\" \/><figcaption class=\"blocks-gallery-item__caption\">klasa 2c<\/figcaption><\/figure><\/li><li class=\"blocks-gallery-item\"><figure><img loading=\"lazy\" decoding=\"async\" width=\"960\" height=\"443\" src=\"https:\/\/spkeblowo.pl\/wp-content\/uploads\/2021\/11\/Klasa-IId.jpg\" alt=\"\" data-id=\"2674\" data-full-url=\"https:\/\/spkeblowo.pl\/wp-content\/uploads\/2021\/11\/Klasa-IId.jpg\" data-link=\"https:\/\/spkeblowo.pl\/?attachment_id=2674\" class=\"wp-image-2674\" srcset=\"https:\/\/spkeblowo.pl\/wp-content\/uploads\/2021\/11\/Klasa-IId.jpg 960w, https:\/\/spkeblowo.pl\/wp-content\/uploads\/2021\/11\/Klasa-IId-300x138.jpg 300w, https:\/\/spkeblowo.pl\/wp-content\/uploads\/2021\/11\/Klasa-IId-768x354.jpg 768w\" sizes=\"(max-width: 960px) 100vw, 960px\" \/><figcaption class=\"blocks-gallery-item__caption\">klasa 2d<\/figcaption><\/figure><\/li><li class=\"blocks-gallery-item\"><figure><img loading=\"lazy\" decoding=\"async\" width=\"1024\" height=\"768\" src=\"https:\/\/spkeblowo.pl\/wp-content\/uploads\/2021\/11\/Klasa-IIIa-1024x768.jpg\" alt=\"\" data-id=\"2675\" data-full-url=\"https:\/\/spkeblowo.pl\/wp-content\/uploads\/2021\/11\/Klasa-IIIa-scaled.jpg\" data-link=\"https:\/\/spkeblowo.pl\/?attachment_id=2675\" class=\"wp-image-2675\" srcset=\"https:\/\/spkeblowo.pl\/wp-content\/uploads\/2021\/11\/Klasa-IIIa-1024x768.jpg 1024w, https:\/\/spkeblowo.pl\/wp-content\/uploads\/2021\/11\/Klasa-IIIa-300x225.jpg 300w, https:\/\/spkeblowo.pl\/wp-content\/uploads\/2021\/11\/Klasa-IIIa-768x576.jpg 768w, https:\/\/spkeblowo.pl\/wp-content\/uploads\/2021\/11\/Klasa-IIIa-1536x1152.jpg 1536w, https:\/\/spkeblowo.pl\/wp-content\/uploads\/2021\/11\/Klasa-IIIa-2048x1536.jpg 2048w\" sizes=\"(max-width: 1024px) 100vw, 1024px\" \/><figcaption class=\"blocks-gallery-item__caption\">klasa 3a<\/figcaption><\/figure><\/li><li class=\"blocks-gallery-item\"><figure><img loading=\"lazy\" decoding=\"async\" width=\"1024\" height=\"768\" src=\"https:\/\/spkeblowo.pl\/wp-content\/uploads\/2021\/11\/Klasa-IIIb-1024x768.jpg\" alt=\"\" data-id=\"2676\" data-full-url=\"https:\/\/spkeblowo.pl\/wp-content\/uploads\/2021\/11\/Klasa-IIIb-scaled.jpg\" data-link=\"https:\/\/spkeblowo.pl\/?attachment_id=2676\" class=\"wp-image-2676\" srcset=\"https:\/\/spkeblowo.pl\/wp-content\/uploads\/2021\/11\/Klasa-IIIb-1024x768.jpg 1024w, https:\/\/spkeblowo.pl\/wp-content\/uploads\/2021\/11\/Klasa-IIIb-300x225.jpg 300w, https:\/\/spkeblowo.pl\/wp-content\/uploads\/2021\/11\/Klasa-IIIb-768x576.jpg 768w, https:\/\/spkeblowo.pl\/wp-content\/uploads\/2021\/11\/Klasa-IIIb-1536x1152.jpg 1536w, https:\/\/spkeblowo.pl\/wp-content\/uploads\/2021\/11\/Klasa-IIIb-2048x1536.jpg 2048w\" sizes=\"(max-width: 1024px) 100vw, 1024px\" \/><figcaption class=\"blocks-gallery-item__caption\">klasa 3b<\/figcaption><\/figure><\/li><li class=\"blocks-gallery-item\"><figure><img loading=\"lazy\" decoding=\"async\" width=\"1024\" height=\"768\" src=\"https:\/\/spkeblowo.pl\/wp-content\/uploads\/2021\/11\/Klasa-IIIc-1024x768.jpg\" alt=\"\" data-id=\"2677\" data-full-url=\"https:\/\/spkeblowo.pl\/wp-content\/uploads\/2021\/11\/Klasa-IIIc-scaled.jpg\" data-link=\"https:\/\/spkeblowo.pl\/?attachment_id=2677\" class=\"wp-image-2677\" srcset=\"https:\/\/spkeblowo.pl\/wp-content\/uploads\/2021\/11\/Klasa-IIIc-1024x768.jpg 1024w, https:\/\/spkeblowo.pl\/wp-content\/uploads\/2021\/11\/Klasa-IIIc-300x225.jpg 300w, https:\/\/spkeblowo.pl\/wp-content\/uploads\/2021\/11\/Klasa-IIIc-768x576.jpg 768w, https:\/\/spkeblowo.pl\/wp-content\/uploads\/2021\/11\/Klasa-IIIc-1536x1152.jpg 1536w, https:\/\/spkeblowo.pl\/wp-content\/uploads\/2021\/11\/Klasa-IIIc-2048x1536.jpg 2048w\" sizes=\"(max-width: 1024px) 100vw, 1024px\" \/><figcaption class=\"blocks-gallery-item__caption\">klasa 3c<\/figcaption><\/figure><\/li><\/ul><\/figure>\n","protected":false},"excerpt":{"rendered":"<p>29 pa\u017adziernika 2021 roku obchodzili\u015bmy w naszej szkole \u201eDzie\u0144 \u015awi\u0119tego\u201d. Uczniowie klas I-III wybrali poszczeg\u00f3lne postacie w\u015br\u00f3d \u015bwi\u0119tych i zaprezentowali &hellip; <\/p>\n","protected":false},"author":1,"featured_media":0,"comment_status":"closed","ping_status":"open","sticky":false,"template":"","format":"standard","meta":{"footnotes":""},"categories":[1],"tags":[],"class_list":["post-2673","post","type-post","status-publish","format-standard","hentry","category-uncategorized"],"yoast_head":"<!-- This site is optimized with the Yoast SEO plugin v27.5 - https:\/\/yoast.com\/product\/yoast-seo-wordpress\/ -->\n<title>\u201eDzie\u0144 \u015awi\u0119tego\u201d w naszej szkole - Szko\u0142a Podstawowa im. Jana Paw\u0142a II w K\u0119b\u0142owie<\/title>\n<meta name=\"robots\" content=\"index, follow, max-snippet:-1, max-image-preview:large, max-video-preview:-1\" \/>\n<link rel=\"canonical\" href=\"https:\/\/spkeblowo.pl\/?p=2673\" \/>\n<meta property=\"og:locale\" content=\"pl_PL\" \/>\n<meta property=\"og:type\" content=\"article\" \/>\n<meta property=\"og:title\" content=\"\u201eDzie\u0144 \u015awi\u0119tego\u201d w naszej szkole - Szko\u0142a Podstawowa im. Jana Paw\u0142a II w K\u0119b\u0142owie\" \/>\n<meta property=\"og:description\" content=\"29 pa\u017adziernika 2021 roku obchodzili\u015bmy w naszej szkole \u201eDzie\u0144 \u015awi\u0119tego\u201d. Uczniowie klas I-III wybrali poszczeg\u00f3lne postacie w\u015br\u00f3d \u015bwi\u0119tych i zaprezentowali &hellip;\" \/>\n<meta property=\"og:url\" content=\"https:\/\/spkeblowo.pl\/?p=2673\" \/>\n<meta property=\"og:site_name\" content=\"Szko\u0142a Podstawowa im. Jana Paw\u0142a II w K\u0119b\u0142owie\" \/>\n<meta property=\"article:published_time\" content=\"2021-11-03T19:18:18+00:00\" \/>\n<meta property=\"article:modified_time\" content=\"2021-11-03T19:19:08+00:00\" \/>\n<meta property=\"og:image\" content=\"https:\/\/spkeblowo.pl\/wp-content\/uploads\/2021\/11\/Klasa-Ia-1024x768.jpg\" \/>\n<meta name=\"author\" content=\"admin\" \/>\n<meta name=\"twitter:card\" content=\"summary_large_image\" \/>\n<meta name=\"twitter:label1\" content=\"Napisane przez\" \/>\n\t<meta name=\"twitter:data1\" content=\"admin\" \/>\n\t<meta name=\"twitter:label2\" content=\"Szacowany czas czytania\" \/>\n\t<meta name=\"twitter:data2\" content=\"1 minuta\" \/>\n<script type=\"application\/ld+json\" class=\"yoast-schema-graph\">{\"@context\":\"https:\\\/\\\/schema.org\",\"@graph\":[{\"@type\":\"Article\",\"@id\":\"https:\\\/\\\/spkeblowo.pl\\\/?p=2673#article\",\"isPartOf\":{\"@id\":\"https:\\\/\\\/spkeblowo.pl\\\/?p=2673\"},\"author\":{\"name\":\"admin\",\"@id\":\"https:\\\/\\\/spkeblowo.pl\\\/#\\\/schema\\\/person\\\/91f40d6dcc01a89bccab6d147a30874f\"},\"headline\":\"\u201eDzie\u0144 \u015awi\u0119tego\u201d w naszej szkole\",\"datePublished\":\"2021-11-03T19:18:18+00:00\",\"dateModified\":\"2021-11-03T19:19:08+00:00\",\"mainEntityOfPage\":{\"@id\":\"https:\\\/\\\/spkeblowo.pl\\\/?p=2673\"},\"wordCount\":146,\"publisher\":{\"@id\":\"https:\\\/\\\/spkeblowo.pl\\\/#organization\"},\"image\":{\"@id\":\"https:\\\/\\\/spkeblowo.pl\\\/?p=2673#primaryimage\"},\"thumbnailUrl\":\"https:\\\/\\\/spkeblowo.pl\\\/wp-content\\\/uploads\\\/2021\\\/11\\\/Klasa-Ia-1024x768.jpg\",\"articleSection\":[\"Uncategorized\"],\"inLanguage\":\"pl-PL\"},{\"@type\":\"WebPage\",\"@id\":\"https:\\\/\\\/spkeblowo.pl\\\/?p=2673\",\"url\":\"https:\\\/\\\/spkeblowo.pl\\\/?p=2673\",\"name\":\"\u201eDzie\u0144 \u015awi\u0119tego\u201d w naszej szkole - Szko\u0142a Podstawowa im. Jana Paw\u0142a II w K\u0119b\u0142owie\",\"isPartOf\":{\"@id\":\"https:\\\/\\\/spkeblowo.pl\\\/#website\"},\"primaryImageOfPage\":{\"@id\":\"https:\\\/\\\/spkeblowo.pl\\\/?p=2673#primaryimage\"},\"image\":{\"@id\":\"https:\\\/\\\/spkeblowo.pl\\\/?p=2673#primaryimage\"},\"thumbnailUrl\":\"https:\\\/\\\/spkeblowo.pl\\\/wp-content\\\/uploads\\\/2021\\\/11\\\/Klasa-Ia-1024x768.jpg\",\"datePublished\":\"2021-11-03T19:18:18+00:00\",\"dateModified\":\"2021-11-03T19:19:08+00:00\",\"breadcrumb\":{\"@id\":\"https:\\\/\\\/spkeblowo.pl\\\/?p=2673#breadcrumb\"},\"inLanguage\":\"pl-PL\",\"potentialAction\":[{\"@type\":\"ReadAction\",\"target\":[\"https:\\\/\\\/spkeblowo.pl\\\/?p=2673\"]}]},{\"@type\":\"ImageObject\",\"inLanguage\":\"pl-PL\",\"@id\":\"https:\\\/\\\/spkeblowo.pl\\\/?p=2673#primaryimage\",\"url\":\"https:\\\/\\\/spkeblowo.pl\\\/wp-content\\\/uploads\\\/2021\\\/11\\\/Klasa-Ia-1024x768.jpg\",\"contentUrl\":\"https:\\\/\\\/spkeblowo.pl\\\/wp-content\\\/uploads\\\/2021\\\/11\\\/Klasa-Ia-1024x768.jpg\"},{\"@type\":\"BreadcrumbList\",\"@id\":\"https:\\\/\\\/spkeblowo.pl\\\/?p=2673#breadcrumb\",\"itemListElement\":[{\"@type\":\"ListItem\",\"position\":1,\"name\":\"Strona g\u0142\u00f3wna\",\"item\":\"https:\\\/\\\/spkeblowo.pl\\\/\"},{\"@type\":\"ListItem\",\"position\":2,\"name\":\"\u201eDzie\u0144 \u015awi\u0119tego\u201d w&nbsp;naszej szkole\"}]},{\"@type\":\"WebSite\",\"@id\":\"https:\\\/\\\/spkeblowo.pl\\\/#website\",\"url\":\"https:\\\/\\\/spkeblowo.pl\\\/\",\"name\":\"Szko\u0142a Podstawowa im. Jana Paw\u0142a II w K\u0119b\u0142owie\",\"description\":\"\",\"publisher\":{\"@id\":\"https:\\\/\\\/spkeblowo.pl\\\/#organization\"},\"potentialAction\":[{\"@type\":\"SearchAction\",\"target\":{\"@type\":\"EntryPoint\",\"urlTemplate\":\"https:\\\/\\\/spkeblowo.pl\\\/?s={search_term_string}\"},\"query-input\":{\"@type\":\"PropertyValueSpecification\",\"valueRequired\":true,\"valueName\":\"search_term_string\"}}],\"inLanguage\":\"pl-PL\"},{\"@type\":\"Organization\",\"@id\":\"https:\\\/\\\/spkeblowo.pl\\\/#organization\",\"name\":\"Szko\u0142a Podstawowa im. Jana Paw\u0142a II w K\u0119b\u0142owie\",\"url\":\"https:\\\/\\\/spkeblowo.pl\\\/\",\"logo\":{\"@type\":\"ImageObject\",\"inLanguage\":\"pl-PL\",\"@id\":\"https:\\\/\\\/spkeblowo.pl\\\/#\\\/schema\\\/logo\\\/image\\\/\",\"url\":\"https:\\\/\\\/spkeblowo.pl\\\/wp-content\\\/uploads\\\/2020\\\/03\\\/2-2.png\",\"contentUrl\":\"https:\\\/\\\/spkeblowo.pl\\\/wp-content\\\/uploads\\\/2020\\\/03\\\/2-2.png\",\"width\":1400,\"height\":350,\"caption\":\"Szko\u0142a Podstawowa im. Jana Paw\u0142a II w K\u0119b\u0142owie\"},\"image\":{\"@id\":\"https:\\\/\\\/spkeblowo.pl\\\/#\\\/schema\\\/logo\\\/image\\\/\"}},{\"@type\":\"Person\",\"@id\":\"https:\\\/\\\/spkeblowo.pl\\\/#\\\/schema\\\/person\\\/91f40d6dcc01a89bccab6d147a30874f\",\"name\":\"admin\",\"image\":{\"@type\":\"ImageObject\",\"inLanguage\":\"pl-PL\",\"@id\":\"https:\\\/\\\/secure.gravatar.com\\\/avatar\\\/a8792c5ea44a0bd480cdae637f0e5e453347ff27968eb8552bf193361ffde3ec?s=96&d=mm&r=g\",\"url\":\"https:\\\/\\\/secure.gravatar.com\\\/avatar\\\/a8792c5ea44a0bd480cdae637f0e5e453347ff27968eb8552bf193361ffde3ec?s=96&d=mm&r=g\",\"contentUrl\":\"https:\\\/\\\/secure.gravatar.com\\\/avatar\\\/a8792c5ea44a0bd480cdae637f0e5e453347ff27968eb8552bf193361ffde3ec?s=96&d=mm&r=g\",\"caption\":\"admin\"},\"url\":\"https:\\\/\\\/spkeblowo.pl\\\/?author=1\"}]}<\/script>\n<!-- \/ Yoast SEO plugin. -->","yoast_head_json":{"title":"\u201eDzie\u0144 \u015awi\u0119tego\u201d w naszej szkole - Szko\u0142a Podstawowa im. Jana Paw\u0142a II w K\u0119b\u0142owie","robots":{"index":"index","follow":"follow","max-snippet":"max-snippet:-1","max-image-preview":"max-image-preview:large","max-video-preview":"max-video-preview:-1"},"canonical":"https:\/\/spkeblowo.pl\/?p=2673","og_locale":"pl_PL","og_type":"article","og_title":"\u201eDzie\u0144 \u015awi\u0119tego\u201d w naszej szkole - Szko\u0142a Podstawowa im. Jana Paw\u0142a II w K\u0119b\u0142owie","og_description":"29 pa\u017adziernika 2021 roku obchodzili\u015bmy w naszej szkole \u201eDzie\u0144 \u015awi\u0119tego\u201d. Uczniowie klas I-III wybrali poszczeg\u00f3lne postacie w\u015br\u00f3d \u015bwi\u0119tych i zaprezentowali &hellip;","og_url":"https:\/\/spkeblowo.pl\/?p=2673","og_site_name":"Szko\u0142a Podstawowa im. Jana Paw\u0142a II w K\u0119b\u0142owie","article_published_time":"2021-11-03T19:18:18+00:00","article_modified_time":"2021-11-03T19:19:08+00:00","og_image":[{"url":"https:\/\/spkeblowo.pl\/wp-content\/uploads\/2021\/11\/Klasa-Ia-1024x768.jpg","type":"","width":"","height":""}],"author":"admin","twitter_card":"summary_large_image","twitter_misc":{"Napisane przez":"admin","Szacowany czas czytania":"1 minuta"},"schema":{"@context":"https:\/\/schema.org","@graph":[{"@type":"Article","@id":"https:\/\/spkeblowo.pl\/?p=2673#article","isPartOf":{"@id":"https:\/\/spkeblowo.pl\/?p=2673"},"author":{"name":"admin","@id":"https:\/\/spkeblowo.pl\/#\/schema\/person\/91f40d6dcc01a89bccab6d147a30874f"},"headline":"\u201eDzie\u0144 \u015awi\u0119tego\u201d w naszej szkole","datePublished":"2021-11-03T19:18:18+00:00","dateModified":"2021-11-03T19:19:08+00:00","mainEntityOfPage":{"@id":"https:\/\/spkeblowo.pl\/?p=2673"},"wordCount":146,"publisher":{"@id":"https:\/\/spkeblowo.pl\/#organization"},"image":{"@id":"https:\/\/spkeblowo.pl\/?p=2673#primaryimage"},"thumbnailUrl":"https:\/\/spkeblowo.pl\/wp-content\/uploads\/2021\/11\/Klasa-Ia-1024x768.jpg","articleSection":["Uncategorized"],"inLanguage":"pl-PL"},{"@type":"WebPage","@id":"https:\/\/spkeblowo.pl\/?p=2673","url":"https:\/\/spkeblowo.pl\/?p=2673","name":"\u201eDzie\u0144 \u015awi\u0119tego\u201d w naszej szkole - Szko\u0142a Podstawowa im. Jana Paw\u0142a II w K\u0119b\u0142owie","isPartOf":{"@id":"https:\/\/spkeblowo.pl\/#website"},"primaryImageOfPage":{"@id":"https:\/\/spkeblowo.pl\/?p=2673#primaryimage"},"image":{"@id":"https:\/\/spkeblowo.pl\/?p=2673#primaryimage"},"thumbnailUrl":"https:\/\/spkeblowo.pl\/wp-content\/uploads\/2021\/11\/Klasa-Ia-1024x768.jpg","datePublished":"2021-11-03T19:18:18+00:00","dateModified":"2021-11-03T19:19:08+00:00","breadcrumb":{"@id":"https:\/\/spkeblowo.pl\/?p=2673#breadcrumb"},"inLanguage":"pl-PL","potentialAction":[{"@type":"ReadAction","target":["https:\/\/spkeblowo.pl\/?p=2673"]}]},{"@type":"ImageObject","inLanguage":"pl-PL","@id":"https:\/\/spkeblowo.pl\/?p=2673#primaryimage","url":"https:\/\/spkeblowo.pl\/wp-content\/uploads\/2021\/11\/Klasa-Ia-1024x768.jpg","contentUrl":"https:\/\/spkeblowo.pl\/wp-content\/uploads\/2021\/11\/Klasa-Ia-1024x768.jpg"},{"@type":"BreadcrumbList","@id":"https:\/\/spkeblowo.pl\/?p=2673#breadcrumb","itemListElement":[{"@type":"ListItem","position":1,"name":"Strona g\u0142\u00f3wna","item":"https:\/\/spkeblowo.pl\/"},{"@type":"ListItem","position":2,"name":"\u201eDzie\u0144 \u015awi\u0119tego\u201d w&nbsp;naszej szkole"}]},{"@type":"WebSite","@id":"https:\/\/spkeblowo.pl\/#website","url":"https:\/\/spkeblowo.pl\/","name":"Szko\u0142a Podstawowa im. Jana Paw\u0142a II w K\u0119b\u0142owie","description":"","publisher":{"@id":"https:\/\/spkeblowo.pl\/#organization"},"potentialAction":[{"@type":"SearchAction","target":{"@type":"EntryPoint","urlTemplate":"https:\/\/spkeblowo.pl\/?s={search_term_string}"},"query-input":{"@type":"PropertyValueSpecification","valueRequired":true,"valueName":"search_term_string"}}],"inLanguage":"pl-PL"},{"@type":"Organization","@id":"https:\/\/spkeblowo.pl\/#organization","name":"Szko\u0142a Podstawowa im. Jana Paw\u0142a II w K\u0119b\u0142owie","url":"https:\/\/spkeblowo.pl\/","logo":{"@type":"ImageObject","inLanguage":"pl-PL","@id":"https:\/\/spkeblowo.pl\/#\/schema\/logo\/image\/","url":"https:\/\/spkeblowo.pl\/wp-content\/uploads\/2020\/03\/2-2.png","contentUrl":"https:\/\/spkeblowo.pl\/wp-content\/uploads\/2020\/03\/2-2.png","width":1400,"height":350,"caption":"Szko\u0142a Podstawowa im. Jana Paw\u0142a II w K\u0119b\u0142owie"},"image":{"@id":"https:\/\/spkeblowo.pl\/#\/schema\/logo\/image\/"}},{"@type":"Person","@id":"https:\/\/spkeblowo.pl\/#\/schema\/person\/91f40d6dcc01a89bccab6d147a30874f","name":"admin","image":{"@type":"ImageObject","inLanguage":"pl-PL","@id":"https:\/\/secure.gravatar.com\/avatar\/a8792c5ea44a0bd480cdae637f0e5e453347ff27968eb8552bf193361ffde3ec?s=96&d=mm&r=g","url":"https:\/\/secure.gravatar.com\/avatar\/a8792c5ea44a0bd480cdae637f0e5e453347ff27968eb8552bf193361ffde3ec?s=96&d=mm&r=g","contentUrl":"https:\/\/secure.gravatar.com\/avatar\/a8792c5ea44a0bd480cdae637f0e5e453347ff27968eb8552bf193361ffde3ec?s=96&d=mm&r=g","caption":"admin"},"url":"https:\/\/spkeblowo.pl\/?author=1"}]}},"_links":{"self":[{"href":"https:\/\/spkeblowo.pl\/index.php?rest_route=\/wp\/v2\/posts\/2673","targetHints":{"allow":["GET"]}}],"collection":[{"href":"https:\/\/spkeblowo.pl\/index.php?rest_route=\/wp\/v2\/posts"}],"about":[{"href":"https:\/\/spkeblowo.pl\/index.php?rest_route=\/wp\/v2\/types\/post"}],"author":[{"embeddable":true,"href":"https:\/\/spkeblowo.pl\/index.php?rest_route=\/wp\/v2\/users\/1"}],"replies":[{"embeddable":true,"href":"https:\/\/spkeblowo.pl\/index.php?rest_route=%2Fwp%2Fv2%2Fcomments&post=2673"}],"version-history":[{"count":1,"href":"https:\/\/spkeblowo.pl\/index.php?rest_route=\/wp\/v2\/posts\/2673\/revisions"}],"predecessor-version":[{"id":2685,"href":"https:\/\/spkeblowo.pl\/index.php?rest_route=\/wp\/v2\/posts\/2673\/revisions\/2685"}],"wp:attachment":[{"href":"https:\/\/spkeblowo.pl\/index.php?rest_route=%2Fwp%2Fv2%2Fmedia&parent=2673"}],"wp:term":[{"taxonomy":"category","embeddable":true,"href":"https:\/\/spkeblowo.pl\/index.php?rest_route=%2Fwp%2Fv2%2Fcategories&post=2673"},{"taxonomy":"post_tag","embeddable":true,"href":"https:\/\/spkeblowo.pl\/index.php?rest_route=%2Fwp%2Fv2%2Ftags&post=2673"}],"curies":[{"name":"wp","href":"https:\/\/api.w.org\/{rel}","templated":true}]}}