{"id":2510,"date":"2021-09-23T22:52:17","date_gmt":"2021-09-23T20:52:17","guid":{"rendered":"http:\/\/spkeblowo.strefa.pl\/wordpress\/?p=2510"},"modified":"2021-10-07T16:40:33","modified_gmt":"2021-10-07T14:40:33","slug":"relacja-z-obchodow-20-rocznicy-nadania-naszej-szkole-imienia-jana-pawla-ii","status":"publish","type":"post","link":"https:\/\/spkeblowo.pl\/?p=2510","title":{"rendered":"Relacja z obchod\u00f3w 20. rocznicy nadania naszej szkole imienia Jana Paw\u0142a II"},"content":{"rendered":"\n<p> Zapraszamy do zapoznania si\u0119 z relacj\u0105 z 20. Rocznicy nadania imienia szkole Jana Paw\u0142a II.<\/p>\n\n\n\n<iframe src=\"https:\/\/drive.google.com\/file\/d\/1ghGbKMSBPvjoUgQjED9VEWT72jJo-zS0\/preview\" allow=\"autoplay\" width=\"640\" height=\"480\"><\/iframe>\n\n\n\n<figure class=\"wp-block-gallery columns-2 is-cropped wp-block-gallery-1 is-layout-flex wp-block-gallery-is-layout-flex\"><ul class=\"blocks-gallery-grid\"><li class=\"blocks-gallery-item\"><figure><img fetchpriority=\"high\" decoding=\"async\" width=\"768\" height=\"1024\" src=\"https:\/\/spkeblowo.pl\/wp-content\/uploads\/2021\/10\/20211005_161332-768x1024.jpg\" alt=\"\" data-id=\"2599\" data-full-url=\"https:\/\/spkeblowo.pl\/wp-content\/uploads\/2021\/10\/20211005_161332-scaled.jpg\" data-link=\"https:\/\/spkeblowo.pl\/relacja-z-obchodow-20-rocznicy-nadania-naszej-szkole-imienia-jana-pawla-ii\/20211005_161332\/\" class=\"wp-image-2599\" srcset=\"https:\/\/spkeblowo.pl\/wp-content\/uploads\/2021\/10\/20211005_161332-768x1024.jpg 768w, https:\/\/spkeblowo.pl\/wp-content\/uploads\/2021\/10\/20211005_161332-225x300.jpg 225w, https:\/\/spkeblowo.pl\/wp-content\/uploads\/2021\/10\/20211005_161332-1152x1536.jpg 1152w, https:\/\/spkeblowo.pl\/wp-content\/uploads\/2021\/10\/20211005_161332-1536x2048.jpg 1536w, https:\/\/spkeblowo.pl\/wp-content\/uploads\/2021\/10\/20211005_161332-scaled.jpg 1920w\" sizes=\"(max-width: 768px) 100vw, 768px\" \/><\/figure><\/li><li class=\"blocks-gallery-item\"><figure><img decoding=\"async\" src=\"https:\/\/spkeblowo.pl\/wp-content\/uploads\/2021\/10\/20211005_161349-1024x768.jpg\" alt=\"\" data-id=\"2600\" data-full-url=\"https:\/\/spkeblowo.pl\/wp-content\/uploads\/2021\/10\/20211005_161349-scaled.jpg\" data-link=\"https:\/\/spkeblowo.pl\/relacja-z-obchodow-20-rocznicy-nadania-naszej-szkole-imienia-jana-pawla-ii\/20211005_161349\/\" class=\"wp-image-2600\"\/><\/figure><\/li><li class=\"blocks-gallery-item\"><figure><img decoding=\"async\" width=\"1024\" height=\"768\" src=\"https:\/\/spkeblowo.pl\/wp-content\/uploads\/2021\/10\/20211005_161359-1024x768.jpg\" alt=\"\" data-id=\"2603\" data-full-url=\"https:\/\/spkeblowo.pl\/wp-content\/uploads\/2021\/10\/20211005_161359-scaled.jpg\" data-link=\"https:\/\/spkeblowo.pl\/relacja-z-obchodow-20-rocznicy-nadania-naszej-szkole-imienia-jana-pawla-ii\/20211005_161359\/\" class=\"wp-image-2603\" srcset=\"https:\/\/spkeblowo.pl\/wp-content\/uploads\/2021\/10\/20211005_161359-1024x768.jpg 1024w, https:\/\/spkeblowo.pl\/wp-content\/uploads\/2021\/10\/20211005_161359-300x225.jpg 300w, https:\/\/spkeblowo.pl\/wp-content\/uploads\/2021\/10\/20211005_161359-768x576.jpg 768w, https:\/\/spkeblowo.pl\/wp-content\/uploads\/2021\/10\/20211005_161359-1536x1152.jpg 1536w, https:\/\/spkeblowo.pl\/wp-content\/uploads\/2021\/10\/20211005_161359-2048x1536.jpg 2048w\" sizes=\"(max-width: 1024px) 100vw, 1024px\" \/><\/figure><\/li><li class=\"blocks-gallery-item\"><figure><img decoding=\"async\" width=\"1024\" height=\"768\" src=\"https:\/\/spkeblowo.pl\/wp-content\/uploads\/2021\/10\/20211005_161404-1024x768.jpg\" alt=\"\" data-id=\"2604\" data-full-url=\"https:\/\/spkeblowo.pl\/wp-content\/uploads\/2021\/10\/20211005_161404-scaled.jpg\" data-link=\"https:\/\/spkeblowo.pl\/relacja-z-obchodow-20-rocznicy-nadania-naszej-szkole-imienia-jana-pawla-ii\/20211005_161404\/\" class=\"wp-image-2604\" srcset=\"https:\/\/spkeblowo.pl\/wp-content\/uploads\/2021\/10\/20211005_161404-1024x768.jpg 1024w, https:\/\/spkeblowo.pl\/wp-content\/uploads\/2021\/10\/20211005_161404-300x225.jpg 300w, https:\/\/spkeblowo.pl\/wp-content\/uploads\/2021\/10\/20211005_161404-768x576.jpg 768w, https:\/\/spkeblowo.pl\/wp-content\/uploads\/2021\/10\/20211005_161404-1536x1152.jpg 1536w, https:\/\/spkeblowo.pl\/wp-content\/uploads\/2021\/10\/20211005_161404-2048x1536.jpg 2048w\" sizes=\"(max-width: 1024px) 100vw, 1024px\" \/><\/figure><\/li><\/ul><\/figure>\n","protected":false},"excerpt":{"rendered":"<p>Zapraszamy do zapoznania si\u0119 z relacj\u0105 z 20. Rocznicy nadania imienia szkole Jana Paw\u0142a II.<\/p>\n","protected":false},"author":1,"featured_media":0,"comment_status":"closed","ping_status":"open","sticky":false,"template":"","format":"standard","meta":{"footnotes":""},"categories":[1],"tags":[],"class_list":["post-2510","post","type-post","status-publish","format-standard","hentry","category-uncategorized"],"yoast_head":"<!-- This site is optimized with the Yoast SEO plugin v27.5 - https:\/\/yoast.com\/product\/yoast-seo-wordpress\/ -->\n<title>Relacja z obchod\u00f3w 20. rocznicy nadania naszej szkole imienia Jana Paw\u0142a II - Szko\u0142a Podstawowa im. Jana Paw\u0142a II w K\u0119b\u0142owie<\/title>\n<meta name=\"robots\" content=\"index, follow, max-snippet:-1, max-image-preview:large, max-video-preview:-1\" \/>\n<link rel=\"canonical\" href=\"https:\/\/spkeblowo.pl\/?p=2510\" \/>\n<meta property=\"og:locale\" content=\"pl_PL\" \/>\n<meta property=\"og:type\" content=\"article\" \/>\n<meta property=\"og:title\" content=\"Relacja z obchod\u00f3w 20. rocznicy nadania naszej szkole imienia Jana Paw\u0142a II - Szko\u0142a Podstawowa im. Jana Paw\u0142a II w K\u0119b\u0142owie\" \/>\n<meta property=\"og:description\" content=\"Zapraszamy do zapoznania si\u0119 z relacj\u0105 z 20. Rocznicy nadania imienia szkole Jana Paw\u0142a II.\" \/>\n<meta property=\"og:url\" content=\"https:\/\/spkeblowo.pl\/?p=2510\" \/>\n<meta property=\"og:site_name\" content=\"Szko\u0142a Podstawowa im. Jana Paw\u0142a II w K\u0119b\u0142owie\" \/>\n<meta property=\"article:published_time\" content=\"2021-09-23T20:52:17+00:00\" \/>\n<meta property=\"article:modified_time\" content=\"2021-10-07T14:40:33+00:00\" \/>\n<meta property=\"og:image\" content=\"https:\/\/spkeblowo.pl\/wp-content\/uploads\/2021\/10\/20211005_161332-768x1024.jpg\" \/>\n<meta name=\"author\" content=\"admin\" \/>\n<meta name=\"twitter:card\" content=\"summary_large_image\" \/>\n<meta name=\"twitter:label1\" content=\"Napisane przez\" \/>\n\t<meta name=\"twitter:data1\" content=\"admin\" \/>\n\t<meta name=\"twitter:label2\" content=\"Szacowany czas czytania\" \/>\n\t<meta name=\"twitter:data2\" content=\"1 minuta\" \/>\n<script type=\"application\/ld+json\" class=\"yoast-schema-graph\">{\"@context\":\"https:\\\/\\\/schema.org\",\"@graph\":[{\"@type\":\"Article\",\"@id\":\"https:\\\/\\\/spkeblowo.pl\\\/?p=2510#article\",\"isPartOf\":{\"@id\":\"https:\\\/\\\/spkeblowo.pl\\\/?p=2510\"},\"author\":{\"name\":\"admin\",\"@id\":\"https:\\\/\\\/spkeblowo.pl\\\/#\\\/schema\\\/person\\\/91f40d6dcc01a89bccab6d147a30874f\"},\"headline\":\"Relacja z obchod\u00f3w 20. rocznicy nadania naszej szkole imienia Jana Paw\u0142a II\",\"datePublished\":\"2021-09-23T20:52:17+00:00\",\"dateModified\":\"2021-10-07T14:40:33+00:00\",\"mainEntityOfPage\":{\"@id\":\"https:\\\/\\\/spkeblowo.pl\\\/?p=2510\"},\"wordCount\":28,\"publisher\":{\"@id\":\"https:\\\/\\\/spkeblowo.pl\\\/#organization\"},\"image\":{\"@id\":\"https:\\\/\\\/spkeblowo.pl\\\/?p=2510#primaryimage\"},\"thumbnailUrl\":\"https:\\\/\\\/spkeblowo.pl\\\/wp-content\\\/uploads\\\/2021\\\/10\\\/20211005_161332-768x1024.jpg\",\"articleSection\":[\"Uncategorized\"],\"inLanguage\":\"pl-PL\"},{\"@type\":\"WebPage\",\"@id\":\"https:\\\/\\\/spkeblowo.pl\\\/?p=2510\",\"url\":\"https:\\\/\\\/spkeblowo.pl\\\/?p=2510\",\"name\":\"Relacja z obchod\u00f3w 20. rocznicy nadania naszej szkole imienia Jana Paw\u0142a II - Szko\u0142a Podstawowa im. Jana Paw\u0142a II w K\u0119b\u0142owie\",\"isPartOf\":{\"@id\":\"https:\\\/\\\/spkeblowo.pl\\\/#website\"},\"primaryImageOfPage\":{\"@id\":\"https:\\\/\\\/spkeblowo.pl\\\/?p=2510#primaryimage\"},\"image\":{\"@id\":\"https:\\\/\\\/spkeblowo.pl\\\/?p=2510#primaryimage\"},\"thumbnailUrl\":\"https:\\\/\\\/spkeblowo.pl\\\/wp-content\\\/uploads\\\/2021\\\/10\\\/20211005_161332-768x1024.jpg\",\"datePublished\":\"2021-09-23T20:52:17+00:00\",\"dateModified\":\"2021-10-07T14:40:33+00:00\",\"breadcrumb\":{\"@id\":\"https:\\\/\\\/spkeblowo.pl\\\/?p=2510#breadcrumb\"},\"inLanguage\":\"pl-PL\",\"potentialAction\":[{\"@type\":\"ReadAction\",\"target\":[\"https:\\\/\\\/spkeblowo.pl\\\/?p=2510\"]}]},{\"@type\":\"ImageObject\",\"inLanguage\":\"pl-PL\",\"@id\":\"https:\\\/\\\/spkeblowo.pl\\\/?p=2510#primaryimage\",\"url\":\"https:\\\/\\\/spkeblowo.pl\\\/wp-content\\\/uploads\\\/2021\\\/10\\\/20211005_161332-scaled.jpg\",\"contentUrl\":\"https:\\\/\\\/spkeblowo.pl\\\/wp-content\\\/uploads\\\/2021\\\/10\\\/20211005_161332-scaled.jpg\",\"width\":1920,\"height\":2560},{\"@type\":\"BreadcrumbList\",\"@id\":\"https:\\\/\\\/spkeblowo.pl\\\/?p=2510#breadcrumb\",\"itemListElement\":[{\"@type\":\"ListItem\",\"position\":1,\"name\":\"Strona g\u0142\u00f3wna\",\"item\":\"https:\\\/\\\/spkeblowo.pl\\\/\"},{\"@type\":\"ListItem\",\"position\":2,\"name\":\"Relacja z&nbsp;obchod\u00f3w 20. rocznicy nadania naszej szkole imienia Jana Paw\u0142a II\"}]},{\"@type\":\"WebSite\",\"@id\":\"https:\\\/\\\/spkeblowo.pl\\\/#website\",\"url\":\"https:\\\/\\\/spkeblowo.pl\\\/\",\"name\":\"Szko\u0142a Podstawowa im. Jana Paw\u0142a II w K\u0119b\u0142owie\",\"description\":\"\",\"publisher\":{\"@id\":\"https:\\\/\\\/spkeblowo.pl\\\/#organization\"},\"potentialAction\":[{\"@type\":\"SearchAction\",\"target\":{\"@type\":\"EntryPoint\",\"urlTemplate\":\"https:\\\/\\\/spkeblowo.pl\\\/?s={search_term_string}\"},\"query-input\":{\"@type\":\"PropertyValueSpecification\",\"valueRequired\":true,\"valueName\":\"search_term_string\"}}],\"inLanguage\":\"pl-PL\"},{\"@type\":\"Organization\",\"@id\":\"https:\\\/\\\/spkeblowo.pl\\\/#organization\",\"name\":\"Szko\u0142a Podstawowa im. Jana Paw\u0142a II w K\u0119b\u0142owie\",\"url\":\"https:\\\/\\\/spkeblowo.pl\\\/\",\"logo\":{\"@type\":\"ImageObject\",\"inLanguage\":\"pl-PL\",\"@id\":\"https:\\\/\\\/spkeblowo.pl\\\/#\\\/schema\\\/logo\\\/image\\\/\",\"url\":\"https:\\\/\\\/spkeblowo.pl\\\/wp-content\\\/uploads\\\/2020\\\/03\\\/2-2.png\",\"contentUrl\":\"https:\\\/\\\/spkeblowo.pl\\\/wp-content\\\/uploads\\\/2020\\\/03\\\/2-2.png\",\"width\":1400,\"height\":350,\"caption\":\"Szko\u0142a Podstawowa im. Jana Paw\u0142a II w K\u0119b\u0142owie\"},\"image\":{\"@id\":\"https:\\\/\\\/spkeblowo.pl\\\/#\\\/schema\\\/logo\\\/image\\\/\"}},{\"@type\":\"Person\",\"@id\":\"https:\\\/\\\/spkeblowo.pl\\\/#\\\/schema\\\/person\\\/91f40d6dcc01a89bccab6d147a30874f\",\"name\":\"admin\",\"image\":{\"@type\":\"ImageObject\",\"inLanguage\":\"pl-PL\",\"@id\":\"https:\\\/\\\/secure.gravatar.com\\\/avatar\\\/a8792c5ea44a0bd480cdae637f0e5e453347ff27968eb8552bf193361ffde3ec?s=96&d=mm&r=g\",\"url\":\"https:\\\/\\\/secure.gravatar.com\\\/avatar\\\/a8792c5ea44a0bd480cdae637f0e5e453347ff27968eb8552bf193361ffde3ec?s=96&d=mm&r=g\",\"contentUrl\":\"https:\\\/\\\/secure.gravatar.com\\\/avatar\\\/a8792c5ea44a0bd480cdae637f0e5e453347ff27968eb8552bf193361ffde3ec?s=96&d=mm&r=g\",\"caption\":\"admin\"},\"url\":\"https:\\\/\\\/spkeblowo.pl\\\/?author=1\"}]}<\/script>\n<!-- \/ Yoast SEO plugin. -->","yoast_head_json":{"title":"Relacja z obchod\u00f3w 20. rocznicy nadania naszej szkole imienia Jana Paw\u0142a II - Szko\u0142a Podstawowa im. Jana Paw\u0142a II w K\u0119b\u0142owie","robots":{"index":"index","follow":"follow","max-snippet":"max-snippet:-1","max-image-preview":"max-image-preview:large","max-video-preview":"max-video-preview:-1"},"canonical":"https:\/\/spkeblowo.pl\/?p=2510","og_locale":"pl_PL","og_type":"article","og_title":"Relacja z obchod\u00f3w 20. rocznicy nadania naszej szkole imienia Jana Paw\u0142a II - Szko\u0142a Podstawowa im. Jana Paw\u0142a II w K\u0119b\u0142owie","og_description":"Zapraszamy do zapoznania si\u0119 z relacj\u0105 z 20. Rocznicy nadania imienia szkole Jana Paw\u0142a II.","og_url":"https:\/\/spkeblowo.pl\/?p=2510","og_site_name":"Szko\u0142a Podstawowa im. Jana Paw\u0142a II w K\u0119b\u0142owie","article_published_time":"2021-09-23T20:52:17+00:00","article_modified_time":"2021-10-07T14:40:33+00:00","og_image":[{"url":"https:\/\/spkeblowo.pl\/wp-content\/uploads\/2021\/10\/20211005_161332-768x1024.jpg","type":"","width":"","height":""}],"author":"admin","twitter_card":"summary_large_image","twitter_misc":{"Napisane przez":"admin","Szacowany czas czytania":"1 minuta"},"schema":{"@context":"https:\/\/schema.org","@graph":[{"@type":"Article","@id":"https:\/\/spkeblowo.pl\/?p=2510#article","isPartOf":{"@id":"https:\/\/spkeblowo.pl\/?p=2510"},"author":{"name":"admin","@id":"https:\/\/spkeblowo.pl\/#\/schema\/person\/91f40d6dcc01a89bccab6d147a30874f"},"headline":"Relacja z obchod\u00f3w 20. rocznicy nadania naszej szkole imienia Jana Paw\u0142a II","datePublished":"2021-09-23T20:52:17+00:00","dateModified":"2021-10-07T14:40:33+00:00","mainEntityOfPage":{"@id":"https:\/\/spkeblowo.pl\/?p=2510"},"wordCount":28,"publisher":{"@id":"https:\/\/spkeblowo.pl\/#organization"},"image":{"@id":"https:\/\/spkeblowo.pl\/?p=2510#primaryimage"},"thumbnailUrl":"https:\/\/spkeblowo.pl\/wp-content\/uploads\/2021\/10\/20211005_161332-768x1024.jpg","articleSection":["Uncategorized"],"inLanguage":"pl-PL"},{"@type":"WebPage","@id":"https:\/\/spkeblowo.pl\/?p=2510","url":"https:\/\/spkeblowo.pl\/?p=2510","name":"Relacja z obchod\u00f3w 20. rocznicy nadania naszej szkole imienia Jana Paw\u0142a II - Szko\u0142a Podstawowa im. Jana Paw\u0142a II w K\u0119b\u0142owie","isPartOf":{"@id":"https:\/\/spkeblowo.pl\/#website"},"primaryImageOfPage":{"@id":"https:\/\/spkeblowo.pl\/?p=2510#primaryimage"},"image":{"@id":"https:\/\/spkeblowo.pl\/?p=2510#primaryimage"},"thumbnailUrl":"https:\/\/spkeblowo.pl\/wp-content\/uploads\/2021\/10\/20211005_161332-768x1024.jpg","datePublished":"2021-09-23T20:52:17+00:00","dateModified":"2021-10-07T14:40:33+00:00","breadcrumb":{"@id":"https:\/\/spkeblowo.pl\/?p=2510#breadcrumb"},"inLanguage":"pl-PL","potentialAction":[{"@type":"ReadAction","target":["https:\/\/spkeblowo.pl\/?p=2510"]}]},{"@type":"ImageObject","inLanguage":"pl-PL","@id":"https:\/\/spkeblowo.pl\/?p=2510#primaryimage","url":"https:\/\/spkeblowo.pl\/wp-content\/uploads\/2021\/10\/20211005_161332-scaled.jpg","contentUrl":"https:\/\/spkeblowo.pl\/wp-content\/uploads\/2021\/10\/20211005_161332-scaled.jpg","width":1920,"height":2560},{"@type":"BreadcrumbList","@id":"https:\/\/spkeblowo.pl\/?p=2510#breadcrumb","itemListElement":[{"@type":"ListItem","position":1,"name":"Strona g\u0142\u00f3wna","item":"https:\/\/spkeblowo.pl\/"},{"@type":"ListItem","position":2,"name":"Relacja z&nbsp;obchod\u00f3w 20. rocznicy nadania naszej szkole imienia Jana Paw\u0142a II"}]},{"@type":"WebSite","@id":"https:\/\/spkeblowo.pl\/#website","url":"https:\/\/spkeblowo.pl\/","name":"Szko\u0142a Podstawowa im. Jana Paw\u0142a II w K\u0119b\u0142owie","description":"","publisher":{"@id":"https:\/\/spkeblowo.pl\/#organization"},"potentialAction":[{"@type":"SearchAction","target":{"@type":"EntryPoint","urlTemplate":"https:\/\/spkeblowo.pl\/?s={search_term_string}"},"query-input":{"@type":"PropertyValueSpecification","valueRequired":true,"valueName":"search_term_string"}}],"inLanguage":"pl-PL"},{"@type":"Organization","@id":"https:\/\/spkeblowo.pl\/#organization","name":"Szko\u0142a Podstawowa im. Jana Paw\u0142a II w K\u0119b\u0142owie","url":"https:\/\/spkeblowo.pl\/","logo":{"@type":"ImageObject","inLanguage":"pl-PL","@id":"https:\/\/spkeblowo.pl\/#\/schema\/logo\/image\/","url":"https:\/\/spkeblowo.pl\/wp-content\/uploads\/2020\/03\/2-2.png","contentUrl":"https:\/\/spkeblowo.pl\/wp-content\/uploads\/2020\/03\/2-2.png","width":1400,"height":350,"caption":"Szko\u0142a Podstawowa im. Jana Paw\u0142a II w K\u0119b\u0142owie"},"image":{"@id":"https:\/\/spkeblowo.pl\/#\/schema\/logo\/image\/"}},{"@type":"Person","@id":"https:\/\/spkeblowo.pl\/#\/schema\/person\/91f40d6dcc01a89bccab6d147a30874f","name":"admin","image":{"@type":"ImageObject","inLanguage":"pl-PL","@id":"https:\/\/secure.gravatar.com\/avatar\/a8792c5ea44a0bd480cdae637f0e5e453347ff27968eb8552bf193361ffde3ec?s=96&d=mm&r=g","url":"https:\/\/secure.gravatar.com\/avatar\/a8792c5ea44a0bd480cdae637f0e5e453347ff27968eb8552bf193361ffde3ec?s=96&d=mm&r=g","contentUrl":"https:\/\/secure.gravatar.com\/avatar\/a8792c5ea44a0bd480cdae637f0e5e453347ff27968eb8552bf193361ffde3ec?s=96&d=mm&r=g","caption":"admin"},"url":"https:\/\/spkeblowo.pl\/?author=1"}]}},"_links":{"self":[{"href":"https:\/\/spkeblowo.pl\/index.php?rest_route=\/wp\/v2\/posts\/2510","targetHints":{"allow":["GET"]}}],"collection":[{"href":"https:\/\/spkeblowo.pl\/index.php?rest_route=\/wp\/v2\/posts"}],"about":[{"href":"https:\/\/spkeblowo.pl\/index.php?rest_route=\/wp\/v2\/types\/post"}],"author":[{"embeddable":true,"href":"https:\/\/spkeblowo.pl\/index.php?rest_route=\/wp\/v2\/users\/1"}],"replies":[{"embeddable":true,"href":"https:\/\/spkeblowo.pl\/index.php?rest_route=%2Fwp%2Fv2%2Fcomments&post=2510"}],"version-history":[{"count":6,"href":"https:\/\/spkeblowo.pl\/index.php?rest_route=\/wp\/v2\/posts\/2510\/revisions"}],"predecessor-version":[{"id":2605,"href":"https:\/\/spkeblowo.pl\/index.php?rest_route=\/wp\/v2\/posts\/2510\/revisions\/2605"}],"wp:attachment":[{"href":"https:\/\/spkeblowo.pl\/index.php?rest_route=%2Fwp%2Fv2%2Fmedia&parent=2510"}],"wp:term":[{"taxonomy":"category","embeddable":true,"href":"https:\/\/spkeblowo.pl\/index.php?rest_route=%2Fwp%2Fv2%2Fcategories&post=2510"},{"taxonomy":"post_tag","embeddable":true,"href":"https:\/\/spkeblowo.pl\/index.php?rest_route=%2Fwp%2Fv2%2Ftags&post=2510"}],"curies":[{"name":"wp","href":"https:\/\/api.w.org\/{rel}","templated":true}]}}