{"id":2399,"date":"2021-08-31T19:24:53","date_gmt":"2021-08-31T17:24:53","guid":{"rendered":"http:\/\/spkeblowo.strefa.pl\/wordpress\/?p=2399"},"modified":"2021-09-03T08:48:40","modified_gmt":"2021-09-03T06:48:40","slug":"procedury-funkcjonowania-szkoly-w-czasie-epidemii-2","status":"publish","type":"post","link":"https:\/\/spkeblowo.pl\/?p=2399","title":{"rendered":"PROCEDURY FUNKCJONOWANIA SZKO\u0141Y W CZASIE PANDEMII"},"content":{"rendered":"\n<p><strong>Szanowni Rodzice, Opiekunowie i\u00a0Uczniowie!<\/strong><\/p>\n\n\n\n<p>W&nbsp;roku szkolnym 2021\/2022 w&nbsp;naszej szkole obowi\u0105zuj\u0105 zasady zachowania bezpiecze\u0144stwa w&nbsp;zwi\u0105zku z&nbsp;zagro\u017ceniem COVID \u2013 19 (a\u017c do&nbsp;odwo\u0142ania).<\/p>\n\n\n\n<div class=\"wp-block-file\"><a href=\"https:\/\/spkeblowo.pl\/wp-content\/uploads\/2021\/09\/1.Regulamin-funkcjonowania-szkoly-w-czasie-epidemii-od-01.09.21r.-1.doc\">Regulamin funkcjonowania szko\u0142y w czasie pandemii <\/a><a href=\"https:\/\/spkeblowo.pl\/wp-content\/uploads\/2021\/09\/1.Regulamin-funkcjonowania-szkoly-w-czasie-epidemii-od-01.09.21r.-1.doc\" class=\"wp-block-file__button\" download>Pobierz<\/a><\/div>\n\n\n\n<div class=\"wp-block-file\"><a href=\"https:\/\/spkeblowo.pl\/wp-content\/uploads\/2021\/08\/2.zal_.-1-2-do-regulaminu-oswiadczenia-dla-rodzicow-\u2014-kopia.pdf\">O\u015bwiadczenie rodzica\/ prawnego opiekuna<\/a><a href=\"https:\/\/spkeblowo.pl\/wp-content\/uploads\/2021\/08\/2.zal_.-1-2-do-regulaminu-oswiadczenia-dla-rodzicow-\u2014-kopia.pdf\" class=\"wp-block-file__button\" download>Pobierz<\/a><\/div>\n\n\n\n<div class=\"wp-block-file\"><a href=\"https:\/\/spkeblowo.pl\/wp-content\/uploads\/2021\/08\/5.Regulamin-swietlicy-szkolnej.docx\">Regulamin \u015bwietlicy szkolnej<\/a><a href=\"https:\/\/spkeblowo.pl\/wp-content\/uploads\/2021\/08\/5.Regulamin-swietlicy-szkolnej.docx\" class=\"wp-block-file__button\" download>Pobierz<\/a><\/div>\n\n\n\n<div class=\"wp-block-file\"><a href=\"https:\/\/spkeblowo.pl\/wp-content\/uploads\/2021\/08\/6.zal_.-4a-funkcjonowanie-swietlicy-szkolnej-w-czasie-epidemii-1-\u2014-kopia.doc\">Funkcjonowanie \u015bwietlicy szkolnej w czasie epidemii<\/a><a href=\"https:\/\/spkeblowo.pl\/wp-content\/uploads\/2021\/08\/6.zal_.-4a-funkcjonowanie-swietlicy-szkolnej-w-czasie-epidemii-1-\u2014-kopia.doc\" class=\"wp-block-file__button\" download>Pobierz<\/a><\/div>\n\n\n\n<div class=\"wp-block-file\"><a href=\"https:\/\/spkeblowo.pl\/wp-content\/uploads\/2021\/08\/Regulamin-funkcjonowania-biblioteki-szkolnej.pdf\">Regulamin funkcjonowania biblioteki szkolnej<\/a><a href=\"https:\/\/spkeblowo.pl\/wp-content\/uploads\/2021\/08\/Regulamin-funkcjonowania-biblioteki-szkolnej.pdf\" class=\"wp-block-file__button\" download>Pobierz<\/a><\/div>\n\n\n\n<div class=\"wp-block-file\"><a href=\"https:\/\/spkeblowo.pl\/wp-content\/uploads\/2021\/08\/9.-Procedura-postepowania-przy-COVID-1.pdf\">Procedura postepowania przy COVID-19<\/a><a href=\"https:\/\/spkeblowo.pl\/wp-content\/uploads\/2021\/08\/9.-Procedura-postepowania-przy-COVID-1.pdf\" class=\"wp-block-file__button\" download>Pobierz<\/a><\/div>\n\n\n\n<div class=\"wp-block-file\"><a href=\"https:\/\/spkeblowo.pl\/wp-content\/uploads\/2021\/08\/10.-Regulamin-pracy-logopedycznej.pdf\">Regulamin pracy logopedycznej<\/a><a href=\"https:\/\/spkeblowo.pl\/wp-content\/uploads\/2021\/08\/10.-Regulamin-pracy-logopedycznej.pdf\" class=\"wp-block-file__button\" download>Pobierz<\/a><\/div>\n\n\n\n<div class=\"wp-block-file\"><a href=\"https:\/\/spkeblowo.pl\/wp-content\/uploads\/2021\/08\/12.-Zasady-dla-ucznia.pdf\">Zasady dla ucznia<\/a><a href=\"https:\/\/spkeblowo.pl\/wp-content\/uploads\/2021\/08\/12.-Zasady-dla-ucznia.pdf\" class=\"wp-block-file__button\" download>Pobierz<\/a><\/div>\n\n\n\n<div class=\"wp-block-file\"><a href=\"https:\/\/spkeblowo.pl\/wp-content\/uploads\/2021\/08\/13.-Wskazowki-dla-rodzica.pdf\">Wskaz\u00f3wki dla rodzica<\/a><a href=\"https:\/\/spkeblowo.pl\/wp-content\/uploads\/2021\/08\/13.-Wskazowki-dla-rodzica.pdf\" class=\"wp-block-file__button\" download>Pobierz<\/a><\/div>\n","protected":false},"excerpt":{"rendered":"<p>Szanowni Rodzice, Opiekunowie i\u00a0Uczniowie! W&nbsp;roku szkolnym 2021\/2022 w&nbsp;naszej szkole obowi\u0105zuj\u0105 zasady zachowania bezpiecze\u0144stwa w&nbsp;zwi\u0105zku z&nbsp;zagro\u017ceniem COVID \u2013 19 (a\u017c do&nbsp;odwo\u0142ania).<\/p>\n","protected":false},"author":1,"featured_media":0,"comment_status":"closed","ping_status":"open","sticky":false,"template":"","format":"standard","meta":{"footnotes":""},"categories":[1],"tags":[],"class_list":["post-2399","post","type-post","status-publish","format-standard","hentry","category-uncategorized"],"yoast_head":"<!-- This site is optimized with the Yoast SEO plugin v27.5 - https:\/\/yoast.com\/product\/yoast-seo-wordpress\/ -->\n<title>PROCEDURY FUNKCJONOWANIA SZKO\u0141Y W CZASIE PANDEMII - Szko\u0142a Podstawowa im. Jana Paw\u0142a II w K\u0119b\u0142owie<\/title>\n<meta name=\"robots\" content=\"index, follow, max-snippet:-1, max-image-preview:large, max-video-preview:-1\" \/>\n<link rel=\"canonical\" href=\"https:\/\/spkeblowo.pl\/?p=2399\" \/>\n<meta property=\"og:locale\" content=\"pl_PL\" \/>\n<meta property=\"og:type\" content=\"article\" \/>\n<meta property=\"og:title\" content=\"PROCEDURY FUNKCJONOWANIA SZKO\u0141Y W CZASIE PANDEMII - Szko\u0142a Podstawowa im. Jana Paw\u0142a II w K\u0119b\u0142owie\" \/>\n<meta property=\"og:description\" content=\"Szanowni Rodzice, Opiekunowie i\u00a0Uczniowie! W&nbsp;roku szkolnym 2021\/2022 w&nbsp;naszej szkole obowi\u0105zuj\u0105 zasady zachowania bezpiecze\u0144stwa w&nbsp;zwi\u0105zku z&nbsp;zagro\u017ceniem COVID \u2013 19 (a\u017c do&nbsp;odwo\u0142ania).\" \/>\n<meta property=\"og:url\" content=\"https:\/\/spkeblowo.pl\/?p=2399\" \/>\n<meta property=\"og:site_name\" content=\"Szko\u0142a Podstawowa im. Jana Paw\u0142a II w K\u0119b\u0142owie\" \/>\n<meta property=\"article:published_time\" content=\"2021-08-31T17:24:53+00:00\" \/>\n<meta property=\"article:modified_time\" content=\"2021-09-03T06:48:40+00:00\" \/>\n<meta name=\"author\" content=\"admin\" \/>\n<meta name=\"twitter:card\" content=\"summary_large_image\" \/>\n<meta name=\"twitter:label1\" content=\"Napisane przez\" \/>\n\t<meta name=\"twitter:data1\" content=\"admin\" \/>\n\t<meta name=\"twitter:label2\" content=\"Szacowany czas czytania\" \/>\n\t<meta name=\"twitter:data2\" content=\"1 minuta\" \/>\n<script type=\"application\/ld+json\" class=\"yoast-schema-graph\">{\"@context\":\"https:\\\/\\\/schema.org\",\"@graph\":[{\"@type\":\"Article\",\"@id\":\"https:\\\/\\\/spkeblowo.pl\\\/?p=2399#article\",\"isPartOf\":{\"@id\":\"https:\\\/\\\/spkeblowo.pl\\\/?p=2399\"},\"author\":{\"name\":\"admin\",\"@id\":\"https:\\\/\\\/spkeblowo.pl\\\/#\\\/schema\\\/person\\\/91f40d6dcc01a89bccab6d147a30874f\"},\"headline\":\"PROCEDURY FUNKCJONOWANIA SZKO\u0141Y W CZASIE PANDEMII\",\"datePublished\":\"2021-08-31T17:24:53+00:00\",\"dateModified\":\"2021-09-03T06:48:40+00:00\",\"mainEntityOfPage\":{\"@id\":\"https:\\\/\\\/spkeblowo.pl\\\/?p=2399\"},\"wordCount\":88,\"publisher\":{\"@id\":\"https:\\\/\\\/spkeblowo.pl\\\/#organization\"},\"articleSection\":[\"Uncategorized\"],\"inLanguage\":\"pl-PL\"},{\"@type\":\"WebPage\",\"@id\":\"https:\\\/\\\/spkeblowo.pl\\\/?p=2399\",\"url\":\"https:\\\/\\\/spkeblowo.pl\\\/?p=2399\",\"name\":\"PROCEDURY FUNKCJONOWANIA SZKO\u0141Y W CZASIE PANDEMII - Szko\u0142a Podstawowa im. Jana Paw\u0142a II w K\u0119b\u0142owie\",\"isPartOf\":{\"@id\":\"https:\\\/\\\/spkeblowo.pl\\\/#website\"},\"datePublished\":\"2021-08-31T17:24:53+00:00\",\"dateModified\":\"2021-09-03T06:48:40+00:00\",\"breadcrumb\":{\"@id\":\"https:\\\/\\\/spkeblowo.pl\\\/?p=2399#breadcrumb\"},\"inLanguage\":\"pl-PL\",\"potentialAction\":[{\"@type\":\"ReadAction\",\"target\":[\"https:\\\/\\\/spkeblowo.pl\\\/?p=2399\"]}]},{\"@type\":\"BreadcrumbList\",\"@id\":\"https:\\\/\\\/spkeblowo.pl\\\/?p=2399#breadcrumb\",\"itemListElement\":[{\"@type\":\"ListItem\",\"position\":1,\"name\":\"Strona g\u0142\u00f3wna\",\"item\":\"https:\\\/\\\/spkeblowo.pl\\\/\"},{\"@type\":\"ListItem\",\"position\":2,\"name\":\"PROCEDURY FUNKCJONOWANIA SZKO\u0141Y W&nbsp;CZASIE PANDEMII\"}]},{\"@type\":\"WebSite\",\"@id\":\"https:\\\/\\\/spkeblowo.pl\\\/#website\",\"url\":\"https:\\\/\\\/spkeblowo.pl\\\/\",\"name\":\"Szko\u0142a Podstawowa im. Jana Paw\u0142a II w K\u0119b\u0142owie\",\"description\":\"\",\"publisher\":{\"@id\":\"https:\\\/\\\/spkeblowo.pl\\\/#organization\"},\"potentialAction\":[{\"@type\":\"SearchAction\",\"target\":{\"@type\":\"EntryPoint\",\"urlTemplate\":\"https:\\\/\\\/spkeblowo.pl\\\/?s={search_term_string}\"},\"query-input\":{\"@type\":\"PropertyValueSpecification\",\"valueRequired\":true,\"valueName\":\"search_term_string\"}}],\"inLanguage\":\"pl-PL\"},{\"@type\":\"Organization\",\"@id\":\"https:\\\/\\\/spkeblowo.pl\\\/#organization\",\"name\":\"Szko\u0142a Podstawowa im. Jana Paw\u0142a II w K\u0119b\u0142owie\",\"url\":\"https:\\\/\\\/spkeblowo.pl\\\/\",\"logo\":{\"@type\":\"ImageObject\",\"inLanguage\":\"pl-PL\",\"@id\":\"https:\\\/\\\/spkeblowo.pl\\\/#\\\/schema\\\/logo\\\/image\\\/\",\"url\":\"https:\\\/\\\/spkeblowo.pl\\\/wp-content\\\/uploads\\\/2020\\\/03\\\/2-2.png\",\"contentUrl\":\"https:\\\/\\\/spkeblowo.pl\\\/wp-content\\\/uploads\\\/2020\\\/03\\\/2-2.png\",\"width\":1400,\"height\":350,\"caption\":\"Szko\u0142a Podstawowa im. Jana Paw\u0142a II w K\u0119b\u0142owie\"},\"image\":{\"@id\":\"https:\\\/\\\/spkeblowo.pl\\\/#\\\/schema\\\/logo\\\/image\\\/\"}},{\"@type\":\"Person\",\"@id\":\"https:\\\/\\\/spkeblowo.pl\\\/#\\\/schema\\\/person\\\/91f40d6dcc01a89bccab6d147a30874f\",\"name\":\"admin\",\"image\":{\"@type\":\"ImageObject\",\"inLanguage\":\"pl-PL\",\"@id\":\"https:\\\/\\\/secure.gravatar.com\\\/avatar\\\/a8792c5ea44a0bd480cdae637f0e5e453347ff27968eb8552bf193361ffde3ec?s=96&d=mm&r=g\",\"url\":\"https:\\\/\\\/secure.gravatar.com\\\/avatar\\\/a8792c5ea44a0bd480cdae637f0e5e453347ff27968eb8552bf193361ffde3ec?s=96&d=mm&r=g\",\"contentUrl\":\"https:\\\/\\\/secure.gravatar.com\\\/avatar\\\/a8792c5ea44a0bd480cdae637f0e5e453347ff27968eb8552bf193361ffde3ec?s=96&d=mm&r=g\",\"caption\":\"admin\"},\"url\":\"https:\\\/\\\/spkeblowo.pl\\\/?author=1\"}]}<\/script>\n<!-- \/ Yoast SEO plugin. -->","yoast_head_json":{"title":"PROCEDURY FUNKCJONOWANIA SZKO\u0141Y W CZASIE PANDEMII - Szko\u0142a Podstawowa im. Jana Paw\u0142a II w K\u0119b\u0142owie","robots":{"index":"index","follow":"follow","max-snippet":"max-snippet:-1","max-image-preview":"max-image-preview:large","max-video-preview":"max-video-preview:-1"},"canonical":"https:\/\/spkeblowo.pl\/?p=2399","og_locale":"pl_PL","og_type":"article","og_title":"PROCEDURY FUNKCJONOWANIA SZKO\u0141Y W CZASIE PANDEMII - Szko\u0142a Podstawowa im. Jana Paw\u0142a II w K\u0119b\u0142owie","og_description":"Szanowni Rodzice, Opiekunowie i\u00a0Uczniowie! W&nbsp;roku szkolnym 2021\/2022 w&nbsp;naszej szkole obowi\u0105zuj\u0105 zasady zachowania bezpiecze\u0144stwa w&nbsp;zwi\u0105zku z&nbsp;zagro\u017ceniem COVID \u2013 19 (a\u017c do&nbsp;odwo\u0142ania).","og_url":"https:\/\/spkeblowo.pl\/?p=2399","og_site_name":"Szko\u0142a Podstawowa im. Jana Paw\u0142a II w K\u0119b\u0142owie","article_published_time":"2021-08-31T17:24:53+00:00","article_modified_time":"2021-09-03T06:48:40+00:00","author":"admin","twitter_card":"summary_large_image","twitter_misc":{"Napisane przez":"admin","Szacowany czas czytania":"1 minuta"},"schema":{"@context":"https:\/\/schema.org","@graph":[{"@type":"Article","@id":"https:\/\/spkeblowo.pl\/?p=2399#article","isPartOf":{"@id":"https:\/\/spkeblowo.pl\/?p=2399"},"author":{"name":"admin","@id":"https:\/\/spkeblowo.pl\/#\/schema\/person\/91f40d6dcc01a89bccab6d147a30874f"},"headline":"PROCEDURY FUNKCJONOWANIA SZKO\u0141Y W CZASIE PANDEMII","datePublished":"2021-08-31T17:24:53+00:00","dateModified":"2021-09-03T06:48:40+00:00","mainEntityOfPage":{"@id":"https:\/\/spkeblowo.pl\/?p=2399"},"wordCount":88,"publisher":{"@id":"https:\/\/spkeblowo.pl\/#organization"},"articleSection":["Uncategorized"],"inLanguage":"pl-PL"},{"@type":"WebPage","@id":"https:\/\/spkeblowo.pl\/?p=2399","url":"https:\/\/spkeblowo.pl\/?p=2399","name":"PROCEDURY FUNKCJONOWANIA SZKO\u0141Y W CZASIE PANDEMII - Szko\u0142a Podstawowa im. Jana Paw\u0142a II w K\u0119b\u0142owie","isPartOf":{"@id":"https:\/\/spkeblowo.pl\/#website"},"datePublished":"2021-08-31T17:24:53+00:00","dateModified":"2021-09-03T06:48:40+00:00","breadcrumb":{"@id":"https:\/\/spkeblowo.pl\/?p=2399#breadcrumb"},"inLanguage":"pl-PL","potentialAction":[{"@type":"ReadAction","target":["https:\/\/spkeblowo.pl\/?p=2399"]}]},{"@type":"BreadcrumbList","@id":"https:\/\/spkeblowo.pl\/?p=2399#breadcrumb","itemListElement":[{"@type":"ListItem","position":1,"name":"Strona g\u0142\u00f3wna","item":"https:\/\/spkeblowo.pl\/"},{"@type":"ListItem","position":2,"name":"PROCEDURY FUNKCJONOWANIA SZKO\u0141Y W&nbsp;CZASIE PANDEMII"}]},{"@type":"WebSite","@id":"https:\/\/spkeblowo.pl\/#website","url":"https:\/\/spkeblowo.pl\/","name":"Szko\u0142a Podstawowa im. Jana Paw\u0142a II w K\u0119b\u0142owie","description":"","publisher":{"@id":"https:\/\/spkeblowo.pl\/#organization"},"potentialAction":[{"@type":"SearchAction","target":{"@type":"EntryPoint","urlTemplate":"https:\/\/spkeblowo.pl\/?s={search_term_string}"},"query-input":{"@type":"PropertyValueSpecification","valueRequired":true,"valueName":"search_term_string"}}],"inLanguage":"pl-PL"},{"@type":"Organization","@id":"https:\/\/spkeblowo.pl\/#organization","name":"Szko\u0142a Podstawowa im. Jana Paw\u0142a II w K\u0119b\u0142owie","url":"https:\/\/spkeblowo.pl\/","logo":{"@type":"ImageObject","inLanguage":"pl-PL","@id":"https:\/\/spkeblowo.pl\/#\/schema\/logo\/image\/","url":"https:\/\/spkeblowo.pl\/wp-content\/uploads\/2020\/03\/2-2.png","contentUrl":"https:\/\/spkeblowo.pl\/wp-content\/uploads\/2020\/03\/2-2.png","width":1400,"height":350,"caption":"Szko\u0142a Podstawowa im. Jana Paw\u0142a II w K\u0119b\u0142owie"},"image":{"@id":"https:\/\/spkeblowo.pl\/#\/schema\/logo\/image\/"}},{"@type":"Person","@id":"https:\/\/spkeblowo.pl\/#\/schema\/person\/91f40d6dcc01a89bccab6d147a30874f","name":"admin","image":{"@type":"ImageObject","inLanguage":"pl-PL","@id":"https:\/\/secure.gravatar.com\/avatar\/a8792c5ea44a0bd480cdae637f0e5e453347ff27968eb8552bf193361ffde3ec?s=96&d=mm&r=g","url":"https:\/\/secure.gravatar.com\/avatar\/a8792c5ea44a0bd480cdae637f0e5e453347ff27968eb8552bf193361ffde3ec?s=96&d=mm&r=g","contentUrl":"https:\/\/secure.gravatar.com\/avatar\/a8792c5ea44a0bd480cdae637f0e5e453347ff27968eb8552bf193361ffde3ec?s=96&d=mm&r=g","caption":"admin"},"url":"https:\/\/spkeblowo.pl\/?author=1"}]}},"_links":{"self":[{"href":"https:\/\/spkeblowo.pl\/index.php?rest_route=\/wp\/v2\/posts\/2399","targetHints":{"allow":["GET"]}}],"collection":[{"href":"https:\/\/spkeblowo.pl\/index.php?rest_route=\/wp\/v2\/posts"}],"about":[{"href":"https:\/\/spkeblowo.pl\/index.php?rest_route=\/wp\/v2\/types\/post"}],"author":[{"embeddable":true,"href":"https:\/\/spkeblowo.pl\/index.php?rest_route=\/wp\/v2\/users\/1"}],"replies":[{"embeddable":true,"href":"https:\/\/spkeblowo.pl\/index.php?rest_route=%2Fwp%2Fv2%2Fcomments&post=2399"}],"version-history":[{"count":3,"href":"https:\/\/spkeblowo.pl\/index.php?rest_route=\/wp\/v2\/posts\/2399\/revisions"}],"predecessor-version":[{"id":2417,"href":"https:\/\/spkeblowo.pl\/index.php?rest_route=\/wp\/v2\/posts\/2399\/revisions\/2417"}],"wp:attachment":[{"href":"https:\/\/spkeblowo.pl\/index.php?rest_route=%2Fwp%2Fv2%2Fmedia&parent=2399"}],"wp:term":[{"taxonomy":"category","embeddable":true,"href":"https:\/\/spkeblowo.pl\/index.php?rest_route=%2Fwp%2Fv2%2Fcategories&post=2399"},{"taxonomy":"post_tag","embeddable":true,"href":"https:\/\/spkeblowo.pl\/index.php?rest_route=%2Fwp%2Fv2%2Ftags&post=2399"}],"curies":[{"name":"wp","href":"https:\/\/api.w.org\/{rel}","templated":true}]}}