{"id":2154,"date":"2021-06-17T11:25:16","date_gmt":"2021-06-17T09:25:16","guid":{"rendered":"http:\/\/spkeblowo.strefa.pl\/wordpress\/?p=2154"},"modified":"2021-06-18T08:26:25","modified_gmt":"2021-06-18T06:26:25","slug":"ogolnopolskie-projekty-organizowane-w-naszej-szkole","status":"publish","type":"post","link":"https:\/\/spkeblowo.pl\/?p=2154","title":{"rendered":"Og\u00f3lnopolskie projekty realizowane w naszej szkole"},"content":{"rendered":"\t\t<div data-elementor-type=\"wp-post\" data-elementor-id=\"2154\" class=\"elementor elementor-2154\">\n\t\t\t\t\t\t<section class=\"elementor-section elementor-top-section elementor-element elementor-element-6b87e3c elementor-section-boxed elementor-section-height-default elementor-section-height-default\" data-id=\"6b87e3c\" data-element_type=\"section\" data-e-type=\"section\">\n\t\t\t\t\t\t<div class=\"elementor-container elementor-column-gap-default\">\n\t\t\t\t\t<div class=\"elementor-column elementor-col-100 elementor-top-column elementor-element elementor-element-32d562a\" data-id=\"32d562a\" data-element_type=\"column\" data-e-type=\"column\">\n\t\t\t<div class=\"elementor-widget-wrap elementor-element-populated\">\n\t\t\t\t\t\t<div class=\"elementor-element elementor-element-a479b5f elementor-widget elementor-widget-text-editor\" data-id=\"a479b5f\" data-element_type=\"widget\" data-e-type=\"widget\" data-widget_type=\"text-editor.default\">\n\t\t\t\t<div class=\"elementor-widget-container\">\n\t\t\t\t\t\t\t\t\t<p>Szko\u0142a Podstawowa im. Jana Paw\u0142a II bierze udzia\u0142 w licznych projektach, kt\u00f3re anga\u017cuj\u0105 zar\u00f3wno uczni\u00f3w jak i nauczycieli do w\u0142asnego rozwoju. S\u0105 to projekty o zasi\u0119gu og\u00f3lnopolskim, kt\u00f3re \u00a0wspieraj\u0105 dzia\u0142ania prozdrowotne, proekologiczne oraz maj\u0105 na celu propagowanie nauczania poprzez TIK.<\/p><p><img decoding=\"async\" class=\" wp-image-2168 alignleft\" src=\"https:\/\/spkeblowo.pl\/wp-content\/uploads\/2021\/06\/R45c84364013110226b087b5c12c3b102-300x220.jpg\" alt=\"\" width=\"187\" height=\"137\" srcset=\"https:\/\/spkeblowo.pl\/wp-content\/uploads\/2021\/06\/R45c84364013110226b087b5c12c3b102-300x220.jpg 300w, https:\/\/spkeblowo.pl\/wp-content\/uploads\/2021\/06\/R45c84364013110226b087b5c12c3b102-1024x750.jpg 1024w, https:\/\/spkeblowo.pl\/wp-content\/uploads\/2021\/06\/R45c84364013110226b087b5c12c3b102-768x563.jpg 768w, https:\/\/spkeblowo.pl\/wp-content\/uploads\/2021\/06\/R45c84364013110226b087b5c12c3b102-1536x1125.jpg 1536w, https:\/\/spkeblowo.pl\/wp-content\/uploads\/2021\/06\/R45c84364013110226b087b5c12c3b102-2048x1500.jpg 2048w\" sizes=\"(max-width: 187px) 100vw, 187px\" \/>W bie\u017c\u0105cym roku szkolnym uczniowie zostali zaanga\u017cowani do innowacyjnego projektu pt. <strong>\u201eDzia\u0142aj z Impetem!\u201d,<\/strong> kt\u00f3rego celem jest zwi\u0119kszenie ilo\u015bci zbieranych i poddawanych recyklingowi butelek PET. Uczniowie klasy 1a oraz dzieci ucz\u0119szczaj\u0105ce do \u015bwietlicy szkolnej zrealizowali szereg dzia\u0142a\u0144 edukacyjnych, kt\u00f3re przybli\u017cy\u0142y dzieciom temat recyklingu butelek Pet. By\u0142a to doskona\u0142a zabawa i du\u017ca dawka wiedzy. Piecz\u0119 nad realizacj\u0105 projektu w szkole sprawowa\u0142y p. Monika Czerwionka, p. Ewa Nowak oraz wychowawcy \u015bwietlicy.<\/p><p><img decoding=\"async\" class=\"size-full wp-image-2143 alignleft\" src=\"https:\/\/spkeblowo.pl\/wp-content\/uploads\/2021\/06\/2.png\" alt=\"\" width=\"150\" height=\"150\" srcset=\"https:\/\/spkeblowo.pl\/wp-content\/uploads\/2021\/06\/2.png 150w, https:\/\/spkeblowo.pl\/wp-content\/uploads\/2021\/06\/2-70x70.png 70w, https:\/\/spkeblowo.pl\/wp-content\/uploads\/2021\/06\/2-125x125.png 125w\" sizes=\"(max-width: 150px) 100vw, 150px\" \/>Kolejnym projektem o zasi\u0119gu og\u00f3lnopolskim, w kt\u00f3rym k\u0119b\u0142owska szko\u0142a wzi\u0119\u0142a udzia\u0142 jest Og\u00f3lnopolski Program <strong>\u201eDobrze Jemy ze Szko\u0142\u0105 na Widelcu\u201d<\/strong> pod patronatem Fundacji Szko\u0142a na Widelcu. Program \u201eDobrze Jemy\u201d jest po\u015bwi\u0119cony tematyce zwi\u0105zanej z edukacj\u0105 \u017cywieniowo-kulinarn\u0105. Jego celem jest szerzenie wiedzy z zakresu \u015bwiadomego i prawid\u0142owego \u017cywienia w szko\u0142ach podstawowych. Podczas licznych lekcji dzieci dowiedzia\u0142y si\u0119, czym jest piramida \u017cywienia, jak konstruowa\u0107 swoje posi\u0142ki, aby by\u0142y zbilansowane, o potrzebie ograniczenia ilo\u015bci spo\u017cywanego cukru, jak\u0105 rol\u0119 dla od\u017cywiania odgrywaj\u0105 nasze zmys\u0142y oraz pozna\u0142y szerok\u0105 gam\u0119 zi\u00f3\u0142 i przypraw, kt\u00f3re mog\u0142y pow\u0105cha\u0107, dotkn\u0105\u0107 i obejrze\u0107. Uczniowie utrwalili tak\u017ce poznane wiadomo\u015bci na temat pochodzenia produkt\u00f3w spo\u017cywczych oraz zasad, jakimi powinni si\u0119 kierowa\u0107 podczas ich wyboru w sklepie. Dla uatrakcyjnienia zaj\u0119\u0107\u00a0 wykorzystano r\u00f3\u017cnorodne pomoce multimedialne i technologie TIK. Koordynatorem projektu w szkole jest p. Sylwia Mejer.<\/p><p><img decoding=\"async\" class=\"size-full wp-image-2144 alignleft\" src=\"https:\/\/spkeblowo.pl\/wp-content\/uploads\/2021\/06\/3.png\" alt=\"\" width=\"150\" height=\"150\" srcset=\"https:\/\/spkeblowo.pl\/wp-content\/uploads\/2021\/06\/3.png 150w, https:\/\/spkeblowo.pl\/wp-content\/uploads\/2021\/06\/3-70x70.png 70w, https:\/\/spkeblowo.pl\/wp-content\/uploads\/2021\/06\/3-125x125.png 125w\" sizes=\"(max-width: 150px) 100vw, 150px\" \/>Projekt <strong>\u201eLekcja:Enter\u201d <\/strong>zaanga\u017cowa\u0142 nauczycieli szko\u0142y do podniesienia swoich kompetencji cyfrowych. Kadra pedagogiczna szko\u0142y uczestniczy w bezp\u0142atnych szkoleniach, podczas kt\u00f3rych nauczyciele dowiedz\u0105 si\u0119, jak zmieni\u0107 spos\u00f3b prowadzenia swoich lekcji, aby bardziej anga\u017cowa\u0142y dzieci, rozwija\u0142y w nich umiej\u0119tno\u015b\u0107 tw\u00f3rczego i krytycznego my\u015blenia oraz uczy\u0142y si\u0119 pracy w zespole. Dzia\u0142ania te maj\u0105 by\u0107 oparte o nowoczesne rozwi\u0105zania anga\u017cuj\u0105ce technologi\u0119 TIK. Realizacja projektu przewidziana jest na lata 2019-2023. W szkoleniu bior\u0105 udzia\u0142 nie tylko nauczyciele informatyki ale tak\u017ce nauczyciele j\u0119zyka polskiego, matematyki, biologii oraz wychowawcy \u015bwietlicy.<\/p><p>Jak co roku szko\u0142a organizuje tak\u017ce wewn\u0105trzszkolny projekt pt. <strong>\u201eJan Pawe\u0142 II \u2013 nasz patron\u201d<\/strong>, w kt\u00f3rym do rywalizacji zaproszone s\u0105 wszystkie klasy I-VI. Podstawowym za\u0142o\u017ceniem projektu jest przybli\u017cenie uczniom sylwetki Jana Paw\u0142a II. Uczniowie nad swoimi zadaniami pracowali od wrze\u015bnia do kwietnia pod kierownictwem p. Agnieszki Kowalke oraz p. Katarzyny Westphal. Wszystkie dzia\u0142ania mia\u0142y za zadanie rozbudza\u0107 kreatywno\u015b\u0107 oraz doskonali\u0107 wsp\u00f3\u0142prac\u0119 w grupie. W przysz\u0142ym roku szkolnym serdecznie zapraszamy wszystkich do kolejnej edycji projektu.<\/p><p>Szko\u0142a Podstawowa im. Jana Paw\u0142a II w K\u0119b\u0142owie stawia na rozw\u00f3j i nowoczesn\u0105 edukacj\u0119.<\/p>\t\t\t\t\t\t\t\t<\/div>\n\t\t\t\t<\/div>\n\t\t\t\t\t<\/div>\n\t\t<\/div>\n\t\t\t\t\t<\/div>\n\t\t<\/section>\n\t\t\t\t<section class=\"elementor-section elementor-top-section elementor-element elementor-element-75766dc elementor-section-boxed elementor-section-height-default elementor-section-height-default\" data-id=\"75766dc\" data-element_type=\"section\" data-e-type=\"section\">\n\t\t\t\t\t\t<div class=\"elementor-container elementor-column-gap-default\">\n\t\t\t\t\t<div class=\"elementor-column elementor-col-100 elementor-top-column elementor-element elementor-element-ce64053\" data-id=\"ce64053\" data-element_type=\"column\" data-e-type=\"column\">\n\t\t\t<div class=\"elementor-widget-wrap elementor-element-populated\">\n\t\t\t\t\t\t<div class=\"elementor-element elementor-element-326e9b1 elementor-widget elementor-widget-image-gallery\" data-id=\"326e9b1\" data-element_type=\"widget\" data-e-type=\"widget\" data-widget_type=\"image-gallery.default\">\n\t\t\t\t<div class=\"elementor-widget-container\">\n\t\t\t\t\t\t\t<div class=\"elementor-image-gallery\">\n\t\t\t<div id='gallery-1' class='gallery galleryid-2154 gallery-columns-4 gallery-size-thumbnail'><figure class='gallery-item'>\n\t\t\t<div class='gallery-icon portrait'>\n\t\t\t\t<a data-elementor-open-lightbox=\"yes\" data-elementor-lightbox-slideshow=\"326e9b1\" data-elementor-lightbox-title=\"YEJA9110\" data-e-action-hash=\"#elementor-action%3Aaction%3Dlightbox%26settings%3DeyJpZCI6MjE2NSwidXJsIjoiaHR0cHM6XC9cL3Nwa2VibG93by5wbFwvd3AtY29udGVudFwvdXBsb2Fkc1wvMjAyMVwvMDZcL1lFSkE5MTEwLmpwZyIsInNsaWRlc2hvdyI6IjMyNmU5YjEifQ%3D%3D\" href='https:\/\/spkeblowo.pl\/wp-content\/uploads\/2021\/06\/YEJA9110.jpg'><img loading=\"lazy\" decoding=\"async\" width=\"150\" height=\"150\" src=\"https:\/\/spkeblowo.pl\/wp-content\/uploads\/2021\/06\/YEJA9110-150x150.jpg\" class=\"attachment-thumbnail size-thumbnail\" alt=\"\" srcset=\"https:\/\/spkeblowo.pl\/wp-content\/uploads\/2021\/06\/YEJA9110-150x150.jpg 150w, https:\/\/spkeblowo.pl\/wp-content\/uploads\/2021\/06\/YEJA9110-70x70.jpg 70w, https:\/\/spkeblowo.pl\/wp-content\/uploads\/2021\/06\/YEJA9110-246x246.jpg 246w, https:\/\/spkeblowo.pl\/wp-content\/uploads\/2021\/06\/YEJA9110-276x276.jpg 276w, https:\/\/spkeblowo.pl\/wp-content\/uploads\/2021\/06\/YEJA9110-125x125.jpg 125w\" sizes=\"(max-width: 150px) 100vw, 150px\" \/><\/a>\n\t\t\t<\/div><\/figure><figure class='gallery-item'>\n\t\t\t<div class='gallery-icon portrait'>\n\t\t\t\t<a data-elementor-open-lightbox=\"yes\" data-elementor-lightbox-slideshow=\"326e9b1\" data-elementor-lightbox-title=\"projekty dzia\u0142aj z impetem\" data-e-action-hash=\"#elementor-action%3Aaction%3Dlightbox%26settings%3DeyJpZCI6MjE2NCwidXJsIjoiaHR0cHM6XC9cL3Nwa2VibG93by5wbFwvd3AtY29udGVudFwvdXBsb2Fkc1wvMjAyMVwvMDZcL3Byb2pla3R5LWR6aWFsYWotei1pbXBldGVtLmpwZyIsInNsaWRlc2hvdyI6IjMyNmU5YjEifQ%3D%3D\" href='https:\/\/spkeblowo.pl\/wp-content\/uploads\/2021\/06\/projekty-dzialaj-z-impetem.jpg'><img loading=\"lazy\" decoding=\"async\" width=\"150\" height=\"150\" src=\"https:\/\/spkeblowo.pl\/wp-content\/uploads\/2021\/06\/projekty-dzialaj-z-impetem-150x150.jpg\" class=\"attachment-thumbnail size-thumbnail\" alt=\"\" srcset=\"https:\/\/spkeblowo.pl\/wp-content\/uploads\/2021\/06\/projekty-dzialaj-z-impetem-150x150.jpg 150w, https:\/\/spkeblowo.pl\/wp-content\/uploads\/2021\/06\/projekty-dzialaj-z-impetem-70x70.jpg 70w, https:\/\/spkeblowo.pl\/wp-content\/uploads\/2021\/06\/projekty-dzialaj-z-impetem-246x246.jpg 246w, https:\/\/spkeblowo.pl\/wp-content\/uploads\/2021\/06\/projekty-dzialaj-z-impetem-276x276.jpg 276w, https:\/\/spkeblowo.pl\/wp-content\/uploads\/2021\/06\/projekty-dzialaj-z-impetem-125x125.jpg 125w\" sizes=\"(max-width: 150px) 100vw, 150px\" \/><\/a>\n\t\t\t<\/div><\/figure><figure class='gallery-item'>\n\t\t\t<div class='gallery-icon landscape'>\n\t\t\t\t<a data-elementor-open-lightbox=\"yes\" data-elementor-lightbox-slideshow=\"326e9b1\" data-elementor-lightbox-title=\"projekty dzia\u0142aj z impetem 3\" data-e-action-hash=\"#elementor-action%3Aaction%3Dlightbox%26settings%3DeyJpZCI6MjE2MywidXJsIjoiaHR0cHM6XC9cL3Nwa2VibG93by5wbFwvd3AtY29udGVudFwvdXBsb2Fkc1wvMjAyMVwvMDZcL3Byb2pla3R5LWR6aWFsYWotei1pbXBldGVtLTMuanBnIiwic2xpZGVzaG93IjoiMzI2ZTliMSJ9\" href='https:\/\/spkeblowo.pl\/wp-content\/uploads\/2021\/06\/projekty-dzialaj-z-impetem-3.jpg'><img loading=\"lazy\" decoding=\"async\" width=\"150\" height=\"150\" src=\"https:\/\/spkeblowo.pl\/wp-content\/uploads\/2021\/06\/projekty-dzialaj-z-impetem-3-150x150.jpg\" class=\"attachment-thumbnail size-thumbnail\" alt=\"\" srcset=\"https:\/\/spkeblowo.pl\/wp-content\/uploads\/2021\/06\/projekty-dzialaj-z-impetem-3-150x150.jpg 150w, https:\/\/spkeblowo.pl\/wp-content\/uploads\/2021\/06\/projekty-dzialaj-z-impetem-3-70x70.jpg 70w, https:\/\/spkeblowo.pl\/wp-content\/uploads\/2021\/06\/projekty-dzialaj-z-impetem-3-246x246.jpg 246w, https:\/\/spkeblowo.pl\/wp-content\/uploads\/2021\/06\/projekty-dzialaj-z-impetem-3-276x276.jpg 276w, https:\/\/spkeblowo.pl\/wp-content\/uploads\/2021\/06\/projekty-dzialaj-z-impetem-3-125x125.jpg 125w\" sizes=\"(max-width: 150px) 100vw, 150px\" \/><\/a>\n\t\t\t<\/div><\/figure><figure class='gallery-item'>\n\t\t\t<div class='gallery-icon portrait'>\n\t\t\t\t<a data-elementor-open-lightbox=\"yes\" data-elementor-lightbox-slideshow=\"326e9b1\" data-elementor-lightbox-title=\"projekty dzia\u0142aj z impetem 2\" data-e-action-hash=\"#elementor-action%3Aaction%3Dlightbox%26settings%3DeyJpZCI6MjE2MiwidXJsIjoiaHR0cHM6XC9cL3Nwa2VibG93by5wbFwvd3AtY29udGVudFwvdXBsb2Fkc1wvMjAyMVwvMDZcL3Byb2pla3R5LWR6aWFsYWotei1pbXBldGVtLTIuanBnIiwic2xpZGVzaG93IjoiMzI2ZTliMSJ9\" href='https:\/\/spkeblowo.pl\/wp-content\/uploads\/2021\/06\/projekty-dzialaj-z-impetem-2.jpg'><img loading=\"lazy\" decoding=\"async\" width=\"150\" height=\"150\" src=\"https:\/\/spkeblowo.pl\/wp-content\/uploads\/2021\/06\/projekty-dzialaj-z-impetem-2-150x150.jpg\" class=\"attachment-thumbnail size-thumbnail\" alt=\"\" srcset=\"https:\/\/spkeblowo.pl\/wp-content\/uploads\/2021\/06\/projekty-dzialaj-z-impetem-2-150x150.jpg 150w, https:\/\/spkeblowo.pl\/wp-content\/uploads\/2021\/06\/projekty-dzialaj-z-impetem-2-70x70.jpg 70w, https:\/\/spkeblowo.pl\/wp-content\/uploads\/2021\/06\/projekty-dzialaj-z-impetem-2-246x246.jpg 246w, https:\/\/spkeblowo.pl\/wp-content\/uploads\/2021\/06\/projekty-dzialaj-z-impetem-2-276x276.jpg 276w, https:\/\/spkeblowo.pl\/wp-content\/uploads\/2021\/06\/projekty-dzialaj-z-impetem-2-125x125.jpg 125w\" sizes=\"(max-width: 150px) 100vw, 150px\" \/><\/a>\n\t\t\t<\/div><\/figure><figure class='gallery-item'>\n\t\t\t<div class='gallery-icon portrait'>\n\t\t\t\t<a data-elementor-open-lightbox=\"yes\" data-elementor-lightbox-slideshow=\"326e9b1\" data-elementor-lightbox-title=\"BIFG3113\" data-e-action-hash=\"#elementor-action%3Aaction%3Dlightbox%26settings%3DeyJpZCI6MjE1NywidXJsIjoiaHR0cHM6XC9cL3Nwa2VibG93by5wbFwvd3AtY29udGVudFwvdXBsb2Fkc1wvMjAyMVwvMDZcL0JJRkczMTEzLmpwZyIsInNsaWRlc2hvdyI6IjMyNmU5YjEifQ%3D%3D\" href='https:\/\/spkeblowo.pl\/wp-content\/uploads\/2021\/06\/BIFG3113.jpg'><img loading=\"lazy\" decoding=\"async\" width=\"150\" height=\"150\" src=\"https:\/\/spkeblowo.pl\/wp-content\/uploads\/2021\/06\/BIFG3113-150x150.jpg\" class=\"attachment-thumbnail size-thumbnail\" alt=\"\" srcset=\"https:\/\/spkeblowo.pl\/wp-content\/uploads\/2021\/06\/BIFG3113-150x150.jpg 150w, https:\/\/spkeblowo.pl\/wp-content\/uploads\/2021\/06\/BIFG3113-70x70.jpg 70w, https:\/\/spkeblowo.pl\/wp-content\/uploads\/2021\/06\/BIFG3113-246x246.jpg 246w, https:\/\/spkeblowo.pl\/wp-content\/uploads\/2021\/06\/BIFG3113-276x276.jpg 276w, https:\/\/spkeblowo.pl\/wp-content\/uploads\/2021\/06\/BIFG3113-125x125.jpg 125w\" sizes=\"(max-width: 150px) 100vw, 150px\" \/><\/a>\n\t\t\t<\/div><\/figure><figure class='gallery-item'>\n\t\t\t<div class='gallery-icon landscape'>\n\t\t\t\t<a data-elementor-open-lightbox=\"yes\" data-elementor-lightbox-slideshow=\"326e9b1\" data-elementor-lightbox-title=\"FAGE3044\" data-e-action-hash=\"#elementor-action%3Aaction%3Dlightbox%26settings%3DeyJpZCI6MjE1OCwidXJsIjoiaHR0cHM6XC9cL3Nwa2VibG93by5wbFwvd3AtY29udGVudFwvdXBsb2Fkc1wvMjAyMVwvMDZcL0ZBR0UzMDQ0LmpwZyIsInNsaWRlc2hvdyI6IjMyNmU5YjEifQ%3D%3D\" href='https:\/\/spkeblowo.pl\/wp-content\/uploads\/2021\/06\/FAGE3044.jpg'><img loading=\"lazy\" decoding=\"async\" width=\"150\" height=\"150\" src=\"https:\/\/spkeblowo.pl\/wp-content\/uploads\/2021\/06\/FAGE3044-150x150.jpg\" class=\"attachment-thumbnail size-thumbnail\" alt=\"\" srcset=\"https:\/\/spkeblowo.pl\/wp-content\/uploads\/2021\/06\/FAGE3044-150x150.jpg 150w, https:\/\/spkeblowo.pl\/wp-content\/uploads\/2021\/06\/FAGE3044-70x70.jpg 70w, https:\/\/spkeblowo.pl\/wp-content\/uploads\/2021\/06\/FAGE3044-246x246.jpg 246w, https:\/\/spkeblowo.pl\/wp-content\/uploads\/2021\/06\/FAGE3044-276x276.jpg 276w, https:\/\/spkeblowo.pl\/wp-content\/uploads\/2021\/06\/FAGE3044-125x125.jpg 125w\" sizes=\"(max-width: 150px) 100vw, 150px\" \/><\/a>\n\t\t\t<\/div><\/figure><figure class='gallery-item'>\n\t\t\t<div class='gallery-icon portrait'>\n\t\t\t\t<a data-elementor-open-lightbox=\"yes\" data-elementor-lightbox-slideshow=\"326e9b1\" data-elementor-lightbox-title=\"projekt dobrze jemy (2)\" data-e-action-hash=\"#elementor-action%3Aaction%3Dlightbox%26settings%3DeyJpZCI6MjE1OSwidXJsIjoiaHR0cHM6XC9cL3Nwa2VibG93by5wbFwvd3AtY29udGVudFwvdXBsb2Fkc1wvMjAyMVwvMDZcL3Byb2pla3QtZG9icnplLWplbXktMi1zY2FsZWQuanBlZyIsInNsaWRlc2hvdyI6IjMyNmU5YjEifQ%3D%3D\" href='https:\/\/spkeblowo.pl\/wp-content\/uploads\/2021\/06\/projekt-dobrze-jemy-2-scaled.jpeg'><img loading=\"lazy\" decoding=\"async\" width=\"150\" height=\"150\" src=\"https:\/\/spkeblowo.pl\/wp-content\/uploads\/2021\/06\/projekt-dobrze-jemy-2-150x150.jpeg\" class=\"attachment-thumbnail size-thumbnail\" alt=\"\" srcset=\"https:\/\/spkeblowo.pl\/wp-content\/uploads\/2021\/06\/projekt-dobrze-jemy-2-150x150.jpeg 150w, https:\/\/spkeblowo.pl\/wp-content\/uploads\/2021\/06\/projekt-dobrze-jemy-2-70x70.jpeg 70w, https:\/\/spkeblowo.pl\/wp-content\/uploads\/2021\/06\/projekt-dobrze-jemy-2-246x246.jpeg 246w, https:\/\/spkeblowo.pl\/wp-content\/uploads\/2021\/06\/projekt-dobrze-jemy-2-276x276.jpeg 276w, https:\/\/spkeblowo.pl\/wp-content\/uploads\/2021\/06\/projekt-dobrze-jemy-2-125x125.jpeg 125w\" sizes=\"(max-width: 150px) 100vw, 150px\" \/><\/a>\n\t\t\t<\/div><\/figure><figure class='gallery-item'>\n\t\t\t<div class='gallery-icon landscape'>\n\t\t\t\t<a data-elementor-open-lightbox=\"yes\" data-elementor-lightbox-slideshow=\"326e9b1\" data-elementor-lightbox-title=\"projekt dobrze jemy3\" data-e-action-hash=\"#elementor-action%3Aaction%3Dlightbox%26settings%3DeyJpZCI6MjE2MCwidXJsIjoiaHR0cHM6XC9cL3Nwa2VibG93by5wbFwvd3AtY29udGVudFwvdXBsb2Fkc1wvMjAyMVwvMDZcL3Byb2pla3QtZG9icnplLWplbXkzLXNjYWxlZC5qcGVnIiwic2xpZGVzaG93IjoiMzI2ZTliMSJ9\" href='https:\/\/spkeblowo.pl\/wp-content\/uploads\/2021\/06\/projekt-dobrze-jemy3-scaled.jpeg'><img loading=\"lazy\" decoding=\"async\" width=\"150\" height=\"150\" src=\"https:\/\/spkeblowo.pl\/wp-content\/uploads\/2021\/06\/projekt-dobrze-jemy3-150x150.jpeg\" class=\"attachment-thumbnail size-thumbnail\" alt=\"\" srcset=\"https:\/\/spkeblowo.pl\/wp-content\/uploads\/2021\/06\/projekt-dobrze-jemy3-150x150.jpeg 150w, https:\/\/spkeblowo.pl\/wp-content\/uploads\/2021\/06\/projekt-dobrze-jemy3-70x70.jpeg 70w, https:\/\/spkeblowo.pl\/wp-content\/uploads\/2021\/06\/projekt-dobrze-jemy3-246x246.jpeg 246w, https:\/\/spkeblowo.pl\/wp-content\/uploads\/2021\/06\/projekt-dobrze-jemy3-276x276.jpeg 276w, https:\/\/spkeblowo.pl\/wp-content\/uploads\/2021\/06\/projekt-dobrze-jemy3-125x125.jpeg 125w\" sizes=\"(max-width: 150px) 100vw, 150px\" \/><\/a>\n\t\t\t<\/div><\/figure><figure class='gallery-item'>\n\t\t\t<div class='gallery-icon landscape'>\n\t\t\t\t<a data-elementor-open-lightbox=\"yes\" data-elementor-lightbox-slideshow=\"326e9b1\" data-elementor-lightbox-title=\"projekt dzia\u0142aj z imptem\" data-e-action-hash=\"#elementor-action%3Aaction%3Dlightbox%26settings%3DeyJpZCI6MjE2MSwidXJsIjoiaHR0cHM6XC9cL3Nwa2VibG93by5wbFwvd3AtY29udGVudFwvdXBsb2Fkc1wvMjAyMVwvMDZcL3Byb2pla3QtZHppYWxhai16LWltcHRlbS1zY2FsZWQuanBlZyIsInNsaWRlc2hvdyI6IjMyNmU5YjEifQ%3D%3D\" href='https:\/\/spkeblowo.pl\/wp-content\/uploads\/2021\/06\/projekt-dzialaj-z-imptem-scaled.jpeg'><img loading=\"lazy\" decoding=\"async\" width=\"150\" height=\"150\" src=\"https:\/\/spkeblowo.pl\/wp-content\/uploads\/2021\/06\/projekt-dzialaj-z-imptem-150x150.jpeg\" class=\"attachment-thumbnail size-thumbnail\" alt=\"\" srcset=\"https:\/\/spkeblowo.pl\/wp-content\/uploads\/2021\/06\/projekt-dzialaj-z-imptem-150x150.jpeg 150w, https:\/\/spkeblowo.pl\/wp-content\/uploads\/2021\/06\/projekt-dzialaj-z-imptem-70x70.jpeg 70w, https:\/\/spkeblowo.pl\/wp-content\/uploads\/2021\/06\/projekt-dzialaj-z-imptem-246x246.jpeg 246w, https:\/\/spkeblowo.pl\/wp-content\/uploads\/2021\/06\/projekt-dzialaj-z-imptem-276x276.jpeg 276w, https:\/\/spkeblowo.pl\/wp-content\/uploads\/2021\/06\/projekt-dzialaj-z-imptem-125x125.jpeg 125w\" sizes=\"(max-width: 150px) 100vw, 150px\" \/><\/a>\n\t\t\t<\/div><\/figure><figure class='gallery-item'>\n\t\t\t<div class='gallery-icon landscape'>\n\t\t\t\t<a data-elementor-open-lightbox=\"yes\" data-elementor-lightbox-slideshow=\"326e9b1\" data-elementor-lightbox-title=\"projekt dobrze jemy\" data-e-action-hash=\"#elementor-action%3Aaction%3Dlightbox%26settings%3DeyJpZCI6MjE1NiwidXJsIjoiaHR0cHM6XC9cL3Nwa2VibG93by5wbFwvd3AtY29udGVudFwvdXBsb2Fkc1wvMjAyMVwvMDZcL3Byb2pla3QtZG9icnplLWplbXktc2NhbGVkLWUxNjIzOTIxMjcxMTg5LmpwZyIsInNsaWRlc2hvdyI6IjMyNmU5YjEifQ%3D%3D\" href='https:\/\/spkeblowo.pl\/wp-content\/uploads\/2021\/06\/projekt-dobrze-jemy-scaled-e1623921271189.jpg'><img loading=\"lazy\" decoding=\"async\" width=\"150\" height=\"150\" src=\"https:\/\/spkeblowo.pl\/wp-content\/uploads\/2021\/06\/projekt-dobrze-jemy-150x150.jpg\" class=\"attachment-thumbnail size-thumbnail\" alt=\"\" srcset=\"https:\/\/spkeblowo.pl\/wp-content\/uploads\/2021\/06\/projekt-dobrze-jemy-150x150.jpg 150w, https:\/\/spkeblowo.pl\/wp-content\/uploads\/2021\/06\/projekt-dobrze-jemy-70x70.jpg 70w, https:\/\/spkeblowo.pl\/wp-content\/uploads\/2021\/06\/projekt-dobrze-jemy-246x246.jpg 246w, https:\/\/spkeblowo.pl\/wp-content\/uploads\/2021\/06\/projekt-dobrze-jemy-276x276.jpg 276w, https:\/\/spkeblowo.pl\/wp-content\/uploads\/2021\/06\/projekt-dobrze-jemy-125x125.jpg 125w\" sizes=\"(max-width: 150px) 100vw, 150px\" \/><\/a>\n\t\t\t<\/div><\/figure>\n\t\t<\/div>\n\t\t<\/div>\n\t\t\t\t\t\t<\/div>\n\t\t\t\t<\/div>\n\t\t\t\t\t<\/div>\n\t\t<\/div>\n\t\t\t\t\t<\/div>\n\t\t<\/section>\n\t\t\t\t<\/div>\n\t\t","protected":false},"excerpt":{"rendered":"<p>Szko\u0142a Podstawowa im. Jana Paw\u0142a II bierze udzia\u0142 w licznych projektach, kt\u00f3re anga\u017cuj\u0105 zar\u00f3wno uczni\u00f3w jak i nauczycieli do w\u0142asnego &hellip; <\/p>\n","protected":false},"author":1,"featured_media":2156,"comment_status":"closed","ping_status":"open","sticky":false,"template":"","format":"standard","meta":{"footnotes":""},"categories":[1],"tags":[],"class_list":["post-2154","post","type-post","status-publish","format-standard","has-post-thumbnail","hentry","category-uncategorized"],"yoast_head":"<!-- This site is optimized with the Yoast SEO plugin v27.5 - https:\/\/yoast.com\/product\/yoast-seo-wordpress\/ -->\n<title>Og\u00f3lnopolskie projekty realizowane w naszej szkole - Szko\u0142a Podstawowa im. Jana Paw\u0142a II w K\u0119b\u0142owie<\/title>\n<meta name=\"robots\" content=\"index, follow, max-snippet:-1, max-image-preview:large, max-video-preview:-1\" \/>\n<link rel=\"canonical\" href=\"https:\/\/spkeblowo.pl\/?p=2154\" \/>\n<meta property=\"og:locale\" content=\"pl_PL\" \/>\n<meta property=\"og:type\" content=\"article\" \/>\n<meta property=\"og:title\" content=\"Og\u00f3lnopolskie projekty realizowane w naszej szkole - Szko\u0142a Podstawowa im. Jana Paw\u0142a II w K\u0119b\u0142owie\" \/>\n<meta property=\"og:description\" content=\"Szko\u0142a Podstawowa im. Jana Paw\u0142a II bierze udzia\u0142 w licznych projektach, kt\u00f3re anga\u017cuj\u0105 zar\u00f3wno uczni\u00f3w jak i nauczycieli do w\u0142asnego &hellip;\" \/>\n<meta property=\"og:url\" content=\"https:\/\/spkeblowo.pl\/?p=2154\" \/>\n<meta property=\"og:site_name\" content=\"Szko\u0142a Podstawowa im. Jana Paw\u0142a II w K\u0119b\u0142owie\" \/>\n<meta property=\"article:published_time\" content=\"2021-06-17T09:25:16+00:00\" \/>\n<meta property=\"article:modified_time\" content=\"2021-06-18T06:26:25+00:00\" \/>\n<meta property=\"og:image\" content=\"https:\/\/spkeblowo.pl\/wp-content\/uploads\/2021\/06\/projekt-dobrze-jemy-scaled-e1623921271189.jpg\" \/>\n\t<meta property=\"og:image:width\" content=\"800\" \/>\n\t<meta property=\"og:image:height\" content=\"600\" \/>\n\t<meta property=\"og:image:type\" content=\"image\/jpeg\" \/>\n<meta name=\"author\" content=\"admin\" \/>\n<meta name=\"twitter:card\" content=\"summary_large_image\" \/>\n<meta name=\"twitter:label1\" content=\"Napisane przez\" \/>\n\t<meta name=\"twitter:data1\" content=\"admin\" \/>\n\t<meta name=\"twitter:label2\" content=\"Szacowany czas czytania\" \/>\n\t<meta name=\"twitter:data2\" content=\"5 minut\" \/>\n<script type=\"application\/ld+json\" class=\"yoast-schema-graph\">{\"@context\":\"https:\\\/\\\/schema.org\",\"@graph\":[{\"@type\":\"Article\",\"@id\":\"https:\\\/\\\/spkeblowo.pl\\\/?p=2154#article\",\"isPartOf\":{\"@id\":\"https:\\\/\\\/spkeblowo.pl\\\/?p=2154\"},\"author\":{\"name\":\"admin\",\"@id\":\"https:\\\/\\\/spkeblowo.pl\\\/#\\\/schema\\\/person\\\/91f40d6dcc01a89bccab6d147a30874f\"},\"headline\":\"Og\u00f3lnopolskie projekty realizowane w naszej szkole\",\"datePublished\":\"2021-06-17T09:25:16+00:00\",\"dateModified\":\"2021-06-18T06:26:25+00:00\",\"mainEntityOfPage\":{\"@id\":\"https:\\\/\\\/spkeblowo.pl\\\/?p=2154\"},\"wordCount\":513,\"publisher\":{\"@id\":\"https:\\\/\\\/spkeblowo.pl\\\/#organization\"},\"image\":{\"@id\":\"https:\\\/\\\/spkeblowo.pl\\\/?p=2154#primaryimage\"},\"thumbnailUrl\":\"https:\\\/\\\/spkeblowo.pl\\\/wp-content\\\/uploads\\\/2021\\\/06\\\/projekt-dobrze-jemy-scaled-e1623921271189.jpg\",\"articleSection\":[\"Uncategorized\"],\"inLanguage\":\"pl-PL\"},{\"@type\":\"WebPage\",\"@id\":\"https:\\\/\\\/spkeblowo.pl\\\/?p=2154\",\"url\":\"https:\\\/\\\/spkeblowo.pl\\\/?p=2154\",\"name\":\"Og\u00f3lnopolskie projekty realizowane w naszej szkole - Szko\u0142a Podstawowa im. Jana Paw\u0142a II w K\u0119b\u0142owie\",\"isPartOf\":{\"@id\":\"https:\\\/\\\/spkeblowo.pl\\\/#website\"},\"primaryImageOfPage\":{\"@id\":\"https:\\\/\\\/spkeblowo.pl\\\/?p=2154#primaryimage\"},\"image\":{\"@id\":\"https:\\\/\\\/spkeblowo.pl\\\/?p=2154#primaryimage\"},\"thumbnailUrl\":\"https:\\\/\\\/spkeblowo.pl\\\/wp-content\\\/uploads\\\/2021\\\/06\\\/projekt-dobrze-jemy-scaled-e1623921271189.jpg\",\"datePublished\":\"2021-06-17T09:25:16+00:00\",\"dateModified\":\"2021-06-18T06:26:25+00:00\",\"breadcrumb\":{\"@id\":\"https:\\\/\\\/spkeblowo.pl\\\/?p=2154#breadcrumb\"},\"inLanguage\":\"pl-PL\",\"potentialAction\":[{\"@type\":\"ReadAction\",\"target\":[\"https:\\\/\\\/spkeblowo.pl\\\/?p=2154\"]}]},{\"@type\":\"ImageObject\",\"inLanguage\":\"pl-PL\",\"@id\":\"https:\\\/\\\/spkeblowo.pl\\\/?p=2154#primaryimage\",\"url\":\"https:\\\/\\\/spkeblowo.pl\\\/wp-content\\\/uploads\\\/2021\\\/06\\\/projekt-dobrze-jemy-scaled-e1623921271189.jpg\",\"contentUrl\":\"https:\\\/\\\/spkeblowo.pl\\\/wp-content\\\/uploads\\\/2021\\\/06\\\/projekt-dobrze-jemy-scaled-e1623921271189.jpg\",\"width\":800,\"height\":600},{\"@type\":\"BreadcrumbList\",\"@id\":\"https:\\\/\\\/spkeblowo.pl\\\/?p=2154#breadcrumb\",\"itemListElement\":[{\"@type\":\"ListItem\",\"position\":1,\"name\":\"Strona g\u0142\u00f3wna\",\"item\":\"https:\\\/\\\/spkeblowo.pl\\\/\"},{\"@type\":\"ListItem\",\"position\":2,\"name\":\"Og\u00f3lnopolskie projekty realizowane w&nbsp;naszej szkole\"}]},{\"@type\":\"WebSite\",\"@id\":\"https:\\\/\\\/spkeblowo.pl\\\/#website\",\"url\":\"https:\\\/\\\/spkeblowo.pl\\\/\",\"name\":\"Szko\u0142a Podstawowa im. Jana Paw\u0142a II w K\u0119b\u0142owie\",\"description\":\"\",\"publisher\":{\"@id\":\"https:\\\/\\\/spkeblowo.pl\\\/#organization\"},\"potentialAction\":[{\"@type\":\"SearchAction\",\"target\":{\"@type\":\"EntryPoint\",\"urlTemplate\":\"https:\\\/\\\/spkeblowo.pl\\\/?s={search_term_string}\"},\"query-input\":{\"@type\":\"PropertyValueSpecification\",\"valueRequired\":true,\"valueName\":\"search_term_string\"}}],\"inLanguage\":\"pl-PL\"},{\"@type\":\"Organization\",\"@id\":\"https:\\\/\\\/spkeblowo.pl\\\/#organization\",\"name\":\"Szko\u0142a Podstawowa im. Jana Paw\u0142a II w K\u0119b\u0142owie\",\"url\":\"https:\\\/\\\/spkeblowo.pl\\\/\",\"logo\":{\"@type\":\"ImageObject\",\"inLanguage\":\"pl-PL\",\"@id\":\"https:\\\/\\\/spkeblowo.pl\\\/#\\\/schema\\\/logo\\\/image\\\/\",\"url\":\"https:\\\/\\\/spkeblowo.pl\\\/wp-content\\\/uploads\\\/2020\\\/03\\\/2-2.png\",\"contentUrl\":\"https:\\\/\\\/spkeblowo.pl\\\/wp-content\\\/uploads\\\/2020\\\/03\\\/2-2.png\",\"width\":1400,\"height\":350,\"caption\":\"Szko\u0142a Podstawowa im. Jana Paw\u0142a II w K\u0119b\u0142owie\"},\"image\":{\"@id\":\"https:\\\/\\\/spkeblowo.pl\\\/#\\\/schema\\\/logo\\\/image\\\/\"}},{\"@type\":\"Person\",\"@id\":\"https:\\\/\\\/spkeblowo.pl\\\/#\\\/schema\\\/person\\\/91f40d6dcc01a89bccab6d147a30874f\",\"name\":\"admin\",\"image\":{\"@type\":\"ImageObject\",\"inLanguage\":\"pl-PL\",\"@id\":\"https:\\\/\\\/secure.gravatar.com\\\/avatar\\\/a8792c5ea44a0bd480cdae637f0e5e453347ff27968eb8552bf193361ffde3ec?s=96&d=mm&r=g\",\"url\":\"https:\\\/\\\/secure.gravatar.com\\\/avatar\\\/a8792c5ea44a0bd480cdae637f0e5e453347ff27968eb8552bf193361ffde3ec?s=96&d=mm&r=g\",\"contentUrl\":\"https:\\\/\\\/secure.gravatar.com\\\/avatar\\\/a8792c5ea44a0bd480cdae637f0e5e453347ff27968eb8552bf193361ffde3ec?s=96&d=mm&r=g\",\"caption\":\"admin\"},\"url\":\"https:\\\/\\\/spkeblowo.pl\\\/?author=1\"}]}<\/script>\n<!-- \/ Yoast SEO plugin. -->","yoast_head_json":{"title":"Og\u00f3lnopolskie projekty realizowane w naszej szkole - Szko\u0142a Podstawowa im. Jana Paw\u0142a II w K\u0119b\u0142owie","robots":{"index":"index","follow":"follow","max-snippet":"max-snippet:-1","max-image-preview":"max-image-preview:large","max-video-preview":"max-video-preview:-1"},"canonical":"https:\/\/spkeblowo.pl\/?p=2154","og_locale":"pl_PL","og_type":"article","og_title":"Og\u00f3lnopolskie projekty realizowane w naszej szkole - Szko\u0142a Podstawowa im. Jana Paw\u0142a II w K\u0119b\u0142owie","og_description":"Szko\u0142a Podstawowa im. Jana Paw\u0142a II bierze udzia\u0142 w licznych projektach, kt\u00f3re anga\u017cuj\u0105 zar\u00f3wno uczni\u00f3w jak i nauczycieli do w\u0142asnego &hellip;","og_url":"https:\/\/spkeblowo.pl\/?p=2154","og_site_name":"Szko\u0142a Podstawowa im. Jana Paw\u0142a II w K\u0119b\u0142owie","article_published_time":"2021-06-17T09:25:16+00:00","article_modified_time":"2021-06-18T06:26:25+00:00","og_image":[{"width":800,"height":600,"url":"https:\/\/spkeblowo.pl\/wp-content\/uploads\/2021\/06\/projekt-dobrze-jemy-scaled-e1623921271189.jpg","type":"image\/jpeg"}],"author":"admin","twitter_card":"summary_large_image","twitter_misc":{"Napisane przez":"admin","Szacowany czas czytania":"5 minut"},"schema":{"@context":"https:\/\/schema.org","@graph":[{"@type":"Article","@id":"https:\/\/spkeblowo.pl\/?p=2154#article","isPartOf":{"@id":"https:\/\/spkeblowo.pl\/?p=2154"},"author":{"name":"admin","@id":"https:\/\/spkeblowo.pl\/#\/schema\/person\/91f40d6dcc01a89bccab6d147a30874f"},"headline":"Og\u00f3lnopolskie projekty realizowane w naszej szkole","datePublished":"2021-06-17T09:25:16+00:00","dateModified":"2021-06-18T06:26:25+00:00","mainEntityOfPage":{"@id":"https:\/\/spkeblowo.pl\/?p=2154"},"wordCount":513,"publisher":{"@id":"https:\/\/spkeblowo.pl\/#organization"},"image":{"@id":"https:\/\/spkeblowo.pl\/?p=2154#primaryimage"},"thumbnailUrl":"https:\/\/spkeblowo.pl\/wp-content\/uploads\/2021\/06\/projekt-dobrze-jemy-scaled-e1623921271189.jpg","articleSection":["Uncategorized"],"inLanguage":"pl-PL"},{"@type":"WebPage","@id":"https:\/\/spkeblowo.pl\/?p=2154","url":"https:\/\/spkeblowo.pl\/?p=2154","name":"Og\u00f3lnopolskie projekty realizowane w naszej szkole - Szko\u0142a Podstawowa im. Jana Paw\u0142a II w K\u0119b\u0142owie","isPartOf":{"@id":"https:\/\/spkeblowo.pl\/#website"},"primaryImageOfPage":{"@id":"https:\/\/spkeblowo.pl\/?p=2154#primaryimage"},"image":{"@id":"https:\/\/spkeblowo.pl\/?p=2154#primaryimage"},"thumbnailUrl":"https:\/\/spkeblowo.pl\/wp-content\/uploads\/2021\/06\/projekt-dobrze-jemy-scaled-e1623921271189.jpg","datePublished":"2021-06-17T09:25:16+00:00","dateModified":"2021-06-18T06:26:25+00:00","breadcrumb":{"@id":"https:\/\/spkeblowo.pl\/?p=2154#breadcrumb"},"inLanguage":"pl-PL","potentialAction":[{"@type":"ReadAction","target":["https:\/\/spkeblowo.pl\/?p=2154"]}]},{"@type":"ImageObject","inLanguage":"pl-PL","@id":"https:\/\/spkeblowo.pl\/?p=2154#primaryimage","url":"https:\/\/spkeblowo.pl\/wp-content\/uploads\/2021\/06\/projekt-dobrze-jemy-scaled-e1623921271189.jpg","contentUrl":"https:\/\/spkeblowo.pl\/wp-content\/uploads\/2021\/06\/projekt-dobrze-jemy-scaled-e1623921271189.jpg","width":800,"height":600},{"@type":"BreadcrumbList","@id":"https:\/\/spkeblowo.pl\/?p=2154#breadcrumb","itemListElement":[{"@type":"ListItem","position":1,"name":"Strona g\u0142\u00f3wna","item":"https:\/\/spkeblowo.pl\/"},{"@type":"ListItem","position":2,"name":"Og\u00f3lnopolskie projekty realizowane w&nbsp;naszej szkole"}]},{"@type":"WebSite","@id":"https:\/\/spkeblowo.pl\/#website","url":"https:\/\/spkeblowo.pl\/","name":"Szko\u0142a Podstawowa im. Jana Paw\u0142a II w K\u0119b\u0142owie","description":"","publisher":{"@id":"https:\/\/spkeblowo.pl\/#organization"},"potentialAction":[{"@type":"SearchAction","target":{"@type":"EntryPoint","urlTemplate":"https:\/\/spkeblowo.pl\/?s={search_term_string}"},"query-input":{"@type":"PropertyValueSpecification","valueRequired":true,"valueName":"search_term_string"}}],"inLanguage":"pl-PL"},{"@type":"Organization","@id":"https:\/\/spkeblowo.pl\/#organization","name":"Szko\u0142a Podstawowa im. Jana Paw\u0142a II w K\u0119b\u0142owie","url":"https:\/\/spkeblowo.pl\/","logo":{"@type":"ImageObject","inLanguage":"pl-PL","@id":"https:\/\/spkeblowo.pl\/#\/schema\/logo\/image\/","url":"https:\/\/spkeblowo.pl\/wp-content\/uploads\/2020\/03\/2-2.png","contentUrl":"https:\/\/spkeblowo.pl\/wp-content\/uploads\/2020\/03\/2-2.png","width":1400,"height":350,"caption":"Szko\u0142a Podstawowa im. Jana Paw\u0142a II w K\u0119b\u0142owie"},"image":{"@id":"https:\/\/spkeblowo.pl\/#\/schema\/logo\/image\/"}},{"@type":"Person","@id":"https:\/\/spkeblowo.pl\/#\/schema\/person\/91f40d6dcc01a89bccab6d147a30874f","name":"admin","image":{"@type":"ImageObject","inLanguage":"pl-PL","@id":"https:\/\/secure.gravatar.com\/avatar\/a8792c5ea44a0bd480cdae637f0e5e453347ff27968eb8552bf193361ffde3ec?s=96&d=mm&r=g","url":"https:\/\/secure.gravatar.com\/avatar\/a8792c5ea44a0bd480cdae637f0e5e453347ff27968eb8552bf193361ffde3ec?s=96&d=mm&r=g","contentUrl":"https:\/\/secure.gravatar.com\/avatar\/a8792c5ea44a0bd480cdae637f0e5e453347ff27968eb8552bf193361ffde3ec?s=96&d=mm&r=g","caption":"admin"},"url":"https:\/\/spkeblowo.pl\/?author=1"}]}},"_links":{"self":[{"href":"https:\/\/spkeblowo.pl\/index.php?rest_route=\/wp\/v2\/posts\/2154","targetHints":{"allow":["GET"]}}],"collection":[{"href":"https:\/\/spkeblowo.pl\/index.php?rest_route=\/wp\/v2\/posts"}],"about":[{"href":"https:\/\/spkeblowo.pl\/index.php?rest_route=\/wp\/v2\/types\/post"}],"author":[{"embeddable":true,"href":"https:\/\/spkeblowo.pl\/index.php?rest_route=\/wp\/v2\/users\/1"}],"replies":[{"embeddable":true,"href":"https:\/\/spkeblowo.pl\/index.php?rest_route=%2Fwp%2Fv2%2Fcomments&post=2154"}],"version-history":[{"count":13,"href":"https:\/\/spkeblowo.pl\/index.php?rest_route=\/wp\/v2\/posts\/2154\/revisions"}],"predecessor-version":[{"id":2191,"href":"https:\/\/spkeblowo.pl\/index.php?rest_route=\/wp\/v2\/posts\/2154\/revisions\/2191"}],"wp:featuredmedia":[{"embeddable":true,"href":"https:\/\/spkeblowo.pl\/index.php?rest_route=\/wp\/v2\/media\/2156"}],"wp:attachment":[{"href":"https:\/\/spkeblowo.pl\/index.php?rest_route=%2Fwp%2Fv2%2Fmedia&parent=2154"}],"wp:term":[{"taxonomy":"category","embeddable":true,"href":"https:\/\/spkeblowo.pl\/index.php?rest_route=%2Fwp%2Fv2%2Fcategories&post=2154"},{"taxonomy":"post_tag","embeddable":true,"href":"https:\/\/spkeblowo.pl\/index.php?rest_route=%2Fwp%2Fv2%2Ftags&post=2154"}],"curies":[{"name":"wp","href":"https:\/\/api.w.org\/{rel}","templated":true}]}}