{"id":1938,"date":"2021-03-31T10:23:06","date_gmt":"2021-03-31T08:23:06","guid":{"rendered":"http:\/\/spkeblowo.strefa.pl\/wordpress\/?p=1938"},"modified":"2021-03-31T10:24:03","modified_gmt":"2021-03-31T08:24:03","slug":"pamietamy-o-podopiecznych-domu-opieki-pw-sw-alberta","status":"publish","type":"post","link":"https:\/\/spkeblowo.pl\/?p=1938","title":{"rendered":"Pami\u0119tamy o podopiecznych Domu Opieki pw. \u015aw. Alberta."},"content":{"rendered":"\n<p>Nauczyciele wspomagaj\u0105cy, cz\u0142onkowie SKO oraz dzieci z grupy 5-latk\u00f3w p.Sylwii Mejer, przygotowa\u0142y wspania\u0142\u0105 niespodziank\u0119 dla podopiecznych Domu Opieki pw. \u015aw. Alberta. <\/p>\n\n\n\n<p>Zaj\u0105czek o nich nie zapomnia\u0142 \ud83d\ude42<\/p>\n\n\n\n<figure class=\"wp-block-gallery columns-3 is-cropped wp-block-gallery-1 is-layout-flex wp-block-gallery-is-layout-flex\"><ul class=\"blocks-gallery-grid\"><li class=\"blocks-gallery-item\"><figure><img fetchpriority=\"high\" decoding=\"async\" width=\"1024\" height=\"768\" src=\"https:\/\/spkeblowo.pl\/wp-content\/uploads\/2021\/03\/3F7641B0-D884-4D2E-991A-17D7490582CD-1024x768.jpeg\" alt=\"\" data-id=\"1939\" data-full-url=\"https:\/\/spkeblowo.pl\/wp-content\/uploads\/2021\/03\/3F7641B0-D884-4D2E-991A-17D7490582CD-scaled.jpeg\" data-link=\"https:\/\/spkeblowo.pl\/?attachment_id=1939\" class=\"wp-image-1939\" srcset=\"https:\/\/spkeblowo.pl\/wp-content\/uploads\/2021\/03\/3F7641B0-D884-4D2E-991A-17D7490582CD-1024x768.jpeg 1024w, https:\/\/spkeblowo.pl\/wp-content\/uploads\/2021\/03\/3F7641B0-D884-4D2E-991A-17D7490582CD-300x225.jpeg 300w, https:\/\/spkeblowo.pl\/wp-content\/uploads\/2021\/03\/3F7641B0-D884-4D2E-991A-17D7490582CD-768x576.jpeg 768w, https:\/\/spkeblowo.pl\/wp-content\/uploads\/2021\/03\/3F7641B0-D884-4D2E-991A-17D7490582CD-1536x1152.jpeg 1536w, https:\/\/spkeblowo.pl\/wp-content\/uploads\/2021\/03\/3F7641B0-D884-4D2E-991A-17D7490582CD-2048x1536.jpeg 2048w\" sizes=\"(max-width: 1024px) 100vw, 1024px\" \/><\/figure><\/li><li class=\"blocks-gallery-item\"><figure><img decoding=\"async\" width=\"768\" height=\"1024\" src=\"https:\/\/spkeblowo.pl\/wp-content\/uploads\/2021\/03\/954E392C-F422-4701-8FC1-21260565EBA9-768x1024.jpeg\" alt=\"\" data-id=\"1940\" data-full-url=\"https:\/\/spkeblowo.pl\/wp-content\/uploads\/2021\/03\/954E392C-F422-4701-8FC1-21260565EBA9-scaled.jpeg\" data-link=\"https:\/\/spkeblowo.pl\/?attachment_id=1940\" class=\"wp-image-1940\" srcset=\"https:\/\/spkeblowo.pl\/wp-content\/uploads\/2021\/03\/954E392C-F422-4701-8FC1-21260565EBA9-768x1024.jpeg 768w, https:\/\/spkeblowo.pl\/wp-content\/uploads\/2021\/03\/954E392C-F422-4701-8FC1-21260565EBA9-225x300.jpeg 225w, https:\/\/spkeblowo.pl\/wp-content\/uploads\/2021\/03\/954E392C-F422-4701-8FC1-21260565EBA9-1152x1536.jpeg 1152w, https:\/\/spkeblowo.pl\/wp-content\/uploads\/2021\/03\/954E392C-F422-4701-8FC1-21260565EBA9-1536x2048.jpeg 1536w, https:\/\/spkeblowo.pl\/wp-content\/uploads\/2021\/03\/954E392C-F422-4701-8FC1-21260565EBA9-scaled.jpeg 1920w\" sizes=\"(max-width: 768px) 100vw, 768px\" \/><\/figure><\/li><li class=\"blocks-gallery-item\"><figure><img decoding=\"async\" width=\"576\" height=\"1024\" src=\"https:\/\/spkeblowo.pl\/wp-content\/uploads\/2021\/03\/BD68EB48-DCE7-4742-94A2-87CABF4533BA-576x1024.jpeg\" alt=\"\" data-id=\"1941\" data-full-url=\"https:\/\/spkeblowo.pl\/wp-content\/uploads\/2021\/03\/BD68EB48-DCE7-4742-94A2-87CABF4533BA-scaled.jpeg\" data-link=\"https:\/\/spkeblowo.pl\/?attachment_id=1941\" class=\"wp-image-1941\" srcset=\"https:\/\/spkeblowo.pl\/wp-content\/uploads\/2021\/03\/BD68EB48-DCE7-4742-94A2-87CABF4533BA-576x1024.jpeg 576w, https:\/\/spkeblowo.pl\/wp-content\/uploads\/2021\/03\/BD68EB48-DCE7-4742-94A2-87CABF4533BA-169x300.jpeg 169w, https:\/\/spkeblowo.pl\/wp-content\/uploads\/2021\/03\/BD68EB48-DCE7-4742-94A2-87CABF4533BA-768x1365.jpeg 768w, https:\/\/spkeblowo.pl\/wp-content\/uploads\/2021\/03\/BD68EB48-DCE7-4742-94A2-87CABF4533BA-865x1536.jpeg 865w, https:\/\/spkeblowo.pl\/wp-content\/uploads\/2021\/03\/BD68EB48-DCE7-4742-94A2-87CABF4533BA-1153x2048.jpeg 1153w, https:\/\/spkeblowo.pl\/wp-content\/uploads\/2021\/03\/BD68EB48-DCE7-4742-94A2-87CABF4533BA-scaled.jpeg 1441w\" sizes=\"(max-width: 576px) 100vw, 576px\" \/><\/figure><\/li><\/ul><\/figure>\n","protected":false},"excerpt":{"rendered":"<p>Nauczyciele wspomagaj\u0105cy, cz\u0142onkowie SKO oraz dzieci z grupy 5-latk\u00f3w p.Sylwii Mejer, przygotowa\u0142y wspania\u0142\u0105 niespodziank\u0119 dla podopiecznych Domu Opieki pw. \u015aw. &hellip; <\/p>\n","protected":false},"author":1,"featured_media":0,"comment_status":"closed","ping_status":"open","sticky":false,"template":"","format":"standard","meta":{"footnotes":""},"categories":[1],"tags":[],"class_list":["post-1938","post","type-post","status-publish","format-standard","hentry","category-uncategorized"],"yoast_head":"<!-- This site is optimized with the Yoast SEO plugin v27.5 - https:\/\/yoast.com\/product\/yoast-seo-wordpress\/ -->\n<title>Pami\u0119tamy o podopiecznych Domu Opieki pw. \u015aw. Alberta. - Szko\u0142a Podstawowa im. Jana Paw\u0142a II w K\u0119b\u0142owie<\/title>\n<meta name=\"robots\" content=\"index, follow, max-snippet:-1, max-image-preview:large, max-video-preview:-1\" \/>\n<link rel=\"canonical\" href=\"https:\/\/spkeblowo.pl\/?p=1938\" \/>\n<meta property=\"og:locale\" content=\"pl_PL\" \/>\n<meta property=\"og:type\" content=\"article\" \/>\n<meta property=\"og:title\" content=\"Pami\u0119tamy o podopiecznych Domu Opieki pw. \u015aw. Alberta. - Szko\u0142a Podstawowa im. Jana Paw\u0142a II w K\u0119b\u0142owie\" \/>\n<meta property=\"og:description\" content=\"Nauczyciele wspomagaj\u0105cy, cz\u0142onkowie SKO oraz dzieci z grupy 5-latk\u00f3w p.Sylwii Mejer, przygotowa\u0142y wspania\u0142\u0105 niespodziank\u0119 dla podopiecznych Domu Opieki pw. \u015aw. &hellip;\" \/>\n<meta property=\"og:url\" content=\"https:\/\/spkeblowo.pl\/?p=1938\" \/>\n<meta property=\"og:site_name\" content=\"Szko\u0142a Podstawowa im. Jana Paw\u0142a II w K\u0119b\u0142owie\" \/>\n<meta property=\"article:published_time\" content=\"2021-03-31T08:23:06+00:00\" \/>\n<meta property=\"article:modified_time\" content=\"2021-03-31T08:24:03+00:00\" \/>\n<meta property=\"og:image\" content=\"https:\/\/spkeblowo.pl\/wp-content\/uploads\/2021\/03\/3F7641B0-D884-4D2E-991A-17D7490582CD-1024x768.jpeg\" \/>\n<meta name=\"author\" content=\"admin\" \/>\n<meta name=\"twitter:card\" content=\"summary_large_image\" \/>\n<meta name=\"twitter:label1\" content=\"Napisane przez\" \/>\n\t<meta name=\"twitter:data1\" content=\"admin\" \/>\n<script type=\"application\/ld+json\" class=\"yoast-schema-graph\">{\"@context\":\"https:\\\/\\\/schema.org\",\"@graph\":[{\"@type\":\"Article\",\"@id\":\"https:\\\/\\\/spkeblowo.pl\\\/?p=1938#article\",\"isPartOf\":{\"@id\":\"https:\\\/\\\/spkeblowo.pl\\\/?p=1938\"},\"author\":{\"name\":\"admin\",\"@id\":\"https:\\\/\\\/spkeblowo.pl\\\/#\\\/schema\\\/person\\\/91f40d6dcc01a89bccab6d147a30874f\"},\"headline\":\"Pami\u0119tamy o podopiecznych Domu Opieki pw. \u015aw. Alberta.\",\"datePublished\":\"2021-03-31T08:23:06+00:00\",\"dateModified\":\"2021-03-31T08:24:03+00:00\",\"mainEntityOfPage\":{\"@id\":\"https:\\\/\\\/spkeblowo.pl\\\/?p=1938\"},\"wordCount\":41,\"publisher\":{\"@id\":\"https:\\\/\\\/spkeblowo.pl\\\/#organization\"},\"image\":{\"@id\":\"https:\\\/\\\/spkeblowo.pl\\\/?p=1938#primaryimage\"},\"thumbnailUrl\":\"https:\\\/\\\/spkeblowo.pl\\\/wp-content\\\/uploads\\\/2021\\\/03\\\/3F7641B0-D884-4D2E-991A-17D7490582CD-1024x768.jpeg\",\"articleSection\":[\"Uncategorized\"],\"inLanguage\":\"pl-PL\"},{\"@type\":\"WebPage\",\"@id\":\"https:\\\/\\\/spkeblowo.pl\\\/?p=1938\",\"url\":\"https:\\\/\\\/spkeblowo.pl\\\/?p=1938\",\"name\":\"Pami\u0119tamy o podopiecznych Domu Opieki pw. \u015aw. Alberta. - Szko\u0142a Podstawowa im. Jana Paw\u0142a II w K\u0119b\u0142owie\",\"isPartOf\":{\"@id\":\"https:\\\/\\\/spkeblowo.pl\\\/#website\"},\"primaryImageOfPage\":{\"@id\":\"https:\\\/\\\/spkeblowo.pl\\\/?p=1938#primaryimage\"},\"image\":{\"@id\":\"https:\\\/\\\/spkeblowo.pl\\\/?p=1938#primaryimage\"},\"thumbnailUrl\":\"https:\\\/\\\/spkeblowo.pl\\\/wp-content\\\/uploads\\\/2021\\\/03\\\/3F7641B0-D884-4D2E-991A-17D7490582CD-1024x768.jpeg\",\"datePublished\":\"2021-03-31T08:23:06+00:00\",\"dateModified\":\"2021-03-31T08:24:03+00:00\",\"breadcrumb\":{\"@id\":\"https:\\\/\\\/spkeblowo.pl\\\/?p=1938#breadcrumb\"},\"inLanguage\":\"pl-PL\",\"potentialAction\":[{\"@type\":\"ReadAction\",\"target\":[\"https:\\\/\\\/spkeblowo.pl\\\/?p=1938\"]}]},{\"@type\":\"ImageObject\",\"inLanguage\":\"pl-PL\",\"@id\":\"https:\\\/\\\/spkeblowo.pl\\\/?p=1938#primaryimage\",\"url\":\"https:\\\/\\\/spkeblowo.pl\\\/wp-content\\\/uploads\\\/2021\\\/03\\\/3F7641B0-D884-4D2E-991A-17D7490582CD-1024x768.jpeg\",\"contentUrl\":\"https:\\\/\\\/spkeblowo.pl\\\/wp-content\\\/uploads\\\/2021\\\/03\\\/3F7641B0-D884-4D2E-991A-17D7490582CD-1024x768.jpeg\"},{\"@type\":\"BreadcrumbList\",\"@id\":\"https:\\\/\\\/spkeblowo.pl\\\/?p=1938#breadcrumb\",\"itemListElement\":[{\"@type\":\"ListItem\",\"position\":1,\"name\":\"Strona g\u0142\u00f3wna\",\"item\":\"https:\\\/\\\/spkeblowo.pl\\\/\"},{\"@type\":\"ListItem\",\"position\":2,\"name\":\"Pami\u0119tamy o&nbsp;podopiecznych Domu Opieki pw.&nbsp;\u015aw. Alberta.\"}]},{\"@type\":\"WebSite\",\"@id\":\"https:\\\/\\\/spkeblowo.pl\\\/#website\",\"url\":\"https:\\\/\\\/spkeblowo.pl\\\/\",\"name\":\"Szko\u0142a Podstawowa im. Jana Paw\u0142a II w K\u0119b\u0142owie\",\"description\":\"\",\"publisher\":{\"@id\":\"https:\\\/\\\/spkeblowo.pl\\\/#organization\"},\"potentialAction\":[{\"@type\":\"SearchAction\",\"target\":{\"@type\":\"EntryPoint\",\"urlTemplate\":\"https:\\\/\\\/spkeblowo.pl\\\/?s={search_term_string}\"},\"query-input\":{\"@type\":\"PropertyValueSpecification\",\"valueRequired\":true,\"valueName\":\"search_term_string\"}}],\"inLanguage\":\"pl-PL\"},{\"@type\":\"Organization\",\"@id\":\"https:\\\/\\\/spkeblowo.pl\\\/#organization\",\"name\":\"Szko\u0142a Podstawowa im. Jana Paw\u0142a II w K\u0119b\u0142owie\",\"url\":\"https:\\\/\\\/spkeblowo.pl\\\/\",\"logo\":{\"@type\":\"ImageObject\",\"inLanguage\":\"pl-PL\",\"@id\":\"https:\\\/\\\/spkeblowo.pl\\\/#\\\/schema\\\/logo\\\/image\\\/\",\"url\":\"https:\\\/\\\/spkeblowo.pl\\\/wp-content\\\/uploads\\\/2020\\\/03\\\/2-2.png\",\"contentUrl\":\"https:\\\/\\\/spkeblowo.pl\\\/wp-content\\\/uploads\\\/2020\\\/03\\\/2-2.png\",\"width\":1400,\"height\":350,\"caption\":\"Szko\u0142a Podstawowa im. Jana Paw\u0142a II w K\u0119b\u0142owie\"},\"image\":{\"@id\":\"https:\\\/\\\/spkeblowo.pl\\\/#\\\/schema\\\/logo\\\/image\\\/\"}},{\"@type\":\"Person\",\"@id\":\"https:\\\/\\\/spkeblowo.pl\\\/#\\\/schema\\\/person\\\/91f40d6dcc01a89bccab6d147a30874f\",\"name\":\"admin\",\"image\":{\"@type\":\"ImageObject\",\"inLanguage\":\"pl-PL\",\"@id\":\"https:\\\/\\\/secure.gravatar.com\\\/avatar\\\/a8792c5ea44a0bd480cdae637f0e5e453347ff27968eb8552bf193361ffde3ec?s=96&d=mm&r=g\",\"url\":\"https:\\\/\\\/secure.gravatar.com\\\/avatar\\\/a8792c5ea44a0bd480cdae637f0e5e453347ff27968eb8552bf193361ffde3ec?s=96&d=mm&r=g\",\"contentUrl\":\"https:\\\/\\\/secure.gravatar.com\\\/avatar\\\/a8792c5ea44a0bd480cdae637f0e5e453347ff27968eb8552bf193361ffde3ec?s=96&d=mm&r=g\",\"caption\":\"admin\"},\"url\":\"https:\\\/\\\/spkeblowo.pl\\\/?author=1\"}]}<\/script>\n<!-- \/ Yoast SEO plugin. -->","yoast_head_json":{"title":"Pami\u0119tamy o podopiecznych Domu Opieki pw. \u015aw. Alberta. - Szko\u0142a Podstawowa im. Jana Paw\u0142a II w K\u0119b\u0142owie","robots":{"index":"index","follow":"follow","max-snippet":"max-snippet:-1","max-image-preview":"max-image-preview:large","max-video-preview":"max-video-preview:-1"},"canonical":"https:\/\/spkeblowo.pl\/?p=1938","og_locale":"pl_PL","og_type":"article","og_title":"Pami\u0119tamy o podopiecznych Domu Opieki pw. \u015aw. Alberta. - Szko\u0142a Podstawowa im. Jana Paw\u0142a II w K\u0119b\u0142owie","og_description":"Nauczyciele wspomagaj\u0105cy, cz\u0142onkowie SKO oraz dzieci z grupy 5-latk\u00f3w p.Sylwii Mejer, przygotowa\u0142y wspania\u0142\u0105 niespodziank\u0119 dla podopiecznych Domu Opieki pw. \u015aw. &hellip;","og_url":"https:\/\/spkeblowo.pl\/?p=1938","og_site_name":"Szko\u0142a Podstawowa im. Jana Paw\u0142a II w K\u0119b\u0142owie","article_published_time":"2021-03-31T08:23:06+00:00","article_modified_time":"2021-03-31T08:24:03+00:00","og_image":[{"url":"https:\/\/spkeblowo.pl\/wp-content\/uploads\/2021\/03\/3F7641B0-D884-4D2E-991A-17D7490582CD-1024x768.jpeg","type":"","width":"","height":""}],"author":"admin","twitter_card":"summary_large_image","twitter_misc":{"Napisane przez":"admin"},"schema":{"@context":"https:\/\/schema.org","@graph":[{"@type":"Article","@id":"https:\/\/spkeblowo.pl\/?p=1938#article","isPartOf":{"@id":"https:\/\/spkeblowo.pl\/?p=1938"},"author":{"name":"admin","@id":"https:\/\/spkeblowo.pl\/#\/schema\/person\/91f40d6dcc01a89bccab6d147a30874f"},"headline":"Pami\u0119tamy o podopiecznych Domu Opieki pw. \u015aw. Alberta.","datePublished":"2021-03-31T08:23:06+00:00","dateModified":"2021-03-31T08:24:03+00:00","mainEntityOfPage":{"@id":"https:\/\/spkeblowo.pl\/?p=1938"},"wordCount":41,"publisher":{"@id":"https:\/\/spkeblowo.pl\/#organization"},"image":{"@id":"https:\/\/spkeblowo.pl\/?p=1938#primaryimage"},"thumbnailUrl":"https:\/\/spkeblowo.pl\/wp-content\/uploads\/2021\/03\/3F7641B0-D884-4D2E-991A-17D7490582CD-1024x768.jpeg","articleSection":["Uncategorized"],"inLanguage":"pl-PL"},{"@type":"WebPage","@id":"https:\/\/spkeblowo.pl\/?p=1938","url":"https:\/\/spkeblowo.pl\/?p=1938","name":"Pami\u0119tamy o podopiecznych Domu Opieki pw. \u015aw. Alberta. - Szko\u0142a Podstawowa im. Jana Paw\u0142a II w K\u0119b\u0142owie","isPartOf":{"@id":"https:\/\/spkeblowo.pl\/#website"},"primaryImageOfPage":{"@id":"https:\/\/spkeblowo.pl\/?p=1938#primaryimage"},"image":{"@id":"https:\/\/spkeblowo.pl\/?p=1938#primaryimage"},"thumbnailUrl":"https:\/\/spkeblowo.pl\/wp-content\/uploads\/2021\/03\/3F7641B0-D884-4D2E-991A-17D7490582CD-1024x768.jpeg","datePublished":"2021-03-31T08:23:06+00:00","dateModified":"2021-03-31T08:24:03+00:00","breadcrumb":{"@id":"https:\/\/spkeblowo.pl\/?p=1938#breadcrumb"},"inLanguage":"pl-PL","potentialAction":[{"@type":"ReadAction","target":["https:\/\/spkeblowo.pl\/?p=1938"]}]},{"@type":"ImageObject","inLanguage":"pl-PL","@id":"https:\/\/spkeblowo.pl\/?p=1938#primaryimage","url":"https:\/\/spkeblowo.pl\/wp-content\/uploads\/2021\/03\/3F7641B0-D884-4D2E-991A-17D7490582CD-1024x768.jpeg","contentUrl":"https:\/\/spkeblowo.pl\/wp-content\/uploads\/2021\/03\/3F7641B0-D884-4D2E-991A-17D7490582CD-1024x768.jpeg"},{"@type":"BreadcrumbList","@id":"https:\/\/spkeblowo.pl\/?p=1938#breadcrumb","itemListElement":[{"@type":"ListItem","position":1,"name":"Strona g\u0142\u00f3wna","item":"https:\/\/spkeblowo.pl\/"},{"@type":"ListItem","position":2,"name":"Pami\u0119tamy o&nbsp;podopiecznych Domu Opieki pw.&nbsp;\u015aw. Alberta."}]},{"@type":"WebSite","@id":"https:\/\/spkeblowo.pl\/#website","url":"https:\/\/spkeblowo.pl\/","name":"Szko\u0142a Podstawowa im. Jana Paw\u0142a II w K\u0119b\u0142owie","description":"","publisher":{"@id":"https:\/\/spkeblowo.pl\/#organization"},"potentialAction":[{"@type":"SearchAction","target":{"@type":"EntryPoint","urlTemplate":"https:\/\/spkeblowo.pl\/?s={search_term_string}"},"query-input":{"@type":"PropertyValueSpecification","valueRequired":true,"valueName":"search_term_string"}}],"inLanguage":"pl-PL"},{"@type":"Organization","@id":"https:\/\/spkeblowo.pl\/#organization","name":"Szko\u0142a Podstawowa im. Jana Paw\u0142a II w K\u0119b\u0142owie","url":"https:\/\/spkeblowo.pl\/","logo":{"@type":"ImageObject","inLanguage":"pl-PL","@id":"https:\/\/spkeblowo.pl\/#\/schema\/logo\/image\/","url":"https:\/\/spkeblowo.pl\/wp-content\/uploads\/2020\/03\/2-2.png","contentUrl":"https:\/\/spkeblowo.pl\/wp-content\/uploads\/2020\/03\/2-2.png","width":1400,"height":350,"caption":"Szko\u0142a Podstawowa im. Jana Paw\u0142a II w K\u0119b\u0142owie"},"image":{"@id":"https:\/\/spkeblowo.pl\/#\/schema\/logo\/image\/"}},{"@type":"Person","@id":"https:\/\/spkeblowo.pl\/#\/schema\/person\/91f40d6dcc01a89bccab6d147a30874f","name":"admin","image":{"@type":"ImageObject","inLanguage":"pl-PL","@id":"https:\/\/secure.gravatar.com\/avatar\/a8792c5ea44a0bd480cdae637f0e5e453347ff27968eb8552bf193361ffde3ec?s=96&d=mm&r=g","url":"https:\/\/secure.gravatar.com\/avatar\/a8792c5ea44a0bd480cdae637f0e5e453347ff27968eb8552bf193361ffde3ec?s=96&d=mm&r=g","contentUrl":"https:\/\/secure.gravatar.com\/avatar\/a8792c5ea44a0bd480cdae637f0e5e453347ff27968eb8552bf193361ffde3ec?s=96&d=mm&r=g","caption":"admin"},"url":"https:\/\/spkeblowo.pl\/?author=1"}]}},"_links":{"self":[{"href":"https:\/\/spkeblowo.pl\/index.php?rest_route=\/wp\/v2\/posts\/1938","targetHints":{"allow":["GET"]}}],"collection":[{"href":"https:\/\/spkeblowo.pl\/index.php?rest_route=\/wp\/v2\/posts"}],"about":[{"href":"https:\/\/spkeblowo.pl\/index.php?rest_route=\/wp\/v2\/types\/post"}],"author":[{"embeddable":true,"href":"https:\/\/spkeblowo.pl\/index.php?rest_route=\/wp\/v2\/users\/1"}],"replies":[{"embeddable":true,"href":"https:\/\/spkeblowo.pl\/index.php?rest_route=%2Fwp%2Fv2%2Fcomments&post=1938"}],"version-history":[{"count":1,"href":"https:\/\/spkeblowo.pl\/index.php?rest_route=\/wp\/v2\/posts\/1938\/revisions"}],"predecessor-version":[{"id":1942,"href":"https:\/\/spkeblowo.pl\/index.php?rest_route=\/wp\/v2\/posts\/1938\/revisions\/1942"}],"wp:attachment":[{"href":"https:\/\/spkeblowo.pl\/index.php?rest_route=%2Fwp%2Fv2%2Fmedia&parent=1938"}],"wp:term":[{"taxonomy":"category","embeddable":true,"href":"https:\/\/spkeblowo.pl\/index.php?rest_route=%2Fwp%2Fv2%2Fcategories&post=1938"},{"taxonomy":"post_tag","embeddable":true,"href":"https:\/\/spkeblowo.pl\/index.php?rest_route=%2Fwp%2Fv2%2Ftags&post=1938"}],"curies":[{"name":"wp","href":"https:\/\/api.w.org\/{rel}","templated":true}]}}