{"id":1785,"date":"2021-02-17T13:00:54","date_gmt":"2021-02-17T11:00:54","guid":{"rendered":"http:\/\/spkeblowo.strefa.pl\/wordpress\/?p=1785"},"modified":"2021-02-17T13:00:58","modified_gmt":"2021-02-17T11:00:58","slug":"konkurs-mala-liga-czytelnikow","status":"publish","type":"post","link":"https:\/\/spkeblowo.pl\/?p=1785","title":{"rendered":"Konkurs &#8222;Ma\u0142a Liga Czytelnik\u00f3w&#8221;"},"content":{"rendered":"\n<p>Zapraszamy uczni\u00f3w klas 2 i 3 szko\u0142y podstawowej do udzia\u0142u w konkursie.<\/p>\n\n\n\n<p>Etap pierwszy konkursu rozpoczyna si\u0119 22 lutego 2021r. i trwa do 14 maja 2021r.<\/p>\n\n\n\n<p>Uczestnicy pierwszego etapu zdobywaj\u0105 sprawno\u015bci poprzez czytanie ksi\u0105\u017cek konkursowych oraz rozwi\u0105zywanie przygotowanych do nich test\u00f3w. Testy do odbioru w bibliotece szkolnej. <\/p>\n\n\n\n<p>Spis ksi\u0105\u017cek:<\/p>\n\n\n\n<p>1. Czes\u0142aw Janczarski: \u201e Jak Wojtek zosta\u0142 stra\u017cakiem\u201d<br>2. Astrid Lindgren: \u201eEmil za Smalandii\u201d<br>3. Ewa Szelburg-Zarembina: \u201eNajmilsi\u201d (zakres: od opow. 1 do opow. \u201eGryzunia\u201d)<br>4. Arkady Gajdar: \u201eCzuk i Hek\u201d<br>5. Hanna Januszewska: \u201eKopciuszek\u201d<br>6. Siergiej Micha\u0142kow: \u201eNie p\u0142acz, Kozio\u0142ku!\u201d<br>7. Czes\u0142aw Centkiewicz: \u201eAnaruk, ch\u0142opiec z Grenlandii\u201d<br>8. H.Ch. Andersen: \u201eDzieci\u0119 elf\u00f3w\u201d<br>9. Julia Duszy\u0144ska: \u201eCudaczek Wy\u015bmiewaczek\u201d<br>10. K.Makuszy\u0144ski, M.Walentynowicz: \u201e120 Przyg\u00f3d Kozio\u0142ka Mato\u0142ka\u201d<\/p>\n\n\n\n<div class=\"wp-block-file\"><a href=\"https:\/\/spkeblowo.pl\/wp-content\/uploads\/2021\/02\/Mala-Liga-Czytelnikow.odt\">Regulamin<\/a><a href=\"https:\/\/spkeblowo.pl\/wp-content\/uploads\/2021\/02\/Mala-Liga-Czytelnikow.odt\" class=\"wp-block-file__button\" download>Pobierz<\/a><\/div>\n","protected":false},"excerpt":{"rendered":"<p>Zapraszamy uczni\u00f3w klas 2 i 3 szko\u0142y podstawowej do udzia\u0142u w konkursie. Etap pierwszy konkursu rozpoczyna si\u0119 22 lutego 2021r. &hellip; <\/p>\n","protected":false},"author":1,"featured_media":0,"comment_status":"closed","ping_status":"open","sticky":false,"template":"","format":"standard","meta":{"footnotes":""},"categories":[1],"tags":[],"class_list":["post-1785","post","type-post","status-publish","format-standard","hentry","category-uncategorized"],"yoast_head":"<!-- This site is optimized with the Yoast SEO plugin v27.5 - https:\/\/yoast.com\/product\/yoast-seo-wordpress\/ -->\n<title>Konkurs &quot;Ma\u0142a Liga Czytelnik\u00f3w&quot; - Szko\u0142a Podstawowa im. Jana Paw\u0142a II w K\u0119b\u0142owie<\/title>\n<meta name=\"robots\" content=\"index, follow, max-snippet:-1, max-image-preview:large, max-video-preview:-1\" \/>\n<link rel=\"canonical\" href=\"https:\/\/spkeblowo.pl\/?p=1785\" \/>\n<meta property=\"og:locale\" content=\"pl_PL\" \/>\n<meta property=\"og:type\" content=\"article\" \/>\n<meta property=\"og:title\" content=\"Konkurs &quot;Ma\u0142a Liga Czytelnik\u00f3w&quot; - Szko\u0142a Podstawowa im. Jana Paw\u0142a II w K\u0119b\u0142owie\" \/>\n<meta property=\"og:description\" content=\"Zapraszamy uczni\u00f3w klas 2 i 3 szko\u0142y podstawowej do udzia\u0142u w konkursie. Etap pierwszy konkursu rozpoczyna si\u0119 22 lutego 2021r. &hellip;\" \/>\n<meta property=\"og:url\" content=\"https:\/\/spkeblowo.pl\/?p=1785\" \/>\n<meta property=\"og:site_name\" content=\"Szko\u0142a Podstawowa im. Jana Paw\u0142a II w K\u0119b\u0142owie\" \/>\n<meta property=\"article:published_time\" content=\"2021-02-17T11:00:54+00:00\" \/>\n<meta property=\"article:modified_time\" content=\"2021-02-17T11:00:58+00:00\" \/>\n<meta name=\"author\" content=\"admin\" \/>\n<meta name=\"twitter:card\" content=\"summary_large_image\" \/>\n<meta name=\"twitter:label1\" content=\"Napisane przez\" \/>\n\t<meta name=\"twitter:data1\" content=\"admin\" \/>\n\t<meta name=\"twitter:label2\" content=\"Szacowany czas czytania\" \/>\n\t<meta name=\"twitter:data2\" content=\"1 minuta\" \/>\n<script type=\"application\/ld+json\" class=\"yoast-schema-graph\">{\"@context\":\"https:\\\/\\\/schema.org\",\"@graph\":[{\"@type\":\"Article\",\"@id\":\"https:\\\/\\\/spkeblowo.pl\\\/?p=1785#article\",\"isPartOf\":{\"@id\":\"https:\\\/\\\/spkeblowo.pl\\\/?p=1785\"},\"author\":{\"name\":\"admin\",\"@id\":\"https:\\\/\\\/spkeblowo.pl\\\/#\\\/schema\\\/person\\\/91f40d6dcc01a89bccab6d147a30874f\"},\"headline\":\"Konkurs &#8222;Ma\u0142a Liga Czytelnik\u00f3w&#8221;\",\"datePublished\":\"2021-02-17T11:00:54+00:00\",\"dateModified\":\"2021-02-17T11:00:58+00:00\",\"mainEntityOfPage\":{\"@id\":\"https:\\\/\\\/spkeblowo.pl\\\/?p=1785\"},\"wordCount\":130,\"publisher\":{\"@id\":\"https:\\\/\\\/spkeblowo.pl\\\/#organization\"},\"articleSection\":[\"Uncategorized\"],\"inLanguage\":\"pl-PL\"},{\"@type\":\"WebPage\",\"@id\":\"https:\\\/\\\/spkeblowo.pl\\\/?p=1785\",\"url\":\"https:\\\/\\\/spkeblowo.pl\\\/?p=1785\",\"name\":\"Konkurs \\\"Ma\u0142a Liga Czytelnik\u00f3w\\\" - Szko\u0142a Podstawowa im. Jana Paw\u0142a II w K\u0119b\u0142owie\",\"isPartOf\":{\"@id\":\"https:\\\/\\\/spkeblowo.pl\\\/#website\"},\"datePublished\":\"2021-02-17T11:00:54+00:00\",\"dateModified\":\"2021-02-17T11:00:58+00:00\",\"breadcrumb\":{\"@id\":\"https:\\\/\\\/spkeblowo.pl\\\/?p=1785#breadcrumb\"},\"inLanguage\":\"pl-PL\",\"potentialAction\":[{\"@type\":\"ReadAction\",\"target\":[\"https:\\\/\\\/spkeblowo.pl\\\/?p=1785\"]}]},{\"@type\":\"BreadcrumbList\",\"@id\":\"https:\\\/\\\/spkeblowo.pl\\\/?p=1785#breadcrumb\",\"itemListElement\":[{\"@type\":\"ListItem\",\"position\":1,\"name\":\"Strona g\u0142\u00f3wna\",\"item\":\"https:\\\/\\\/spkeblowo.pl\\\/\"},{\"@type\":\"ListItem\",\"position\":2,\"name\":\"Konkurs &#8222;Ma\u0142a Liga Czytelnik\u00f3w&#8221;\"}]},{\"@type\":\"WebSite\",\"@id\":\"https:\\\/\\\/spkeblowo.pl\\\/#website\",\"url\":\"https:\\\/\\\/spkeblowo.pl\\\/\",\"name\":\"Szko\u0142a Podstawowa im. Jana Paw\u0142a II w K\u0119b\u0142owie\",\"description\":\"\",\"publisher\":{\"@id\":\"https:\\\/\\\/spkeblowo.pl\\\/#organization\"},\"potentialAction\":[{\"@type\":\"SearchAction\",\"target\":{\"@type\":\"EntryPoint\",\"urlTemplate\":\"https:\\\/\\\/spkeblowo.pl\\\/?s={search_term_string}\"},\"query-input\":{\"@type\":\"PropertyValueSpecification\",\"valueRequired\":true,\"valueName\":\"search_term_string\"}}],\"inLanguage\":\"pl-PL\"},{\"@type\":\"Organization\",\"@id\":\"https:\\\/\\\/spkeblowo.pl\\\/#organization\",\"name\":\"Szko\u0142a Podstawowa im. Jana Paw\u0142a II w K\u0119b\u0142owie\",\"url\":\"https:\\\/\\\/spkeblowo.pl\\\/\",\"logo\":{\"@type\":\"ImageObject\",\"inLanguage\":\"pl-PL\",\"@id\":\"https:\\\/\\\/spkeblowo.pl\\\/#\\\/schema\\\/logo\\\/image\\\/\",\"url\":\"https:\\\/\\\/spkeblowo.pl\\\/wp-content\\\/uploads\\\/2020\\\/03\\\/2-2.png\",\"contentUrl\":\"https:\\\/\\\/spkeblowo.pl\\\/wp-content\\\/uploads\\\/2020\\\/03\\\/2-2.png\",\"width\":1400,\"height\":350,\"caption\":\"Szko\u0142a Podstawowa im. Jana Paw\u0142a II w K\u0119b\u0142owie\"},\"image\":{\"@id\":\"https:\\\/\\\/spkeblowo.pl\\\/#\\\/schema\\\/logo\\\/image\\\/\"}},{\"@type\":\"Person\",\"@id\":\"https:\\\/\\\/spkeblowo.pl\\\/#\\\/schema\\\/person\\\/91f40d6dcc01a89bccab6d147a30874f\",\"name\":\"admin\",\"image\":{\"@type\":\"ImageObject\",\"inLanguage\":\"pl-PL\",\"@id\":\"https:\\\/\\\/secure.gravatar.com\\\/avatar\\\/a8792c5ea44a0bd480cdae637f0e5e453347ff27968eb8552bf193361ffde3ec?s=96&d=mm&r=g\",\"url\":\"https:\\\/\\\/secure.gravatar.com\\\/avatar\\\/a8792c5ea44a0bd480cdae637f0e5e453347ff27968eb8552bf193361ffde3ec?s=96&d=mm&r=g\",\"contentUrl\":\"https:\\\/\\\/secure.gravatar.com\\\/avatar\\\/a8792c5ea44a0bd480cdae637f0e5e453347ff27968eb8552bf193361ffde3ec?s=96&d=mm&r=g\",\"caption\":\"admin\"},\"url\":\"https:\\\/\\\/spkeblowo.pl\\\/?author=1\"}]}<\/script>\n<!-- \/ Yoast SEO plugin. -->","yoast_head_json":{"title":"Konkurs \"Ma\u0142a Liga Czytelnik\u00f3w\" - Szko\u0142a Podstawowa im. Jana Paw\u0142a II w K\u0119b\u0142owie","robots":{"index":"index","follow":"follow","max-snippet":"max-snippet:-1","max-image-preview":"max-image-preview:large","max-video-preview":"max-video-preview:-1"},"canonical":"https:\/\/spkeblowo.pl\/?p=1785","og_locale":"pl_PL","og_type":"article","og_title":"Konkurs \"Ma\u0142a Liga Czytelnik\u00f3w\" - Szko\u0142a Podstawowa im. Jana Paw\u0142a II w K\u0119b\u0142owie","og_description":"Zapraszamy uczni\u00f3w klas 2 i 3 szko\u0142y podstawowej do udzia\u0142u w konkursie. Etap pierwszy konkursu rozpoczyna si\u0119 22 lutego 2021r. &hellip;","og_url":"https:\/\/spkeblowo.pl\/?p=1785","og_site_name":"Szko\u0142a Podstawowa im. Jana Paw\u0142a II w K\u0119b\u0142owie","article_published_time":"2021-02-17T11:00:54+00:00","article_modified_time":"2021-02-17T11:00:58+00:00","author":"admin","twitter_card":"summary_large_image","twitter_misc":{"Napisane przez":"admin","Szacowany czas czytania":"1 minuta"},"schema":{"@context":"https:\/\/schema.org","@graph":[{"@type":"Article","@id":"https:\/\/spkeblowo.pl\/?p=1785#article","isPartOf":{"@id":"https:\/\/spkeblowo.pl\/?p=1785"},"author":{"name":"admin","@id":"https:\/\/spkeblowo.pl\/#\/schema\/person\/91f40d6dcc01a89bccab6d147a30874f"},"headline":"Konkurs &#8222;Ma\u0142a Liga Czytelnik\u00f3w&#8221;","datePublished":"2021-02-17T11:00:54+00:00","dateModified":"2021-02-17T11:00:58+00:00","mainEntityOfPage":{"@id":"https:\/\/spkeblowo.pl\/?p=1785"},"wordCount":130,"publisher":{"@id":"https:\/\/spkeblowo.pl\/#organization"},"articleSection":["Uncategorized"],"inLanguage":"pl-PL"},{"@type":"WebPage","@id":"https:\/\/spkeblowo.pl\/?p=1785","url":"https:\/\/spkeblowo.pl\/?p=1785","name":"Konkurs \"Ma\u0142a Liga Czytelnik\u00f3w\" - Szko\u0142a Podstawowa im. Jana Paw\u0142a II w K\u0119b\u0142owie","isPartOf":{"@id":"https:\/\/spkeblowo.pl\/#website"},"datePublished":"2021-02-17T11:00:54+00:00","dateModified":"2021-02-17T11:00:58+00:00","breadcrumb":{"@id":"https:\/\/spkeblowo.pl\/?p=1785#breadcrumb"},"inLanguage":"pl-PL","potentialAction":[{"@type":"ReadAction","target":["https:\/\/spkeblowo.pl\/?p=1785"]}]},{"@type":"BreadcrumbList","@id":"https:\/\/spkeblowo.pl\/?p=1785#breadcrumb","itemListElement":[{"@type":"ListItem","position":1,"name":"Strona g\u0142\u00f3wna","item":"https:\/\/spkeblowo.pl\/"},{"@type":"ListItem","position":2,"name":"Konkurs &#8222;Ma\u0142a Liga Czytelnik\u00f3w&#8221;"}]},{"@type":"WebSite","@id":"https:\/\/spkeblowo.pl\/#website","url":"https:\/\/spkeblowo.pl\/","name":"Szko\u0142a Podstawowa im. Jana Paw\u0142a II w K\u0119b\u0142owie","description":"","publisher":{"@id":"https:\/\/spkeblowo.pl\/#organization"},"potentialAction":[{"@type":"SearchAction","target":{"@type":"EntryPoint","urlTemplate":"https:\/\/spkeblowo.pl\/?s={search_term_string}"},"query-input":{"@type":"PropertyValueSpecification","valueRequired":true,"valueName":"search_term_string"}}],"inLanguage":"pl-PL"},{"@type":"Organization","@id":"https:\/\/spkeblowo.pl\/#organization","name":"Szko\u0142a Podstawowa im. Jana Paw\u0142a II w K\u0119b\u0142owie","url":"https:\/\/spkeblowo.pl\/","logo":{"@type":"ImageObject","inLanguage":"pl-PL","@id":"https:\/\/spkeblowo.pl\/#\/schema\/logo\/image\/","url":"https:\/\/spkeblowo.pl\/wp-content\/uploads\/2020\/03\/2-2.png","contentUrl":"https:\/\/spkeblowo.pl\/wp-content\/uploads\/2020\/03\/2-2.png","width":1400,"height":350,"caption":"Szko\u0142a Podstawowa im. Jana Paw\u0142a II w K\u0119b\u0142owie"},"image":{"@id":"https:\/\/spkeblowo.pl\/#\/schema\/logo\/image\/"}},{"@type":"Person","@id":"https:\/\/spkeblowo.pl\/#\/schema\/person\/91f40d6dcc01a89bccab6d147a30874f","name":"admin","image":{"@type":"ImageObject","inLanguage":"pl-PL","@id":"https:\/\/secure.gravatar.com\/avatar\/a8792c5ea44a0bd480cdae637f0e5e453347ff27968eb8552bf193361ffde3ec?s=96&d=mm&r=g","url":"https:\/\/secure.gravatar.com\/avatar\/a8792c5ea44a0bd480cdae637f0e5e453347ff27968eb8552bf193361ffde3ec?s=96&d=mm&r=g","contentUrl":"https:\/\/secure.gravatar.com\/avatar\/a8792c5ea44a0bd480cdae637f0e5e453347ff27968eb8552bf193361ffde3ec?s=96&d=mm&r=g","caption":"admin"},"url":"https:\/\/spkeblowo.pl\/?author=1"}]}},"_links":{"self":[{"href":"https:\/\/spkeblowo.pl\/index.php?rest_route=\/wp\/v2\/posts\/1785","targetHints":{"allow":["GET"]}}],"collection":[{"href":"https:\/\/spkeblowo.pl\/index.php?rest_route=\/wp\/v2\/posts"}],"about":[{"href":"https:\/\/spkeblowo.pl\/index.php?rest_route=\/wp\/v2\/types\/post"}],"author":[{"embeddable":true,"href":"https:\/\/spkeblowo.pl\/index.php?rest_route=\/wp\/v2\/users\/1"}],"replies":[{"embeddable":true,"href":"https:\/\/spkeblowo.pl\/index.php?rest_route=%2Fwp%2Fv2%2Fcomments&post=1785"}],"version-history":[{"count":1,"href":"https:\/\/spkeblowo.pl\/index.php?rest_route=\/wp\/v2\/posts\/1785\/revisions"}],"predecessor-version":[{"id":1787,"href":"https:\/\/spkeblowo.pl\/index.php?rest_route=\/wp\/v2\/posts\/1785\/revisions\/1787"}],"wp:attachment":[{"href":"https:\/\/spkeblowo.pl\/index.php?rest_route=%2Fwp%2Fv2%2Fmedia&parent=1785"}],"wp:term":[{"taxonomy":"category","embeddable":true,"href":"https:\/\/spkeblowo.pl\/index.php?rest_route=%2Fwp%2Fv2%2Fcategories&post=1785"},{"taxonomy":"post_tag","embeddable":true,"href":"https:\/\/spkeblowo.pl\/index.php?rest_route=%2Fwp%2Fv2%2Ftags&post=1785"}],"curies":[{"name":"wp","href":"https:\/\/api.w.org\/{rel}","templated":true}]}}