{"id":1749,"date":"2021-02-09T13:06:56","date_gmt":"2021-02-09T11:06:56","guid":{"rendered":"http:\/\/spkeblowo.strefa.pl\/wordpress\/?p=1749"},"modified":"2021-02-09T13:09:27","modified_gmt":"2021-02-09T11:09:27","slug":"juz-sa-ksiazki-w-naszej-bibliotece-z-nprcz","status":"publish","type":"post","link":"https:\/\/spkeblowo.pl\/?p=1749","title":{"rendered":"Ju\u017c s\u0105!- ksi\u0105\u017cki w naszej bibliotece z NPRCz"},"content":{"rendered":"\t\t<div data-elementor-type=\"wp-post\" data-elementor-id=\"1749\" class=\"elementor elementor-1749\">\n\t\t\t\t\t\t<section class=\"elementor-section elementor-top-section elementor-element elementor-element-2b8ec87e elementor-section-boxed elementor-section-height-default elementor-section-height-default\" data-id=\"2b8ec87e\" data-element_type=\"section\" data-e-type=\"section\">\n\t\t\t\t\t\t<div class=\"elementor-container elementor-column-gap-default\">\n\t\t\t\t\t<div class=\"elementor-column elementor-col-100 elementor-top-column elementor-element elementor-element-1cbf3a38\" data-id=\"1cbf3a38\" data-element_type=\"column\" data-e-type=\"column\">\n\t\t\t<div class=\"elementor-widget-wrap elementor-element-populated\">\n\t\t\t\t\t\t<div class=\"elementor-element elementor-element-2979858b elementor-widget elementor-widget-text-editor\" data-id=\"2979858b\" data-element_type=\"widget\" data-e-type=\"widget\" data-widget_type=\"text-editor.default\">\n\t\t\t\t<div class=\"elementor-widget-container\">\n\t\t\t\t\t\t\t\t\t\n<p class=\"has-text-align-left\">Szko\u0142a im. Jana Paw\u0142a II w K\u0119b\u0142owie otrzyma\u0142a dofinansowanie z Narodowego Programu Rozwoju Czytelnictwa w kwocie 15 tys. z\u0142.<\/p>\n\n\n\n<p class=\"has-text-align-left\">Za powy\u017csz\u0105 kwot\u0119 zakupiono w pierwszej kolejno\u015bci lektury dla klas I-VIII, bajki, wiersze, literatur\u0119 dzieci\u0119c\u0105 i m\u0142odzie\u017cow\u0105. \u0141\u0105cznie zakupiono 1003 ksi\u0105\u017cki. Zakup tak ogromnej ilo\u015bci nowych pozycji zosta\u0142 poprzedzony rozpoznaniem potrzeb i zainteresowa\u0144 naszych uczni\u00f3w. Na wyb\u00f3r tytu\u0142\u00f3w wp\u0142yw mieli rodzice, uczniowie oraz nauczyciele szko\u0142y. Wszystkie zakupione woluminy zosta\u0142y ob\u0142o\u017cone foli\u0105, opiecz\u0119towane oraz nadano im numery inwentarzowe. Obecnie czekamy na ca\u0142kowity powr\u00f3t dzieci do szko\u0142y, wolny dost\u0119p do p\u00f3\u0142ek, aby zobaczy\u0107 ich rado\u015b\u0107 i u\u015bmiech na twarzy z nowo wypo\u017cyczonych ksi\u0105\u017cek. W obecnej sytuacji jest mo\u017cliwe wypo\u017cyczanie ich wed\u0142ug \u015bci\u015ble okre\u015blonych zasad przez Ministerstwo Edukacji i Nauki oraz wytyczne Inspektora Sanitarnego z zachowaniem zasad re\u017cimu sanitarnego (konieczno\u015b\u0107 zakrycia maseczk\u0105 ust i nosa, dezynfekcji r\u0105k). Zakupiony ksi\u0119gozbi\u00f3r ju\u017c cieszy si\u0119 zainteresowaniem w\u015br\u00f3d dzieci. Teraz czekamy na powr\u00f3t do normalno\u015bci, by w stu procentach przedstawi\u0107 nasz\u0105 ofert\u0119. Ksi\u0105\u017cek jest mn\u00f3stwo, na pewno ka\u017cdy znajdzie dla siebie co\u015b atrakcyjnego. Jeste\u015bmy przekonani, \u017ce nowo zgromadzony ksi\u0119gozbi\u00f3r przyczyni si\u0119 do dostarczania pozytywnych emocji, dobrych wra\u017ce\u0144, rozbudzi zainteresowania u dzieci. Naszej szkole <br>i bibliotece program otworzy\u0142 mo\u017cliwo\u015bci do nowych, ciekawych dzia\u0142a\u0144. NPRCz &#8211; to pi\u0119kna inicjatywa, wspieraj\u0105ca plac\u00f3wki o\u015bwiatowe. Cieszymy si\u0119, \u017ce uda\u0142o nam si\u0119 wzi\u0105\u0107 udzia\u0142 w takim przedsi\u0119wzi\u0119ciu.<\/p>\n\n\n\n<figure class=\"wp-block-gallery columns-3 is-cropped wp-block-gallery-2 is-layout-flex wp-block-gallery-is-layout-flex\"><ul class=\"blocks-gallery-grid\"><li class=\"blocks-gallery-item\"><figure><img fetchpriority=\"high\" decoding=\"async\" width=\"1024\" height=\"768\" src=\"https:\/\/spkeblowo.pl\/wp-content\/uploads\/2021\/02\/IMG_20201216_074659-1024x768.jpg\" alt=\"\" data-id=\"1750\" data-full-url=\"https:\/\/spkeblowo.pl\/wp-content\/uploads\/2021\/02\/IMG_20201216_074659-scaled.jpg\" data-link=\"https:\/\/spkeblowo.pl\/?attachment_id=1750\" class=\"wp-image-1750\" srcset=\"https:\/\/spkeblowo.pl\/wp-content\/uploads\/2021\/02\/IMG_20201216_074659-1024x768.jpg 1024w, https:\/\/spkeblowo.pl\/wp-content\/uploads\/2021\/02\/IMG_20201216_074659-300x225.jpg 300w, https:\/\/spkeblowo.pl\/wp-content\/uploads\/2021\/02\/IMG_20201216_074659-768x576.jpg 768w, https:\/\/spkeblowo.pl\/wp-content\/uploads\/2021\/02\/IMG_20201216_074659-1536x1152.jpg 1536w, https:\/\/spkeblowo.pl\/wp-content\/uploads\/2021\/02\/IMG_20201216_074659-2048x1536.jpg 2048w\" sizes=\"(max-width: 1024px) 100vw, 1024px\" \/><\/figure><\/li><li class=\"blocks-gallery-item\"><figure><img decoding=\"async\" width=\"1024\" height=\"768\" src=\"https:\/\/spkeblowo.pl\/wp-content\/uploads\/2021\/02\/IMG_20201216_074741-1024x768.jpg\" alt=\"\" data-id=\"1751\" data-full-url=\"https:\/\/spkeblowo.pl\/wp-content\/uploads\/2021\/02\/IMG_20201216_074741-scaled.jpg\" data-link=\"https:\/\/spkeblowo.pl\/?attachment_id=1751\" class=\"wp-image-1751\" srcset=\"https:\/\/spkeblowo.pl\/wp-content\/uploads\/2021\/02\/IMG_20201216_074741-1024x768.jpg 1024w, https:\/\/spkeblowo.pl\/wp-content\/uploads\/2021\/02\/IMG_20201216_074741-300x225.jpg 300w, https:\/\/spkeblowo.pl\/wp-content\/uploads\/2021\/02\/IMG_20201216_074741-768x576.jpg 768w, https:\/\/spkeblowo.pl\/wp-content\/uploads\/2021\/02\/IMG_20201216_074741-1536x1152.jpg 1536w, https:\/\/spkeblowo.pl\/wp-content\/uploads\/2021\/02\/IMG_20201216_074741-2048x1536.jpg 2048w\" sizes=\"(max-width: 1024px) 100vw, 1024px\" \/><\/figure><\/li><li class=\"blocks-gallery-item\"><figure><img decoding=\"async\" width=\"1024\" height=\"768\" src=\"https:\/\/spkeblowo.pl\/wp-content\/uploads\/2021\/02\/IMG_20201216_074850-1024x768.jpg\" alt=\"\" data-id=\"1752\" data-full-url=\"https:\/\/spkeblowo.pl\/wp-content\/uploads\/2021\/02\/IMG_20201216_074850-scaled.jpg\" data-link=\"https:\/\/spkeblowo.pl\/?attachment_id=1752\" class=\"wp-image-1752\" srcset=\"https:\/\/spkeblowo.pl\/wp-content\/uploads\/2021\/02\/IMG_20201216_074850-1024x768.jpg 1024w, https:\/\/spkeblowo.pl\/wp-content\/uploads\/2021\/02\/IMG_20201216_074850-300x225.jpg 300w, https:\/\/spkeblowo.pl\/wp-content\/uploads\/2021\/02\/IMG_20201216_074850-768x576.jpg 768w, https:\/\/spkeblowo.pl\/wp-content\/uploads\/2021\/02\/IMG_20201216_074850-1536x1152.jpg 1536w, https:\/\/spkeblowo.pl\/wp-content\/uploads\/2021\/02\/IMG_20201216_074850-2048x1536.jpg 2048w\" sizes=\"(max-width: 1024px) 100vw, 1024px\" \/><\/figure><\/li><li class=\"blocks-gallery-item\"><figure><img loading=\"lazy\" decoding=\"async\" width=\"768\" height=\"1024\" src=\"https:\/\/spkeblowo.pl\/wp-content\/uploads\/2021\/02\/IMG_20201216_074933-768x1024.jpg\" alt=\"\" data-id=\"1753\" data-full-url=\"https:\/\/spkeblowo.pl\/wp-content\/uploads\/2021\/02\/IMG_20201216_074933-scaled.jpg\" data-link=\"https:\/\/spkeblowo.pl\/?attachment_id=1753\" class=\"wp-image-1753\" srcset=\"https:\/\/spkeblowo.pl\/wp-content\/uploads\/2021\/02\/IMG_20201216_074933-768x1024.jpg 768w, https:\/\/spkeblowo.pl\/wp-content\/uploads\/2021\/02\/IMG_20201216_074933-225x300.jpg 225w, https:\/\/spkeblowo.pl\/wp-content\/uploads\/2021\/02\/IMG_20201216_074933-1152x1536.jpg 1152w, https:\/\/spkeblowo.pl\/wp-content\/uploads\/2021\/02\/IMG_20201216_074933-1536x2048.jpg 1536w, https:\/\/spkeblowo.pl\/wp-content\/uploads\/2021\/02\/IMG_20201216_074933-scaled.jpg 1920w\" sizes=\"(max-width: 768px) 100vw, 768px\" \/><\/figure><\/li><li class=\"blocks-gallery-item\"><figure><img loading=\"lazy\" decoding=\"async\" width=\"1024\" height=\"768\" src=\"https:\/\/spkeblowo.pl\/wp-content\/uploads\/2021\/02\/IMG_20201216_074947-1024x768.jpg\" alt=\"\" data-id=\"1754\" data-full-url=\"https:\/\/spkeblowo.pl\/wp-content\/uploads\/2021\/02\/IMG_20201216_074947-scaled.jpg\" data-link=\"https:\/\/spkeblowo.pl\/?attachment_id=1754\" class=\"wp-image-1754\" srcset=\"https:\/\/spkeblowo.pl\/wp-content\/uploads\/2021\/02\/IMG_20201216_074947-1024x768.jpg 1024w, https:\/\/spkeblowo.pl\/wp-content\/uploads\/2021\/02\/IMG_20201216_074947-300x225.jpg 300w, https:\/\/spkeblowo.pl\/wp-content\/uploads\/2021\/02\/IMG_20201216_074947-768x576.jpg 768w, https:\/\/spkeblowo.pl\/wp-content\/uploads\/2021\/02\/IMG_20201216_074947-1536x1152.jpg 1536w, https:\/\/spkeblowo.pl\/wp-content\/uploads\/2021\/02\/IMG_20201216_074947-2048x1536.jpg 2048w\" sizes=\"(max-width: 1024px) 100vw, 1024px\" \/><\/figure><\/li><li class=\"blocks-gallery-item\"><figure><img loading=\"lazy\" decoding=\"async\" width=\"1024\" height=\"768\" src=\"https:\/\/spkeblowo.pl\/wp-content\/uploads\/2021\/02\/IMG_20201216_074958-1024x768.jpg\" alt=\"\" data-id=\"1755\" data-full-url=\"https:\/\/spkeblowo.pl\/wp-content\/uploads\/2021\/02\/IMG_20201216_074958-scaled.jpg\" data-link=\"https:\/\/spkeblowo.pl\/?attachment_id=1755\" class=\"wp-image-1755\" srcset=\"https:\/\/spkeblowo.pl\/wp-content\/uploads\/2021\/02\/IMG_20201216_074958-1024x768.jpg 1024w, https:\/\/spkeblowo.pl\/wp-content\/uploads\/2021\/02\/IMG_20201216_074958-300x225.jpg 300w, https:\/\/spkeblowo.pl\/wp-content\/uploads\/2021\/02\/IMG_20201216_074958-768x576.jpg 768w, https:\/\/spkeblowo.pl\/wp-content\/uploads\/2021\/02\/IMG_20201216_074958-1536x1152.jpg 1536w, https:\/\/spkeblowo.pl\/wp-content\/uploads\/2021\/02\/IMG_20201216_074958-2048x1536.jpg 2048w\" sizes=\"(max-width: 1024px) 100vw, 1024px\" \/><\/figure><\/li><li class=\"blocks-gallery-item\"><figure><img loading=\"lazy\" decoding=\"async\" width=\"768\" height=\"1024\" src=\"https:\/\/spkeblowo.pl\/wp-content\/uploads\/2021\/02\/IMG_20201216_075253-768x1024.jpg\" alt=\"\" data-id=\"1756\" data-full-url=\"https:\/\/spkeblowo.pl\/wp-content\/uploads\/2021\/02\/IMG_20201216_075253-scaled.jpg\" data-link=\"https:\/\/spkeblowo.pl\/?attachment_id=1756\" class=\"wp-image-1756\" srcset=\"https:\/\/spkeblowo.pl\/wp-content\/uploads\/2021\/02\/IMG_20201216_075253-768x1024.jpg 768w, https:\/\/spkeblowo.pl\/wp-content\/uploads\/2021\/02\/IMG_20201216_075253-225x300.jpg 225w, https:\/\/spkeblowo.pl\/wp-content\/uploads\/2021\/02\/IMG_20201216_075253-1152x1536.jpg 1152w, https:\/\/spkeblowo.pl\/wp-content\/uploads\/2021\/02\/IMG_20201216_075253-1536x2048.jpg 1536w, https:\/\/spkeblowo.pl\/wp-content\/uploads\/2021\/02\/IMG_20201216_075253-scaled.jpg 1920w\" sizes=\"(max-width: 768px) 100vw, 768px\" \/><\/figure><\/li><li class=\"blocks-gallery-item\"><figure><img loading=\"lazy\" decoding=\"async\" width=\"1024\" height=\"768\" src=\"https:\/\/spkeblowo.pl\/wp-content\/uploads\/2021\/02\/IMG_20201216_075311-1024x768.jpg\" alt=\"\" data-id=\"1757\" data-full-url=\"https:\/\/spkeblowo.pl\/wp-content\/uploads\/2021\/02\/IMG_20201216_075311-scaled.jpg\" data-link=\"https:\/\/spkeblowo.pl\/?attachment_id=1757\" class=\"wp-image-1757\" srcset=\"https:\/\/spkeblowo.pl\/wp-content\/uploads\/2021\/02\/IMG_20201216_075311-1024x768.jpg 1024w, https:\/\/spkeblowo.pl\/wp-content\/uploads\/2021\/02\/IMG_20201216_075311-300x225.jpg 300w, https:\/\/spkeblowo.pl\/wp-content\/uploads\/2021\/02\/IMG_20201216_075311-768x576.jpg 768w, https:\/\/spkeblowo.pl\/wp-content\/uploads\/2021\/02\/IMG_20201216_075311-1536x1152.jpg 1536w, https:\/\/spkeblowo.pl\/wp-content\/uploads\/2021\/02\/IMG_20201216_075311-2048x1536.jpg 2048w\" sizes=\"(max-width: 1024px) 100vw, 1024px\" \/><\/figure><\/li><\/ul><\/figure>\n\t\t\t\t\t\t\t\t<\/div>\n\t\t\t\t<\/div>\n\t\t\t\t\t<\/div>\n\t\t<\/div>\n\t\t\t\t\t<\/div>\n\t\t<\/section>\n\t\t\t\t<\/div>\n\t\t","protected":false},"excerpt":{"rendered":"<p>Szko\u0142a im. Jana Paw\u0142a II w K\u0119b\u0142owie otrzyma\u0142a dofinansowanie z Narodowego Programu Rozwoju Czytelnictwa w kwocie 15 tys. z\u0142.<\/p>\n","protected":false},"author":1,"featured_media":1751,"comment_status":"closed","ping_status":"open","sticky":false,"template":"","format":"standard","meta":{"footnotes":""},"categories":[1],"tags":[],"class_list":["post-1749","post","type-post","status-publish","format-standard","has-post-thumbnail","hentry","category-uncategorized"],"yoast_head":"<!-- This site is optimized with the Yoast SEO plugin v27.5 - https:\/\/yoast.com\/product\/yoast-seo-wordpress\/ -->\n<title>Ju\u017c s\u0105!- ksi\u0105\u017cki w naszej bibliotece z NPRCz - Szko\u0142a Podstawowa im. Jana Paw\u0142a II w K\u0119b\u0142owie<\/title>\n<meta name=\"robots\" content=\"index, follow, max-snippet:-1, max-image-preview:large, max-video-preview:-1\" \/>\n<link rel=\"canonical\" href=\"https:\/\/spkeblowo.pl\/?p=1749\" \/>\n<meta property=\"og:locale\" content=\"pl_PL\" \/>\n<meta property=\"og:type\" content=\"article\" \/>\n<meta property=\"og:title\" content=\"Ju\u017c s\u0105!- ksi\u0105\u017cki w naszej bibliotece z NPRCz - Szko\u0142a Podstawowa im. Jana Paw\u0142a II w K\u0119b\u0142owie\" \/>\n<meta property=\"og:description\" content=\"Szko\u0142a im. Jana Paw\u0142a II w K\u0119b\u0142owie otrzyma\u0142a dofinansowanie z Narodowego Programu Rozwoju Czytelnictwa w kwocie 15 tys. z\u0142.\" \/>\n<meta property=\"og:url\" content=\"https:\/\/spkeblowo.pl\/?p=1749\" \/>\n<meta property=\"og:site_name\" content=\"Szko\u0142a Podstawowa im. Jana Paw\u0142a II w K\u0119b\u0142owie\" \/>\n<meta property=\"article:published_time\" content=\"2021-02-09T11:06:56+00:00\" \/>\n<meta property=\"article:modified_time\" content=\"2021-02-09T11:09:27+00:00\" \/>\n<meta property=\"og:image\" content=\"https:\/\/spkeblowo.pl\/wp-content\/uploads\/2021\/02\/IMG_20201216_074741-scaled.jpg\" \/>\n\t<meta property=\"og:image:width\" content=\"2560\" \/>\n\t<meta property=\"og:image:height\" content=\"1920\" \/>\n\t<meta property=\"og:image:type\" content=\"image\/jpeg\" \/>\n<meta name=\"author\" content=\"admin\" \/>\n<meta name=\"twitter:card\" content=\"summary_large_image\" \/>\n<meta name=\"twitter:label1\" content=\"Napisane przez\" \/>\n\t<meta name=\"twitter:data1\" content=\"admin\" \/>\n\t<meta name=\"twitter:label2\" content=\"Szacowany czas czytania\" \/>\n\t<meta name=\"twitter:data2\" content=\"1 minuta\" \/>\n<script type=\"application\/ld+json\" class=\"yoast-schema-graph\">{\"@context\":\"https:\\\/\\\/schema.org\",\"@graph\":[{\"@type\":\"Article\",\"@id\":\"https:\\\/\\\/spkeblowo.pl\\\/?p=1749#article\",\"isPartOf\":{\"@id\":\"https:\\\/\\\/spkeblowo.pl\\\/?p=1749\"},\"author\":{\"name\":\"admin\",\"@id\":\"https:\\\/\\\/spkeblowo.pl\\\/#\\\/schema\\\/person\\\/91f40d6dcc01a89bccab6d147a30874f\"},\"headline\":\"Ju\u017c s\u0105!- ksi\u0105\u017cki w naszej bibliotece z NPRCz\",\"datePublished\":\"2021-02-09T11:06:56+00:00\",\"dateModified\":\"2021-02-09T11:09:27+00:00\",\"mainEntityOfPage\":{\"@id\":\"https:\\\/\\\/spkeblowo.pl\\\/?p=1749\"},\"wordCount\":280,\"publisher\":{\"@id\":\"https:\\\/\\\/spkeblowo.pl\\\/#organization\"},\"image\":{\"@id\":\"https:\\\/\\\/spkeblowo.pl\\\/?p=1749#primaryimage\"},\"thumbnailUrl\":\"https:\\\/\\\/spkeblowo.pl\\\/wp-content\\\/uploads\\\/2021\\\/02\\\/IMG_20201216_074741-scaled.jpg\",\"articleSection\":[\"Uncategorized\"],\"inLanguage\":\"pl-PL\"},{\"@type\":\"WebPage\",\"@id\":\"https:\\\/\\\/spkeblowo.pl\\\/?p=1749\",\"url\":\"https:\\\/\\\/spkeblowo.pl\\\/?p=1749\",\"name\":\"Ju\u017c s\u0105!- ksi\u0105\u017cki w naszej bibliotece z NPRCz - Szko\u0142a Podstawowa im. Jana Paw\u0142a II w K\u0119b\u0142owie\",\"isPartOf\":{\"@id\":\"https:\\\/\\\/spkeblowo.pl\\\/#website\"},\"primaryImageOfPage\":{\"@id\":\"https:\\\/\\\/spkeblowo.pl\\\/?p=1749#primaryimage\"},\"image\":{\"@id\":\"https:\\\/\\\/spkeblowo.pl\\\/?p=1749#primaryimage\"},\"thumbnailUrl\":\"https:\\\/\\\/spkeblowo.pl\\\/wp-content\\\/uploads\\\/2021\\\/02\\\/IMG_20201216_074741-scaled.jpg\",\"datePublished\":\"2021-02-09T11:06:56+00:00\",\"dateModified\":\"2021-02-09T11:09:27+00:00\",\"breadcrumb\":{\"@id\":\"https:\\\/\\\/spkeblowo.pl\\\/?p=1749#breadcrumb\"},\"inLanguage\":\"pl-PL\",\"potentialAction\":[{\"@type\":\"ReadAction\",\"target\":[\"https:\\\/\\\/spkeblowo.pl\\\/?p=1749\"]}]},{\"@type\":\"ImageObject\",\"inLanguage\":\"pl-PL\",\"@id\":\"https:\\\/\\\/spkeblowo.pl\\\/?p=1749#primaryimage\",\"url\":\"https:\\\/\\\/spkeblowo.pl\\\/wp-content\\\/uploads\\\/2021\\\/02\\\/IMG_20201216_074741-scaled.jpg\",\"contentUrl\":\"https:\\\/\\\/spkeblowo.pl\\\/wp-content\\\/uploads\\\/2021\\\/02\\\/IMG_20201216_074741-scaled.jpg\",\"width\":2560,\"height\":1920,\"caption\":\"btr\"},{\"@type\":\"BreadcrumbList\",\"@id\":\"https:\\\/\\\/spkeblowo.pl\\\/?p=1749#breadcrumb\",\"itemListElement\":[{\"@type\":\"ListItem\",\"position\":1,\"name\":\"Strona g\u0142\u00f3wna\",\"item\":\"https:\\\/\\\/spkeblowo.pl\\\/\"},{\"@type\":\"ListItem\",\"position\":2,\"name\":\"Ju\u017c s\u0105!- ksi\u0105\u017cki w&nbsp;naszej bibliotece z&nbsp;NPRCz\"}]},{\"@type\":\"WebSite\",\"@id\":\"https:\\\/\\\/spkeblowo.pl\\\/#website\",\"url\":\"https:\\\/\\\/spkeblowo.pl\\\/\",\"name\":\"Szko\u0142a Podstawowa im. Jana Paw\u0142a II w K\u0119b\u0142owie\",\"description\":\"\",\"publisher\":{\"@id\":\"https:\\\/\\\/spkeblowo.pl\\\/#organization\"},\"potentialAction\":[{\"@type\":\"SearchAction\",\"target\":{\"@type\":\"EntryPoint\",\"urlTemplate\":\"https:\\\/\\\/spkeblowo.pl\\\/?s={search_term_string}\"},\"query-input\":{\"@type\":\"PropertyValueSpecification\",\"valueRequired\":true,\"valueName\":\"search_term_string\"}}],\"inLanguage\":\"pl-PL\"},{\"@type\":\"Organization\",\"@id\":\"https:\\\/\\\/spkeblowo.pl\\\/#organization\",\"name\":\"Szko\u0142a Podstawowa im. Jana Paw\u0142a II w K\u0119b\u0142owie\",\"url\":\"https:\\\/\\\/spkeblowo.pl\\\/\",\"logo\":{\"@type\":\"ImageObject\",\"inLanguage\":\"pl-PL\",\"@id\":\"https:\\\/\\\/spkeblowo.pl\\\/#\\\/schema\\\/logo\\\/image\\\/\",\"url\":\"https:\\\/\\\/spkeblowo.pl\\\/wp-content\\\/uploads\\\/2020\\\/03\\\/2-2.png\",\"contentUrl\":\"https:\\\/\\\/spkeblowo.pl\\\/wp-content\\\/uploads\\\/2020\\\/03\\\/2-2.png\",\"width\":1400,\"height\":350,\"caption\":\"Szko\u0142a Podstawowa im. Jana Paw\u0142a II w K\u0119b\u0142owie\"},\"image\":{\"@id\":\"https:\\\/\\\/spkeblowo.pl\\\/#\\\/schema\\\/logo\\\/image\\\/\"}},{\"@type\":\"Person\",\"@id\":\"https:\\\/\\\/spkeblowo.pl\\\/#\\\/schema\\\/person\\\/91f40d6dcc01a89bccab6d147a30874f\",\"name\":\"admin\",\"image\":{\"@type\":\"ImageObject\",\"inLanguage\":\"pl-PL\",\"@id\":\"https:\\\/\\\/secure.gravatar.com\\\/avatar\\\/a8792c5ea44a0bd480cdae637f0e5e453347ff27968eb8552bf193361ffde3ec?s=96&d=mm&r=g\",\"url\":\"https:\\\/\\\/secure.gravatar.com\\\/avatar\\\/a8792c5ea44a0bd480cdae637f0e5e453347ff27968eb8552bf193361ffde3ec?s=96&d=mm&r=g\",\"contentUrl\":\"https:\\\/\\\/secure.gravatar.com\\\/avatar\\\/a8792c5ea44a0bd480cdae637f0e5e453347ff27968eb8552bf193361ffde3ec?s=96&d=mm&r=g\",\"caption\":\"admin\"},\"url\":\"https:\\\/\\\/spkeblowo.pl\\\/?author=1\"}]}<\/script>\n<!-- \/ Yoast SEO plugin. -->","yoast_head_json":{"title":"Ju\u017c s\u0105!- ksi\u0105\u017cki w naszej bibliotece z NPRCz - Szko\u0142a Podstawowa im. Jana Paw\u0142a II w K\u0119b\u0142owie","robots":{"index":"index","follow":"follow","max-snippet":"max-snippet:-1","max-image-preview":"max-image-preview:large","max-video-preview":"max-video-preview:-1"},"canonical":"https:\/\/spkeblowo.pl\/?p=1749","og_locale":"pl_PL","og_type":"article","og_title":"Ju\u017c s\u0105!- ksi\u0105\u017cki w naszej bibliotece z NPRCz - Szko\u0142a Podstawowa im. Jana Paw\u0142a II w K\u0119b\u0142owie","og_description":"Szko\u0142a im. Jana Paw\u0142a II w K\u0119b\u0142owie otrzyma\u0142a dofinansowanie z Narodowego Programu Rozwoju Czytelnictwa w kwocie 15 tys. z\u0142.","og_url":"https:\/\/spkeblowo.pl\/?p=1749","og_site_name":"Szko\u0142a Podstawowa im. Jana Paw\u0142a II w K\u0119b\u0142owie","article_published_time":"2021-02-09T11:06:56+00:00","article_modified_time":"2021-02-09T11:09:27+00:00","og_image":[{"width":2560,"height":1920,"url":"https:\/\/spkeblowo.pl\/wp-content\/uploads\/2021\/02\/IMG_20201216_074741-scaled.jpg","type":"image\/jpeg"}],"author":"admin","twitter_card":"summary_large_image","twitter_misc":{"Napisane przez":"admin","Szacowany czas czytania":"1 minuta"},"schema":{"@context":"https:\/\/schema.org","@graph":[{"@type":"Article","@id":"https:\/\/spkeblowo.pl\/?p=1749#article","isPartOf":{"@id":"https:\/\/spkeblowo.pl\/?p=1749"},"author":{"name":"admin","@id":"https:\/\/spkeblowo.pl\/#\/schema\/person\/91f40d6dcc01a89bccab6d147a30874f"},"headline":"Ju\u017c s\u0105!- ksi\u0105\u017cki w naszej bibliotece z NPRCz","datePublished":"2021-02-09T11:06:56+00:00","dateModified":"2021-02-09T11:09:27+00:00","mainEntityOfPage":{"@id":"https:\/\/spkeblowo.pl\/?p=1749"},"wordCount":280,"publisher":{"@id":"https:\/\/spkeblowo.pl\/#organization"},"image":{"@id":"https:\/\/spkeblowo.pl\/?p=1749#primaryimage"},"thumbnailUrl":"https:\/\/spkeblowo.pl\/wp-content\/uploads\/2021\/02\/IMG_20201216_074741-scaled.jpg","articleSection":["Uncategorized"],"inLanguage":"pl-PL"},{"@type":"WebPage","@id":"https:\/\/spkeblowo.pl\/?p=1749","url":"https:\/\/spkeblowo.pl\/?p=1749","name":"Ju\u017c s\u0105!- ksi\u0105\u017cki w naszej bibliotece z NPRCz - Szko\u0142a Podstawowa im. Jana Paw\u0142a II w K\u0119b\u0142owie","isPartOf":{"@id":"https:\/\/spkeblowo.pl\/#website"},"primaryImageOfPage":{"@id":"https:\/\/spkeblowo.pl\/?p=1749#primaryimage"},"image":{"@id":"https:\/\/spkeblowo.pl\/?p=1749#primaryimage"},"thumbnailUrl":"https:\/\/spkeblowo.pl\/wp-content\/uploads\/2021\/02\/IMG_20201216_074741-scaled.jpg","datePublished":"2021-02-09T11:06:56+00:00","dateModified":"2021-02-09T11:09:27+00:00","breadcrumb":{"@id":"https:\/\/spkeblowo.pl\/?p=1749#breadcrumb"},"inLanguage":"pl-PL","potentialAction":[{"@type":"ReadAction","target":["https:\/\/spkeblowo.pl\/?p=1749"]}]},{"@type":"ImageObject","inLanguage":"pl-PL","@id":"https:\/\/spkeblowo.pl\/?p=1749#primaryimage","url":"https:\/\/spkeblowo.pl\/wp-content\/uploads\/2021\/02\/IMG_20201216_074741-scaled.jpg","contentUrl":"https:\/\/spkeblowo.pl\/wp-content\/uploads\/2021\/02\/IMG_20201216_074741-scaled.jpg","width":2560,"height":1920,"caption":"btr"},{"@type":"BreadcrumbList","@id":"https:\/\/spkeblowo.pl\/?p=1749#breadcrumb","itemListElement":[{"@type":"ListItem","position":1,"name":"Strona g\u0142\u00f3wna","item":"https:\/\/spkeblowo.pl\/"},{"@type":"ListItem","position":2,"name":"Ju\u017c s\u0105!- ksi\u0105\u017cki w&nbsp;naszej bibliotece z&nbsp;NPRCz"}]},{"@type":"WebSite","@id":"https:\/\/spkeblowo.pl\/#website","url":"https:\/\/spkeblowo.pl\/","name":"Szko\u0142a Podstawowa im. Jana Paw\u0142a II w K\u0119b\u0142owie","description":"","publisher":{"@id":"https:\/\/spkeblowo.pl\/#organization"},"potentialAction":[{"@type":"SearchAction","target":{"@type":"EntryPoint","urlTemplate":"https:\/\/spkeblowo.pl\/?s={search_term_string}"},"query-input":{"@type":"PropertyValueSpecification","valueRequired":true,"valueName":"search_term_string"}}],"inLanguage":"pl-PL"},{"@type":"Organization","@id":"https:\/\/spkeblowo.pl\/#organization","name":"Szko\u0142a Podstawowa im. Jana Paw\u0142a II w K\u0119b\u0142owie","url":"https:\/\/spkeblowo.pl\/","logo":{"@type":"ImageObject","inLanguage":"pl-PL","@id":"https:\/\/spkeblowo.pl\/#\/schema\/logo\/image\/","url":"https:\/\/spkeblowo.pl\/wp-content\/uploads\/2020\/03\/2-2.png","contentUrl":"https:\/\/spkeblowo.pl\/wp-content\/uploads\/2020\/03\/2-2.png","width":1400,"height":350,"caption":"Szko\u0142a Podstawowa im. Jana Paw\u0142a II w K\u0119b\u0142owie"},"image":{"@id":"https:\/\/spkeblowo.pl\/#\/schema\/logo\/image\/"}},{"@type":"Person","@id":"https:\/\/spkeblowo.pl\/#\/schema\/person\/91f40d6dcc01a89bccab6d147a30874f","name":"admin","image":{"@type":"ImageObject","inLanguage":"pl-PL","@id":"https:\/\/secure.gravatar.com\/avatar\/a8792c5ea44a0bd480cdae637f0e5e453347ff27968eb8552bf193361ffde3ec?s=96&d=mm&r=g","url":"https:\/\/secure.gravatar.com\/avatar\/a8792c5ea44a0bd480cdae637f0e5e453347ff27968eb8552bf193361ffde3ec?s=96&d=mm&r=g","contentUrl":"https:\/\/secure.gravatar.com\/avatar\/a8792c5ea44a0bd480cdae637f0e5e453347ff27968eb8552bf193361ffde3ec?s=96&d=mm&r=g","caption":"admin"},"url":"https:\/\/spkeblowo.pl\/?author=1"}]}},"_links":{"self":[{"href":"https:\/\/spkeblowo.pl\/index.php?rest_route=\/wp\/v2\/posts\/1749","targetHints":{"allow":["GET"]}}],"collection":[{"href":"https:\/\/spkeblowo.pl\/index.php?rest_route=\/wp\/v2\/posts"}],"about":[{"href":"https:\/\/spkeblowo.pl\/index.php?rest_route=\/wp\/v2\/types\/post"}],"author":[{"embeddable":true,"href":"https:\/\/spkeblowo.pl\/index.php?rest_route=\/wp\/v2\/users\/1"}],"replies":[{"embeddable":true,"href":"https:\/\/spkeblowo.pl\/index.php?rest_route=%2Fwp%2Fv2%2Fcomments&post=1749"}],"version-history":[{"count":5,"href":"https:\/\/spkeblowo.pl\/index.php?rest_route=\/wp\/v2\/posts\/1749\/revisions"}],"predecessor-version":[{"id":1762,"href":"https:\/\/spkeblowo.pl\/index.php?rest_route=\/wp\/v2\/posts\/1749\/revisions\/1762"}],"wp:featuredmedia":[{"embeddable":true,"href":"https:\/\/spkeblowo.pl\/index.php?rest_route=\/wp\/v2\/media\/1751"}],"wp:attachment":[{"href":"https:\/\/spkeblowo.pl\/index.php?rest_route=%2Fwp%2Fv2%2Fmedia&parent=1749"}],"wp:term":[{"taxonomy":"category","embeddable":true,"href":"https:\/\/spkeblowo.pl\/index.php?rest_route=%2Fwp%2Fv2%2Fcategories&post=1749"},{"taxonomy":"post_tag","embeddable":true,"href":"https:\/\/spkeblowo.pl\/index.php?rest_route=%2Fwp%2Fv2%2Ftags&post=1749"}],"curies":[{"name":"wp","href":"https:\/\/api.w.org\/{rel}","templated":true}]}}