{"id":1675,"date":"2021-02-03T17:25:39","date_gmt":"2021-02-03T15:25:39","guid":{"rendered":"http:\/\/spkeblowo.strefa.pl\/wordpress\/?p=1675"},"modified":"2021-02-03T17:38:34","modified_gmt":"2021-02-03T15:38:34","slug":"xxvi-pomorski-konkurs-literacko-plastyczny-gwiazdka-tuz-tuz","status":"publish","type":"post","link":"https:\/\/spkeblowo.pl\/?p=1675","title":{"rendered":"XXVI   Pomorski Konkurs Literacko-Plastyczny ,,Gwiazdka tu\u017c&#8230; tu\u017c&#8230;&#8221;"},"content":{"rendered":"\t\t<div data-elementor-type=\"wp-post\" data-elementor-id=\"1675\" class=\"elementor elementor-1675\">\n\t\t\t\t\t\t<section class=\"elementor-section elementor-top-section elementor-element elementor-element-34f80f06 elementor-section-boxed elementor-section-height-default elementor-section-height-default\" data-id=\"34f80f06\" data-element_type=\"section\" data-e-type=\"section\">\n\t\t\t\t\t\t<div class=\"elementor-container elementor-column-gap-default\">\n\t\t\t\t\t<div class=\"elementor-column elementor-col-100 elementor-top-column elementor-element elementor-element-1156e131\" data-id=\"1156e131\" data-element_type=\"column\" data-e-type=\"column\">\n\t\t\t<div class=\"elementor-widget-wrap elementor-element-populated\">\n\t\t\t\t\t\t<div class=\"elementor-element elementor-element-778ab83d elementor-widget elementor-widget-text-editor\" data-id=\"778ab83d\" data-element_type=\"widget\" data-e-type=\"widget\" data-widget_type=\"text-editor.default\">\n\t\t\t\t<div class=\"elementor-widget-container\">\n\t\t\t\t\t\t\t\t\t\n<p>Tradycj\u0105 jest, \u017ce uczniowie naszej szko\u0142y ch\u0119tnie bior\u0105 udzia\u0142 w konkursie plastyczno-literackim, organizowanym przez Powiatowy Zesp\u00f3\u0142 Plac\u00f3wek O\u015bwiatowo-Wychowawczych w Wejherowie. Konkurs ,,Gwiazdka tu\u017c&#8230; tu\u017c&#8230;\u201d obejmuje kilka kategorii: literack\u0105, kartk\u0119 \u015bwi\u0105teczn\u0105 i szopk\u0119 bo\u017conarodzeniow\u0105.<\/p>\n<p>Okoliczno\u015bci w bie\u017c\u0105cym roku s\u0105 zupe\u0142nie inne ni\u017c rok temu, ale nie mog\u0142o zabrakn\u0105\u0107 w\u015br\u00f3d nagrodzonych uczni\u00f3w naszej szko\u0142y. W oddzia\u0142ach przedszkolnych, wyr\u00f3\u017cniony zosta\u0142 za wykonanie szopki bo\u017conarodzeniowej- kaszubskiej ucze\u0144 oddzia\u0142u ,<strong>,O&#8221;a <\/strong>&#8211; <strong><em>Franciszek Sobczak.<\/em><\/strong><\/p>\n\n<p>W grupie wiekowej<strong> I-III,<\/strong> w kategorii ,,Kartka \u015bwi\u0105teczna\u201d sukcesy odnios\u0142y nast\u0119puj\u0105ce osoby:<\/p>\n\n<p><strong>III miejsce<\/strong>&#8211; Maja Sobczak z klasy Ib<\/p>\n\n<p><strong>wyr\u00f3\u017cnienie<\/strong>&#8211; Jan Brzezi\u0144ski z klasy IIc.<\/p>\n\n<p>Laureatami konkursu klas <strong>IV-VI,<\/strong> w kategorii ,,Szopka bo\u017conarodzeniowa- kaszubska\u201d zostali:<\/p>\n\n<p><strong>II miejsce<\/strong>&#8211; Zofia Brzezi\u0144ska z klasy VIb<\/p>\n\n<p><strong>III miejsce<\/strong>&#8211; Antonina Turzy\u0144ska z klasy IVc.<\/p>\n\n<p>Opiek\u0119 nad pracami konkursowymi m\u0142odszych klas obj\u0119\u0142a pani Emanuela Jarzembi\u0144ska, natomiast klas IV-VI tradycyjnie ju\u017c sprawowa\u0142a pani wicedyrektor Ewa Tempska.<\/p>\n\n<p>Serdecznie gratulujemy laureatom i opiekunom konkurs\u00f3w:-)<\/p>\n\n<div class=\"wp-block-group\">\n<div class=\"wp-block-group__inner-container is-layout-flow wp-block-group-is-layout-flow\">\n<figure class=\"wp-block-gallery columns-3 is-cropped wp-block-gallery-2 is-layout-flex wp-block-gallery-is-layout-flex\">\n<ul class=\"blocks-gallery-grid\">\n<li class=\"blocks-gallery-item\">\n<figure><img fetchpriority=\"high\" decoding=\"async\" width=\"440\" height=\"800\" class=\"wp-image-1680\" src=\"https:\/\/spkeblowo.pl\/wp-content\/uploads\/2021\/02\/gwiazdka-2.jpg\" alt=\"\" data-id=\"1680\" data-full-url=\"https:\/\/spkeblowo.pl\/wp-content\/uploads\/2021\/02\/gwiazdka-2.jpg\" data-link=\"https:\/\/spkeblowo.pl\/?attachment_id=1680\" srcset=\"https:\/\/spkeblowo.pl\/wp-content\/uploads\/2021\/02\/gwiazdka-2.jpg 440w, https:\/\/spkeblowo.pl\/wp-content\/uploads\/2021\/02\/gwiazdka-2-165x300.jpg 165w\" sizes=\"(max-width: 440px) 100vw, 440px\" \/><\/figure>\n<\/li>\n<li class=\"blocks-gallery-item\">\n<figure><img decoding=\"async\" width=\"768\" height=\"1024\" class=\"wp-image-1688\" src=\"https:\/\/spkeblowo.pl\/wp-content\/uploads\/2021\/02\/IMG_20201222_103527_resized_20201222_115749181-768x1024.jpg\" alt=\"\" data-id=\"1688\" data-full-url=\"https:\/\/spkeblowo.pl\/wp-content\/uploads\/2021\/02\/IMG_20201222_103527_resized_20201222_115749181-scaled.jpg\" data-link=\"https:\/\/spkeblowo.pl\/?attachment_id=1688\" srcset=\"https:\/\/spkeblowo.pl\/wp-content\/uploads\/2021\/02\/IMG_20201222_103527_resized_20201222_115749181-768x1024.jpg 768w, https:\/\/spkeblowo.pl\/wp-content\/uploads\/2021\/02\/IMG_20201222_103527_resized_20201222_115749181-225x300.jpg 225w, https:\/\/spkeblowo.pl\/wp-content\/uploads\/2021\/02\/IMG_20201222_103527_resized_20201222_115749181-1152x1536.jpg 1152w, https:\/\/spkeblowo.pl\/wp-content\/uploads\/2021\/02\/IMG_20201222_103527_resized_20201222_115749181-1536x2048.jpg 1536w, https:\/\/spkeblowo.pl\/wp-content\/uploads\/2021\/02\/IMG_20201222_103527_resized_20201222_115749181-scaled.jpg 1920w\" sizes=\"(max-width: 768px) 100vw, 768px\" \/><\/figure>\n<\/li>\n<li class=\"blocks-gallery-item\">\n<figure><img decoding=\"async\" width=\"573\" height=\"1024\" class=\"wp-image-1681\" src=\"https:\/\/spkeblowo.pl\/wp-content\/uploads\/2021\/02\/Maja-konkurs-2-573x1024.jpg\" alt=\"\" data-id=\"1681\" data-full-url=\"https:\/\/spkeblowo.pl\/wp-content\/uploads\/2021\/02\/Maja-konkurs-2-scaled.jpg\" data-link=\"https:\/\/spkeblowo.pl\/?attachment_id=1681\" srcset=\"https:\/\/spkeblowo.pl\/wp-content\/uploads\/2021\/02\/Maja-konkurs-2-573x1024.jpg 573w, https:\/\/spkeblowo.pl\/wp-content\/uploads\/2021\/02\/Maja-konkurs-2-168x300.jpg 168w, https:\/\/spkeblowo.pl\/wp-content\/uploads\/2021\/02\/Maja-konkurs-2-768x1373.jpg 768w, https:\/\/spkeblowo.pl\/wp-content\/uploads\/2021\/02\/Maja-konkurs-2-859x1536.jpg 859w, https:\/\/spkeblowo.pl\/wp-content\/uploads\/2021\/02\/Maja-konkurs-2-1146x2048.jpg 1146w, https:\/\/spkeblowo.pl\/wp-content\/uploads\/2021\/02\/Maja-konkurs-2-scaled.jpg 1432w\" sizes=\"(max-width: 573px) 100vw, 573px\" \/><\/figure>\n<\/li>\n<li class=\"blocks-gallery-item\">\n<figure><img loading=\"lazy\" decoding=\"async\" width=\"1024\" height=\"768\" class=\"wp-image-1694\" src=\"https:\/\/spkeblowo.pl\/wp-content\/uploads\/2021\/02\/DSCF8345-1-1024x768.jpg\" alt=\"\" data-id=\"1694\" data-full-url=\"https:\/\/spkeblowo.pl\/wp-content\/uploads\/2021\/02\/DSCF8345-1-scaled.jpg\" data-link=\"https:\/\/spkeblowo.pl\/?attachment_id=1694\" srcset=\"https:\/\/spkeblowo.pl\/wp-content\/uploads\/2021\/02\/DSCF8345-1-1024x768.jpg 1024w, https:\/\/spkeblowo.pl\/wp-content\/uploads\/2021\/02\/DSCF8345-1-300x225.jpg 300w, https:\/\/spkeblowo.pl\/wp-content\/uploads\/2021\/02\/DSCF8345-1-768x576.jpg 768w, https:\/\/spkeblowo.pl\/wp-content\/uploads\/2021\/02\/DSCF8345-1-1536x1152.jpg 1536w, https:\/\/spkeblowo.pl\/wp-content\/uploads\/2021\/02\/DSCF8345-1-2048x1536.jpg 2048w\" sizes=\"(max-width: 1024px) 100vw, 1024px\" \/><\/figure>\n<\/li>\n<li class=\"blocks-gallery-item\">\n<figure><img loading=\"lazy\" decoding=\"async\" width=\"1024\" height=\"768\" class=\"wp-image-1693\" src=\"https:\/\/spkeblowo.pl\/wp-content\/uploads\/2021\/02\/DSCF8346-1-1024x768.jpg\" alt=\"\" data-id=\"1693\" data-full-url=\"https:\/\/spkeblowo.pl\/wp-content\/uploads\/2021\/02\/DSCF8346-1-scaled.jpg\" data-link=\"https:\/\/spkeblowo.pl\/?attachment_id=1693\" srcset=\"https:\/\/spkeblowo.pl\/wp-content\/uploads\/2021\/02\/DSCF8346-1-1024x768.jpg 1024w, https:\/\/spkeblowo.pl\/wp-content\/uploads\/2021\/02\/DSCF8346-1-300x225.jpg 300w, https:\/\/spkeblowo.pl\/wp-content\/uploads\/2021\/02\/DSCF8346-1-768x576.jpg 768w, https:\/\/spkeblowo.pl\/wp-content\/uploads\/2021\/02\/DSCF8346-1-1536x1152.jpg 1536w, https:\/\/spkeblowo.pl\/wp-content\/uploads\/2021\/02\/DSCF8346-1-2048x1536.jpg 2048w\" sizes=\"(max-width: 1024px) 100vw, 1024px\" \/><\/figure>\n<\/li>\n<li class=\"blocks-gallery-item\">\n<figure><img loading=\"lazy\" decoding=\"async\" width=\"1024\" height=\"768\" class=\"wp-image-1691\" src=\"https:\/\/spkeblowo.pl\/wp-content\/uploads\/2021\/02\/DSCF8353-1-1024x768.jpg\" alt=\"\" data-id=\"1691\" data-full-url=\"https:\/\/spkeblowo.pl\/wp-content\/uploads\/2021\/02\/DSCF8353-1-scaled.jpg\" data-link=\"https:\/\/spkeblowo.pl\/?attachment_id=1691\" srcset=\"https:\/\/spkeblowo.pl\/wp-content\/uploads\/2021\/02\/DSCF8353-1-1024x768.jpg 1024w, https:\/\/spkeblowo.pl\/wp-content\/uploads\/2021\/02\/DSCF8353-1-300x225.jpg 300w, https:\/\/spkeblowo.pl\/wp-content\/uploads\/2021\/02\/DSCF8353-1-768x576.jpg 768w, https:\/\/spkeblowo.pl\/wp-content\/uploads\/2021\/02\/DSCF8353-1-1536x1152.jpg 1536w, https:\/\/spkeblowo.pl\/wp-content\/uploads\/2021\/02\/DSCF8353-1-2048x1536.jpg 2048w\" sizes=\"(max-width: 1024px) 100vw, 1024px\" \/><\/figure>\n<\/li>\n<li class=\"blocks-gallery-item\">\n<figure><img loading=\"lazy\" decoding=\"async\" width=\"1024\" height=\"768\" class=\"wp-image-1690\" src=\"https:\/\/spkeblowo.pl\/wp-content\/uploads\/2021\/02\/DSCF8354-1-1024x768.jpg\" alt=\"\" data-id=\"1690\" data-full-url=\"https:\/\/spkeblowo.pl\/wp-content\/uploads\/2021\/02\/DSCF8354-1-scaled.jpg\" data-link=\"https:\/\/spkeblowo.pl\/?attachment_id=1690\" srcset=\"https:\/\/spkeblowo.pl\/wp-content\/uploads\/2021\/02\/DSCF8354-1-1024x768.jpg 1024w, https:\/\/spkeblowo.pl\/wp-content\/uploads\/2021\/02\/DSCF8354-1-300x225.jpg 300w, https:\/\/spkeblowo.pl\/wp-content\/uploads\/2021\/02\/DSCF8354-1-768x576.jpg 768w, https:\/\/spkeblowo.pl\/wp-content\/uploads\/2021\/02\/DSCF8354-1-1536x1152.jpg 1536w, https:\/\/spkeblowo.pl\/wp-content\/uploads\/2021\/02\/DSCF8354-1-2048x1536.jpg 2048w\" sizes=\"(max-width: 1024px) 100vw, 1024px\" \/><\/figure>\n<\/li>\n<li class=\"blocks-gallery-item\">\n<figure><img loading=\"lazy\" decoding=\"async\" width=\"1024\" height=\"768\" class=\"wp-image-1689\" src=\"https:\/\/spkeblowo.pl\/wp-content\/uploads\/2021\/02\/DSCF8355-1-1024x768.jpg\" alt=\"\" data-id=\"1689\" data-full-url=\"https:\/\/spkeblowo.pl\/wp-content\/uploads\/2021\/02\/DSCF8355-1-scaled.jpg\" data-link=\"https:\/\/spkeblowo.pl\/?attachment_id=1689\" srcset=\"https:\/\/spkeblowo.pl\/wp-content\/uploads\/2021\/02\/DSCF8355-1-1024x768.jpg 1024w, https:\/\/spkeblowo.pl\/wp-content\/uploads\/2021\/02\/DSCF8355-1-300x225.jpg 300w, https:\/\/spkeblowo.pl\/wp-content\/uploads\/2021\/02\/DSCF8355-1-768x576.jpg 768w, https:\/\/spkeblowo.pl\/wp-content\/uploads\/2021\/02\/DSCF8355-1-1536x1152.jpg 1536w, https:\/\/spkeblowo.pl\/wp-content\/uploads\/2021\/02\/DSCF8355-1-2048x1536.jpg 2048w\" sizes=\"(max-width: 1024px) 100vw, 1024px\" \/><\/figure>\n<\/li>\n<li class=\"blocks-gallery-item\">\n<figure><img loading=\"lazy\" decoding=\"async\" width=\"1024\" height=\"768\" class=\"wp-image-1686\" src=\"https:\/\/spkeblowo.pl\/wp-content\/uploads\/2021\/02\/DSCF8346-1024x768.jpg\" alt=\"\" data-id=\"1686\" data-full-url=\"https:\/\/spkeblowo.pl\/wp-content\/uploads\/2021\/02\/DSCF8346-scaled.jpg\" data-link=\"https:\/\/spkeblowo.pl\/?attachment_id=1686\" srcset=\"https:\/\/spkeblowo.pl\/wp-content\/uploads\/2021\/02\/DSCF8346-1024x768.jpg 1024w, https:\/\/spkeblowo.pl\/wp-content\/uploads\/2021\/02\/DSCF8346-300x225.jpg 300w, https:\/\/spkeblowo.pl\/wp-content\/uploads\/2021\/02\/DSCF8346-768x576.jpg 768w, https:\/\/spkeblowo.pl\/wp-content\/uploads\/2021\/02\/DSCF8346-1536x1152.jpg 1536w, https:\/\/spkeblowo.pl\/wp-content\/uploads\/2021\/02\/DSCF8346-2048x1536.jpg 2048w\" sizes=\"(max-width: 1024px) 100vw, 1024px\" \/><\/figure>\n<\/li>\n<\/ul>\n<\/figure>\n<\/div>\n<\/div>\n\t\t\t\t\t\t\t\t<\/div>\n\t\t\t\t<\/div>\n\t\t\t\t\t<\/div>\n\t\t<\/div>\n\t\t\t\t\t<\/div>\n\t\t<\/section>\n\t\t\t\t<\/div>\n\t\t","protected":false},"excerpt":{"rendered":"<p>Tradycj\u0105 jest, \u017ce uczniowie naszej szko\u0142y ch\u0119tnie bior\u0105 udzia\u0142 w konkursie plastyczno-literackim, organizowanym przez Powiatowy Zesp\u00f3\u0142 Plac\u00f3wek O\u015bwiatowo-Wychowawczych w Wejherowie. Konkurs ,,Gwiazdka tu\u017c&#8230; tu\u017c&#8230;\u201d obejmuje kilka kategorii: literack\u0105, kartk\u0119 \u015bwi\u0105teczn\u0105 i szopk\u0119 bo\u017conarodzeniow\u0105.<\/p>\n","protected":false},"author":1,"featured_media":1692,"comment_status":"closed","ping_status":"open","sticky":false,"template":"","format":"standard","meta":{"footnotes":""},"categories":[1],"tags":[],"class_list":["post-1675","post","type-post","status-publish","format-standard","has-post-thumbnail","hentry","category-uncategorized"],"yoast_head":"<!-- This site is optimized with the Yoast SEO plugin v27.5 - https:\/\/yoast.com\/product\/yoast-seo-wordpress\/ -->\n<title>XXVI  Pomorski Konkurs Literacko-Plastyczny ,,Gwiazdka tu\u017c... tu\u017c...&quot; - Szko\u0142a Podstawowa im. Jana Paw\u0142a II w K\u0119b\u0142owie<\/title>\n<meta name=\"robots\" content=\"index, follow, max-snippet:-1, max-image-preview:large, max-video-preview:-1\" \/>\n<link rel=\"canonical\" href=\"https:\/\/spkeblowo.pl\/?p=1675\" \/>\n<meta property=\"og:locale\" content=\"pl_PL\" \/>\n<meta property=\"og:type\" content=\"article\" \/>\n<meta property=\"og:title\" content=\"XXVI  Pomorski Konkurs Literacko-Plastyczny ,,Gwiazdka tu\u017c... tu\u017c...&quot; - Szko\u0142a Podstawowa im. Jana Paw\u0142a II w K\u0119b\u0142owie\" \/>\n<meta property=\"og:description\" content=\"Tradycj\u0105 jest, \u017ce uczniowie naszej szko\u0142y ch\u0119tnie bior\u0105 udzia\u0142 w konkursie plastyczno-literackim, organizowanym przez Powiatowy Zesp\u00f3\u0142 Plac\u00f3wek O\u015bwiatowo-Wychowawczych w Wejherowie. Konkurs ,,Gwiazdka tu\u017c... tu\u017c...\u201d obejmuje kilka kategorii: literack\u0105, kartk\u0119 \u015bwi\u0105teczn\u0105 i szopk\u0119 bo\u017conarodzeniow\u0105.\" \/>\n<meta property=\"og:url\" content=\"https:\/\/spkeblowo.pl\/?p=1675\" \/>\n<meta property=\"og:site_name\" content=\"Szko\u0142a Podstawowa im. Jana Paw\u0142a II w K\u0119b\u0142owie\" \/>\n<meta property=\"article:published_time\" content=\"2021-02-03T15:25:39+00:00\" \/>\n<meta property=\"article:modified_time\" content=\"2021-02-03T15:38:34+00:00\" \/>\n<meta property=\"og:image\" content=\"https:\/\/spkeblowo.pl\/wp-content\/uploads\/2021\/02\/DSCF8348-1-scaled-e1612366634873.jpg\" \/>\n\t<meta property=\"og:image:width\" content=\"2000\" \/>\n\t<meta property=\"og:image:height\" content=\"1500\" \/>\n\t<meta property=\"og:image:type\" content=\"image\/jpeg\" \/>\n<meta name=\"author\" content=\"admin\" \/>\n<meta name=\"twitter:card\" content=\"summary_large_image\" \/>\n<meta name=\"twitter:label1\" content=\"Napisane przez\" \/>\n\t<meta name=\"twitter:data1\" content=\"admin\" \/>\n\t<meta name=\"twitter:label2\" content=\"Szacowany czas czytania\" \/>\n\t<meta name=\"twitter:data2\" content=\"1 minuta\" \/>\n<script type=\"application\/ld+json\" class=\"yoast-schema-graph\">{\"@context\":\"https:\\\/\\\/schema.org\",\"@graph\":[{\"@type\":\"Article\",\"@id\":\"https:\\\/\\\/spkeblowo.pl\\\/?p=1675#article\",\"isPartOf\":{\"@id\":\"https:\\\/\\\/spkeblowo.pl\\\/?p=1675\"},\"author\":{\"name\":\"admin\",\"@id\":\"https:\\\/\\\/spkeblowo.pl\\\/#\\\/schema\\\/person\\\/91f40d6dcc01a89bccab6d147a30874f\"},\"headline\":\"XXVI Pomorski Konkurs Literacko-Plastyczny ,,Gwiazdka tu\u017c&#8230; tu\u017c&#8230;&#8221;\",\"datePublished\":\"2021-02-03T15:25:39+00:00\",\"dateModified\":\"2021-02-03T15:38:34+00:00\",\"mainEntityOfPage\":{\"@id\":\"https:\\\/\\\/spkeblowo.pl\\\/?p=1675\"},\"wordCount\":184,\"publisher\":{\"@id\":\"https:\\\/\\\/spkeblowo.pl\\\/#organization\"},\"image\":{\"@id\":\"https:\\\/\\\/spkeblowo.pl\\\/?p=1675#primaryimage\"},\"thumbnailUrl\":\"https:\\\/\\\/spkeblowo.pl\\\/wp-content\\\/uploads\\\/2021\\\/02\\\/DSCF8348-1-scaled-e1612366634873.jpg\",\"articleSection\":[\"Uncategorized\"],\"inLanguage\":\"pl-PL\"},{\"@type\":\"WebPage\",\"@id\":\"https:\\\/\\\/spkeblowo.pl\\\/?p=1675\",\"url\":\"https:\\\/\\\/spkeblowo.pl\\\/?p=1675\",\"name\":\"XXVI Pomorski Konkurs Literacko-Plastyczny ,,Gwiazdka tu\u017c... tu\u017c...\\\" - Szko\u0142a Podstawowa im. Jana Paw\u0142a II w K\u0119b\u0142owie\",\"isPartOf\":{\"@id\":\"https:\\\/\\\/spkeblowo.pl\\\/#website\"},\"primaryImageOfPage\":{\"@id\":\"https:\\\/\\\/spkeblowo.pl\\\/?p=1675#primaryimage\"},\"image\":{\"@id\":\"https:\\\/\\\/spkeblowo.pl\\\/?p=1675#primaryimage\"},\"thumbnailUrl\":\"https:\\\/\\\/spkeblowo.pl\\\/wp-content\\\/uploads\\\/2021\\\/02\\\/DSCF8348-1-scaled-e1612366634873.jpg\",\"datePublished\":\"2021-02-03T15:25:39+00:00\",\"dateModified\":\"2021-02-03T15:38:34+00:00\",\"breadcrumb\":{\"@id\":\"https:\\\/\\\/spkeblowo.pl\\\/?p=1675#breadcrumb\"},\"inLanguage\":\"pl-PL\",\"potentialAction\":[{\"@type\":\"ReadAction\",\"target\":[\"https:\\\/\\\/spkeblowo.pl\\\/?p=1675\"]}]},{\"@type\":\"ImageObject\",\"inLanguage\":\"pl-PL\",\"@id\":\"https:\\\/\\\/spkeblowo.pl\\\/?p=1675#primaryimage\",\"url\":\"https:\\\/\\\/spkeblowo.pl\\\/wp-content\\\/uploads\\\/2021\\\/02\\\/DSCF8348-1-scaled-e1612366634873.jpg\",\"contentUrl\":\"https:\\\/\\\/spkeblowo.pl\\\/wp-content\\\/uploads\\\/2021\\\/02\\\/DSCF8348-1-scaled-e1612366634873.jpg\",\"width\":2000,\"height\":1500},{\"@type\":\"BreadcrumbList\",\"@id\":\"https:\\\/\\\/spkeblowo.pl\\\/?p=1675#breadcrumb\",\"itemListElement\":[{\"@type\":\"ListItem\",\"position\":1,\"name\":\"Strona g\u0142\u00f3wna\",\"item\":\"https:\\\/\\\/spkeblowo.pl\\\/\"},{\"@type\":\"ListItem\",\"position\":2,\"name\":\"XXVI Pomorski Konkurs Literacko-Plastyczny ,,Gwiazdka tu\u017c&#8230; tu\u017c&#8230;&#8221;\"}]},{\"@type\":\"WebSite\",\"@id\":\"https:\\\/\\\/spkeblowo.pl\\\/#website\",\"url\":\"https:\\\/\\\/spkeblowo.pl\\\/\",\"name\":\"Szko\u0142a Podstawowa im. Jana Paw\u0142a II w K\u0119b\u0142owie\",\"description\":\"\",\"publisher\":{\"@id\":\"https:\\\/\\\/spkeblowo.pl\\\/#organization\"},\"potentialAction\":[{\"@type\":\"SearchAction\",\"target\":{\"@type\":\"EntryPoint\",\"urlTemplate\":\"https:\\\/\\\/spkeblowo.pl\\\/?s={search_term_string}\"},\"query-input\":{\"@type\":\"PropertyValueSpecification\",\"valueRequired\":true,\"valueName\":\"search_term_string\"}}],\"inLanguage\":\"pl-PL\"},{\"@type\":\"Organization\",\"@id\":\"https:\\\/\\\/spkeblowo.pl\\\/#organization\",\"name\":\"Szko\u0142a Podstawowa im. Jana Paw\u0142a II w K\u0119b\u0142owie\",\"url\":\"https:\\\/\\\/spkeblowo.pl\\\/\",\"logo\":{\"@type\":\"ImageObject\",\"inLanguage\":\"pl-PL\",\"@id\":\"https:\\\/\\\/spkeblowo.pl\\\/#\\\/schema\\\/logo\\\/image\\\/\",\"url\":\"https:\\\/\\\/spkeblowo.pl\\\/wp-content\\\/uploads\\\/2020\\\/03\\\/2-2.png\",\"contentUrl\":\"https:\\\/\\\/spkeblowo.pl\\\/wp-content\\\/uploads\\\/2020\\\/03\\\/2-2.png\",\"width\":1400,\"height\":350,\"caption\":\"Szko\u0142a Podstawowa im. Jana Paw\u0142a II w K\u0119b\u0142owie\"},\"image\":{\"@id\":\"https:\\\/\\\/spkeblowo.pl\\\/#\\\/schema\\\/logo\\\/image\\\/\"}},{\"@type\":\"Person\",\"@id\":\"https:\\\/\\\/spkeblowo.pl\\\/#\\\/schema\\\/person\\\/91f40d6dcc01a89bccab6d147a30874f\",\"name\":\"admin\",\"image\":{\"@type\":\"ImageObject\",\"inLanguage\":\"pl-PL\",\"@id\":\"https:\\\/\\\/secure.gravatar.com\\\/avatar\\\/a8792c5ea44a0bd480cdae637f0e5e453347ff27968eb8552bf193361ffde3ec?s=96&d=mm&r=g\",\"url\":\"https:\\\/\\\/secure.gravatar.com\\\/avatar\\\/a8792c5ea44a0bd480cdae637f0e5e453347ff27968eb8552bf193361ffde3ec?s=96&d=mm&r=g\",\"contentUrl\":\"https:\\\/\\\/secure.gravatar.com\\\/avatar\\\/a8792c5ea44a0bd480cdae637f0e5e453347ff27968eb8552bf193361ffde3ec?s=96&d=mm&r=g\",\"caption\":\"admin\"},\"url\":\"https:\\\/\\\/spkeblowo.pl\\\/?author=1\"}]}<\/script>\n<!-- \/ Yoast SEO plugin. -->","yoast_head_json":{"title":"XXVI  Pomorski Konkurs Literacko-Plastyczny ,,Gwiazdka tu\u017c... tu\u017c...\" - Szko\u0142a Podstawowa im. Jana Paw\u0142a II w K\u0119b\u0142owie","robots":{"index":"index","follow":"follow","max-snippet":"max-snippet:-1","max-image-preview":"max-image-preview:large","max-video-preview":"max-video-preview:-1"},"canonical":"https:\/\/spkeblowo.pl\/?p=1675","og_locale":"pl_PL","og_type":"article","og_title":"XXVI  Pomorski Konkurs Literacko-Plastyczny ,,Gwiazdka tu\u017c... tu\u017c...\" - Szko\u0142a Podstawowa im. Jana Paw\u0142a II w K\u0119b\u0142owie","og_description":"Tradycj\u0105 jest, \u017ce uczniowie naszej szko\u0142y ch\u0119tnie bior\u0105 udzia\u0142 w konkursie plastyczno-literackim, organizowanym przez Powiatowy Zesp\u00f3\u0142 Plac\u00f3wek O\u015bwiatowo-Wychowawczych w Wejherowie. Konkurs ,,Gwiazdka tu\u017c... tu\u017c...\u201d obejmuje kilka kategorii: literack\u0105, kartk\u0119 \u015bwi\u0105teczn\u0105 i szopk\u0119 bo\u017conarodzeniow\u0105.","og_url":"https:\/\/spkeblowo.pl\/?p=1675","og_site_name":"Szko\u0142a Podstawowa im. Jana Paw\u0142a II w K\u0119b\u0142owie","article_published_time":"2021-02-03T15:25:39+00:00","article_modified_time":"2021-02-03T15:38:34+00:00","og_image":[{"width":2000,"height":1500,"url":"https:\/\/spkeblowo.pl\/wp-content\/uploads\/2021\/02\/DSCF8348-1-scaled-e1612366634873.jpg","type":"image\/jpeg"}],"author":"admin","twitter_card":"summary_large_image","twitter_misc":{"Napisane przez":"admin","Szacowany czas czytania":"1 minuta"},"schema":{"@context":"https:\/\/schema.org","@graph":[{"@type":"Article","@id":"https:\/\/spkeblowo.pl\/?p=1675#article","isPartOf":{"@id":"https:\/\/spkeblowo.pl\/?p=1675"},"author":{"name":"admin","@id":"https:\/\/spkeblowo.pl\/#\/schema\/person\/91f40d6dcc01a89bccab6d147a30874f"},"headline":"XXVI Pomorski Konkurs Literacko-Plastyczny ,,Gwiazdka tu\u017c&#8230; tu\u017c&#8230;&#8221;","datePublished":"2021-02-03T15:25:39+00:00","dateModified":"2021-02-03T15:38:34+00:00","mainEntityOfPage":{"@id":"https:\/\/spkeblowo.pl\/?p=1675"},"wordCount":184,"publisher":{"@id":"https:\/\/spkeblowo.pl\/#organization"},"image":{"@id":"https:\/\/spkeblowo.pl\/?p=1675#primaryimage"},"thumbnailUrl":"https:\/\/spkeblowo.pl\/wp-content\/uploads\/2021\/02\/DSCF8348-1-scaled-e1612366634873.jpg","articleSection":["Uncategorized"],"inLanguage":"pl-PL"},{"@type":"WebPage","@id":"https:\/\/spkeblowo.pl\/?p=1675","url":"https:\/\/spkeblowo.pl\/?p=1675","name":"XXVI Pomorski Konkurs Literacko-Plastyczny ,,Gwiazdka tu\u017c... tu\u017c...\" - Szko\u0142a Podstawowa im. Jana Paw\u0142a II w K\u0119b\u0142owie","isPartOf":{"@id":"https:\/\/spkeblowo.pl\/#website"},"primaryImageOfPage":{"@id":"https:\/\/spkeblowo.pl\/?p=1675#primaryimage"},"image":{"@id":"https:\/\/spkeblowo.pl\/?p=1675#primaryimage"},"thumbnailUrl":"https:\/\/spkeblowo.pl\/wp-content\/uploads\/2021\/02\/DSCF8348-1-scaled-e1612366634873.jpg","datePublished":"2021-02-03T15:25:39+00:00","dateModified":"2021-02-03T15:38:34+00:00","breadcrumb":{"@id":"https:\/\/spkeblowo.pl\/?p=1675#breadcrumb"},"inLanguage":"pl-PL","potentialAction":[{"@type":"ReadAction","target":["https:\/\/spkeblowo.pl\/?p=1675"]}]},{"@type":"ImageObject","inLanguage":"pl-PL","@id":"https:\/\/spkeblowo.pl\/?p=1675#primaryimage","url":"https:\/\/spkeblowo.pl\/wp-content\/uploads\/2021\/02\/DSCF8348-1-scaled-e1612366634873.jpg","contentUrl":"https:\/\/spkeblowo.pl\/wp-content\/uploads\/2021\/02\/DSCF8348-1-scaled-e1612366634873.jpg","width":2000,"height":1500},{"@type":"BreadcrumbList","@id":"https:\/\/spkeblowo.pl\/?p=1675#breadcrumb","itemListElement":[{"@type":"ListItem","position":1,"name":"Strona g\u0142\u00f3wna","item":"https:\/\/spkeblowo.pl\/"},{"@type":"ListItem","position":2,"name":"XXVI Pomorski Konkurs Literacko-Plastyczny ,,Gwiazdka tu\u017c&#8230; tu\u017c&#8230;&#8221;"}]},{"@type":"WebSite","@id":"https:\/\/spkeblowo.pl\/#website","url":"https:\/\/spkeblowo.pl\/","name":"Szko\u0142a Podstawowa im. Jana Paw\u0142a II w K\u0119b\u0142owie","description":"","publisher":{"@id":"https:\/\/spkeblowo.pl\/#organization"},"potentialAction":[{"@type":"SearchAction","target":{"@type":"EntryPoint","urlTemplate":"https:\/\/spkeblowo.pl\/?s={search_term_string}"},"query-input":{"@type":"PropertyValueSpecification","valueRequired":true,"valueName":"search_term_string"}}],"inLanguage":"pl-PL"},{"@type":"Organization","@id":"https:\/\/spkeblowo.pl\/#organization","name":"Szko\u0142a Podstawowa im. Jana Paw\u0142a II w K\u0119b\u0142owie","url":"https:\/\/spkeblowo.pl\/","logo":{"@type":"ImageObject","inLanguage":"pl-PL","@id":"https:\/\/spkeblowo.pl\/#\/schema\/logo\/image\/","url":"https:\/\/spkeblowo.pl\/wp-content\/uploads\/2020\/03\/2-2.png","contentUrl":"https:\/\/spkeblowo.pl\/wp-content\/uploads\/2020\/03\/2-2.png","width":1400,"height":350,"caption":"Szko\u0142a Podstawowa im. Jana Paw\u0142a II w K\u0119b\u0142owie"},"image":{"@id":"https:\/\/spkeblowo.pl\/#\/schema\/logo\/image\/"}},{"@type":"Person","@id":"https:\/\/spkeblowo.pl\/#\/schema\/person\/91f40d6dcc01a89bccab6d147a30874f","name":"admin","image":{"@type":"ImageObject","inLanguage":"pl-PL","@id":"https:\/\/secure.gravatar.com\/avatar\/a8792c5ea44a0bd480cdae637f0e5e453347ff27968eb8552bf193361ffde3ec?s=96&d=mm&r=g","url":"https:\/\/secure.gravatar.com\/avatar\/a8792c5ea44a0bd480cdae637f0e5e453347ff27968eb8552bf193361ffde3ec?s=96&d=mm&r=g","contentUrl":"https:\/\/secure.gravatar.com\/avatar\/a8792c5ea44a0bd480cdae637f0e5e453347ff27968eb8552bf193361ffde3ec?s=96&d=mm&r=g","caption":"admin"},"url":"https:\/\/spkeblowo.pl\/?author=1"}]}},"_links":{"self":[{"href":"https:\/\/spkeblowo.pl\/index.php?rest_route=\/wp\/v2\/posts\/1675","targetHints":{"allow":["GET"]}}],"collection":[{"href":"https:\/\/spkeblowo.pl\/index.php?rest_route=\/wp\/v2\/posts"}],"about":[{"href":"https:\/\/spkeblowo.pl\/index.php?rest_route=\/wp\/v2\/types\/post"}],"author":[{"embeddable":true,"href":"https:\/\/spkeblowo.pl\/index.php?rest_route=\/wp\/v2\/users\/1"}],"replies":[{"embeddable":true,"href":"https:\/\/spkeblowo.pl\/index.php?rest_route=%2Fwp%2Fv2%2Fcomments&post=1675"}],"version-history":[{"count":8,"href":"https:\/\/spkeblowo.pl\/index.php?rest_route=\/wp\/v2\/posts\/1675\/revisions"}],"predecessor-version":[{"id":1703,"href":"https:\/\/spkeblowo.pl\/index.php?rest_route=\/wp\/v2\/posts\/1675\/revisions\/1703"}],"wp:featuredmedia":[{"embeddable":true,"href":"https:\/\/spkeblowo.pl\/index.php?rest_route=\/wp\/v2\/media\/1692"}],"wp:attachment":[{"href":"https:\/\/spkeblowo.pl\/index.php?rest_route=%2Fwp%2Fv2%2Fmedia&parent=1675"}],"wp:term":[{"taxonomy":"category","embeddable":true,"href":"https:\/\/spkeblowo.pl\/index.php?rest_route=%2Fwp%2Fv2%2Fcategories&post=1675"},{"taxonomy":"post_tag","embeddable":true,"href":"https:\/\/spkeblowo.pl\/index.php?rest_route=%2Fwp%2Fv2%2Ftags&post=1675"}],"curies":[{"name":"wp","href":"https:\/\/api.w.org\/{rel}","templated":true}]}}