{"id":1561,"date":"2020-12-02T16:32:15","date_gmt":"2020-12-02T14:32:15","guid":{"rendered":"http:\/\/spkeblowo.strefa.pl\/wordpress\/?p=1561"},"modified":"2020-12-02T16:35:55","modified_gmt":"2020-12-02T14:35:55","slug":"nasza-szkolna-akcja-swiateczna-paczka","status":"publish","type":"post","link":"https:\/\/spkeblowo.pl\/?p=1561","title":{"rendered":"Nasza szkolna akcja &#8222;\u015awi\u0105teczna Paczka&#8221;"},"content":{"rendered":"\t\t<div data-elementor-type=\"wp-post\" data-elementor-id=\"1561\" class=\"elementor elementor-1561\">\n\t\t\t\t\t\t<section class=\"elementor-section elementor-top-section elementor-element elementor-element-3e106c12 elementor-section-boxed elementor-section-height-default elementor-section-height-default\" data-id=\"3e106c12\" data-element_type=\"section\" data-e-type=\"section\">\n\t\t\t\t\t\t<div class=\"elementor-container elementor-column-gap-default\">\n\t\t\t\t\t<div class=\"elementor-column elementor-col-100 elementor-top-column elementor-element elementor-element-29c186b0\" data-id=\"29c186b0\" data-element_type=\"column\" data-e-type=\"column\">\n\t\t\t<div class=\"elementor-widget-wrap elementor-element-populated\">\n\t\t\t\t\t\t<div class=\"elementor-element elementor-element-201fb584 elementor-widget elementor-widget-text-editor\" data-id=\"201fb584\" data-element_type=\"widget\" data-e-type=\"widget\" data-widget_type=\"text-editor.default\">\n\t\t\t\t<div class=\"elementor-widget-container\">\n\t\t\t\t\t\t\t\t\t\n<p>Grudzie\u0144 to miesi\u0105c oczekiwania na \u015awi\u0119ta Bo\u017cego Narodzenia<img decoding=\"async\" height=\"16\" width=\"16\" alt=\"&#x1f385;\" src=\"https:\/\/static.xx.fbcdn.net\/images\/emoji.php\/v9\/te1\/1.5\/16\/1f385.png\">, podczas kt\u00f3rych spotykamy si\u0119 z najbli\u017cszymi przy wigilijnym stole. Dzielimy si\u0119 op\u0142atkiem \u017cycz\u0105c sobie wszystkiego co najlepsze. W tym czasie pami\u0119tajmy o potrzebuj\u0105cych, aby te \u015bwi\u0119ta by\u0142y pi\u0119kne nie tylko dla nas ale tak\u017ce dla tych, kt\u00f3rzy cz\u0119sto nie maj\u0105 odwagi prosi\u0107 o pomoc. <\/p>\n\n\n\n<p><strong>Je\u015bli nie jest Ci oboj\u0119tny los potrzebuj\u0105cych, w\u0142\u0105cz si\u0119 do akcji &#8222;\u015awi\u0105teczna Paczka&#8221;. <\/strong><\/p>\n\n\n\n<p><strong>Spraw innym rado\u015b\u0107 w te \u015bwi\u0119ta<img decoding=\"async\" height=\"16\" width=\"16\" alt=\"&#x1f642;\" src=\"https:\/\/static.xx.fbcdn.net\/images\/emoji.php\/v9\/ta5\/1.5\/16\/1f642.png\">. Niech b\u0119d\u0105 wyj\u0105tkowe! <\/strong><\/p>\n\n\n\n<p>Uczniowie ucz\u0105cy si\u0119 zdalnie oraz ich rodzice, kt\u00f3rzy chc\u0105 wesprze\u0107 nasz\u0105 akcj\u0119 mog\u0105 zostawi\u0107 dary u Pani Wo\u017anej lub zadzwoni\u0107 dzwonkiem bezpo\u015brednio na \u015bwietlic\u0119, wtedy z ch\u0119ci\u0105 je odbierzemy. <img decoding=\"async\" height=\"16\" width=\"16\" alt=\"&#x1f385;\" src=\"https:\/\/static.xx.fbcdn.net\/images\/emoji.php\/v9\/te1\/1.5\/16\/1f385.png\"><\/p>\n\t\t\t\t\t\t\t\t<\/div>\n\t\t\t\t<\/div>\n\t\t\t\t\t<\/div>\n\t\t<\/div>\n\t\t\t\t\t<\/div>\n\t\t<\/section>\n\t\t\t\t<section class=\"elementor-section elementor-top-section elementor-element elementor-element-7a2246e elementor-section-boxed elementor-section-height-default elementor-section-height-default\" data-id=\"7a2246e\" data-element_type=\"section\" data-e-type=\"section\">\n\t\t\t\t\t\t<div class=\"elementor-container elementor-column-gap-default\">\n\t\t\t\t\t<div class=\"elementor-column elementor-col-100 elementor-top-column elementor-element elementor-element-58cb8ea\" data-id=\"58cb8ea\" data-element_type=\"column\" data-e-type=\"column\">\n\t\t\t<div class=\"elementor-widget-wrap\">\n\t\t\t\t\t\t\t<\/div>\n\t\t<\/div>\n\t\t\t\t\t<\/div>\n\t\t<\/section>\n\t\t\t\t<section class=\"elementor-section elementor-top-section elementor-element elementor-element-e287898 elementor-section-boxed elementor-section-height-default elementor-section-height-default\" data-id=\"e287898\" data-element_type=\"section\" data-e-type=\"section\">\n\t\t\t\t\t\t<div class=\"elementor-container elementor-column-gap-default\">\n\t\t\t\t\t<div class=\"elementor-column elementor-col-100 elementor-top-column elementor-element elementor-element-1c09774\" data-id=\"1c09774\" data-element_type=\"column\" data-e-type=\"column\">\n\t\t\t<div class=\"elementor-widget-wrap elementor-element-populated\">\n\t\t\t\t\t\t<div class=\"elementor-element elementor-element-27a371b elementor-widget elementor-widget-image\" data-id=\"27a371b\" data-element_type=\"widget\" data-e-type=\"widget\" data-widget_type=\"image.default\">\n\t\t\t\t<div class=\"elementor-widget-container\">\n\t\t\t\t\t\t\t\t\t\t\t\t\t\t\t<img fetchpriority=\"high\" decoding=\"async\" width=\"724\" height=\"1024\" src=\"https:\/\/spkeblowo.pl\/wp-content\/uploads\/2020\/12\/129011312_2817131855238811_1007175418544287619_o-724x1024.png\" class=\"attachment-large size-large wp-image-1563\" alt=\"\" srcset=\"https:\/\/spkeblowo.pl\/wp-content\/uploads\/2020\/12\/129011312_2817131855238811_1007175418544287619_o-724x1024.png 724w, https:\/\/spkeblowo.pl\/wp-content\/uploads\/2020\/12\/129011312_2817131855238811_1007175418544287619_o-212x300.png 212w, https:\/\/spkeblowo.pl\/wp-content\/uploads\/2020\/12\/129011312_2817131855238811_1007175418544287619_o-768x1087.png 768w, https:\/\/spkeblowo.pl\/wp-content\/uploads\/2020\/12\/129011312_2817131855238811_1007175418544287619_o-1085x1536.png 1085w, https:\/\/spkeblowo.pl\/wp-content\/uploads\/2020\/12\/129011312_2817131855238811_1007175418544287619_o.png 1447w\" sizes=\"(max-width: 724px) 100vw, 724px\" \/>\t\t\t\t\t\t\t\t\t\t\t\t\t\t\t<\/div>\n\t\t\t\t<\/div>\n\t\t\t\t\t<\/div>\n\t\t<\/div>\n\t\t\t\t\t<\/div>\n\t\t<\/section>\n\t\t\t\t<\/div>\n\t\t","protected":false},"excerpt":{"rendered":"<p>Grudzie\u0144 to miesi\u0105c oczekiwania na \u015awi\u0119ta Bo\u017cego Narodzenia, podczas kt\u00f3rych spotykamy si\u0119 z najbli\u017cszymi przy wigilijnym stole. Dzielimy si\u0119 op\u0142atkiem &hellip; <\/p>\n","protected":false},"author":1,"featured_media":1562,"comment_status":"closed","ping_status":"open","sticky":false,"template":"","format":"standard","meta":{"footnotes":""},"categories":[1],"tags":[],"class_list":["post-1561","post","type-post","status-publish","format-standard","has-post-thumbnail","hentry","category-uncategorized"],"yoast_head":"<!-- This site is optimized with the Yoast SEO plugin v27.5 - https:\/\/yoast.com\/product\/yoast-seo-wordpress\/ -->\n<title>Nasza szkolna akcja &quot;\u015awi\u0105teczna Paczka&quot; - Szko\u0142a Podstawowa im. Jana Paw\u0142a II w K\u0119b\u0142owie<\/title>\n<meta name=\"robots\" content=\"index, follow, max-snippet:-1, max-image-preview:large, max-video-preview:-1\" \/>\n<link rel=\"canonical\" href=\"https:\/\/spkeblowo.pl\/?p=1561\" \/>\n<meta property=\"og:locale\" content=\"pl_PL\" \/>\n<meta property=\"og:type\" content=\"article\" \/>\n<meta property=\"og:title\" content=\"Nasza szkolna akcja &quot;\u015awi\u0105teczna Paczka&quot; - Szko\u0142a Podstawowa im. Jana Paw\u0142a II w K\u0119b\u0142owie\" \/>\n<meta property=\"og:description\" content=\"Grudzie\u0144 to miesi\u0105c oczekiwania na \u015awi\u0119ta Bo\u017cego Narodzenia, podczas kt\u00f3rych spotykamy si\u0119 z najbli\u017cszymi przy wigilijnym stole. Dzielimy si\u0119 op\u0142atkiem &hellip;\" \/>\n<meta property=\"og:url\" content=\"https:\/\/spkeblowo.pl\/?p=1561\" \/>\n<meta property=\"og:site_name\" content=\"Szko\u0142a Podstawowa im. Jana Paw\u0142a II w K\u0119b\u0142owie\" \/>\n<meta property=\"article:published_time\" content=\"2020-12-02T14:32:15+00:00\" \/>\n<meta property=\"article:modified_time\" content=\"2020-12-02T14:35:55+00:00\" \/>\n<meta property=\"og:image\" content=\"https:\/\/spkeblowo.pl\/wp-content\/uploads\/2020\/12\/gf-oDED-osHw-XLju_swiety-mikolaj-664x0-nocrop.jpg\" \/>\n\t<meta property=\"og:image:width\" content=\"664\" \/>\n\t<meta property=\"og:image:height\" content=\"354\" \/>\n\t<meta property=\"og:image:type\" content=\"image\/jpeg\" \/>\n<meta name=\"author\" content=\"admin\" \/>\n<meta name=\"twitter:card\" content=\"summary_large_image\" \/>\n<meta name=\"twitter:label1\" content=\"Napisane przez\" \/>\n\t<meta name=\"twitter:data1\" content=\"admin\" \/>\n\t<meta name=\"twitter:label2\" content=\"Szacowany czas czytania\" \/>\n\t<meta name=\"twitter:data2\" content=\"1 minuta\" \/>\n<script type=\"application\/ld+json\" class=\"yoast-schema-graph\">{\"@context\":\"https:\\\/\\\/schema.org\",\"@graph\":[{\"@type\":\"Article\",\"@id\":\"https:\\\/\\\/spkeblowo.pl\\\/?p=1561#article\",\"isPartOf\":{\"@id\":\"https:\\\/\\\/spkeblowo.pl\\\/?p=1561\"},\"author\":{\"name\":\"admin\",\"@id\":\"https:\\\/\\\/spkeblowo.pl\\\/#\\\/schema\\\/person\\\/91f40d6dcc01a89bccab6d147a30874f\"},\"headline\":\"Nasza szkolna akcja &#8222;\u015awi\u0105teczna Paczka&#8221;\",\"datePublished\":\"2020-12-02T14:32:15+00:00\",\"dateModified\":\"2020-12-02T14:35:55+00:00\",\"mainEntityOfPage\":{\"@id\":\"https:\\\/\\\/spkeblowo.pl\\\/?p=1561\"},\"wordCount\":137,\"publisher\":{\"@id\":\"https:\\\/\\\/spkeblowo.pl\\\/#organization\"},\"image\":{\"@id\":\"https:\\\/\\\/spkeblowo.pl\\\/?p=1561#primaryimage\"},\"thumbnailUrl\":\"https:\\\/\\\/spkeblowo.pl\\\/wp-content\\\/uploads\\\/2020\\\/12\\\/gf-oDED-osHw-XLju_swiety-mikolaj-664x0-nocrop.jpg\",\"articleSection\":[\"Uncategorized\"],\"inLanguage\":\"pl-PL\"},{\"@type\":\"WebPage\",\"@id\":\"https:\\\/\\\/spkeblowo.pl\\\/?p=1561\",\"url\":\"https:\\\/\\\/spkeblowo.pl\\\/?p=1561\",\"name\":\"Nasza szkolna akcja \\\"\u015awi\u0105teczna Paczka\\\" - Szko\u0142a Podstawowa im. Jana Paw\u0142a II w K\u0119b\u0142owie\",\"isPartOf\":{\"@id\":\"https:\\\/\\\/spkeblowo.pl\\\/#website\"},\"primaryImageOfPage\":{\"@id\":\"https:\\\/\\\/spkeblowo.pl\\\/?p=1561#primaryimage\"},\"image\":{\"@id\":\"https:\\\/\\\/spkeblowo.pl\\\/?p=1561#primaryimage\"},\"thumbnailUrl\":\"https:\\\/\\\/spkeblowo.pl\\\/wp-content\\\/uploads\\\/2020\\\/12\\\/gf-oDED-osHw-XLju_swiety-mikolaj-664x0-nocrop.jpg\",\"datePublished\":\"2020-12-02T14:32:15+00:00\",\"dateModified\":\"2020-12-02T14:35:55+00:00\",\"breadcrumb\":{\"@id\":\"https:\\\/\\\/spkeblowo.pl\\\/?p=1561#breadcrumb\"},\"inLanguage\":\"pl-PL\",\"potentialAction\":[{\"@type\":\"ReadAction\",\"target\":[\"https:\\\/\\\/spkeblowo.pl\\\/?p=1561\"]}]},{\"@type\":\"ImageObject\",\"inLanguage\":\"pl-PL\",\"@id\":\"https:\\\/\\\/spkeblowo.pl\\\/?p=1561#primaryimage\",\"url\":\"https:\\\/\\\/spkeblowo.pl\\\/wp-content\\\/uploads\\\/2020\\\/12\\\/gf-oDED-osHw-XLju_swiety-mikolaj-664x0-nocrop.jpg\",\"contentUrl\":\"https:\\\/\\\/spkeblowo.pl\\\/wp-content\\\/uploads\\\/2020\\\/12\\\/gf-oDED-osHw-XLju_swiety-mikolaj-664x0-nocrop.jpg\",\"width\":664,\"height\":354},{\"@type\":\"BreadcrumbList\",\"@id\":\"https:\\\/\\\/spkeblowo.pl\\\/?p=1561#breadcrumb\",\"itemListElement\":[{\"@type\":\"ListItem\",\"position\":1,\"name\":\"Strona g\u0142\u00f3wna\",\"item\":\"https:\\\/\\\/spkeblowo.pl\\\/\"},{\"@type\":\"ListItem\",\"position\":2,\"name\":\"Nasza szkolna akcja &#8222;\u015awi\u0105teczna Paczka&#8221;\"}]},{\"@type\":\"WebSite\",\"@id\":\"https:\\\/\\\/spkeblowo.pl\\\/#website\",\"url\":\"https:\\\/\\\/spkeblowo.pl\\\/\",\"name\":\"Szko\u0142a Podstawowa im. Jana Paw\u0142a II w K\u0119b\u0142owie\",\"description\":\"\",\"publisher\":{\"@id\":\"https:\\\/\\\/spkeblowo.pl\\\/#organization\"},\"potentialAction\":[{\"@type\":\"SearchAction\",\"target\":{\"@type\":\"EntryPoint\",\"urlTemplate\":\"https:\\\/\\\/spkeblowo.pl\\\/?s={search_term_string}\"},\"query-input\":{\"@type\":\"PropertyValueSpecification\",\"valueRequired\":true,\"valueName\":\"search_term_string\"}}],\"inLanguage\":\"pl-PL\"},{\"@type\":\"Organization\",\"@id\":\"https:\\\/\\\/spkeblowo.pl\\\/#organization\",\"name\":\"Szko\u0142a Podstawowa im. Jana Paw\u0142a II w K\u0119b\u0142owie\",\"url\":\"https:\\\/\\\/spkeblowo.pl\\\/\",\"logo\":{\"@type\":\"ImageObject\",\"inLanguage\":\"pl-PL\",\"@id\":\"https:\\\/\\\/spkeblowo.pl\\\/#\\\/schema\\\/logo\\\/image\\\/\",\"url\":\"https:\\\/\\\/spkeblowo.pl\\\/wp-content\\\/uploads\\\/2020\\\/03\\\/2-2.png\",\"contentUrl\":\"https:\\\/\\\/spkeblowo.pl\\\/wp-content\\\/uploads\\\/2020\\\/03\\\/2-2.png\",\"width\":1400,\"height\":350,\"caption\":\"Szko\u0142a Podstawowa im. Jana Paw\u0142a II w K\u0119b\u0142owie\"},\"image\":{\"@id\":\"https:\\\/\\\/spkeblowo.pl\\\/#\\\/schema\\\/logo\\\/image\\\/\"}},{\"@type\":\"Person\",\"@id\":\"https:\\\/\\\/spkeblowo.pl\\\/#\\\/schema\\\/person\\\/91f40d6dcc01a89bccab6d147a30874f\",\"name\":\"admin\",\"image\":{\"@type\":\"ImageObject\",\"inLanguage\":\"pl-PL\",\"@id\":\"https:\\\/\\\/secure.gravatar.com\\\/avatar\\\/a8792c5ea44a0bd480cdae637f0e5e453347ff27968eb8552bf193361ffde3ec?s=96&d=mm&r=g\",\"url\":\"https:\\\/\\\/secure.gravatar.com\\\/avatar\\\/a8792c5ea44a0bd480cdae637f0e5e453347ff27968eb8552bf193361ffde3ec?s=96&d=mm&r=g\",\"contentUrl\":\"https:\\\/\\\/secure.gravatar.com\\\/avatar\\\/a8792c5ea44a0bd480cdae637f0e5e453347ff27968eb8552bf193361ffde3ec?s=96&d=mm&r=g\",\"caption\":\"admin\"},\"url\":\"https:\\\/\\\/spkeblowo.pl\\\/?author=1\"}]}<\/script>\n<!-- \/ Yoast SEO plugin. -->","yoast_head_json":{"title":"Nasza szkolna akcja \"\u015awi\u0105teczna Paczka\" - Szko\u0142a Podstawowa im. Jana Paw\u0142a II w K\u0119b\u0142owie","robots":{"index":"index","follow":"follow","max-snippet":"max-snippet:-1","max-image-preview":"max-image-preview:large","max-video-preview":"max-video-preview:-1"},"canonical":"https:\/\/spkeblowo.pl\/?p=1561","og_locale":"pl_PL","og_type":"article","og_title":"Nasza szkolna akcja \"\u015awi\u0105teczna Paczka\" - Szko\u0142a Podstawowa im. Jana Paw\u0142a II w K\u0119b\u0142owie","og_description":"Grudzie\u0144 to miesi\u0105c oczekiwania na \u015awi\u0119ta Bo\u017cego Narodzenia, podczas kt\u00f3rych spotykamy si\u0119 z najbli\u017cszymi przy wigilijnym stole. Dzielimy si\u0119 op\u0142atkiem &hellip;","og_url":"https:\/\/spkeblowo.pl\/?p=1561","og_site_name":"Szko\u0142a Podstawowa im. Jana Paw\u0142a II w K\u0119b\u0142owie","article_published_time":"2020-12-02T14:32:15+00:00","article_modified_time":"2020-12-02T14:35:55+00:00","og_image":[{"width":664,"height":354,"url":"https:\/\/spkeblowo.pl\/wp-content\/uploads\/2020\/12\/gf-oDED-osHw-XLju_swiety-mikolaj-664x0-nocrop.jpg","type":"image\/jpeg"}],"author":"admin","twitter_card":"summary_large_image","twitter_misc":{"Napisane przez":"admin","Szacowany czas czytania":"1 minuta"},"schema":{"@context":"https:\/\/schema.org","@graph":[{"@type":"Article","@id":"https:\/\/spkeblowo.pl\/?p=1561#article","isPartOf":{"@id":"https:\/\/spkeblowo.pl\/?p=1561"},"author":{"name":"admin","@id":"https:\/\/spkeblowo.pl\/#\/schema\/person\/91f40d6dcc01a89bccab6d147a30874f"},"headline":"Nasza szkolna akcja &#8222;\u015awi\u0105teczna Paczka&#8221;","datePublished":"2020-12-02T14:32:15+00:00","dateModified":"2020-12-02T14:35:55+00:00","mainEntityOfPage":{"@id":"https:\/\/spkeblowo.pl\/?p=1561"},"wordCount":137,"publisher":{"@id":"https:\/\/spkeblowo.pl\/#organization"},"image":{"@id":"https:\/\/spkeblowo.pl\/?p=1561#primaryimage"},"thumbnailUrl":"https:\/\/spkeblowo.pl\/wp-content\/uploads\/2020\/12\/gf-oDED-osHw-XLju_swiety-mikolaj-664x0-nocrop.jpg","articleSection":["Uncategorized"],"inLanguage":"pl-PL"},{"@type":"WebPage","@id":"https:\/\/spkeblowo.pl\/?p=1561","url":"https:\/\/spkeblowo.pl\/?p=1561","name":"Nasza szkolna akcja \"\u015awi\u0105teczna Paczka\" - Szko\u0142a Podstawowa im. Jana Paw\u0142a II w K\u0119b\u0142owie","isPartOf":{"@id":"https:\/\/spkeblowo.pl\/#website"},"primaryImageOfPage":{"@id":"https:\/\/spkeblowo.pl\/?p=1561#primaryimage"},"image":{"@id":"https:\/\/spkeblowo.pl\/?p=1561#primaryimage"},"thumbnailUrl":"https:\/\/spkeblowo.pl\/wp-content\/uploads\/2020\/12\/gf-oDED-osHw-XLju_swiety-mikolaj-664x0-nocrop.jpg","datePublished":"2020-12-02T14:32:15+00:00","dateModified":"2020-12-02T14:35:55+00:00","breadcrumb":{"@id":"https:\/\/spkeblowo.pl\/?p=1561#breadcrumb"},"inLanguage":"pl-PL","potentialAction":[{"@type":"ReadAction","target":["https:\/\/spkeblowo.pl\/?p=1561"]}]},{"@type":"ImageObject","inLanguage":"pl-PL","@id":"https:\/\/spkeblowo.pl\/?p=1561#primaryimage","url":"https:\/\/spkeblowo.pl\/wp-content\/uploads\/2020\/12\/gf-oDED-osHw-XLju_swiety-mikolaj-664x0-nocrop.jpg","contentUrl":"https:\/\/spkeblowo.pl\/wp-content\/uploads\/2020\/12\/gf-oDED-osHw-XLju_swiety-mikolaj-664x0-nocrop.jpg","width":664,"height":354},{"@type":"BreadcrumbList","@id":"https:\/\/spkeblowo.pl\/?p=1561#breadcrumb","itemListElement":[{"@type":"ListItem","position":1,"name":"Strona g\u0142\u00f3wna","item":"https:\/\/spkeblowo.pl\/"},{"@type":"ListItem","position":2,"name":"Nasza szkolna akcja &#8222;\u015awi\u0105teczna Paczka&#8221;"}]},{"@type":"WebSite","@id":"https:\/\/spkeblowo.pl\/#website","url":"https:\/\/spkeblowo.pl\/","name":"Szko\u0142a Podstawowa im. Jana Paw\u0142a II w K\u0119b\u0142owie","description":"","publisher":{"@id":"https:\/\/spkeblowo.pl\/#organization"},"potentialAction":[{"@type":"SearchAction","target":{"@type":"EntryPoint","urlTemplate":"https:\/\/spkeblowo.pl\/?s={search_term_string}"},"query-input":{"@type":"PropertyValueSpecification","valueRequired":true,"valueName":"search_term_string"}}],"inLanguage":"pl-PL"},{"@type":"Organization","@id":"https:\/\/spkeblowo.pl\/#organization","name":"Szko\u0142a Podstawowa im. Jana Paw\u0142a II w K\u0119b\u0142owie","url":"https:\/\/spkeblowo.pl\/","logo":{"@type":"ImageObject","inLanguage":"pl-PL","@id":"https:\/\/spkeblowo.pl\/#\/schema\/logo\/image\/","url":"https:\/\/spkeblowo.pl\/wp-content\/uploads\/2020\/03\/2-2.png","contentUrl":"https:\/\/spkeblowo.pl\/wp-content\/uploads\/2020\/03\/2-2.png","width":1400,"height":350,"caption":"Szko\u0142a Podstawowa im. Jana Paw\u0142a II w K\u0119b\u0142owie"},"image":{"@id":"https:\/\/spkeblowo.pl\/#\/schema\/logo\/image\/"}},{"@type":"Person","@id":"https:\/\/spkeblowo.pl\/#\/schema\/person\/91f40d6dcc01a89bccab6d147a30874f","name":"admin","image":{"@type":"ImageObject","inLanguage":"pl-PL","@id":"https:\/\/secure.gravatar.com\/avatar\/a8792c5ea44a0bd480cdae637f0e5e453347ff27968eb8552bf193361ffde3ec?s=96&d=mm&r=g","url":"https:\/\/secure.gravatar.com\/avatar\/a8792c5ea44a0bd480cdae637f0e5e453347ff27968eb8552bf193361ffde3ec?s=96&d=mm&r=g","contentUrl":"https:\/\/secure.gravatar.com\/avatar\/a8792c5ea44a0bd480cdae637f0e5e453347ff27968eb8552bf193361ffde3ec?s=96&d=mm&r=g","caption":"admin"},"url":"https:\/\/spkeblowo.pl\/?author=1"}]}},"_links":{"self":[{"href":"https:\/\/spkeblowo.pl\/index.php?rest_route=\/wp\/v2\/posts\/1561","targetHints":{"allow":["GET"]}}],"collection":[{"href":"https:\/\/spkeblowo.pl\/index.php?rest_route=\/wp\/v2\/posts"}],"about":[{"href":"https:\/\/spkeblowo.pl\/index.php?rest_route=\/wp\/v2\/types\/post"}],"author":[{"embeddable":true,"href":"https:\/\/spkeblowo.pl\/index.php?rest_route=\/wp\/v2\/users\/1"}],"replies":[{"embeddable":true,"href":"https:\/\/spkeblowo.pl\/index.php?rest_route=%2Fwp%2Fv2%2Fcomments&post=1561"}],"version-history":[{"count":3,"href":"https:\/\/spkeblowo.pl\/index.php?rest_route=\/wp\/v2\/posts\/1561\/revisions"}],"predecessor-version":[{"id":1566,"href":"https:\/\/spkeblowo.pl\/index.php?rest_route=\/wp\/v2\/posts\/1561\/revisions\/1566"}],"wp:featuredmedia":[{"embeddable":true,"href":"https:\/\/spkeblowo.pl\/index.php?rest_route=\/wp\/v2\/media\/1562"}],"wp:attachment":[{"href":"https:\/\/spkeblowo.pl\/index.php?rest_route=%2Fwp%2Fv2%2Fmedia&parent=1561"}],"wp:term":[{"taxonomy":"category","embeddable":true,"href":"https:\/\/spkeblowo.pl\/index.php?rest_route=%2Fwp%2Fv2%2Fcategories&post=1561"},{"taxonomy":"post_tag","embeddable":true,"href":"https:\/\/spkeblowo.pl\/index.php?rest_route=%2Fwp%2Fv2%2Ftags&post=1561"}],"curies":[{"name":"wp","href":"https:\/\/api.w.org\/{rel}","templated":true}]}}