{"id":1493,"date":"2020-11-11T22:40:47","date_gmt":"2020-11-11T20:40:47","guid":{"rendered":"http:\/\/spkeblowo.strefa.pl\/wordpress\/?p=1493"},"modified":"2020-11-20T12:32:14","modified_gmt":"2020-11-20T10:32:14","slug":"rozstrzygniecie-szkolnego-konkursu-recytatorskiego-z-okazji-narodowego-swieta-niepodleglosci","status":"publish","type":"post","link":"https:\/\/spkeblowo.pl\/?p=1493","title":{"rendered":"Rozstrzygni\u0119cie Szkolnego Konkursu Recytatorskiego z okazji Narodowego \u015awi\u0119ta Niepodleg\u0142o\u015bci"},"content":{"rendered":"\t\t<div data-elementor-type=\"wp-post\" data-elementor-id=\"1493\" class=\"elementor elementor-1493\">\n\t\t\t\t\t\t<section class=\"elementor-section elementor-top-section elementor-element elementor-element-ea2b796 elementor-section-boxed elementor-section-height-default elementor-section-height-default\" data-id=\"ea2b796\" data-element_type=\"section\" data-e-type=\"section\">\n\t\t\t\t\t\t<div class=\"elementor-container elementor-column-gap-default\">\n\t\t\t\t\t<div class=\"elementor-column elementor-col-100 elementor-top-column elementor-element elementor-element-bffb309\" data-id=\"bffb309\" data-element_type=\"column\" data-e-type=\"column\">\n\t\t\t<div class=\"elementor-widget-wrap elementor-element-populated\">\n\t\t\t\t\t\t<div class=\"elementor-element elementor-element-3e69e6d elementor-widget elementor-widget-text-editor\" data-id=\"3e69e6d\" data-element_type=\"widget\" data-e-type=\"widget\" data-widget_type=\"text-editor.default\">\n\t\t\t\t<div class=\"elementor-widget-container\">\n\t\t\t\t\t\t\t\t\t<p>Serdecznie dzi\u0119kujemy wszystkim uczestnikom konkursu za zaanga\u017cowanie, przygotowanie pi\u0119knych recytacji i uczestnictwo w naszym I Konkursie Recytatorskim z okazji Narodowego \u015awi\u0119ta Niepodleg\u0142o\u015bci.<\/p>\n<p>Poni\u017cej przedstawiamy list\u0119 laureat\u00f3w oraz Wasze filmiki z recytacjami patriotycznej poezji polskiej. Jeszcze raz dzi\u0119kujemy.<\/p>\n<p><strong>Kategoria \u201eO\u201d \u2013 III<\/strong><\/p>\n<ol>\n<li>miejsce \u2013 Kinga Miller<\/li>\n<li>miejsce \u2013 Klaudia Bojke, Patrycja Zakrzewska<\/li>\n<li>miejsce \u2013 Maja Sobczak<\/li>\n<\/ol>\n<p><strong>Kategoria IV-VI<\/strong><\/p>\n<ol>\n<li>miejsce \u2013 Karolina Miller<\/li>\n<\/ol>\n<p>Gratulujemy!<\/p>\n<p>Nagrody oraz dypolomy, z uwagi na pandemi\u0119, zostan\u0105 wr\u0119czone po rozpocz\u0119ciu stacjonarnych zaj\u0119\u0107 w szkole.<\/p>\t\t\t\t\t\t\t\t<\/div>\n\t\t\t\t<\/div>\n\t\t\t\t\t<\/div>\n\t\t<\/div>\n\t\t\t\t\t<\/div>\n\t\t<\/section>\n\t\t\t\t<section class=\"elementor-section elementor-top-section elementor-element elementor-element-ccd6f6f elementor-section-boxed elementor-section-height-default elementor-section-height-default\" data-id=\"ccd6f6f\" data-element_type=\"section\" data-e-type=\"section\">\n\t\t\t\t\t\t<div class=\"elementor-container elementor-column-gap-default\">\n\t\t\t\t\t<div class=\"elementor-column elementor-col-100 elementor-top-column elementor-element elementor-element-b0a1b97\" data-id=\"b0a1b97\" data-element_type=\"column\" data-e-type=\"column\">\n\t\t\t<div class=\"elementor-widget-wrap elementor-element-populated\">\n\t\t\t\t\t\t<div class=\"elementor-element elementor-element-e6898b3 elementor-widget elementor-widget-html\" data-id=\"e6898b3\" data-element_type=\"widget\" data-e-type=\"widget\" data-widget_type=\"html.default\">\n\t\t\t\t<div class=\"elementor-widget-container\">\n\t\t\t\t\t<iframe src=\"https:\/\/drive.google.com\/file\/d\/1f7OhmRxS_Wg1unpZRY_ki5jrc56HYAuz\/preview\" width=\"640\" height=\"480\"><\/iframe><br> Kinga Miller, I miejsce w kategorii \"O\"-III\t\t\t\t<\/div>\n\t\t\t\t<\/div>\n\t\t\t\t\t<\/div>\n\t\t<\/div>\n\t\t\t\t\t<\/div>\n\t\t<\/section>\n\t\t\t\t<section class=\"elementor-section elementor-top-section elementor-element elementor-element-deac051 elementor-section-boxed elementor-section-height-default elementor-section-height-default\" data-id=\"deac051\" data-element_type=\"section\" data-e-type=\"section\">\n\t\t\t\t\t\t<div class=\"elementor-container elementor-column-gap-default\">\n\t\t\t\t\t<div class=\"elementor-column elementor-col-100 elementor-top-column elementor-element elementor-element-32b8741\" data-id=\"32b8741\" data-element_type=\"column\" data-e-type=\"column\">\n\t\t\t<div class=\"elementor-widget-wrap elementor-element-populated\">\n\t\t\t\t\t\t<div class=\"elementor-element elementor-element-4e77334 elementor-widget elementor-widget-html\" data-id=\"4e77334\" data-element_type=\"widget\" data-e-type=\"widget\" data-widget_type=\"html.default\">\n\t\t\t\t<div class=\"elementor-widget-container\">\n\t\t\t\t\t<iframe src=\"https:\/\/drive.google.com\/file\/d\/16PQ_vRboQBUAGw0ZrPK-BK_LFhISfnpj\/preview\" width=\"640\" height=\"480\"><\/iframe><br> Klaudia Bojke, II miejsce w kategorii \"O\"-III\t\t\t\t<\/div>\n\t\t\t\t<\/div>\n\t\t\t\t\t<\/div>\n\t\t<\/div>\n\t\t\t\t\t<\/div>\n\t\t<\/section>\n\t\t\t\t<section class=\"elementor-section elementor-top-section elementor-element elementor-element-4888046 elementor-section-boxed elementor-section-height-default elementor-section-height-default\" data-id=\"4888046\" data-element_type=\"section\" data-e-type=\"section\">\n\t\t\t\t\t\t<div class=\"elementor-container elementor-column-gap-default\">\n\t\t\t\t\t<div class=\"elementor-column elementor-col-100 elementor-top-column elementor-element elementor-element-db1cedb\" data-id=\"db1cedb\" data-element_type=\"column\" data-e-type=\"column\">\n\t\t\t<div class=\"elementor-widget-wrap elementor-element-populated\">\n\t\t\t\t\t\t<div class=\"elementor-element elementor-element-ffb9d2d elementor-widget elementor-widget-html\" data-id=\"ffb9d2d\" data-element_type=\"widget\" data-e-type=\"widget\" data-widget_type=\"html.default\">\n\t\t\t\t<div class=\"elementor-widget-container\">\n\t\t\t\t\t<iframe src=\"https:\/\/drive.google.com\/file\/d\/1fKJmB1BvL6VlLNucQQfY4TatBhGm3SzH\/preview\" width=\"640\" height=\"480\"><\/iframe><br> Patrycja Zakrzewska, II miejsce w kategorii \"O\"-III\t\t\t\t<\/div>\n\t\t\t\t<\/div>\n\t\t\t\t\t<\/div>\n\t\t<\/div>\n\t\t\t\t\t<\/div>\n\t\t<\/section>\n\t\t\t\t<section class=\"elementor-section elementor-top-section elementor-element elementor-element-d43f3fe elementor-section-boxed elementor-section-height-default elementor-section-height-default\" data-id=\"d43f3fe\" data-element_type=\"section\" data-e-type=\"section\">\n\t\t\t\t\t\t<div class=\"elementor-container elementor-column-gap-default\">\n\t\t\t\t\t<div class=\"elementor-column elementor-col-100 elementor-top-column elementor-element elementor-element-5d9c8ce\" data-id=\"5d9c8ce\" data-element_type=\"column\" data-e-type=\"column\">\n\t\t\t<div class=\"elementor-widget-wrap elementor-element-populated\">\n\t\t\t\t\t\t<div class=\"elementor-element elementor-element-b753f27 elementor-widget elementor-widget-html\" data-id=\"b753f27\" data-element_type=\"widget\" data-e-type=\"widget\" data-widget_type=\"html.default\">\n\t\t\t\t<div class=\"elementor-widget-container\">\n\t\t\t\t\t<iframe src=\"https:\/\/drive.google.com\/file\/d\/1DjdtAc5RsbvxbIdIDQrx0nU0jb_QfcSB\/preview\" width=\"640\" height=\"480\"><\/iframe><br> Maja Sobczak, III miejsce w kategorii \"O\"-III\t\t\t\t<\/div>\n\t\t\t\t<\/div>\n\t\t\t\t\t<\/div>\n\t\t<\/div>\n\t\t\t\t\t<\/div>\n\t\t<\/section>\n\t\t\t\t<section class=\"elementor-section elementor-top-section elementor-element elementor-element-9ac772e elementor-section-boxed elementor-section-height-default elementor-section-height-default\" data-id=\"9ac772e\" data-element_type=\"section\" data-e-type=\"section\">\n\t\t\t\t\t\t<div class=\"elementor-container elementor-column-gap-default\">\n\t\t\t\t\t<div class=\"elementor-column elementor-col-100 elementor-top-column elementor-element elementor-element-5ca798e\" data-id=\"5ca798e\" data-element_type=\"column\" data-e-type=\"column\">\n\t\t\t<div class=\"elementor-widget-wrap elementor-element-populated\">\n\t\t\t\t\t\t<div class=\"elementor-element elementor-element-adc4c4d elementor-widget elementor-widget-html\" data-id=\"adc4c4d\" data-element_type=\"widget\" data-e-type=\"widget\" data-widget_type=\"html.default\">\n\t\t\t\t<div class=\"elementor-widget-container\">\n\t\t\t\t\t<iframe src=\"https:\/\/drive.google.com\/file\/d\/1guig6y8OcYGzr1gLS9QhRuImGCUZ7WdL\/preview\" width=\"640\" height=\"480\"><\/iframe><\/br> Karolina Miller, I miejsce w kategorii IV-VI\t\t\t\t<\/div>\n\t\t\t\t<\/div>\n\t\t\t\t\t<\/div>\n\t\t<\/div>\n\t\t\t\t\t<\/div>\n\t\t<\/section>\n\t\t\t\t<\/div>\n\t\t","protected":false},"excerpt":{"rendered":"<p>Zapraszamy do zapoznania si\u0119 z wynikami konkursu<\/p>\n","protected":false},"author":1,"featured_media":1495,"comment_status":"closed","ping_status":"open","sticky":false,"template":"","format":"standard","meta":{"footnotes":""},"categories":[1],"tags":[],"class_list":["post-1493","post","type-post","status-publish","format-standard","has-post-thumbnail","hentry","category-uncategorized"],"yoast_head":"<!-- This site is optimized with the Yoast SEO plugin v27.5 - https:\/\/yoast.com\/product\/yoast-seo-wordpress\/ -->\n<title>Rozstrzygni\u0119cie Szkolnego Konkursu Recytatorskiego z okazji Narodowego \u015awi\u0119ta Niepodleg\u0142o\u015bci - Szko\u0142a Podstawowa im. Jana Paw\u0142a II w K\u0119b\u0142owie<\/title>\n<meta name=\"robots\" content=\"index, follow, max-snippet:-1, max-image-preview:large, max-video-preview:-1\" \/>\n<link rel=\"canonical\" href=\"https:\/\/spkeblowo.pl\/?p=1493\" \/>\n<meta property=\"og:locale\" content=\"pl_PL\" \/>\n<meta property=\"og:type\" content=\"article\" \/>\n<meta property=\"og:title\" content=\"Rozstrzygni\u0119cie Szkolnego Konkursu Recytatorskiego z okazji Narodowego \u015awi\u0119ta Niepodleg\u0142o\u015bci - Szko\u0142a Podstawowa im. Jana Paw\u0142a II w K\u0119b\u0142owie\" \/>\n<meta property=\"og:description\" content=\"Zapraszamy do zapoznania si\u0119 z wynikami konkursu\" \/>\n<meta property=\"og:url\" content=\"https:\/\/spkeblowo.pl\/?p=1493\" \/>\n<meta property=\"og:site_name\" content=\"Szko\u0142a Podstawowa im. Jana Paw\u0142a II w K\u0119b\u0142owie\" \/>\n<meta property=\"article:published_time\" content=\"2020-11-11T20:40:47+00:00\" \/>\n<meta property=\"article:modified_time\" content=\"2020-11-20T10:32:14+00:00\" \/>\n<meta property=\"og:image\" content=\"https:\/\/spkeblowo.pl\/wp-content\/uploads\/2020\/11\/unnamed-removebg-preview-1.png\" \/>\n\t<meta property=\"og:image:width\" content=\"512\" \/>\n\t<meta property=\"og:image:height\" content=\"289\" \/>\n\t<meta property=\"og:image:type\" content=\"image\/png\" \/>\n<meta name=\"author\" content=\"admin\" \/>\n<meta name=\"twitter:card\" content=\"summary_large_image\" \/>\n<meta name=\"twitter:label1\" content=\"Napisane przez\" \/>\n\t<meta name=\"twitter:data1\" content=\"admin\" \/>\n\t<meta name=\"twitter:label2\" content=\"Szacowany czas czytania\" \/>\n\t<meta name=\"twitter:data2\" content=\"1 minuta\" \/>\n<script type=\"application\/ld+json\" class=\"yoast-schema-graph\">{\"@context\":\"https:\\\/\\\/schema.org\",\"@graph\":[{\"@type\":\"Article\",\"@id\":\"https:\\\/\\\/spkeblowo.pl\\\/?p=1493#article\",\"isPartOf\":{\"@id\":\"https:\\\/\\\/spkeblowo.pl\\\/?p=1493\"},\"author\":{\"name\":\"admin\",\"@id\":\"https:\\\/\\\/spkeblowo.pl\\\/#\\\/schema\\\/person\\\/91f40d6dcc01a89bccab6d147a30874f\"},\"headline\":\"Rozstrzygni\u0119cie Szkolnego Konkursu Recytatorskiego z okazji Narodowego \u015awi\u0119ta Niepodleg\u0142o\u015bci\",\"datePublished\":\"2020-11-11T20:40:47+00:00\",\"dateModified\":\"2020-11-20T10:32:14+00:00\",\"mainEntityOfPage\":{\"@id\":\"https:\\\/\\\/spkeblowo.pl\\\/?p=1493\"},\"wordCount\":135,\"publisher\":{\"@id\":\"https:\\\/\\\/spkeblowo.pl\\\/#organization\"},\"image\":{\"@id\":\"https:\\\/\\\/spkeblowo.pl\\\/?p=1493#primaryimage\"},\"thumbnailUrl\":\"https:\\\/\\\/spkeblowo.pl\\\/wp-content\\\/uploads\\\/2020\\\/11\\\/unnamed-removebg-preview-1.png\",\"articleSection\":[\"Uncategorized\"],\"inLanguage\":\"pl-PL\"},{\"@type\":\"WebPage\",\"@id\":\"https:\\\/\\\/spkeblowo.pl\\\/?p=1493\",\"url\":\"https:\\\/\\\/spkeblowo.pl\\\/?p=1493\",\"name\":\"Rozstrzygni\u0119cie Szkolnego Konkursu Recytatorskiego z okazji Narodowego \u015awi\u0119ta Niepodleg\u0142o\u015bci - Szko\u0142a Podstawowa im. Jana Paw\u0142a II w K\u0119b\u0142owie\",\"isPartOf\":{\"@id\":\"https:\\\/\\\/spkeblowo.pl\\\/#website\"},\"primaryImageOfPage\":{\"@id\":\"https:\\\/\\\/spkeblowo.pl\\\/?p=1493#primaryimage\"},\"image\":{\"@id\":\"https:\\\/\\\/spkeblowo.pl\\\/?p=1493#primaryimage\"},\"thumbnailUrl\":\"https:\\\/\\\/spkeblowo.pl\\\/wp-content\\\/uploads\\\/2020\\\/11\\\/unnamed-removebg-preview-1.png\",\"datePublished\":\"2020-11-11T20:40:47+00:00\",\"dateModified\":\"2020-11-20T10:32:14+00:00\",\"breadcrumb\":{\"@id\":\"https:\\\/\\\/spkeblowo.pl\\\/?p=1493#breadcrumb\"},\"inLanguage\":\"pl-PL\",\"potentialAction\":[{\"@type\":\"ReadAction\",\"target\":[\"https:\\\/\\\/spkeblowo.pl\\\/?p=1493\"]}]},{\"@type\":\"ImageObject\",\"inLanguage\":\"pl-PL\",\"@id\":\"https:\\\/\\\/spkeblowo.pl\\\/?p=1493#primaryimage\",\"url\":\"https:\\\/\\\/spkeblowo.pl\\\/wp-content\\\/uploads\\\/2020\\\/11\\\/unnamed-removebg-preview-1.png\",\"contentUrl\":\"https:\\\/\\\/spkeblowo.pl\\\/wp-content\\\/uploads\\\/2020\\\/11\\\/unnamed-removebg-preview-1.png\",\"width\":512,\"height\":289},{\"@type\":\"BreadcrumbList\",\"@id\":\"https:\\\/\\\/spkeblowo.pl\\\/?p=1493#breadcrumb\",\"itemListElement\":[{\"@type\":\"ListItem\",\"position\":1,\"name\":\"Strona g\u0142\u00f3wna\",\"item\":\"https:\\\/\\\/spkeblowo.pl\\\/\"},{\"@type\":\"ListItem\",\"position\":2,\"name\":\"Rozstrzygni\u0119cie Szkolnego Konkursu Recytatorskiego z okazji Narodowego \u015awi\u0119ta Niepodleg\u0142o\u015bci\"}]},{\"@type\":\"WebSite\",\"@id\":\"https:\\\/\\\/spkeblowo.pl\\\/#website\",\"url\":\"https:\\\/\\\/spkeblowo.pl\\\/\",\"name\":\"Szko\u0142a Podstawowa im. Jana Paw\u0142a II w K\u0119b\u0142owie\",\"description\":\"\",\"publisher\":{\"@id\":\"https:\\\/\\\/spkeblowo.pl\\\/#organization\"},\"potentialAction\":[{\"@type\":\"SearchAction\",\"target\":{\"@type\":\"EntryPoint\",\"urlTemplate\":\"https:\\\/\\\/spkeblowo.pl\\\/?s={search_term_string}\"},\"query-input\":{\"@type\":\"PropertyValueSpecification\",\"valueRequired\":true,\"valueName\":\"search_term_string\"}}],\"inLanguage\":\"pl-PL\"},{\"@type\":\"Organization\",\"@id\":\"https:\\\/\\\/spkeblowo.pl\\\/#organization\",\"name\":\"Szko\u0142a Podstawowa im. Jana Paw\u0142a II w K\u0119b\u0142owie\",\"url\":\"https:\\\/\\\/spkeblowo.pl\\\/\",\"logo\":{\"@type\":\"ImageObject\",\"inLanguage\":\"pl-PL\",\"@id\":\"https:\\\/\\\/spkeblowo.pl\\\/#\\\/schema\\\/logo\\\/image\\\/\",\"url\":\"https:\\\/\\\/spkeblowo.pl\\\/wp-content\\\/uploads\\\/2020\\\/03\\\/2-2.png\",\"contentUrl\":\"https:\\\/\\\/spkeblowo.pl\\\/wp-content\\\/uploads\\\/2020\\\/03\\\/2-2.png\",\"width\":1400,\"height\":350,\"caption\":\"Szko\u0142a Podstawowa im. Jana Paw\u0142a II w K\u0119b\u0142owie\"},\"image\":{\"@id\":\"https:\\\/\\\/spkeblowo.pl\\\/#\\\/schema\\\/logo\\\/image\\\/\"}},{\"@type\":\"Person\",\"@id\":\"https:\\\/\\\/spkeblowo.pl\\\/#\\\/schema\\\/person\\\/91f40d6dcc01a89bccab6d147a30874f\",\"name\":\"admin\",\"image\":{\"@type\":\"ImageObject\",\"inLanguage\":\"pl-PL\",\"@id\":\"https:\\\/\\\/secure.gravatar.com\\\/avatar\\\/a8792c5ea44a0bd480cdae637f0e5e453347ff27968eb8552bf193361ffde3ec?s=96&d=mm&r=g\",\"url\":\"https:\\\/\\\/secure.gravatar.com\\\/avatar\\\/a8792c5ea44a0bd480cdae637f0e5e453347ff27968eb8552bf193361ffde3ec?s=96&d=mm&r=g\",\"contentUrl\":\"https:\\\/\\\/secure.gravatar.com\\\/avatar\\\/a8792c5ea44a0bd480cdae637f0e5e453347ff27968eb8552bf193361ffde3ec?s=96&d=mm&r=g\",\"caption\":\"admin\"},\"url\":\"https:\\\/\\\/spkeblowo.pl\\\/?author=1\"}]}<\/script>\n<!-- \/ Yoast SEO plugin. -->","yoast_head_json":{"title":"Rozstrzygni\u0119cie Szkolnego Konkursu Recytatorskiego z okazji Narodowego \u015awi\u0119ta Niepodleg\u0142o\u015bci - Szko\u0142a Podstawowa im. Jana Paw\u0142a II w K\u0119b\u0142owie","robots":{"index":"index","follow":"follow","max-snippet":"max-snippet:-1","max-image-preview":"max-image-preview:large","max-video-preview":"max-video-preview:-1"},"canonical":"https:\/\/spkeblowo.pl\/?p=1493","og_locale":"pl_PL","og_type":"article","og_title":"Rozstrzygni\u0119cie Szkolnego Konkursu Recytatorskiego z okazji Narodowego \u015awi\u0119ta Niepodleg\u0142o\u015bci - Szko\u0142a Podstawowa im. Jana Paw\u0142a II w K\u0119b\u0142owie","og_description":"Zapraszamy do zapoznania si\u0119 z wynikami konkursu","og_url":"https:\/\/spkeblowo.pl\/?p=1493","og_site_name":"Szko\u0142a Podstawowa im. Jana Paw\u0142a II w K\u0119b\u0142owie","article_published_time":"2020-11-11T20:40:47+00:00","article_modified_time":"2020-11-20T10:32:14+00:00","og_image":[{"width":512,"height":289,"url":"https:\/\/spkeblowo.pl\/wp-content\/uploads\/2020\/11\/unnamed-removebg-preview-1.png","type":"image\/png"}],"author":"admin","twitter_card":"summary_large_image","twitter_misc":{"Napisane przez":"admin","Szacowany czas czytania":"1 minuta"},"schema":{"@context":"https:\/\/schema.org","@graph":[{"@type":"Article","@id":"https:\/\/spkeblowo.pl\/?p=1493#article","isPartOf":{"@id":"https:\/\/spkeblowo.pl\/?p=1493"},"author":{"name":"admin","@id":"https:\/\/spkeblowo.pl\/#\/schema\/person\/91f40d6dcc01a89bccab6d147a30874f"},"headline":"Rozstrzygni\u0119cie Szkolnego Konkursu Recytatorskiego z okazji Narodowego \u015awi\u0119ta Niepodleg\u0142o\u015bci","datePublished":"2020-11-11T20:40:47+00:00","dateModified":"2020-11-20T10:32:14+00:00","mainEntityOfPage":{"@id":"https:\/\/spkeblowo.pl\/?p=1493"},"wordCount":135,"publisher":{"@id":"https:\/\/spkeblowo.pl\/#organization"},"image":{"@id":"https:\/\/spkeblowo.pl\/?p=1493#primaryimage"},"thumbnailUrl":"https:\/\/spkeblowo.pl\/wp-content\/uploads\/2020\/11\/unnamed-removebg-preview-1.png","articleSection":["Uncategorized"],"inLanguage":"pl-PL"},{"@type":"WebPage","@id":"https:\/\/spkeblowo.pl\/?p=1493","url":"https:\/\/spkeblowo.pl\/?p=1493","name":"Rozstrzygni\u0119cie Szkolnego Konkursu Recytatorskiego z okazji Narodowego \u015awi\u0119ta Niepodleg\u0142o\u015bci - Szko\u0142a Podstawowa im. Jana Paw\u0142a II w K\u0119b\u0142owie","isPartOf":{"@id":"https:\/\/spkeblowo.pl\/#website"},"primaryImageOfPage":{"@id":"https:\/\/spkeblowo.pl\/?p=1493#primaryimage"},"image":{"@id":"https:\/\/spkeblowo.pl\/?p=1493#primaryimage"},"thumbnailUrl":"https:\/\/spkeblowo.pl\/wp-content\/uploads\/2020\/11\/unnamed-removebg-preview-1.png","datePublished":"2020-11-11T20:40:47+00:00","dateModified":"2020-11-20T10:32:14+00:00","breadcrumb":{"@id":"https:\/\/spkeblowo.pl\/?p=1493#breadcrumb"},"inLanguage":"pl-PL","potentialAction":[{"@type":"ReadAction","target":["https:\/\/spkeblowo.pl\/?p=1493"]}]},{"@type":"ImageObject","inLanguage":"pl-PL","@id":"https:\/\/spkeblowo.pl\/?p=1493#primaryimage","url":"https:\/\/spkeblowo.pl\/wp-content\/uploads\/2020\/11\/unnamed-removebg-preview-1.png","contentUrl":"https:\/\/spkeblowo.pl\/wp-content\/uploads\/2020\/11\/unnamed-removebg-preview-1.png","width":512,"height":289},{"@type":"BreadcrumbList","@id":"https:\/\/spkeblowo.pl\/?p=1493#breadcrumb","itemListElement":[{"@type":"ListItem","position":1,"name":"Strona g\u0142\u00f3wna","item":"https:\/\/spkeblowo.pl\/"},{"@type":"ListItem","position":2,"name":"Rozstrzygni\u0119cie Szkolnego Konkursu Recytatorskiego z okazji Narodowego \u015awi\u0119ta Niepodleg\u0142o\u015bci"}]},{"@type":"WebSite","@id":"https:\/\/spkeblowo.pl\/#website","url":"https:\/\/spkeblowo.pl\/","name":"Szko\u0142a Podstawowa im. Jana Paw\u0142a II w K\u0119b\u0142owie","description":"","publisher":{"@id":"https:\/\/spkeblowo.pl\/#organization"},"potentialAction":[{"@type":"SearchAction","target":{"@type":"EntryPoint","urlTemplate":"https:\/\/spkeblowo.pl\/?s={search_term_string}"},"query-input":{"@type":"PropertyValueSpecification","valueRequired":true,"valueName":"search_term_string"}}],"inLanguage":"pl-PL"},{"@type":"Organization","@id":"https:\/\/spkeblowo.pl\/#organization","name":"Szko\u0142a Podstawowa im. Jana Paw\u0142a II w K\u0119b\u0142owie","url":"https:\/\/spkeblowo.pl\/","logo":{"@type":"ImageObject","inLanguage":"pl-PL","@id":"https:\/\/spkeblowo.pl\/#\/schema\/logo\/image\/","url":"https:\/\/spkeblowo.pl\/wp-content\/uploads\/2020\/03\/2-2.png","contentUrl":"https:\/\/spkeblowo.pl\/wp-content\/uploads\/2020\/03\/2-2.png","width":1400,"height":350,"caption":"Szko\u0142a Podstawowa im. Jana Paw\u0142a II w K\u0119b\u0142owie"},"image":{"@id":"https:\/\/spkeblowo.pl\/#\/schema\/logo\/image\/"}},{"@type":"Person","@id":"https:\/\/spkeblowo.pl\/#\/schema\/person\/91f40d6dcc01a89bccab6d147a30874f","name":"admin","image":{"@type":"ImageObject","inLanguage":"pl-PL","@id":"https:\/\/secure.gravatar.com\/avatar\/a8792c5ea44a0bd480cdae637f0e5e453347ff27968eb8552bf193361ffde3ec?s=96&d=mm&r=g","url":"https:\/\/secure.gravatar.com\/avatar\/a8792c5ea44a0bd480cdae637f0e5e453347ff27968eb8552bf193361ffde3ec?s=96&d=mm&r=g","contentUrl":"https:\/\/secure.gravatar.com\/avatar\/a8792c5ea44a0bd480cdae637f0e5e453347ff27968eb8552bf193361ffde3ec?s=96&d=mm&r=g","caption":"admin"},"url":"https:\/\/spkeblowo.pl\/?author=1"}]}},"_links":{"self":[{"href":"https:\/\/spkeblowo.pl\/index.php?rest_route=\/wp\/v2\/posts\/1493","targetHints":{"allow":["GET"]}}],"collection":[{"href":"https:\/\/spkeblowo.pl\/index.php?rest_route=\/wp\/v2\/posts"}],"about":[{"href":"https:\/\/spkeblowo.pl\/index.php?rest_route=\/wp\/v2\/types\/post"}],"author":[{"embeddable":true,"href":"https:\/\/spkeblowo.pl\/index.php?rest_route=\/wp\/v2\/users\/1"}],"replies":[{"embeddable":true,"href":"https:\/\/spkeblowo.pl\/index.php?rest_route=%2Fwp%2Fv2%2Fcomments&post=1493"}],"version-history":[{"count":11,"href":"https:\/\/spkeblowo.pl\/index.php?rest_route=\/wp\/v2\/posts\/1493\/revisions"}],"predecessor-version":[{"id":1522,"href":"https:\/\/spkeblowo.pl\/index.php?rest_route=\/wp\/v2\/posts\/1493\/revisions\/1522"}],"wp:featuredmedia":[{"embeddable":true,"href":"https:\/\/spkeblowo.pl\/index.php?rest_route=\/wp\/v2\/media\/1495"}],"wp:attachment":[{"href":"https:\/\/spkeblowo.pl\/index.php?rest_route=%2Fwp%2Fv2%2Fmedia&parent=1493"}],"wp:term":[{"taxonomy":"category","embeddable":true,"href":"https:\/\/spkeblowo.pl\/index.php?rest_route=%2Fwp%2Fv2%2Fcategories&post=1493"},{"taxonomy":"post_tag","embeddable":true,"href":"https:\/\/spkeblowo.pl\/index.php?rest_route=%2Fwp%2Fv2%2Ftags&post=1493"}],"curies":[{"name":"wp","href":"https:\/\/api.w.org\/{rel}","templated":true}]}}